{"id":979870,"date":"2026-03-10T07:40:29","date_gmt":"2026-03-10T10:40:29","guid":{"rendered":"https:\/\/bahiaeconomica.com.br\/wp\/?p=979870"},"modified":"2026-03-10T07:51:29","modified_gmt":"2026-03-10T10:51:29","slug":"geraldinho-destaca-campanha-contra-o-feminicidio-durante-premiacao-dos-melhores-do-baianao-2026","status":"publish","type":"post","link":"https:\/\/bahiaeconomica.com.br\/wp\/2026\/03\/10\/geraldinho-destaca-campanha-contra-o-feminicidio-durante-premiacao-dos-melhores-do-baianao-2026\/","title":{"rendered":"GERALDINHO DESTACA CAMPANHA CONTRA O FEMINIC\u00cdDIO DURANTE PREMIA\u00c7\u00c3O DOS MELHORES DO BAIAN\u00c3O 2026"},"content":{"rendered":"<p>O vice-governador da Bahia, Geraldinho, participou, na noite desta segunda-feira (9), da cerim\u00f4nia de premia\u00e7\u00e3o dos Melhores do Baian\u00e3o 2026, realizada no Cineteatro 2 de Julho, em Salvador, representando o governador Jer\u00f4nimo Rodrigues. O evento foi promovido pela Federa\u00e7\u00e3o Bahiana de Futebol (FBF) em parceria com a TVE Bahia e reuniu dirigentes esportivos, atletas, t\u00e9cnicos, \u00e1rbitros e profissionais da imprensa para celebrar os destaques do Campeonato Baiano.<\/p>\n<p>Durante a cerim\u00f4nia, 16 profissionais e equipes foram reconhecidos pelo desempenho ao longo da competi\u00e7\u00e3o, em categorias como melhor goleiro, laterais, zagueiros, volantes, meias, atacantes, t\u00e9cnico, preparador f\u00edsico e jogador revela\u00e7\u00e3o, al\u00e9m das premia\u00e7\u00f5es para arbitragem, artilheiro e equipe mais disciplinada. O p\u00fablico tamb\u00e9m participou da escolha em categorias populares como craque da galera, gol mais bonito e defesa mais bonita.<\/p>\n<p>Durante o evento, o vice-governador enfatizou a import\u00e2ncia da campanha Feminic\u00eddio Zero, realizada ao longo de todo o campeonato com o objetivo de conscientizar a sociedade sobre o enfrentamento \u00e0 viol\u00eancia contra as mulheres. \u201cO futebol tamb\u00e9m \u00e9 um espa\u00e7o de mobiliza\u00e7\u00e3o social. Essa campanha refor\u00e7a que o respeito \u00e0s mulheres deve ser um compromisso de todos n\u00f3s. Precisamos envolver a sociedade, especialmente os homens, na constru\u00e7\u00e3o de uma cultura de paz e de valoriza\u00e7\u00e3o da vida\u201d, afirmou. A iniciativa reuniu a\u00e7\u00f5es da Secretaria de Pol\u00edticas para as Mulheres, das for\u00e7as de seguran\u00e7a e de organismos municipais durante as partidas, al\u00e9m de conte\u00fados educativos exibidos nas transmiss\u00f5es da TVE.<\/p>\n<p>Geraldinho tamb\u00e9m destacou a import\u00e2ncia do futebol como express\u00e3o da cultura e da identidade do povo baiano, al\u00e9m de reconhecer o trabalho de todos os profissionais que fazem o campeonato acontecer. \u201cO Campeonato Baiano \u00e9 uma grande celebra\u00e7\u00e3o do talento e da paix\u00e3o do nosso povo pelo futebol. Hoje \u00e9 uma noite de reconhecimento aos atletas, t\u00e9cnicos, \u00e1rbitros e profissionais que fazem esse espet\u00e1culo acontecer dentro e fora de campo. Em nome do governador Jer\u00f4nimo Rodrigues, parabenizo todos os premiados e aqueles que contribu\u00edram para mais uma edi\u00e7\u00e3o hist\u00f3rica do nosso Baian\u00e3o\u201d, afirmou.<\/p>\n<p>O vice-governador ressaltou ainda o alcance da transmiss\u00e3o da TVE Bahia, emissora oficial do campeonato, respons\u00e1vel pela maior cobertura entre os estaduais do pa\u00eds em 2026, com 48 jogos transmitidos na TV aberta, no YouTube e nas novas parab\u00f3licas digitais, garantindo visibilidade para clubes da capital e do interior.<\/p>\n<p>Outro destaque foi a conquista do t\u00edtulo estadual pelo Esporte Clube Bahia, que venceu o Esporte Clube Vit\u00f3ria por 2 a 1 na final disputada no \u00faltimo s\u00e1bado, em um cl\u00e1ssico que mobilizou torcedores em todo o estado. \u201cParabenizo o Bahia pela conquista do t\u00edtulo e tamb\u00e9m reconhe\u00e7o a grande campanha do Vit\u00f3ria. O cl\u00e1ssico Ba-Vi \u00e9 um patrim\u00f4nio do futebol brasileiro e mostrou, mais uma vez, que podemos ter emo\u00e7\u00e3o dentro de campo e respeito fora dele\u201d, destacou.<\/p>\n<p>Foto: Carlos Alberto<\/p>\n","protected":false},"excerpt":{"rendered":"<p>O vice-governador da Bahia, Geraldinho, participou, na noite desta segunda-feira (9), da cerim\u00f4nia de premia\u00e7\u00e3o dos Melhores do Baian\u00e3o 2026, realizada no Cineteatro 2 de Julho, em Salvador, representando o governador Jer\u00f4nimo Rodrigues. O evento foi promovido pela Federa\u00e7\u00e3o Bahiana de Futebol (FBF) em parceria com a TVE Bahia e reuniu dirigentes esportivos, atletas, t\u00e9cnicos, [&hellip;]<\/p>\n","protected":false},"author":8,"featured_media":979871,"comment_status":"closed","ping_status":"closed","sticky":false,"template":"","format":"standard","meta":[],"categories":[4486],"tags":[85,1641,2242],"acf":[],"yoast_head":"<!-- This site is optimized with the Yoast SEO plugin v20.8 - https:\/\/yoast.com\/wordpress\/plugins\/seo\/ -->\n<title>GERALDINHO DESTACA CAMPANHA CONTRA O FEMINIC\u00cdDIO DURANTE PREMIA\u00c7\u00c3O DOS MELHORES DO BAIAN\u00c3O 2026 - Bahia Economica<\/title>\n<meta name=\"description\" content=\"O maior portal de Economia da Bahia Esporte Bahia Economica O vice-governador da Bahia, Geraldinho, participou, na noite desta segunda-feira\" \/>\n<meta name=\"robots\" content=\"index, follow, max-snippet:-1, max-image-preview:large, max-video-preview:-1\" \/>\n<link rel=\"canonical\" href=\"https:\/\/bahiaeconomica.com.br\/wp\/2026\/03\/10\/geraldinho-destaca-campanha-contra-o-feminicidio-durante-premiacao-dos-melhores-do-baianao-2026\/\" \/>\n<meta property=\"og:locale\" content=\"pt_BR\" \/>\n<meta property=\"og:type\" content=\"article\" \/>\n<meta property=\"og:title\" content=\"GERALDINHO DESTACA CAMPANHA CONTRA O FEMINIC\u00cdDIO DURANTE PREMIA\u00c7\u00c3O DOS MELHORES DO BAIAN\u00c3O 2026 - Bahia Economica\" \/>\n<meta property=\"og:description\" content=\"O maior portal de Economia da Bahia Esporte Bahia Economica O vice-governador da Bahia, Geraldinho, participou, na noite desta segunda-feira\" \/>\n<meta property=\"og:url\" content=\"https:\/\/bahiaeconomica.com.br\/wp\/2026\/03\/10\/geraldinho-destaca-campanha-contra-o-feminicidio-durante-premiacao-dos-melhores-do-baianao-2026\/\" \/>\n<meta property=\"og:site_name\" content=\"Bahia Economica\" \/>\n<meta property=\"article:publisher\" content=\"https:\/\/www.facebook.com\/bahiaeconomica\" \/>\n<meta property=\"article:published_time\" content=\"2026-03-10T10:40:29+00:00\" \/>\n<meta property=\"article:modified_time\" content=\"2026-03-10T10:51:29+00:00\" \/>\n<meta property=\"og:image\" content=\"https:\/\/bahiaeconomica.com.br\/wp\/wp-content\/uploads\/2026\/03\/WhatsApp-Image-2026-03-09-at-19.47.52.jpeg\" \/>\n\t<meta property=\"og:image:width\" content=\"1600\" \/>\n\t<meta property=\"og:image:height\" content=\"1207\" \/>\n\t<meta property=\"og:image:type\" content=\"image\/jpeg\" \/>\n<meta name=\"author\" content=\"JP\" \/>\n<meta name=\"twitter:card\" content=\"summary_large_image\" \/>\n<meta name=\"twitter:label1\" content=\"Escrito por\" \/>\n\t<meta name=\"twitter:data1\" content=\"JP\" \/>\n\t<meta name=\"twitter:label2\" content=\"Est. tempo de leitura\" \/>\n\t<meta name=\"twitter:data2\" content=\"3 minutos\" \/>\n<script type=\"application\/ld+json\" class=\"yoast-schema-graph\">{\"@context\":\"https:\/\/schema.org\",\"@graph\":[{\"@type\":\"Article\",\"@id\":\"https:\/\/bahiaeconomica.com.br\/wp\/2026\/03\/10\/geraldinho-destaca-campanha-contra-o-feminicidio-durante-premiacao-dos-melhores-do-baianao-2026\/#article\",\"isPartOf\":{\"@id\":\"https:\/\/bahiaeconomica.com.br\/wp\/2026\/03\/10\/geraldinho-destaca-campanha-contra-o-feminicidio-durante-premiacao-dos-melhores-do-baianao-2026\/\"},\"author\":{\"name\":\"JP\",\"@id\":\"https:\/\/bahiaeconomica.com.br\/wp\/#\/schema\/person\/c86d3a3f8960425a0f9d0e5245991f4e\"},\"headline\":\"GERALDINHO DESTACA CAMPANHA CONTRA O FEMINIC\u00cdDIO DURANTE PREMIA\u00c7\u00c3O DOS MELHORES DO BAIAN\u00c3O 2026\",\"datePublished\":\"2026-03-10T10:40:29+00:00\",\"dateModified\":\"2026-03-10T10:51:29+00:00\",\"mainEntityOfPage\":{\"@id\":\"https:\/\/bahiaeconomica.com.br\/wp\/2026\/03\/10\/geraldinho-destaca-campanha-contra-o-feminicidio-durante-premiacao-dos-melhores-do-baianao-2026\/\"},\"wordCount\":523,\"publisher\":{\"@id\":\"https:\/\/bahiaeconomica.com.br\/wp\/#organization\"},\"keywords\":[\"Bahia\",\"geraldo\",\"junior\"],\"articleSection\":[\"Esporte\"],\"inLanguage\":\"pt-BR\"},{\"@type\":\"WebPage\",\"@id\":\"https:\/\/bahiaeconomica.com.br\/wp\/2026\/03\/10\/geraldinho-destaca-campanha-contra-o-feminicidio-durante-premiacao-dos-melhores-do-baianao-2026\/\",\"url\":\"https:\/\/bahiaeconomica.com.br\/wp\/2026\/03\/10\/geraldinho-destaca-campanha-contra-o-feminicidio-durante-premiacao-dos-melhores-do-baianao-2026\/\",\"name\":\"GERALDINHO DESTACA CAMPANHA CONTRA O FEMINIC\u00cdDIO DURANTE PREMIA\u00c7\u00c3O DOS MELHORES DO BAIAN\u00c3O 2026 - Bahia Economica\",\"isPartOf\":{\"@id\":\"https:\/\/bahiaeconomica.com.br\/wp\/#website\"},\"datePublished\":\"2026-03-10T10:40:29+00:00\",\"dateModified\":\"2026-03-10T10:51:29+00:00\",\"description\":\"O maior portal de Economia da Bahia Esporte Bahia Economica O vice-governador da Bahia, Geraldinho, participou, na noite desta segunda-feira\",\"breadcrumb\":{\"@id\":\"https:\/\/bahiaeconomica.com.br\/wp\/2026\/03\/10\/geraldinho-destaca-campanha-contra-o-feminicidio-durante-premiacao-dos-melhores-do-baianao-2026\/#breadcrumb\"},\"inLanguage\":\"pt-BR\",\"potentialAction\":[{\"@type\":\"ReadAction\",\"target\":[\"https:\/\/bahiaeconomica.com.br\/wp\/2026\/03\/10\/geraldinho-destaca-campanha-contra-o-feminicidio-durante-premiacao-dos-melhores-do-baianao-2026\/\"]}]},{\"@type\":\"BreadcrumbList\",\"@id\":\"https:\/\/bahiaeconomica.com.br\/wp\/2026\/03\/10\/geraldinho-destaca-campanha-contra-o-feminicidio-durante-premiacao-dos-melhores-do-baianao-2026\/#breadcrumb\",\"itemListElement\":[{\"@type\":\"ListItem\",\"position\":1,\"name\":\"In\u00edcio\",\"item\":\"https:\/\/bahiaeconomica.com.br\/wp\/\"},{\"@type\":\"ListItem\",\"position\":2,\"name\":\"GERALDINHO DESTACA CAMPANHA CONTRA O FEMINIC\u00cdDIO DURANTE PREMIA\u00c7\u00c3O DOS MELHORES DO BAIAN\u00c3O 2026\"}]},{\"@type\":\"WebSite\",\"@id\":\"https:\/\/bahiaeconomica.com.br\/wp\/#website\",\"url\":\"https:\/\/bahiaeconomica.com.br\/wp\/\",\"name\":\"Bahia Economica\",\"description\":\"O maior portal de Economia da Bahia\",\"publisher\":{\"@id\":\"https:\/\/bahiaeconomica.com.br\/wp\/#organization\"},\"potentialAction\":[{\"@type\":\"SearchAction\",\"target\":{\"@type\":\"EntryPoint\",\"urlTemplate\":\"https:\/\/bahiaeconomica.com.br\/wp\/?s={search_term_string}\"},\"query-input\":\"required name=search_term_string\"}],\"inLanguage\":\"pt-BR\"},{\"@type\":\"Organization\",\"@id\":\"https:\/\/bahiaeconomica.com.br\/wp\/#organization\",\"name\":\"Bahia Econ\u00f4mica\",\"url\":\"https:\/\/bahiaeconomica.com.br\/wp\/\",\"logo\":{\"@type\":\"ImageObject\",\"inLanguage\":\"pt-BR\",\"@id\":\"https:\/\/bahiaeconomica.com.br\/wp\/#\/schema\/logo\/image\/\",\"url\":\"https:\/\/bahiaeconomica.com.br\/wp\/wp-content\/uploads\/2020\/12\/cropped-BE.png\",\"contentUrl\":\"https:\/\/bahiaeconomica.com.br\/wp\/wp-content\/uploads\/2020\/12\/cropped-BE.png\",\"width\":512,\"height\":512,\"caption\":\"Bahia Econ\u00f4mica\"},\"image\":{\"@id\":\"https:\/\/bahiaeconomica.com.br\/wp\/#\/schema\/logo\/image\/\"},\"sameAs\":[\"https:\/\/www.facebook.com\/bahiaeconomica\"]},{\"@type\":\"Person\",\"@id\":\"https:\/\/bahiaeconomica.com.br\/wp\/#\/schema\/person\/c86d3a3f8960425a0f9d0e5245991f4e\",\"name\":\"JP\",\"sameAs\":[\"https:\/\/bahiaeconomica.com.br\/wp\/beta\/\"],\"url\":\"https:\/\/bahiaeconomica.com.br\/wp\/author\/jp\/\"}]}<\/script>\n<!-- \/ Yoast SEO plugin. -->","yoast_head_json":{"title":"GERALDINHO DESTACA CAMPANHA CONTRA O FEMINIC\u00cdDIO DURANTE PREMIA\u00c7\u00c3O DOS MELHORES DO BAIAN\u00c3O 2026 - Bahia Economica","description":"O maior portal de Economia da Bahia Esporte Bahia Economica O vice-governador da Bahia, Geraldinho, participou, na noite desta segunda-feira","robots":{"index":"index","follow":"follow","max-snippet":"max-snippet:-1","max-image-preview":"max-image-preview:large","max-video-preview":"max-video-preview:-1"},"canonical":"https:\/\/bahiaeconomica.com.br\/wp\/2026\/03\/10\/geraldinho-destaca-campanha-contra-o-feminicidio-durante-premiacao-dos-melhores-do-baianao-2026\/","og_locale":"pt_BR","og_type":"article","og_title":"GERALDINHO DESTACA CAMPANHA CONTRA O FEMINIC\u00cdDIO DURANTE PREMIA\u00c7\u00c3O DOS MELHORES DO BAIAN\u00c3O 2026 - Bahia Economica","og_description":"O maior portal de Economia da Bahia Esporte Bahia Economica O vice-governador da Bahia, Geraldinho, participou, na noite desta segunda-feira","og_url":"https:\/\/bahiaeconomica.com.br\/wp\/2026\/03\/10\/geraldinho-destaca-campanha-contra-o-feminicidio-durante-premiacao-dos-melhores-do-baianao-2026\/","og_site_name":"Bahia Economica","article_publisher":"https:\/\/www.facebook.com\/bahiaeconomica","article_published_time":"2026-03-10T10:40:29+00:00","article_modified_time":"2026-03-10T10:51:29+00:00","og_image":[{"width":1600,"height":1207,"url":"https:\/\/bahiaeconomica.com.br\/wp\/wp-content\/uploads\/2026\/03\/WhatsApp-Image-2026-03-09-at-19.47.52.jpeg","type":"image\/jpeg"}],"author":"JP","twitter_card":"summary_large_image","twitter_misc":{"Escrito por":"JP","Est. tempo de leitura":"3 minutos"},"schema":{"@context":"https:\/\/schema.org","@graph":[{"@type":"Article","@id":"https:\/\/bahiaeconomica.com.br\/wp\/2026\/03\/10\/geraldinho-destaca-campanha-contra-o-feminicidio-durante-premiacao-dos-melhores-do-baianao-2026\/#article","isPartOf":{"@id":"https:\/\/bahiaeconomica.com.br\/wp\/2026\/03\/10\/geraldinho-destaca-campanha-contra-o-feminicidio-durante-premiacao-dos-melhores-do-baianao-2026\/"},"author":{"name":"JP","@id":"https:\/\/bahiaeconomica.com.br\/wp\/#\/schema\/person\/c86d3a3f8960425a0f9d0e5245991f4e"},"headline":"GERALDINHO DESTACA CAMPANHA CONTRA O FEMINIC\u00cdDIO DURANTE PREMIA\u00c7\u00c3O DOS MELHORES DO BAIAN\u00c3O 2026","datePublished":"2026-03-10T10:40:29+00:00","dateModified":"2026-03-10T10:51:29+00:00","mainEntityOfPage":{"@id":"https:\/\/bahiaeconomica.com.br\/wp\/2026\/03\/10\/geraldinho-destaca-campanha-contra-o-feminicidio-durante-premiacao-dos-melhores-do-baianao-2026\/"},"wordCount":523,"publisher":{"@id":"https:\/\/bahiaeconomica.com.br\/wp\/#organization"},"keywords":["Bahia","geraldo","junior"],"articleSection":["Esporte"],"inLanguage":"pt-BR"},{"@type":"WebPage","@id":"https:\/\/bahiaeconomica.com.br\/wp\/2026\/03\/10\/geraldinho-destaca-campanha-contra-o-feminicidio-durante-premiacao-dos-melhores-do-baianao-2026\/","url":"https:\/\/bahiaeconomica.com.br\/wp\/2026\/03\/10\/geraldinho-destaca-campanha-contra-o-feminicidio-durante-premiacao-dos-melhores-do-baianao-2026\/","name":"GERALDINHO DESTACA CAMPANHA CONTRA O FEMINIC\u00cdDIO DURANTE PREMIA\u00c7\u00c3O DOS MELHORES DO BAIAN\u00c3O 2026 - Bahia Economica","isPartOf":{"@id":"https:\/\/bahiaeconomica.com.br\/wp\/#website"},"datePublished":"2026-03-10T10:40:29+00:00","dateModified":"2026-03-10T10:51:29+00:00","description":"O maior portal de Economia da Bahia Esporte Bahia Economica O vice-governador da Bahia, Geraldinho, participou, na noite desta segunda-feira","breadcrumb":{"@id":"https:\/\/bahiaeconomica.com.br\/wp\/2026\/03\/10\/geraldinho-destaca-campanha-contra-o-feminicidio-durante-premiacao-dos-melhores-do-baianao-2026\/#breadcrumb"},"inLanguage":"pt-BR","potentialAction":[{"@type":"ReadAction","target":["https:\/\/bahiaeconomica.com.br\/wp\/2026\/03\/10\/geraldinho-destaca-campanha-contra-o-feminicidio-durante-premiacao-dos-melhores-do-baianao-2026\/"]}]},{"@type":"BreadcrumbList","@id":"https:\/\/bahiaeconomica.com.br\/wp\/2026\/03\/10\/geraldinho-destaca-campanha-contra-o-feminicidio-durante-premiacao-dos-melhores-do-baianao-2026\/#breadcrumb","itemListElement":[{"@type":"ListItem","position":1,"name":"In\u00edcio","item":"https:\/\/bahiaeconomica.com.br\/wp\/"},{"@type":"ListItem","position":2,"name":"GERALDINHO DESTACA CAMPANHA CONTRA O FEMINIC\u00cdDIO DURANTE PREMIA\u00c7\u00c3O DOS MELHORES DO BAIAN\u00c3O 2026"}]},{"@type":"WebSite","@id":"https:\/\/bahiaeconomica.com.br\/wp\/#website","url":"https:\/\/bahiaeconomica.com.br\/wp\/","name":"Bahia Economica","description":"O maior portal de Economia da Bahia","publisher":{"@id":"https:\/\/bahiaeconomica.com.br\/wp\/#organization"},"potentialAction":[{"@type":"SearchAction","target":{"@type":"EntryPoint","urlTemplate":"https:\/\/bahiaeconomica.com.br\/wp\/?s={search_term_string}"},"query-input":"required name=search_term_string"}],"inLanguage":"pt-BR"},{"@type":"Organization","@id":"https:\/\/bahiaeconomica.com.br\/wp\/#organization","name":"Bahia Econ\u00f4mica","url":"https:\/\/bahiaeconomica.com.br\/wp\/","logo":{"@type":"ImageObject","inLanguage":"pt-BR","@id":"https:\/\/bahiaeconomica.com.br\/wp\/#\/schema\/logo\/image\/","url":"https:\/\/bahiaeconomica.com.br\/wp\/wp-content\/uploads\/2020\/12\/cropped-BE.png","contentUrl":"https:\/\/bahiaeconomica.com.br\/wp\/wp-content\/uploads\/2020\/12\/cropped-BE.png","width":512,"height":512,"caption":"Bahia Econ\u00f4mica"},"image":{"@id":"https:\/\/bahiaeconomica.com.br\/wp\/#\/schema\/logo\/image\/"},"sameAs":["https:\/\/www.facebook.com\/bahiaeconomica"]},{"@type":"Person","@id":"https:\/\/bahiaeconomica.com.br\/wp\/#\/schema\/person\/c86d3a3f8960425a0f9d0e5245991f4e","name":"JP","sameAs":["https:\/\/bahiaeconomica.com.br\/wp\/beta\/"],"url":"https:\/\/bahiaeconomica.com.br\/wp\/author\/jp\/"}]}},"views":7,"_links":{"self":[{"href":"https:\/\/bahiaeconomica.com.br\/wp\/wp-json\/wp\/v2\/posts\/979870"}],"collection":[{"href":"https:\/\/bahiaeconomica.com.br\/wp\/wp-json\/wp\/v2\/posts"}],"about":[{"href":"https:\/\/bahiaeconomica.com.br\/wp\/wp-json\/wp\/v2\/types\/post"}],"author":[{"embeddable":true,"href":"https:\/\/bahiaeconomica.com.br\/wp\/wp-json\/wp\/v2\/users\/8"}],"replies":[{"embeddable":true,"href":"https:\/\/bahiaeconomica.com.br\/wp\/wp-json\/wp\/v2\/comments?post=979870"}],"version-history":[{"count":1,"href":"https:\/\/bahiaeconomica.com.br\/wp\/wp-json\/wp\/v2\/posts\/979870\/revisions"}],"predecessor-version":[{"id":979872,"href":"https:\/\/bahiaeconomica.com.br\/wp\/wp-json\/wp\/v2\/posts\/979870\/revisions\/979872"}],"wp:featuredmedia":[{"embeddable":true,"href":"https:\/\/bahiaeconomica.com.br\/wp\/wp-json\/wp\/v2\/media\/979871"}],"wp:attachment":[{"href":"https:\/\/bahiaeconomica.com.br\/wp\/wp-json\/wp\/v2\/media?parent=979870"}],"wp:term":[{"taxonomy":"category","embeddable":true,"href":"https:\/\/bahiaeconomica.com.br\/wp\/wp-json\/wp\/v2\/categories?post=979870"},{"taxonomy":"post_tag","embeddable":true,"href":"https:\/\/bahiaeconomica.com.br\/wp\/wp-json\/wp\/v2\/tags?post=979870"}],"curies":[{"name":"wp","href":"https:\/\/api.w.org\/{rel}","templated":true}]}}