{"id":979747,"date":"2026-03-09T16:06:39","date_gmt":"2026-03-09T19:06:39","guid":{"rendered":"https:\/\/bahiaeconomica.com.br\/wp\/?p=979747"},"modified":"2026-03-09T16:06:39","modified_gmt":"2026-03-09T19:06:39","slug":"preco-de-imoveis-em-salvador-sobe-090-em-janeiro-e-mantem-tendencia-de-alta","status":"publish","type":"post","link":"https:\/\/bahiaeconomica.com.br\/wp\/2026\/03\/09\/preco-de-imoveis-em-salvador-sobe-090-em-janeiro-e-mantem-tendencia-de-alta\/","title":{"rendered":"PRE\u00c7O DE IM\u00d3VEIS EM SALVADOR SOBE 0,90% EM JANEIRO E MANT\u00c9M TEND\u00caNCIA DE ALTA"},"content":{"rendered":"<p class=\"isSelectedEnd\">Os pre\u00e7os dos im\u00f3veis residenciais em Salvador registraram alta de 0,90% em janeiro de 2026, segundo o \u00cdndice Geral do Mercado Imobili\u00e1rio Residencial (IGMI-R). O indicador \u00e9 desenvolvido pela Associa\u00e7\u00e3o Brasileira das Entidades de Cr\u00e9dito Imobili\u00e1rio e Poupan\u00e7a (Abecip) em parceria com a Funda\u00e7\u00e3o Getulio Vargas (FGV IBRE).<\/p>\n<p class=\"isSelectedEnd\">Apesar de representar uma desacelera\u00e7\u00e3o em rela\u00e7\u00e3o ao resultado de dezembro, o dado confirma a continuidade da valoriza\u00e7\u00e3o do mercado imobili\u00e1rio na capital baiana. No acumulado dos \u00faltimos 12 meses, os pre\u00e7os dos im\u00f3veis em Salvador apresentam aumento expressivo de 23,79%.<\/p>\n<p class=\"isSelectedEnd\">No cen\u00e1rio nacional, o IGMI-R apontou alta de 1,27% em janeiro. O resultado ficou abaixo da varia\u00e7\u00e3o de 1,52% registrada em dezembro, mas ainda indica a manuten\u00e7\u00e3o da tend\u00eancia de valoriza\u00e7\u00e3o no mercado imobili\u00e1rio brasileiro.<\/p>\n<p class=\"isSelectedEnd\">No acumulado de 12 meses, o \u00edndice nacional avan\u00e7ou de 18,64% para 19,67%, refor\u00e7ando o movimento de crescimento nos pre\u00e7os dos im\u00f3veis residenciais. O desempenho tamb\u00e9m representa a maior varia\u00e7\u00e3o registrada para um m\u00eas de janeiro desde 2016, sinalizando que o setor inicia 2026 sustentado por uma demanda consistente em grandes centros urbanos e por limita\u00e7\u00f5es na oferta de im\u00f3veis em diversas regi\u00f5es.<\/p>\n<p class=\"isSelectedEnd\">Entre as capitais analisadas pelo indicador, Recife apresentou a maior valoriza\u00e7\u00e3o em janeiro, com alta de 3,84%. Em seguida aparecem S\u00e3o Paulo, com avan\u00e7o de 1,99%, Porto Alegre, com 1,90%, e Bras\u00edlia, com 1,68%.<\/p>\n<p class=\"isSelectedEnd\">O IGMI-R mede a varia\u00e7\u00e3o dos pre\u00e7os de im\u00f3veis residenciais financiados com recursos do Sistema Brasileiro de Poupan\u00e7a e Empr\u00e9stimo (SBPE). O \u00edndice \u00e9 calculado a partir de dados reais de financiamentos concedidos por institui\u00e7\u00f5es financeiras.<\/p>\n<p>Atualmente, o indicador acompanha mensalmente a evolu\u00e7\u00e3o dos pre\u00e7os de im\u00f3veis em dez capitais brasileiras: S\u00e3o Paulo, Rio de Janeiro, Belo Horizonte, Recife, Fortaleza, Salvador, Bras\u00edlia, Goi\u00e2nia, Porto Alegre e Curitiba.<\/p>\n<p>Foto: Reprodu\u00e7\u00e3o<\/p>\n","protected":false},"excerpt":{"rendered":"<p>Os pre\u00e7os dos im\u00f3veis residenciais em Salvador registraram alta de 0,90% em janeiro de 2026, segundo o \u00cdndice Geral do Mercado Imobili\u00e1rio Residencial (IGMI-R). O indicador \u00e9 desenvolvido pela Associa\u00e7\u00e3o Brasileira das Entidades de Cr\u00e9dito Imobili\u00e1rio e Poupan\u00e7a (Abecip) em parceria com a Funda\u00e7\u00e3o Getulio Vargas (FGV IBRE). Apesar de representar uma desacelera\u00e7\u00e3o em rela\u00e7\u00e3o [&hellip;]<\/p>\n","protected":false},"author":24,"featured_media":865905,"comment_status":"closed","ping_status":"closed","sticky":false,"template":"","format":"standard","meta":[],"categories":[3,5],"tags":[427,759],"acf":[],"yoast_head":"<!-- This site is optimized with the Yoast SEO plugin v20.8 - https:\/\/yoast.com\/wordpress\/plugins\/seo\/ -->\n<title>PRE\u00c7O DE IM\u00d3VEIS EM SALVADOR SOBE 0,90% EM JANEIRO E MANT\u00c9M TEND\u00caNCIA DE ALTA - Bahia Economica Os pre\u00e7os dos im\u00f3veis residenciais em Salvador registraram alta de 0,90% em janeiro de 2026, segundo o \u00cdndice Geral do Mercado Imobili\u00e1rio Residencial (IGMI-R).<\/title>\n<meta name=\"description\" content=\"O maior portal de Economia da Bahia ECONOMIA \/ POL\u00cdTICA, MUNIC\u00cdPIOS Bahia Economica Os pre\u00e7os dos im\u00f3veis residenciais em Salvador registraram alta de 0,90% em janeiro de 2026, segundo o \u00cdndice Geral do Mercado Imobili\u00e1rio Residencial (IGMI-R).\" \/>\n<meta name=\"robots\" content=\"index, follow, max-snippet:-1, max-image-preview:large, max-video-preview:-1\" \/>\n<link rel=\"canonical\" href=\"https:\/\/bahiaeconomica.com.br\/wp\/2026\/03\/09\/preco-de-imoveis-em-salvador-sobe-090-em-janeiro-e-mantem-tendencia-de-alta\/\" \/>\n<meta property=\"og:locale\" content=\"pt_BR\" \/>\n<meta property=\"og:type\" content=\"article\" \/>\n<meta property=\"og:title\" content=\"PRE\u00c7O DE IM\u00d3VEIS EM SALVADOR SOBE 0,90% EM JANEIRO E MANT\u00c9M TEND\u00caNCIA DE ALTA - Bahia Economica Os pre\u00e7os dos im\u00f3veis residenciais em Salvador registraram alta de 0,90% em janeiro de 2026, segundo o \u00cdndice Geral do Mercado Imobili\u00e1rio Residencial (IGMI-R).\" \/>\n<meta property=\"og:description\" content=\"O maior portal de Economia da Bahia ECONOMIA \/ POL\u00cdTICA, MUNIC\u00cdPIOS Bahia Economica Os pre\u00e7os dos im\u00f3veis residenciais em Salvador registraram alta de 0,90% em janeiro de 2026, segundo o \u00cdndice Geral do Mercado Imobili\u00e1rio Residencial (IGMI-R).\" \/>\n<meta property=\"og:url\" content=\"https:\/\/bahiaeconomica.com.br\/wp\/2026\/03\/09\/preco-de-imoveis-em-salvador-sobe-090-em-janeiro-e-mantem-tendencia-de-alta\/\" \/>\n<meta property=\"og:site_name\" content=\"Bahia Economica\" \/>\n<meta property=\"article:publisher\" content=\"https:\/\/www.facebook.com\/bahiaeconomica\" \/>\n<meta property=\"article:published_time\" content=\"2026-03-09T19:06:39+00:00\" \/>\n<meta property=\"og:image\" content=\"https:\/\/bahiaeconomica.com.br\/wp\/wp-content\/uploads\/2024\/12\/imoveis-salvador-1.webp\" \/>\n\t<meta property=\"og:image:width\" content=\"500\" \/>\n\t<meta property=\"og:image:height\" content=\"300\" \/>\n\t<meta property=\"og:image:type\" content=\"image\/webp\" \/>\n<meta name=\"author\" content=\"VICTOR OLIVEIRA\" \/>\n<meta name=\"twitter:card\" content=\"summary_large_image\" \/>\n<meta name=\"twitter:label1\" content=\"Escrito por\" \/>\n\t<meta name=\"twitter:data1\" content=\"VICTOR OLIVEIRA\" \/>\n\t<meta name=\"twitter:label2\" content=\"Est. tempo de leitura\" \/>\n\t<meta name=\"twitter:data2\" content=\"2 minutos\" \/>\n<script type=\"application\/ld+json\" class=\"yoast-schema-graph\">{\"@context\":\"https:\/\/schema.org\",\"@graph\":[{\"@type\":\"Article\",\"@id\":\"https:\/\/bahiaeconomica.com.br\/wp\/2026\/03\/09\/preco-de-imoveis-em-salvador-sobe-090-em-janeiro-e-mantem-tendencia-de-alta\/#article\",\"isPartOf\":{\"@id\":\"https:\/\/bahiaeconomica.com.br\/wp\/2026\/03\/09\/preco-de-imoveis-em-salvador-sobe-090-em-janeiro-e-mantem-tendencia-de-alta\/\"},\"author\":{\"name\":\"VICTOR OLIVEIRA\",\"@id\":\"https:\/\/bahiaeconomica.com.br\/wp\/#\/schema\/person\/a17956d0e1112b626f403fb06b8129a9\"},\"headline\":\"PRE\u00c7O DE IM\u00d3VEIS EM SALVADOR SOBE 0,90% EM JANEIRO E MANT\u00c9M TEND\u00caNCIA DE ALTA\",\"datePublished\":\"2026-03-09T19:06:39+00:00\",\"dateModified\":\"2026-03-09T19:06:39+00:00\",\"mainEntityOfPage\":{\"@id\":\"https:\/\/bahiaeconomica.com.br\/wp\/2026\/03\/09\/preco-de-imoveis-em-salvador-sobe-090-em-janeiro-e-mantem-tendencia-de-alta\/\"},\"wordCount\":337,\"publisher\":{\"@id\":\"https:\/\/bahiaeconomica.com.br\/wp\/#organization\"},\"keywords\":[\"im\u00f3veis\",\"pre\u00e7os\"],\"articleSection\":[\"ECONOMIA \/ POL\u00cdTICA\",\"MUNIC\u00cdPIOS\"],\"inLanguage\":\"pt-BR\"},{\"@type\":\"WebPage\",\"@id\":\"https:\/\/bahiaeconomica.com.br\/wp\/2026\/03\/09\/preco-de-imoveis-em-salvador-sobe-090-em-janeiro-e-mantem-tendencia-de-alta\/\",\"url\":\"https:\/\/bahiaeconomica.com.br\/wp\/2026\/03\/09\/preco-de-imoveis-em-salvador-sobe-090-em-janeiro-e-mantem-tendencia-de-alta\/\",\"name\":\"PRE\u00c7O DE IM\u00d3VEIS EM SALVADOR SOBE 0,90% EM JANEIRO E MANT\u00c9M TEND\u00caNCIA DE ALTA - Bahia Economica Os pre\u00e7os dos im\u00f3veis residenciais em Salvador registraram alta de 0,90% em janeiro de 2026, segundo o \u00cdndice Geral do Mercado Imobili\u00e1rio Residencial (IGMI-R).\",\"isPartOf\":{\"@id\":\"https:\/\/bahiaeconomica.com.br\/wp\/#website\"},\"datePublished\":\"2026-03-09T19:06:39+00:00\",\"dateModified\":\"2026-03-09T19:06:39+00:00\",\"description\":\"O maior portal de Economia da Bahia ECONOMIA \/ POL\u00cdTICA, MUNIC\u00cdPIOS Bahia Economica Os pre\u00e7os dos im\u00f3veis residenciais em Salvador registraram alta de 0,90% em janeiro de 2026, segundo o \u00cdndice Geral do Mercado Imobili\u00e1rio Residencial (IGMI-R).\",\"breadcrumb\":{\"@id\":\"https:\/\/bahiaeconomica.com.br\/wp\/2026\/03\/09\/preco-de-imoveis-em-salvador-sobe-090-em-janeiro-e-mantem-tendencia-de-alta\/#breadcrumb\"},\"inLanguage\":\"pt-BR\",\"potentialAction\":[{\"@type\":\"ReadAction\",\"target\":[\"https:\/\/bahiaeconomica.com.br\/wp\/2026\/03\/09\/preco-de-imoveis-em-salvador-sobe-090-em-janeiro-e-mantem-tendencia-de-alta\/\"]}]},{\"@type\":\"BreadcrumbList\",\"@id\":\"https:\/\/bahiaeconomica.com.br\/wp\/2026\/03\/09\/preco-de-imoveis-em-salvador-sobe-090-em-janeiro-e-mantem-tendencia-de-alta\/#breadcrumb\",\"itemListElement\":[{\"@type\":\"ListItem\",\"position\":1,\"name\":\"In\u00edcio\",\"item\":\"https:\/\/bahiaeconomica.com.br\/wp\/\"},{\"@type\":\"ListItem\",\"position\":2,\"name\":\"PRE\u00c7O DE IM\u00d3VEIS EM SALVADOR SOBE 0,90% EM JANEIRO E MANT\u00c9M TEND\u00caNCIA DE ALTA\"}]},{\"@type\":\"WebSite\",\"@id\":\"https:\/\/bahiaeconomica.com.br\/wp\/#website\",\"url\":\"https:\/\/bahiaeconomica.com.br\/wp\/\",\"name\":\"Bahia Economica\",\"description\":\"O maior portal de Economia da Bahia\",\"publisher\":{\"@id\":\"https:\/\/bahiaeconomica.com.br\/wp\/#organization\"},\"potentialAction\":[{\"@type\":\"SearchAction\",\"target\":{\"@type\":\"EntryPoint\",\"urlTemplate\":\"https:\/\/bahiaeconomica.com.br\/wp\/?s={search_term_string}\"},\"query-input\":\"required name=search_term_string\"}],\"inLanguage\":\"pt-BR\"},{\"@type\":\"Organization\",\"@id\":\"https:\/\/bahiaeconomica.com.br\/wp\/#organization\",\"name\":\"Bahia Econ\u00f4mica\",\"url\":\"https:\/\/bahiaeconomica.com.br\/wp\/\",\"logo\":{\"@type\":\"ImageObject\",\"inLanguage\":\"pt-BR\",\"@id\":\"https:\/\/bahiaeconomica.com.br\/wp\/#\/schema\/logo\/image\/\",\"url\":\"https:\/\/bahiaeconomica.com.br\/wp\/wp-content\/uploads\/2020\/12\/cropped-BE.png\",\"contentUrl\":\"https:\/\/bahiaeconomica.com.br\/wp\/wp-content\/uploads\/2020\/12\/cropped-BE.png\",\"width\":512,\"height\":512,\"caption\":\"Bahia Econ\u00f4mica\"},\"image\":{\"@id\":\"https:\/\/bahiaeconomica.com.br\/wp\/#\/schema\/logo\/image\/\"},\"sameAs\":[\"https:\/\/www.facebook.com\/bahiaeconomica\"]},{\"@type\":\"Person\",\"@id\":\"https:\/\/bahiaeconomica.com.br\/wp\/#\/schema\/person\/a17956d0e1112b626f403fb06b8129a9\",\"name\":\"VICTOR OLIVEIRA\",\"sameAs\":[\"http:\/\/www.bahiaeconomica.com.br\"],\"url\":\"https:\/\/bahiaeconomica.com.br\/wp\/author\/victor-oliveira\/\"}]}<\/script>\n<!-- \/ Yoast SEO plugin. -->","yoast_head_json":{"title":"PRE\u00c7O DE IM\u00d3VEIS EM SALVADOR SOBE 0,90% EM JANEIRO E MANT\u00c9M TEND\u00caNCIA DE ALTA - Bahia Economica Os pre\u00e7os dos im\u00f3veis residenciais em Salvador registraram alta de 0,90% em janeiro de 2026, segundo o \u00cdndice Geral do Mercado Imobili\u00e1rio Residencial (IGMI-R).","description":"O maior portal de Economia da Bahia ECONOMIA \/ POL\u00cdTICA, MUNIC\u00cdPIOS Bahia Economica Os pre\u00e7os dos im\u00f3veis residenciais em Salvador registraram alta de 0,90% em janeiro de 2026, segundo o \u00cdndice Geral do Mercado Imobili\u00e1rio Residencial (IGMI-R).","robots":{"index":"index","follow":"follow","max-snippet":"max-snippet:-1","max-image-preview":"max-image-preview:large","max-video-preview":"max-video-preview:-1"},"canonical":"https:\/\/bahiaeconomica.com.br\/wp\/2026\/03\/09\/preco-de-imoveis-em-salvador-sobe-090-em-janeiro-e-mantem-tendencia-de-alta\/","og_locale":"pt_BR","og_type":"article","og_title":"PRE\u00c7O DE IM\u00d3VEIS EM SALVADOR SOBE 0,90% EM JANEIRO E MANT\u00c9M TEND\u00caNCIA DE ALTA - Bahia Economica Os pre\u00e7os dos im\u00f3veis residenciais em Salvador registraram alta de 0,90% em janeiro de 2026, segundo o \u00cdndice Geral do Mercado Imobili\u00e1rio Residencial (IGMI-R).","og_description":"O maior portal de Economia da Bahia ECONOMIA \/ POL\u00cdTICA, MUNIC\u00cdPIOS Bahia Economica Os pre\u00e7os dos im\u00f3veis residenciais em Salvador registraram alta de 0,90% em janeiro de 2026, segundo o \u00cdndice Geral do Mercado Imobili\u00e1rio Residencial (IGMI-R).","og_url":"https:\/\/bahiaeconomica.com.br\/wp\/2026\/03\/09\/preco-de-imoveis-em-salvador-sobe-090-em-janeiro-e-mantem-tendencia-de-alta\/","og_site_name":"Bahia Economica","article_publisher":"https:\/\/www.facebook.com\/bahiaeconomica","article_published_time":"2026-03-09T19:06:39+00:00","og_image":[{"width":500,"height":300,"url":"https:\/\/bahiaeconomica.com.br\/wp\/wp-content\/uploads\/2024\/12\/imoveis-salvador-1.webp","type":"image\/webp"}],"author":"VICTOR OLIVEIRA","twitter_card":"summary_large_image","twitter_misc":{"Escrito por":"VICTOR OLIVEIRA","Est. tempo de leitura":"2 minutos"},"schema":{"@context":"https:\/\/schema.org","@graph":[{"@type":"Article","@id":"https:\/\/bahiaeconomica.com.br\/wp\/2026\/03\/09\/preco-de-imoveis-em-salvador-sobe-090-em-janeiro-e-mantem-tendencia-de-alta\/#article","isPartOf":{"@id":"https:\/\/bahiaeconomica.com.br\/wp\/2026\/03\/09\/preco-de-imoveis-em-salvador-sobe-090-em-janeiro-e-mantem-tendencia-de-alta\/"},"author":{"name":"VICTOR OLIVEIRA","@id":"https:\/\/bahiaeconomica.com.br\/wp\/#\/schema\/person\/a17956d0e1112b626f403fb06b8129a9"},"headline":"PRE\u00c7O DE IM\u00d3VEIS EM SALVADOR SOBE 0,90% EM JANEIRO E MANT\u00c9M TEND\u00caNCIA DE ALTA","datePublished":"2026-03-09T19:06:39+00:00","dateModified":"2026-03-09T19:06:39+00:00","mainEntityOfPage":{"@id":"https:\/\/bahiaeconomica.com.br\/wp\/2026\/03\/09\/preco-de-imoveis-em-salvador-sobe-090-em-janeiro-e-mantem-tendencia-de-alta\/"},"wordCount":337,"publisher":{"@id":"https:\/\/bahiaeconomica.com.br\/wp\/#organization"},"keywords":["im\u00f3veis","pre\u00e7os"],"articleSection":["ECONOMIA \/ POL\u00cdTICA","MUNIC\u00cdPIOS"],"inLanguage":"pt-BR"},{"@type":"WebPage","@id":"https:\/\/bahiaeconomica.com.br\/wp\/2026\/03\/09\/preco-de-imoveis-em-salvador-sobe-090-em-janeiro-e-mantem-tendencia-de-alta\/","url":"https:\/\/bahiaeconomica.com.br\/wp\/2026\/03\/09\/preco-de-imoveis-em-salvador-sobe-090-em-janeiro-e-mantem-tendencia-de-alta\/","name":"PRE\u00c7O DE IM\u00d3VEIS EM SALVADOR SOBE 0,90% EM JANEIRO E MANT\u00c9M TEND\u00caNCIA DE ALTA - Bahia Economica Os pre\u00e7os dos im\u00f3veis residenciais em Salvador registraram alta de 0,90% em janeiro de 2026, segundo o \u00cdndice Geral do Mercado Imobili\u00e1rio Residencial (IGMI-R).","isPartOf":{"@id":"https:\/\/bahiaeconomica.com.br\/wp\/#website"},"datePublished":"2026-03-09T19:06:39+00:00","dateModified":"2026-03-09T19:06:39+00:00","description":"O maior portal de Economia da Bahia ECONOMIA \/ POL\u00cdTICA, MUNIC\u00cdPIOS Bahia Economica Os pre\u00e7os dos im\u00f3veis residenciais em Salvador registraram alta de 0,90% em janeiro de 2026, segundo o \u00cdndice Geral do Mercado Imobili\u00e1rio Residencial (IGMI-R).","breadcrumb":{"@id":"https:\/\/bahiaeconomica.com.br\/wp\/2026\/03\/09\/preco-de-imoveis-em-salvador-sobe-090-em-janeiro-e-mantem-tendencia-de-alta\/#breadcrumb"},"inLanguage":"pt-BR","potentialAction":[{"@type":"ReadAction","target":["https:\/\/bahiaeconomica.com.br\/wp\/2026\/03\/09\/preco-de-imoveis-em-salvador-sobe-090-em-janeiro-e-mantem-tendencia-de-alta\/"]}]},{"@type":"BreadcrumbList","@id":"https:\/\/bahiaeconomica.com.br\/wp\/2026\/03\/09\/preco-de-imoveis-em-salvador-sobe-090-em-janeiro-e-mantem-tendencia-de-alta\/#breadcrumb","itemListElement":[{"@type":"ListItem","position":1,"name":"In\u00edcio","item":"https:\/\/bahiaeconomica.com.br\/wp\/"},{"@type":"ListItem","position":2,"name":"PRE\u00c7O DE IM\u00d3VEIS EM SALVADOR SOBE 0,90% EM JANEIRO E MANT\u00c9M TEND\u00caNCIA DE ALTA"}]},{"@type":"WebSite","@id":"https:\/\/bahiaeconomica.com.br\/wp\/#website","url":"https:\/\/bahiaeconomica.com.br\/wp\/","name":"Bahia Economica","description":"O maior portal de Economia da Bahia","publisher":{"@id":"https:\/\/bahiaeconomica.com.br\/wp\/#organization"},"potentialAction":[{"@type":"SearchAction","target":{"@type":"EntryPoint","urlTemplate":"https:\/\/bahiaeconomica.com.br\/wp\/?s={search_term_string}"},"query-input":"required name=search_term_string"}],"inLanguage":"pt-BR"},{"@type":"Organization","@id":"https:\/\/bahiaeconomica.com.br\/wp\/#organization","name":"Bahia Econ\u00f4mica","url":"https:\/\/bahiaeconomica.com.br\/wp\/","logo":{"@type":"ImageObject","inLanguage":"pt-BR","@id":"https:\/\/bahiaeconomica.com.br\/wp\/#\/schema\/logo\/image\/","url":"https:\/\/bahiaeconomica.com.br\/wp\/wp-content\/uploads\/2020\/12\/cropped-BE.png","contentUrl":"https:\/\/bahiaeconomica.com.br\/wp\/wp-content\/uploads\/2020\/12\/cropped-BE.png","width":512,"height":512,"caption":"Bahia Econ\u00f4mica"},"image":{"@id":"https:\/\/bahiaeconomica.com.br\/wp\/#\/schema\/logo\/image\/"},"sameAs":["https:\/\/www.facebook.com\/bahiaeconomica"]},{"@type":"Person","@id":"https:\/\/bahiaeconomica.com.br\/wp\/#\/schema\/person\/a17956d0e1112b626f403fb06b8129a9","name":"VICTOR OLIVEIRA","sameAs":["http:\/\/www.bahiaeconomica.com.br"],"url":"https:\/\/bahiaeconomica.com.br\/wp\/author\/victor-oliveira\/"}]}},"views":24,"_links":{"self":[{"href":"https:\/\/bahiaeconomica.com.br\/wp\/wp-json\/wp\/v2\/posts\/979747"}],"collection":[{"href":"https:\/\/bahiaeconomica.com.br\/wp\/wp-json\/wp\/v2\/posts"}],"about":[{"href":"https:\/\/bahiaeconomica.com.br\/wp\/wp-json\/wp\/v2\/types\/post"}],"author":[{"embeddable":true,"href":"https:\/\/bahiaeconomica.com.br\/wp\/wp-json\/wp\/v2\/users\/24"}],"replies":[{"embeddable":true,"href":"https:\/\/bahiaeconomica.com.br\/wp\/wp-json\/wp\/v2\/comments?post=979747"}],"version-history":[{"count":1,"href":"https:\/\/bahiaeconomica.com.br\/wp\/wp-json\/wp\/v2\/posts\/979747\/revisions"}],"predecessor-version":[{"id":979748,"href":"https:\/\/bahiaeconomica.com.br\/wp\/wp-json\/wp\/v2\/posts\/979747\/revisions\/979748"}],"wp:featuredmedia":[{"embeddable":true,"href":"https:\/\/bahiaeconomica.com.br\/wp\/wp-json\/wp\/v2\/media\/865905"}],"wp:attachment":[{"href":"https:\/\/bahiaeconomica.com.br\/wp\/wp-json\/wp\/v2\/media?parent=979747"}],"wp:term":[{"taxonomy":"category","embeddable":true,"href":"https:\/\/bahiaeconomica.com.br\/wp\/wp-json\/wp\/v2\/categories?post=979747"},{"taxonomy":"post_tag","embeddable":true,"href":"https:\/\/bahiaeconomica.com.br\/wp\/wp-json\/wp\/v2\/tags?post=979747"}],"curies":[{"name":"wp","href":"https:\/\/api.w.org\/{rel}","templated":true}]}}