{"id":979628,"date":"2026-03-09T12:23:01","date_gmt":"2026-03-09T15:23:01","guid":{"rendered":"https:\/\/bahiaeconomica.com.br\/wp\/?p=979628"},"modified":"2026-03-09T12:20:17","modified_gmt":"2026-03-09T15:20:17","slug":"jeronimo-rodrigues-minimiza-pesquisas-eleitorais-e-diz-minha-pesquisa-e-trabalho","status":"publish","type":"post","link":"https:\/\/bahiaeconomica.com.br\/wp\/2026\/03\/09\/jeronimo-rodrigues-minimiza-pesquisas-eleitorais-e-diz-minha-pesquisa-e-trabalho\/","title":{"rendered":"JER\u00d4NIMO RODRIGUES MINIMIZA PESQUISAS ELEITORAIS E DIZ: \u201cMINHA PESQUISA \u00c9 TRABALHO\u201d"},"content":{"rendered":"<p>O governador da Bahia, Jer\u00f4nimo Rodrigues (PT), afirmou nesta segunda-feira (9) que n\u00e3o pretende orientar sua atua\u00e7\u00e3o pol\u00edtica com base em pesquisas eleitorais. A declara\u00e7\u00e3o foi feita durante a inaugura\u00e7\u00e3o de uma escola em tempo integral no bairro de Val\u00e9ria, em Salvador.<\/p>\n<p>Ao comentar levantamentos recentes sobre a disputa eleitoral no estado, o governador minimizou os n\u00fameros divulgados e disse que sua prioridade continuar\u00e1 sendo a agenda administrativa e a entrega de obras e servi\u00e7os.<\/p>\n<p>\u201cMinha pesquisa \u00e9 trabalho. Eu tenho feito isso diariamente. N\u00f3s n\u00e3o vamos parar. Aparece uma pesquisa com meu nome na frente, aparece com outro ali, um empate t\u00e9cnico. Eu vou trabalhar, minha agenda \u00e9 isso aqui, fazer entregas\u201d, afirmou.<\/p>\n<p>Segundo Jer\u00f4nimo, os pr\u00f3ximos meses ser\u00e3o dedicados a uma agenda de an\u00fancios e inaugura\u00e7\u00f5es em diferentes \u00e1reas da administra\u00e7\u00e3o estadual, antes do in\u00edcio do per\u00edodo eleitoral.<\/p>\n<p>O governador destacou ainda que o calend\u00e1rio de a\u00e7\u00f5es do governo incluir\u00e1 entregas e novos projetos ligados \u00e0s comemora\u00e7\u00f5es do anivers\u00e1rio da capital baiana.<\/p>\n<p>\u201cAbrindo naturalmente um grande calend\u00e1rio de entregas e de an\u00fancios para celebrar o anivers\u00e1rio de Salvador. Ent\u00e3o, a minha pesquisa \u00e9 trabalho\u201d, completou.<\/p>\n<p>Foto: GOVBA<\/p>\n","protected":false},"excerpt":{"rendered":"<p>O governador da Bahia, Jer\u00f4nimo Rodrigues (PT), afirmou nesta segunda-feira (9) que n\u00e3o pretende orientar sua atua\u00e7\u00e3o pol\u00edtica com base em pesquisas eleitorais. A declara\u00e7\u00e3o foi feita durante a inaugura\u00e7\u00e3o de uma escola em tempo integral no bairro de Val\u00e9ria, em Salvador. Ao comentar levantamentos recentes sobre a disputa eleitoral no estado, o governador minimizou [&hellip;]<\/p>\n","protected":false},"author":20,"featured_media":959791,"comment_status":"closed","ping_status":"closed","sticky":false,"template":"","format":"standard","meta":[],"categories":[14601],"tags":[85,42531,87,1544,527],"acf":[],"yoast_head":"<!-- This site is optimized with the Yoast SEO plugin v20.8 - https:\/\/yoast.com\/wordpress\/plugins\/seo\/ -->\n<title>JER\u00d4NIMO RODRIGUES MINIMIZA PESQUISAS ELEITORAIS E DIZ: \u201cMINHA PESQUISA \u00c9 TRABALHO\u201d - Bahia Economica<\/title>\n<meta name=\"description\" content=\"O maior portal de Economia da Bahia Pol\u00edtica Bahia Economica\" \/>\n<meta name=\"robots\" content=\"index, follow, max-snippet:-1, max-image-preview:large, max-video-preview:-1\" \/>\n<link rel=\"canonical\" href=\"https:\/\/bahiaeconomica.com.br\/wp\/2026\/03\/09\/jeronimo-rodrigues-minimiza-pesquisas-eleitorais-e-diz-minha-pesquisa-e-trabalho\/\" \/>\n<meta property=\"og:locale\" content=\"pt_BR\" \/>\n<meta property=\"og:type\" content=\"article\" \/>\n<meta property=\"og:title\" content=\"JER\u00d4NIMO RODRIGUES MINIMIZA PESQUISAS ELEITORAIS E DIZ: \u201cMINHA PESQUISA \u00c9 TRABALHO\u201d - Bahia Economica\" \/>\n<meta property=\"og:description\" content=\"O maior portal de Economia da Bahia Pol\u00edtica Bahia Economica\" \/>\n<meta property=\"og:url\" content=\"https:\/\/bahiaeconomica.com.br\/wp\/2026\/03\/09\/jeronimo-rodrigues-minimiza-pesquisas-eleitorais-e-diz-minha-pesquisa-e-trabalho\/\" \/>\n<meta property=\"og:site_name\" content=\"Bahia Economica\" \/>\n<meta property=\"article:publisher\" content=\"https:\/\/www.facebook.com\/bahiaeconomica\" \/>\n<meta property=\"article:published_time\" content=\"2026-03-09T15:23:01+00:00\" \/>\n<meta property=\"article:modified_time\" content=\"2026-03-09T15:20:17+00:00\" \/>\n<meta property=\"og:image\" content=\"https:\/\/bahiaeconomica.com.br\/wp\/wp-content\/uploads\/2025\/12\/156638governador-jeronimo-rodrigues-decreta-tres-dias-de-luto-apos-massacre-em-escola-no-interior-do-estado-3.jpg\" \/>\n\t<meta property=\"og:image:width\" content=\"1600\" \/>\n\t<meta property=\"og:image:height\" content=\"752\" \/>\n\t<meta property=\"og:image:type\" content=\"image\/jpeg\" \/>\n<meta name=\"author\" content=\"BRUNA CARVALHO\" \/>\n<meta name=\"twitter:card\" content=\"summary_large_image\" \/>\n<meta name=\"twitter:label1\" content=\"Escrito por\" \/>\n\t<meta name=\"twitter:data1\" content=\"BRUNA CARVALHO\" \/>\n\t<meta name=\"twitter:label2\" content=\"Est. tempo de leitura\" \/>\n\t<meta name=\"twitter:data2\" content=\"2 minutos\" \/>\n<script type=\"application\/ld+json\" class=\"yoast-schema-graph\">{\"@context\":\"https:\/\/schema.org\",\"@graph\":[{\"@type\":\"Article\",\"@id\":\"https:\/\/bahiaeconomica.com.br\/wp\/2026\/03\/09\/jeronimo-rodrigues-minimiza-pesquisas-eleitorais-e-diz-minha-pesquisa-e-trabalho\/#article\",\"isPartOf\":{\"@id\":\"https:\/\/bahiaeconomica.com.br\/wp\/2026\/03\/09\/jeronimo-rodrigues-minimiza-pesquisas-eleitorais-e-diz-minha-pesquisa-e-trabalho\/\"},\"author\":{\"name\":\"BRUNA CARVALHO\",\"@id\":\"https:\/\/bahiaeconomica.com.br\/wp\/#\/schema\/person\/9310b0e591f5979f6f99773eac5804e6\"},\"headline\":\"JER\u00d4NIMO RODRIGUES MINIMIZA PESQUISAS ELEITORAIS E DIZ: \u201cMINHA PESQUISA \u00c9 TRABALHO\u201d\",\"datePublished\":\"2026-03-09T15:23:01+00:00\",\"dateModified\":\"2026-03-09T15:20:17+00:00\",\"mainEntityOfPage\":{\"@id\":\"https:\/\/bahiaeconomica.com.br\/wp\/2026\/03\/09\/jeronimo-rodrigues-minimiza-pesquisas-eleitorais-e-diz-minha-pesquisa-e-trabalho\/\"},\"wordCount\":224,\"publisher\":{\"@id\":\"https:\/\/bahiaeconomica.com.br\/wp\/#organization\"},\"keywords\":[\"Bahia\",\"eleitorais\",\"governo do estado\",\"jeronimo\",\"Pesquisas\"],\"articleSection\":[\"Pol\u00edtica\"],\"inLanguage\":\"pt-BR\"},{\"@type\":\"WebPage\",\"@id\":\"https:\/\/bahiaeconomica.com.br\/wp\/2026\/03\/09\/jeronimo-rodrigues-minimiza-pesquisas-eleitorais-e-diz-minha-pesquisa-e-trabalho\/\",\"url\":\"https:\/\/bahiaeconomica.com.br\/wp\/2026\/03\/09\/jeronimo-rodrigues-minimiza-pesquisas-eleitorais-e-diz-minha-pesquisa-e-trabalho\/\",\"name\":\"JER\u00d4NIMO RODRIGUES MINIMIZA PESQUISAS ELEITORAIS E DIZ: \u201cMINHA PESQUISA \u00c9 TRABALHO\u201d - Bahia Economica\",\"isPartOf\":{\"@id\":\"https:\/\/bahiaeconomica.com.br\/wp\/#website\"},\"datePublished\":\"2026-03-09T15:23:01+00:00\",\"dateModified\":\"2026-03-09T15:20:17+00:00\",\"description\":\"O maior portal de Economia da Bahia Pol\u00edtica Bahia Economica\",\"breadcrumb\":{\"@id\":\"https:\/\/bahiaeconomica.com.br\/wp\/2026\/03\/09\/jeronimo-rodrigues-minimiza-pesquisas-eleitorais-e-diz-minha-pesquisa-e-trabalho\/#breadcrumb\"},\"inLanguage\":\"pt-BR\",\"potentialAction\":[{\"@type\":\"ReadAction\",\"target\":[\"https:\/\/bahiaeconomica.com.br\/wp\/2026\/03\/09\/jeronimo-rodrigues-minimiza-pesquisas-eleitorais-e-diz-minha-pesquisa-e-trabalho\/\"]}]},{\"@type\":\"BreadcrumbList\",\"@id\":\"https:\/\/bahiaeconomica.com.br\/wp\/2026\/03\/09\/jeronimo-rodrigues-minimiza-pesquisas-eleitorais-e-diz-minha-pesquisa-e-trabalho\/#breadcrumb\",\"itemListElement\":[{\"@type\":\"ListItem\",\"position\":1,\"name\":\"In\u00edcio\",\"item\":\"https:\/\/bahiaeconomica.com.br\/wp\/\"},{\"@type\":\"ListItem\",\"position\":2,\"name\":\"JER\u00d4NIMO RODRIGUES MINIMIZA PESQUISAS ELEITORAIS E DIZ: \u201cMINHA PESQUISA \u00c9 TRABALHO\u201d\"}]},{\"@type\":\"WebSite\",\"@id\":\"https:\/\/bahiaeconomica.com.br\/wp\/#website\",\"url\":\"https:\/\/bahiaeconomica.com.br\/wp\/\",\"name\":\"Bahia Economica\",\"description\":\"O maior portal de Economia da Bahia\",\"publisher\":{\"@id\":\"https:\/\/bahiaeconomica.com.br\/wp\/#organization\"},\"potentialAction\":[{\"@type\":\"SearchAction\",\"target\":{\"@type\":\"EntryPoint\",\"urlTemplate\":\"https:\/\/bahiaeconomica.com.br\/wp\/?s={search_term_string}\"},\"query-input\":\"required name=search_term_string\"}],\"inLanguage\":\"pt-BR\"},{\"@type\":\"Organization\",\"@id\":\"https:\/\/bahiaeconomica.com.br\/wp\/#organization\",\"name\":\"Bahia Econ\u00f4mica\",\"url\":\"https:\/\/bahiaeconomica.com.br\/wp\/\",\"logo\":{\"@type\":\"ImageObject\",\"inLanguage\":\"pt-BR\",\"@id\":\"https:\/\/bahiaeconomica.com.br\/wp\/#\/schema\/logo\/image\/\",\"url\":\"https:\/\/bahiaeconomica.com.br\/wp\/wp-content\/uploads\/2020\/12\/cropped-BE.png\",\"contentUrl\":\"https:\/\/bahiaeconomica.com.br\/wp\/wp-content\/uploads\/2020\/12\/cropped-BE.png\",\"width\":512,\"height\":512,\"caption\":\"Bahia Econ\u00f4mica\"},\"image\":{\"@id\":\"https:\/\/bahiaeconomica.com.br\/wp\/#\/schema\/logo\/image\/\"},\"sameAs\":[\"https:\/\/www.facebook.com\/bahiaeconomica\"]},{\"@type\":\"Person\",\"@id\":\"https:\/\/bahiaeconomica.com.br\/wp\/#\/schema\/person\/9310b0e591f5979f6f99773eac5804e6\",\"name\":\"BRUNA CARVALHO\",\"sameAs\":[\"http:\/\/www.bahiaeconomica.com.br\"],\"url\":\"https:\/\/bahiaeconomica.com.br\/wp\/author\/bruna\/\"}]}<\/script>\n<!-- \/ Yoast SEO plugin. -->","yoast_head_json":{"title":"JER\u00d4NIMO RODRIGUES MINIMIZA PESQUISAS ELEITORAIS E DIZ: \u201cMINHA PESQUISA \u00c9 TRABALHO\u201d - Bahia Economica","description":"O maior portal de Economia da Bahia Pol\u00edtica Bahia Economica","robots":{"index":"index","follow":"follow","max-snippet":"max-snippet:-1","max-image-preview":"max-image-preview:large","max-video-preview":"max-video-preview:-1"},"canonical":"https:\/\/bahiaeconomica.com.br\/wp\/2026\/03\/09\/jeronimo-rodrigues-minimiza-pesquisas-eleitorais-e-diz-minha-pesquisa-e-trabalho\/","og_locale":"pt_BR","og_type":"article","og_title":"JER\u00d4NIMO RODRIGUES MINIMIZA PESQUISAS ELEITORAIS E DIZ: \u201cMINHA PESQUISA \u00c9 TRABALHO\u201d - Bahia Economica","og_description":"O maior portal de Economia da Bahia Pol\u00edtica Bahia Economica","og_url":"https:\/\/bahiaeconomica.com.br\/wp\/2026\/03\/09\/jeronimo-rodrigues-minimiza-pesquisas-eleitorais-e-diz-minha-pesquisa-e-trabalho\/","og_site_name":"Bahia Economica","article_publisher":"https:\/\/www.facebook.com\/bahiaeconomica","article_published_time":"2026-03-09T15:23:01+00:00","article_modified_time":"2026-03-09T15:20:17+00:00","og_image":[{"width":1600,"height":752,"url":"https:\/\/bahiaeconomica.com.br\/wp\/wp-content\/uploads\/2025\/12\/156638governador-jeronimo-rodrigues-decreta-tres-dias-de-luto-apos-massacre-em-escola-no-interior-do-estado-3.jpg","type":"image\/jpeg"}],"author":"BRUNA CARVALHO","twitter_card":"summary_large_image","twitter_misc":{"Escrito por":"BRUNA CARVALHO","Est. tempo de leitura":"2 minutos"},"schema":{"@context":"https:\/\/schema.org","@graph":[{"@type":"Article","@id":"https:\/\/bahiaeconomica.com.br\/wp\/2026\/03\/09\/jeronimo-rodrigues-minimiza-pesquisas-eleitorais-e-diz-minha-pesquisa-e-trabalho\/#article","isPartOf":{"@id":"https:\/\/bahiaeconomica.com.br\/wp\/2026\/03\/09\/jeronimo-rodrigues-minimiza-pesquisas-eleitorais-e-diz-minha-pesquisa-e-trabalho\/"},"author":{"name":"BRUNA CARVALHO","@id":"https:\/\/bahiaeconomica.com.br\/wp\/#\/schema\/person\/9310b0e591f5979f6f99773eac5804e6"},"headline":"JER\u00d4NIMO RODRIGUES MINIMIZA PESQUISAS ELEITORAIS E DIZ: \u201cMINHA PESQUISA \u00c9 TRABALHO\u201d","datePublished":"2026-03-09T15:23:01+00:00","dateModified":"2026-03-09T15:20:17+00:00","mainEntityOfPage":{"@id":"https:\/\/bahiaeconomica.com.br\/wp\/2026\/03\/09\/jeronimo-rodrigues-minimiza-pesquisas-eleitorais-e-diz-minha-pesquisa-e-trabalho\/"},"wordCount":224,"publisher":{"@id":"https:\/\/bahiaeconomica.com.br\/wp\/#organization"},"keywords":["Bahia","eleitorais","governo do estado","jeronimo","Pesquisas"],"articleSection":["Pol\u00edtica"],"inLanguage":"pt-BR"},{"@type":"WebPage","@id":"https:\/\/bahiaeconomica.com.br\/wp\/2026\/03\/09\/jeronimo-rodrigues-minimiza-pesquisas-eleitorais-e-diz-minha-pesquisa-e-trabalho\/","url":"https:\/\/bahiaeconomica.com.br\/wp\/2026\/03\/09\/jeronimo-rodrigues-minimiza-pesquisas-eleitorais-e-diz-minha-pesquisa-e-trabalho\/","name":"JER\u00d4NIMO RODRIGUES MINIMIZA PESQUISAS ELEITORAIS E DIZ: \u201cMINHA PESQUISA \u00c9 TRABALHO\u201d - Bahia Economica","isPartOf":{"@id":"https:\/\/bahiaeconomica.com.br\/wp\/#website"},"datePublished":"2026-03-09T15:23:01+00:00","dateModified":"2026-03-09T15:20:17+00:00","description":"O maior portal de Economia da Bahia Pol\u00edtica Bahia Economica","breadcrumb":{"@id":"https:\/\/bahiaeconomica.com.br\/wp\/2026\/03\/09\/jeronimo-rodrigues-minimiza-pesquisas-eleitorais-e-diz-minha-pesquisa-e-trabalho\/#breadcrumb"},"inLanguage":"pt-BR","potentialAction":[{"@type":"ReadAction","target":["https:\/\/bahiaeconomica.com.br\/wp\/2026\/03\/09\/jeronimo-rodrigues-minimiza-pesquisas-eleitorais-e-diz-minha-pesquisa-e-trabalho\/"]}]},{"@type":"BreadcrumbList","@id":"https:\/\/bahiaeconomica.com.br\/wp\/2026\/03\/09\/jeronimo-rodrigues-minimiza-pesquisas-eleitorais-e-diz-minha-pesquisa-e-trabalho\/#breadcrumb","itemListElement":[{"@type":"ListItem","position":1,"name":"In\u00edcio","item":"https:\/\/bahiaeconomica.com.br\/wp\/"},{"@type":"ListItem","position":2,"name":"JER\u00d4NIMO RODRIGUES MINIMIZA PESQUISAS ELEITORAIS E DIZ: \u201cMINHA PESQUISA \u00c9 TRABALHO\u201d"}]},{"@type":"WebSite","@id":"https:\/\/bahiaeconomica.com.br\/wp\/#website","url":"https:\/\/bahiaeconomica.com.br\/wp\/","name":"Bahia Economica","description":"O maior portal de Economia da Bahia","publisher":{"@id":"https:\/\/bahiaeconomica.com.br\/wp\/#organization"},"potentialAction":[{"@type":"SearchAction","target":{"@type":"EntryPoint","urlTemplate":"https:\/\/bahiaeconomica.com.br\/wp\/?s={search_term_string}"},"query-input":"required name=search_term_string"}],"inLanguage":"pt-BR"},{"@type":"Organization","@id":"https:\/\/bahiaeconomica.com.br\/wp\/#organization","name":"Bahia Econ\u00f4mica","url":"https:\/\/bahiaeconomica.com.br\/wp\/","logo":{"@type":"ImageObject","inLanguage":"pt-BR","@id":"https:\/\/bahiaeconomica.com.br\/wp\/#\/schema\/logo\/image\/","url":"https:\/\/bahiaeconomica.com.br\/wp\/wp-content\/uploads\/2020\/12\/cropped-BE.png","contentUrl":"https:\/\/bahiaeconomica.com.br\/wp\/wp-content\/uploads\/2020\/12\/cropped-BE.png","width":512,"height":512,"caption":"Bahia Econ\u00f4mica"},"image":{"@id":"https:\/\/bahiaeconomica.com.br\/wp\/#\/schema\/logo\/image\/"},"sameAs":["https:\/\/www.facebook.com\/bahiaeconomica"]},{"@type":"Person","@id":"https:\/\/bahiaeconomica.com.br\/wp\/#\/schema\/person\/9310b0e591f5979f6f99773eac5804e6","name":"BRUNA CARVALHO","sameAs":["http:\/\/www.bahiaeconomica.com.br"],"url":"https:\/\/bahiaeconomica.com.br\/wp\/author\/bruna\/"}]}},"views":61,"_links":{"self":[{"href":"https:\/\/bahiaeconomica.com.br\/wp\/wp-json\/wp\/v2\/posts\/979628"}],"collection":[{"href":"https:\/\/bahiaeconomica.com.br\/wp\/wp-json\/wp\/v2\/posts"}],"about":[{"href":"https:\/\/bahiaeconomica.com.br\/wp\/wp-json\/wp\/v2\/types\/post"}],"author":[{"embeddable":true,"href":"https:\/\/bahiaeconomica.com.br\/wp\/wp-json\/wp\/v2\/users\/20"}],"replies":[{"embeddable":true,"href":"https:\/\/bahiaeconomica.com.br\/wp\/wp-json\/wp\/v2\/comments?post=979628"}],"version-history":[{"count":1,"href":"https:\/\/bahiaeconomica.com.br\/wp\/wp-json\/wp\/v2\/posts\/979628\/revisions"}],"predecessor-version":[{"id":979681,"href":"https:\/\/bahiaeconomica.com.br\/wp\/wp-json\/wp\/v2\/posts\/979628\/revisions\/979681"}],"wp:featuredmedia":[{"embeddable":true,"href":"https:\/\/bahiaeconomica.com.br\/wp\/wp-json\/wp\/v2\/media\/959791"}],"wp:attachment":[{"href":"https:\/\/bahiaeconomica.com.br\/wp\/wp-json\/wp\/v2\/media?parent=979628"}],"wp:term":[{"taxonomy":"category","embeddable":true,"href":"https:\/\/bahiaeconomica.com.br\/wp\/wp-json\/wp\/v2\/categories?post=979628"},{"taxonomy":"post_tag","embeddable":true,"href":"https:\/\/bahiaeconomica.com.br\/wp\/wp-json\/wp\/v2\/tags?post=979628"}],"curies":[{"name":"wp","href":"https:\/\/api.w.org\/{rel}","templated":true}]}}