{"id":979620,"date":"2026-03-09T10:59:08","date_gmt":"2026-03-09T13:59:08","guid":{"rendered":"https:\/\/bahiaeconomica.com.br\/wp\/?p=979620"},"modified":"2026-03-09T11:04:15","modified_gmt":"2026-03-09T14:04:15","slug":"escritorio-de-mulher-de-moraes-diz-que-volcaro-fez-contratacoes-juridicas-e-negou-interferencia-no-stf","status":"publish","type":"post","link":"https:\/\/bahiaeconomica.com.br\/wp\/2026\/03\/09\/escritorio-de-mulher-de-moraes-diz-que-volcaro-fez-contratacoes-juridicas-e-negou-interferencia-no-stf\/","title":{"rendered":"ESCRIT\u00d3RIO DE MULHER DE MORAES DIZ QUE VOLCARO FEZ CONTRATA\u00c7\u00d5ES JUR\u00cdDICAS E NEGOU INTERFER\u00caNCIA NO STF"},"content":{"rendered":"<p>O escrit\u00f3rio de advocacia Barci de Moraes Sociedade de Advogados, de Viviane Barci de Moraes, mulher do ministro Alexandre de Moraes, divulgou uma nota nesta segunda-feira (9) na qual relata a contrata\u00e7\u00e3o de servi\u00e7os jur\u00eddicos pelo banqueiro preso Daniel Vorcaro, dono do Banco Master. Tamb\u00e9m informa que &#8220;nunca conduziu nenhuma causa para o Banco Master no \u00e2mbito do Supremo Tribunal Federal (STF)&#8221;.<\/p>\n<p>De acordo com a nota, o escrit\u00f3rio foi contratado no per\u00edodo entre fevereiro de 2024 e novembro de 2025, pelo cliente Banco Master, &#8220;para o qual realizou ampla consultoria e atua\u00e7\u00e3o jur\u00eddica&#8221;, informa. O servi\u00e7o foi prestado por uma equipe composta por 15 advogados. &#8220;Para a realiza\u00e7\u00e3o dos servi\u00e7os, tamb\u00e9m contratou outros tr\u00eas escrit\u00f3rios especializados em consultoria, que ficaram sob sua coordena\u00e7\u00e3o&#8221;, prossegue o texto.<\/p>\n<p>O texto especifica quais seriam os servi\u00e7os prestados e os documentos entregues como resultado do contrato. Mas, n\u00e3o traz informa\u00e7\u00f5es sobre os valores firmados. Segundo o documento, as duas equipes jur\u00eddicas foram respons\u00e1veis pela consultoria e atua\u00e7\u00e3o jur\u00eddicas, entre o in\u00edcio do contrato, em 2024, e a liquida\u00e7\u00e3o extrajudicial do banco, em novembro de 2025, com o consequente encerramento contratual.<\/p>\n<p>Ao todo, informa que foram realizados os seguintes encontros para o cumprimento dos trabalhos:<\/p>\n<ul>\n<li>79 reuni\u00f5es presenciais na sede do Banco Master, todas com dura\u00e7\u00e3o aproximada de 3 horas, entre o banco, por meio de suas superintend\u00eancias de Compliance e Corporativa e ger\u00eancia de Compliance, e a equipe jur\u00eddica do escrit\u00f3rio Barci de Moraes Sociedade de Advogados, para an\u00e1lise de documentos, discuss\u00e3o dos problemas jur\u00eddicos e desenvolvimento do objeto do contrato;<\/li>\n<li>13 reuni\u00f5es com a presid\u00eancia da institui\u00e7\u00e3o e a equipe jur\u00eddica, sendo 2 presenciais na sede do escrit\u00f3rio e 11 por videoconfer\u00eancia, com dura\u00e7\u00e3o aproximada de 2 horas;<\/li>\n<li>2 reuni\u00f5es por videoconfer\u00eancia entre o jur\u00eddico do Banco Master e a equipe jur\u00eddica do escrit\u00f3rio Barci de Moraes, com dura\u00e7\u00e3o aproximada de 2 horas.<\/li>\n<\/ul>\n<p>&nbsp;<\/p>\n<p>Foto: Ricardo Stuckert\/PR<\/p>\n","protected":false},"excerpt":{"rendered":"<p>O escrit\u00f3rio de advocacia Barci de Moraes Sociedade de Advogados, de Viviane Barci de Moraes, mulher do ministro Alexandre de Moraes, divulgou uma nota nesta segunda-feira (9) na qual relata a contrata\u00e7\u00e3o de servi\u00e7os jur\u00eddicos pelo banqueiro preso Daniel Vorcaro, dono do Banco Master. Tamb\u00e9m informa que &#8220;nunca conduziu nenhuma causa para o Banco Master [&hellip;]<\/p>\n","protected":false},"author":8,"featured_media":979621,"comment_status":"closed","ping_status":"closed","sticky":false,"template":"","format":"standard","meta":[],"categories":[14,3],"tags":[43877],"acf":[],"yoast_head":"<!-- This site is optimized with the Yoast SEO plugin v20.8 - https:\/\/yoast.com\/wordpress\/plugins\/seo\/ -->\n<title>ESCRIT\u00d3RIO DE MULHER DE MORAES DIZ QUE VOLCARO FEZ CONTRATA\u00c7\u00d5ES JUR\u00cdDICAS E NEGOU INTERFER\u00caNCIA NO STF - Bahia Economica<\/title>\n<meta name=\"description\" content=\"O maior portal de Economia da Bahia DESTAQUE DO DIA, ECONOMIA \/ POL\u00cdTICA Bahia Economica O escrit\u00f3rio de advocacia Barci de Moraes Sociedade de Advogados,\" \/>\n<meta name=\"robots\" content=\"index, follow, max-snippet:-1, max-image-preview:large, max-video-preview:-1\" \/>\n<link rel=\"canonical\" href=\"https:\/\/bahiaeconomica.com.br\/wp\/2026\/03\/09\/escritorio-de-mulher-de-moraes-diz-que-volcaro-fez-contratacoes-juridicas-e-negou-interferencia-no-stf\/\" \/>\n<meta property=\"og:locale\" content=\"pt_BR\" \/>\n<meta property=\"og:type\" content=\"article\" \/>\n<meta property=\"og:title\" content=\"ESCRIT\u00d3RIO DE MULHER DE MORAES DIZ QUE VOLCARO FEZ CONTRATA\u00c7\u00d5ES JUR\u00cdDICAS E NEGOU INTERFER\u00caNCIA NO STF - Bahia Economica\" \/>\n<meta property=\"og:description\" content=\"O maior portal de Economia da Bahia DESTAQUE DO DIA, ECONOMIA \/ POL\u00cdTICA Bahia Economica O escrit\u00f3rio de advocacia Barci de Moraes Sociedade de Advogados,\" \/>\n<meta property=\"og:url\" content=\"https:\/\/bahiaeconomica.com.br\/wp\/2026\/03\/09\/escritorio-de-mulher-de-moraes-diz-que-volcaro-fez-contratacoes-juridicas-e-negou-interferencia-no-stf\/\" \/>\n<meta property=\"og:site_name\" content=\"Bahia Economica\" \/>\n<meta property=\"article:publisher\" content=\"https:\/\/www.facebook.com\/bahiaeconomica\" \/>\n<meta property=\"article:published_time\" content=\"2026-03-09T13:59:08+00:00\" \/>\n<meta property=\"article:modified_time\" content=\"2026-03-09T14:04:15+00:00\" \/>\n<meta property=\"og:image\" content=\"https:\/\/bahiaeconomica.com.br\/wp\/wp-content\/uploads\/2026\/03\/Sem-titulowwwww.jpg\" \/>\n\t<meta property=\"og:image:width\" content=\"639\" \/>\n\t<meta property=\"og:image:height\" content=\"363\" \/>\n\t<meta property=\"og:image:type\" content=\"image\/jpeg\" \/>\n<meta name=\"author\" content=\"JP\" \/>\n<meta name=\"twitter:card\" content=\"summary_large_image\" \/>\n<meta name=\"twitter:label1\" content=\"Escrito por\" \/>\n\t<meta name=\"twitter:data1\" content=\"JP\" \/>\n\t<meta name=\"twitter:label2\" content=\"Est. tempo de leitura\" \/>\n\t<meta name=\"twitter:data2\" content=\"2 minutos\" \/>\n<script type=\"application\/ld+json\" class=\"yoast-schema-graph\">{\"@context\":\"https:\/\/schema.org\",\"@graph\":[{\"@type\":\"Article\",\"@id\":\"https:\/\/bahiaeconomica.com.br\/wp\/2026\/03\/09\/escritorio-de-mulher-de-moraes-diz-que-volcaro-fez-contratacoes-juridicas-e-negou-interferencia-no-stf\/#article\",\"isPartOf\":{\"@id\":\"https:\/\/bahiaeconomica.com.br\/wp\/2026\/03\/09\/escritorio-de-mulher-de-moraes-diz-que-volcaro-fez-contratacoes-juridicas-e-negou-interferencia-no-stf\/\"},\"author\":{\"name\":\"JP\",\"@id\":\"https:\/\/bahiaeconomica.com.br\/wp\/#\/schema\/person\/c86d3a3f8960425a0f9d0e5245991f4e\"},\"headline\":\"ESCRIT\u00d3RIO DE MULHER DE MORAES DIZ QUE VOLCARO FEZ CONTRATA\u00c7\u00d5ES JUR\u00cdDICAS E NEGOU INTERFER\u00caNCIA NO STF\",\"datePublished\":\"2026-03-09T13:59:08+00:00\",\"dateModified\":\"2026-03-09T14:04:15+00:00\",\"mainEntityOfPage\":{\"@id\":\"https:\/\/bahiaeconomica.com.br\/wp\/2026\/03\/09\/escritorio-de-mulher-de-moraes-diz-que-volcaro-fez-contratacoes-juridicas-e-negou-interferencia-no-stf\/\"},\"wordCount\":369,\"publisher\":{\"@id\":\"https:\/\/bahiaeconomica.com.br\/wp\/#organization\"},\"keywords\":[\"moraes. brasil\"],\"articleSection\":[\"DESTAQUE DO DIA\",\"ECONOMIA \/ POL\u00cdTICA\"],\"inLanguage\":\"pt-BR\"},{\"@type\":\"WebPage\",\"@id\":\"https:\/\/bahiaeconomica.com.br\/wp\/2026\/03\/09\/escritorio-de-mulher-de-moraes-diz-que-volcaro-fez-contratacoes-juridicas-e-negou-interferencia-no-stf\/\",\"url\":\"https:\/\/bahiaeconomica.com.br\/wp\/2026\/03\/09\/escritorio-de-mulher-de-moraes-diz-que-volcaro-fez-contratacoes-juridicas-e-negou-interferencia-no-stf\/\",\"name\":\"ESCRIT\u00d3RIO DE MULHER DE MORAES DIZ QUE VOLCARO FEZ CONTRATA\u00c7\u00d5ES JUR\u00cdDICAS E NEGOU INTERFER\u00caNCIA NO STF - Bahia Economica\",\"isPartOf\":{\"@id\":\"https:\/\/bahiaeconomica.com.br\/wp\/#website\"},\"datePublished\":\"2026-03-09T13:59:08+00:00\",\"dateModified\":\"2026-03-09T14:04:15+00:00\",\"description\":\"O maior portal de Economia da Bahia DESTAQUE DO DIA, ECONOMIA \/ POL\u00cdTICA Bahia Economica O escrit\u00f3rio de advocacia Barci de Moraes Sociedade de Advogados,\",\"breadcrumb\":{\"@id\":\"https:\/\/bahiaeconomica.com.br\/wp\/2026\/03\/09\/escritorio-de-mulher-de-moraes-diz-que-volcaro-fez-contratacoes-juridicas-e-negou-interferencia-no-stf\/#breadcrumb\"},\"inLanguage\":\"pt-BR\",\"potentialAction\":[{\"@type\":\"ReadAction\",\"target\":[\"https:\/\/bahiaeconomica.com.br\/wp\/2026\/03\/09\/escritorio-de-mulher-de-moraes-diz-que-volcaro-fez-contratacoes-juridicas-e-negou-interferencia-no-stf\/\"]}]},{\"@type\":\"BreadcrumbList\",\"@id\":\"https:\/\/bahiaeconomica.com.br\/wp\/2026\/03\/09\/escritorio-de-mulher-de-moraes-diz-que-volcaro-fez-contratacoes-juridicas-e-negou-interferencia-no-stf\/#breadcrumb\",\"itemListElement\":[{\"@type\":\"ListItem\",\"position\":1,\"name\":\"In\u00edcio\",\"item\":\"https:\/\/bahiaeconomica.com.br\/wp\/\"},{\"@type\":\"ListItem\",\"position\":2,\"name\":\"ESCRIT\u00d3RIO DE MULHER DE MORAES DIZ QUE VOLCARO FEZ CONTRATA\u00c7\u00d5ES JUR\u00cdDICAS E NEGOU INTERFER\u00caNCIA NO STF\"}]},{\"@type\":\"WebSite\",\"@id\":\"https:\/\/bahiaeconomica.com.br\/wp\/#website\",\"url\":\"https:\/\/bahiaeconomica.com.br\/wp\/\",\"name\":\"Bahia Economica\",\"description\":\"O maior portal de Economia da Bahia\",\"publisher\":{\"@id\":\"https:\/\/bahiaeconomica.com.br\/wp\/#organization\"},\"potentialAction\":[{\"@type\":\"SearchAction\",\"target\":{\"@type\":\"EntryPoint\",\"urlTemplate\":\"https:\/\/bahiaeconomica.com.br\/wp\/?s={search_term_string}\"},\"query-input\":\"required name=search_term_string\"}],\"inLanguage\":\"pt-BR\"},{\"@type\":\"Organization\",\"@id\":\"https:\/\/bahiaeconomica.com.br\/wp\/#organization\",\"name\":\"Bahia Econ\u00f4mica\",\"url\":\"https:\/\/bahiaeconomica.com.br\/wp\/\",\"logo\":{\"@type\":\"ImageObject\",\"inLanguage\":\"pt-BR\",\"@id\":\"https:\/\/bahiaeconomica.com.br\/wp\/#\/schema\/logo\/image\/\",\"url\":\"https:\/\/bahiaeconomica.com.br\/wp\/wp-content\/uploads\/2020\/12\/cropped-BE.png\",\"contentUrl\":\"https:\/\/bahiaeconomica.com.br\/wp\/wp-content\/uploads\/2020\/12\/cropped-BE.png\",\"width\":512,\"height\":512,\"caption\":\"Bahia Econ\u00f4mica\"},\"image\":{\"@id\":\"https:\/\/bahiaeconomica.com.br\/wp\/#\/schema\/logo\/image\/\"},\"sameAs\":[\"https:\/\/www.facebook.com\/bahiaeconomica\"]},{\"@type\":\"Person\",\"@id\":\"https:\/\/bahiaeconomica.com.br\/wp\/#\/schema\/person\/c86d3a3f8960425a0f9d0e5245991f4e\",\"name\":\"JP\",\"sameAs\":[\"https:\/\/bahiaeconomica.com.br\/wp\/beta\/\"],\"url\":\"https:\/\/bahiaeconomica.com.br\/wp\/author\/jp\/\"}]}<\/script>\n<!-- \/ Yoast SEO plugin. -->","yoast_head_json":{"title":"ESCRIT\u00d3RIO DE MULHER DE MORAES DIZ QUE VOLCARO FEZ CONTRATA\u00c7\u00d5ES JUR\u00cdDICAS E NEGOU INTERFER\u00caNCIA NO STF - Bahia Economica","description":"O maior portal de Economia da Bahia DESTAQUE DO DIA, ECONOMIA \/ POL\u00cdTICA Bahia Economica O escrit\u00f3rio de advocacia Barci de Moraes Sociedade de Advogados,","robots":{"index":"index","follow":"follow","max-snippet":"max-snippet:-1","max-image-preview":"max-image-preview:large","max-video-preview":"max-video-preview:-1"},"canonical":"https:\/\/bahiaeconomica.com.br\/wp\/2026\/03\/09\/escritorio-de-mulher-de-moraes-diz-que-volcaro-fez-contratacoes-juridicas-e-negou-interferencia-no-stf\/","og_locale":"pt_BR","og_type":"article","og_title":"ESCRIT\u00d3RIO DE MULHER DE MORAES DIZ QUE VOLCARO FEZ CONTRATA\u00c7\u00d5ES JUR\u00cdDICAS E NEGOU INTERFER\u00caNCIA NO STF - Bahia Economica","og_description":"O maior portal de Economia da Bahia DESTAQUE DO DIA, ECONOMIA \/ POL\u00cdTICA Bahia Economica O escrit\u00f3rio de advocacia Barci de Moraes Sociedade de Advogados,","og_url":"https:\/\/bahiaeconomica.com.br\/wp\/2026\/03\/09\/escritorio-de-mulher-de-moraes-diz-que-volcaro-fez-contratacoes-juridicas-e-negou-interferencia-no-stf\/","og_site_name":"Bahia Economica","article_publisher":"https:\/\/www.facebook.com\/bahiaeconomica","article_published_time":"2026-03-09T13:59:08+00:00","article_modified_time":"2026-03-09T14:04:15+00:00","og_image":[{"width":639,"height":363,"url":"https:\/\/bahiaeconomica.com.br\/wp\/wp-content\/uploads\/2026\/03\/Sem-titulowwwww.jpg","type":"image\/jpeg"}],"author":"JP","twitter_card":"summary_large_image","twitter_misc":{"Escrito por":"JP","Est. tempo de leitura":"2 minutos"},"schema":{"@context":"https:\/\/schema.org","@graph":[{"@type":"Article","@id":"https:\/\/bahiaeconomica.com.br\/wp\/2026\/03\/09\/escritorio-de-mulher-de-moraes-diz-que-volcaro-fez-contratacoes-juridicas-e-negou-interferencia-no-stf\/#article","isPartOf":{"@id":"https:\/\/bahiaeconomica.com.br\/wp\/2026\/03\/09\/escritorio-de-mulher-de-moraes-diz-que-volcaro-fez-contratacoes-juridicas-e-negou-interferencia-no-stf\/"},"author":{"name":"JP","@id":"https:\/\/bahiaeconomica.com.br\/wp\/#\/schema\/person\/c86d3a3f8960425a0f9d0e5245991f4e"},"headline":"ESCRIT\u00d3RIO DE MULHER DE MORAES DIZ QUE VOLCARO FEZ CONTRATA\u00c7\u00d5ES JUR\u00cdDICAS E NEGOU INTERFER\u00caNCIA NO STF","datePublished":"2026-03-09T13:59:08+00:00","dateModified":"2026-03-09T14:04:15+00:00","mainEntityOfPage":{"@id":"https:\/\/bahiaeconomica.com.br\/wp\/2026\/03\/09\/escritorio-de-mulher-de-moraes-diz-que-volcaro-fez-contratacoes-juridicas-e-negou-interferencia-no-stf\/"},"wordCount":369,"publisher":{"@id":"https:\/\/bahiaeconomica.com.br\/wp\/#organization"},"keywords":["moraes. brasil"],"articleSection":["DESTAQUE DO DIA","ECONOMIA \/ POL\u00cdTICA"],"inLanguage":"pt-BR"},{"@type":"WebPage","@id":"https:\/\/bahiaeconomica.com.br\/wp\/2026\/03\/09\/escritorio-de-mulher-de-moraes-diz-que-volcaro-fez-contratacoes-juridicas-e-negou-interferencia-no-stf\/","url":"https:\/\/bahiaeconomica.com.br\/wp\/2026\/03\/09\/escritorio-de-mulher-de-moraes-diz-que-volcaro-fez-contratacoes-juridicas-e-negou-interferencia-no-stf\/","name":"ESCRIT\u00d3RIO DE MULHER DE MORAES DIZ QUE VOLCARO FEZ CONTRATA\u00c7\u00d5ES JUR\u00cdDICAS E NEGOU INTERFER\u00caNCIA NO STF - Bahia Economica","isPartOf":{"@id":"https:\/\/bahiaeconomica.com.br\/wp\/#website"},"datePublished":"2026-03-09T13:59:08+00:00","dateModified":"2026-03-09T14:04:15+00:00","description":"O maior portal de Economia da Bahia DESTAQUE DO DIA, ECONOMIA \/ POL\u00cdTICA Bahia Economica O escrit\u00f3rio de advocacia Barci de Moraes Sociedade de Advogados,","breadcrumb":{"@id":"https:\/\/bahiaeconomica.com.br\/wp\/2026\/03\/09\/escritorio-de-mulher-de-moraes-diz-que-volcaro-fez-contratacoes-juridicas-e-negou-interferencia-no-stf\/#breadcrumb"},"inLanguage":"pt-BR","potentialAction":[{"@type":"ReadAction","target":["https:\/\/bahiaeconomica.com.br\/wp\/2026\/03\/09\/escritorio-de-mulher-de-moraes-diz-que-volcaro-fez-contratacoes-juridicas-e-negou-interferencia-no-stf\/"]}]},{"@type":"BreadcrumbList","@id":"https:\/\/bahiaeconomica.com.br\/wp\/2026\/03\/09\/escritorio-de-mulher-de-moraes-diz-que-volcaro-fez-contratacoes-juridicas-e-negou-interferencia-no-stf\/#breadcrumb","itemListElement":[{"@type":"ListItem","position":1,"name":"In\u00edcio","item":"https:\/\/bahiaeconomica.com.br\/wp\/"},{"@type":"ListItem","position":2,"name":"ESCRIT\u00d3RIO DE MULHER DE MORAES DIZ QUE VOLCARO FEZ CONTRATA\u00c7\u00d5ES JUR\u00cdDICAS E NEGOU INTERFER\u00caNCIA NO STF"}]},{"@type":"WebSite","@id":"https:\/\/bahiaeconomica.com.br\/wp\/#website","url":"https:\/\/bahiaeconomica.com.br\/wp\/","name":"Bahia Economica","description":"O maior portal de Economia da Bahia","publisher":{"@id":"https:\/\/bahiaeconomica.com.br\/wp\/#organization"},"potentialAction":[{"@type":"SearchAction","target":{"@type":"EntryPoint","urlTemplate":"https:\/\/bahiaeconomica.com.br\/wp\/?s={search_term_string}"},"query-input":"required name=search_term_string"}],"inLanguage":"pt-BR"},{"@type":"Organization","@id":"https:\/\/bahiaeconomica.com.br\/wp\/#organization","name":"Bahia Econ\u00f4mica","url":"https:\/\/bahiaeconomica.com.br\/wp\/","logo":{"@type":"ImageObject","inLanguage":"pt-BR","@id":"https:\/\/bahiaeconomica.com.br\/wp\/#\/schema\/logo\/image\/","url":"https:\/\/bahiaeconomica.com.br\/wp\/wp-content\/uploads\/2020\/12\/cropped-BE.png","contentUrl":"https:\/\/bahiaeconomica.com.br\/wp\/wp-content\/uploads\/2020\/12\/cropped-BE.png","width":512,"height":512,"caption":"Bahia Econ\u00f4mica"},"image":{"@id":"https:\/\/bahiaeconomica.com.br\/wp\/#\/schema\/logo\/image\/"},"sameAs":["https:\/\/www.facebook.com\/bahiaeconomica"]},{"@type":"Person","@id":"https:\/\/bahiaeconomica.com.br\/wp\/#\/schema\/person\/c86d3a3f8960425a0f9d0e5245991f4e","name":"JP","sameAs":["https:\/\/bahiaeconomica.com.br\/wp\/beta\/"],"url":"https:\/\/bahiaeconomica.com.br\/wp\/author\/jp\/"}]}},"views":48,"_links":{"self":[{"href":"https:\/\/bahiaeconomica.com.br\/wp\/wp-json\/wp\/v2\/posts\/979620"}],"collection":[{"href":"https:\/\/bahiaeconomica.com.br\/wp\/wp-json\/wp\/v2\/posts"}],"about":[{"href":"https:\/\/bahiaeconomica.com.br\/wp\/wp-json\/wp\/v2\/types\/post"}],"author":[{"embeddable":true,"href":"https:\/\/bahiaeconomica.com.br\/wp\/wp-json\/wp\/v2\/users\/8"}],"replies":[{"embeddable":true,"href":"https:\/\/bahiaeconomica.com.br\/wp\/wp-json\/wp\/v2\/comments?post=979620"}],"version-history":[{"count":2,"href":"https:\/\/bahiaeconomica.com.br\/wp\/wp-json\/wp\/v2\/posts\/979620\/revisions"}],"predecessor-version":[{"id":979633,"href":"https:\/\/bahiaeconomica.com.br\/wp\/wp-json\/wp\/v2\/posts\/979620\/revisions\/979633"}],"wp:featuredmedia":[{"embeddable":true,"href":"https:\/\/bahiaeconomica.com.br\/wp\/wp-json\/wp\/v2\/media\/979621"}],"wp:attachment":[{"href":"https:\/\/bahiaeconomica.com.br\/wp\/wp-json\/wp\/v2\/media?parent=979620"}],"wp:term":[{"taxonomy":"category","embeddable":true,"href":"https:\/\/bahiaeconomica.com.br\/wp\/wp-json\/wp\/v2\/categories?post=979620"},{"taxonomy":"post_tag","embeddable":true,"href":"https:\/\/bahiaeconomica.com.br\/wp\/wp-json\/wp\/v2\/tags?post=979620"}],"curies":[{"name":"wp","href":"https:\/\/api.w.org\/{rel}","templated":true}]}}