{"id":979605,"date":"2026-03-09T11:30:46","date_gmt":"2026-03-09T14:30:46","guid":{"rendered":"https:\/\/bahiaeconomica.com.br\/wp\/?p=979605"},"modified":"2026-03-09T11:04:17","modified_gmt":"2026-03-09T14:04:17","slug":"prefeitura-de-salvador-realiza-3a-edicao-do-eleva-mei-com-consultoria-para-microempreendedores","status":"publish","type":"post","link":"https:\/\/bahiaeconomica.com.br\/wp\/2026\/03\/09\/prefeitura-de-salvador-realiza-3a-edicao-do-eleva-mei-com-consultoria-para-microempreendedores\/","title":{"rendered":"PREFEITURA DE SALVADOR REALIZA 3\u00aa EDI\u00c7\u00c3O DO &#8216;ELEVA MEI&#8217; COM CONSULTORIA PARA MICROEMPREENDEDORES"},"content":{"rendered":"<p>A Secretaria Municipal de Desenvolvimento Econ\u00f4mico, Emprego e Renda de Salvador promove no pr\u00f3ximo dia 24 a terceira edi\u00e7\u00e3o do Eleva MEI, iniciativa voltada \u00e0 capacita\u00e7\u00e3o e ao fortalecimento de microempreendedores individuais na capital baiana. O evento ser\u00e1 realizado das 8h \u00e0s 13h no Hotel Portobello Ondina, em Salvador.<\/p>\n<p>A proposta do programa \u00e9 oferecer uma imers\u00e3o pr\u00e1tica para empreendedores que buscam ampliar ou reorganizar seus neg\u00f3cios. Diferentemente de eventos baseados apenas em palestras, o Eleva MEI aposta em mentorias diretas com especialistas e orienta\u00e7\u00e3o individualizada, com foco em gest\u00e3o financeira, planejamento e estrat\u00e9gias de vendas adaptadas \u00e0 realidade local.<\/p>\n<p>De acordo com a secret\u00e1ria da Semdec, Mila Paes, a iniciativa busca ampliar o suporte aos microempreendedores e fortalecer a sustentabilidade financeira dos pequenos neg\u00f3cios.<\/p>\n<p>\u201cEntendemos que ter algu\u00e9m que apoie \u00e9 fundamental para garantir que os Microempreendedores Individuais (MEIs), especialmente os participantes do Eleva MEI, tenham acesso \u00e0s ferramentas, capacita\u00e7\u00e3o e orienta\u00e7\u00e3o necess\u00e1rias para o desenvolvimento e a sustentabilidade de seus neg\u00f3cios. A perman\u00eancia do envolvimento da Semdec sublinha o compromisso da gest\u00e3o municipal em fomentar o empreendedorismo local e fortalecer a economia da cidade, reconhecendo o papel crucial dos MEIs como geradores de renda e emprego\u201d, destaca.<\/p>\n<p>O Eleva MEI integra o programa Empreenda Salvador e pretende oferecer suporte continuado aos participantes. Entre as a\u00e7\u00f5es previstas est\u00e3o consultorias personalizadas, diagn\u00f3stico no pr\u00f3prio local de funcionamento do neg\u00f3cio e orienta\u00e7\u00e3o para solu\u00e7\u00e3o de gargalos operacionais.<\/p>\n<p>Segundo a diretora de Afroneg\u00f3cios e Empreendedorismo da Semdec, Maylla Pita, a metodologia adotada busca aproximar o suporte t\u00e9cnico da realidade de cada empreendedor.<\/p>\n<p>\u201cCom uma metodologia imersiva e personalizada, extrapolamos a dimens\u00e3o do evento e nos conectamos com a realidade de cada empreendedor atrav\u00e9s do consultor, que, de forma estrat\u00e9gica e humanizada, ir\u00e1 a cada neg\u00f3cio e tra\u00e7ar\u00e1 caminhos de desenvolvimento e crescimento de cada neg\u00f3cio\u201d, afirma.<\/p>\n<p>As vagas para o evento s\u00e3o limitadas e as inscri\u00e7\u00f5es devem ser feitas pelos canais oficiais da Semdec. A prefeitura informou ainda que os participantes inscritos poder\u00e3o contar com aux\u00edlio-transporte para facilitar o acesso ao evento, com o objetivo de ampliar a participa\u00e7\u00e3o de empreendedores de diferentes bairros da capital.<\/p>\n<p>Foto: Jefferson Peixoto\/ Secom PMS<\/p>\n","protected":false},"excerpt":{"rendered":"<p>A Secretaria Municipal de Desenvolvimento Econ\u00f4mico, Emprego e Renda de Salvador promove no pr\u00f3ximo dia 24 a terceira edi\u00e7\u00e3o do Eleva MEI, iniciativa voltada \u00e0 capacita\u00e7\u00e3o e ao fortalecimento de microempreendedores individuais na capital baiana. O evento ser\u00e1 realizado das 8h \u00e0s 13h no Hotel Portobello Ondina, em Salvador. A proposta do programa \u00e9 oferecer [&hellip;]<\/p>\n","protected":false},"author":20,"featured_media":979608,"comment_status":"closed","ping_status":"closed","sticky":false,"template":"","format":"standard","meta":[],"categories":[3,5],"tags":[3214,43880,7036,75],"acf":[],"yoast_head":"<!-- This site is optimized with the Yoast SEO plugin v20.8 - https:\/\/yoast.com\/wordpress\/plugins\/seo\/ -->\n<title>PREFEITURA DE SALVADOR REALIZA 3\u00aa EDI\u00c7\u00c3O DO &#039;ELEVA MEI&#039; COM CONSULTORIA PARA MICROEMPREENDEDORES - Bahia Economica<\/title>\n<meta name=\"description\" content=\"O maior portal de Economia da Bahia ECONOMIA \/ POL\u00cdTICA, MUNIC\u00cdPIOS Bahia Economica\" \/>\n<meta name=\"robots\" content=\"index, follow, max-snippet:-1, max-image-preview:large, max-video-preview:-1\" \/>\n<link rel=\"canonical\" href=\"https:\/\/bahiaeconomica.com.br\/wp\/2026\/03\/09\/prefeitura-de-salvador-realiza-3a-edicao-do-eleva-mei-com-consultoria-para-microempreendedores\/\" \/>\n<meta property=\"og:locale\" content=\"pt_BR\" \/>\n<meta property=\"og:type\" content=\"article\" \/>\n<meta property=\"og:title\" content=\"PREFEITURA DE SALVADOR REALIZA 3\u00aa EDI\u00c7\u00c3O DO &#039;ELEVA MEI&#039; COM CONSULTORIA PARA MICROEMPREENDEDORES - Bahia Economica\" \/>\n<meta property=\"og:description\" content=\"O maior portal de Economia da Bahia ECONOMIA \/ POL\u00cdTICA, MUNIC\u00cdPIOS Bahia Economica\" \/>\n<meta property=\"og:url\" content=\"https:\/\/bahiaeconomica.com.br\/wp\/2026\/03\/09\/prefeitura-de-salvador-realiza-3a-edicao-do-eleva-mei-com-consultoria-para-microempreendedores\/\" \/>\n<meta property=\"og:site_name\" content=\"Bahia Economica\" \/>\n<meta property=\"article:publisher\" content=\"https:\/\/www.facebook.com\/bahiaeconomica\" \/>\n<meta property=\"article:published_time\" content=\"2026-03-09T14:30:46+00:00\" \/>\n<meta property=\"article:modified_time\" content=\"2026-03-09T14:04:17+00:00\" \/>\n<meta property=\"og:image\" content=\"https:\/\/bahiaeconomica.com.br\/wp\/wp-content\/uploads\/2026\/03\/Empreenda-Salvador_Foto_Jefferson-Peixoto_Secom_Pms-1-2048x1365-1.webp\" \/>\n\t<meta property=\"og:image:width\" content=\"2048\" \/>\n\t<meta property=\"og:image:height\" content=\"1365\" \/>\n\t<meta property=\"og:image:type\" content=\"image\/webp\" \/>\n<meta name=\"author\" content=\"BRUNA CARVALHO\" \/>\n<meta name=\"twitter:card\" content=\"summary_large_image\" \/>\n<meta name=\"twitter:label1\" content=\"Escrito por\" \/>\n\t<meta name=\"twitter:data1\" content=\"BRUNA CARVALHO\" \/>\n\t<meta name=\"twitter:label2\" content=\"Est. tempo de leitura\" \/>\n\t<meta name=\"twitter:data2\" content=\"2 minutos\" \/>\n<script type=\"application\/ld+json\" class=\"yoast-schema-graph\">{\"@context\":\"https:\/\/schema.org\",\"@graph\":[{\"@type\":\"Article\",\"@id\":\"https:\/\/bahiaeconomica.com.br\/wp\/2026\/03\/09\/prefeitura-de-salvador-realiza-3a-edicao-do-eleva-mei-com-consultoria-para-microempreendedores\/#article\",\"isPartOf\":{\"@id\":\"https:\/\/bahiaeconomica.com.br\/wp\/2026\/03\/09\/prefeitura-de-salvador-realiza-3a-edicao-do-eleva-mei-com-consultoria-para-microempreendedores\/\"},\"author\":{\"name\":\"BRUNA CARVALHO\",\"@id\":\"https:\/\/bahiaeconomica.com.br\/wp\/#\/schema\/person\/9310b0e591f5979f6f99773eac5804e6\"},\"headline\":\"PREFEITURA DE SALVADOR REALIZA 3\u00aa EDI\u00c7\u00c3O DO &#8216;ELEVA MEI&#8217; COM CONSULTORIA PARA MICROEMPREENDEDORES\",\"datePublished\":\"2026-03-09T14:30:46+00:00\",\"dateModified\":\"2026-03-09T14:04:17+00:00\",\"mainEntityOfPage\":{\"@id\":\"https:\/\/bahiaeconomica.com.br\/wp\/2026\/03\/09\/prefeitura-de-salvador-realiza-3a-edicao-do-eleva-mei-com-consultoria-para-microempreendedores\/\"},\"wordCount\":406,\"publisher\":{\"@id\":\"https:\/\/bahiaeconomica.com.br\/wp\/#organization\"},\"keywords\":[\"consultoria\",\"eleva mei\",\"microempreendedores\",\"Prefeitura de Salvador\"],\"articleSection\":[\"ECONOMIA \/ POL\u00cdTICA\",\"MUNIC\u00cdPIOS\"],\"inLanguage\":\"pt-BR\"},{\"@type\":\"WebPage\",\"@id\":\"https:\/\/bahiaeconomica.com.br\/wp\/2026\/03\/09\/prefeitura-de-salvador-realiza-3a-edicao-do-eleva-mei-com-consultoria-para-microempreendedores\/\",\"url\":\"https:\/\/bahiaeconomica.com.br\/wp\/2026\/03\/09\/prefeitura-de-salvador-realiza-3a-edicao-do-eleva-mei-com-consultoria-para-microempreendedores\/\",\"name\":\"PREFEITURA DE SALVADOR REALIZA 3\u00aa EDI\u00c7\u00c3O DO 'ELEVA MEI' COM CONSULTORIA PARA MICROEMPREENDEDORES - Bahia Economica\",\"isPartOf\":{\"@id\":\"https:\/\/bahiaeconomica.com.br\/wp\/#website\"},\"datePublished\":\"2026-03-09T14:30:46+00:00\",\"dateModified\":\"2026-03-09T14:04:17+00:00\",\"description\":\"O maior portal de Economia da Bahia ECONOMIA \/ POL\u00cdTICA, MUNIC\u00cdPIOS Bahia Economica\",\"breadcrumb\":{\"@id\":\"https:\/\/bahiaeconomica.com.br\/wp\/2026\/03\/09\/prefeitura-de-salvador-realiza-3a-edicao-do-eleva-mei-com-consultoria-para-microempreendedores\/#breadcrumb\"},\"inLanguage\":\"pt-BR\",\"potentialAction\":[{\"@type\":\"ReadAction\",\"target\":[\"https:\/\/bahiaeconomica.com.br\/wp\/2026\/03\/09\/prefeitura-de-salvador-realiza-3a-edicao-do-eleva-mei-com-consultoria-para-microempreendedores\/\"]}]},{\"@type\":\"BreadcrumbList\",\"@id\":\"https:\/\/bahiaeconomica.com.br\/wp\/2026\/03\/09\/prefeitura-de-salvador-realiza-3a-edicao-do-eleva-mei-com-consultoria-para-microempreendedores\/#breadcrumb\",\"itemListElement\":[{\"@type\":\"ListItem\",\"position\":1,\"name\":\"In\u00edcio\",\"item\":\"https:\/\/bahiaeconomica.com.br\/wp\/\"},{\"@type\":\"ListItem\",\"position\":2,\"name\":\"PREFEITURA DE SALVADOR REALIZA 3\u00aa EDI\u00c7\u00c3O DO &#8216;ELEVA MEI&#8217; COM CONSULTORIA PARA MICROEMPREENDEDORES\"}]},{\"@type\":\"WebSite\",\"@id\":\"https:\/\/bahiaeconomica.com.br\/wp\/#website\",\"url\":\"https:\/\/bahiaeconomica.com.br\/wp\/\",\"name\":\"Bahia Economica\",\"description\":\"O maior portal de Economia da Bahia\",\"publisher\":{\"@id\":\"https:\/\/bahiaeconomica.com.br\/wp\/#organization\"},\"potentialAction\":[{\"@type\":\"SearchAction\",\"target\":{\"@type\":\"EntryPoint\",\"urlTemplate\":\"https:\/\/bahiaeconomica.com.br\/wp\/?s={search_term_string}\"},\"query-input\":\"required name=search_term_string\"}],\"inLanguage\":\"pt-BR\"},{\"@type\":\"Organization\",\"@id\":\"https:\/\/bahiaeconomica.com.br\/wp\/#organization\",\"name\":\"Bahia Econ\u00f4mica\",\"url\":\"https:\/\/bahiaeconomica.com.br\/wp\/\",\"logo\":{\"@type\":\"ImageObject\",\"inLanguage\":\"pt-BR\",\"@id\":\"https:\/\/bahiaeconomica.com.br\/wp\/#\/schema\/logo\/image\/\",\"url\":\"https:\/\/bahiaeconomica.com.br\/wp\/wp-content\/uploads\/2020\/12\/cropped-BE.png\",\"contentUrl\":\"https:\/\/bahiaeconomica.com.br\/wp\/wp-content\/uploads\/2020\/12\/cropped-BE.png\",\"width\":512,\"height\":512,\"caption\":\"Bahia Econ\u00f4mica\"},\"image\":{\"@id\":\"https:\/\/bahiaeconomica.com.br\/wp\/#\/schema\/logo\/image\/\"},\"sameAs\":[\"https:\/\/www.facebook.com\/bahiaeconomica\"]},{\"@type\":\"Person\",\"@id\":\"https:\/\/bahiaeconomica.com.br\/wp\/#\/schema\/person\/9310b0e591f5979f6f99773eac5804e6\",\"name\":\"BRUNA CARVALHO\",\"sameAs\":[\"http:\/\/www.bahiaeconomica.com.br\"],\"url\":\"https:\/\/bahiaeconomica.com.br\/wp\/author\/bruna\/\"}]}<\/script>\n<!-- \/ Yoast SEO plugin. -->","yoast_head_json":{"title":"PREFEITURA DE SALVADOR REALIZA 3\u00aa EDI\u00c7\u00c3O DO 'ELEVA MEI' COM CONSULTORIA PARA MICROEMPREENDEDORES - Bahia Economica","description":"O maior portal de Economia da Bahia ECONOMIA \/ POL\u00cdTICA, MUNIC\u00cdPIOS Bahia Economica","robots":{"index":"index","follow":"follow","max-snippet":"max-snippet:-1","max-image-preview":"max-image-preview:large","max-video-preview":"max-video-preview:-1"},"canonical":"https:\/\/bahiaeconomica.com.br\/wp\/2026\/03\/09\/prefeitura-de-salvador-realiza-3a-edicao-do-eleva-mei-com-consultoria-para-microempreendedores\/","og_locale":"pt_BR","og_type":"article","og_title":"PREFEITURA DE SALVADOR REALIZA 3\u00aa EDI\u00c7\u00c3O DO 'ELEVA MEI' COM CONSULTORIA PARA MICROEMPREENDEDORES - Bahia Economica","og_description":"O maior portal de Economia da Bahia ECONOMIA \/ POL\u00cdTICA, MUNIC\u00cdPIOS Bahia Economica","og_url":"https:\/\/bahiaeconomica.com.br\/wp\/2026\/03\/09\/prefeitura-de-salvador-realiza-3a-edicao-do-eleva-mei-com-consultoria-para-microempreendedores\/","og_site_name":"Bahia Economica","article_publisher":"https:\/\/www.facebook.com\/bahiaeconomica","article_published_time":"2026-03-09T14:30:46+00:00","article_modified_time":"2026-03-09T14:04:17+00:00","og_image":[{"width":2048,"height":1365,"url":"https:\/\/bahiaeconomica.com.br\/wp\/wp-content\/uploads\/2026\/03\/Empreenda-Salvador_Foto_Jefferson-Peixoto_Secom_Pms-1-2048x1365-1.webp","type":"image\/webp"}],"author":"BRUNA CARVALHO","twitter_card":"summary_large_image","twitter_misc":{"Escrito por":"BRUNA CARVALHO","Est. tempo de leitura":"2 minutos"},"schema":{"@context":"https:\/\/schema.org","@graph":[{"@type":"Article","@id":"https:\/\/bahiaeconomica.com.br\/wp\/2026\/03\/09\/prefeitura-de-salvador-realiza-3a-edicao-do-eleva-mei-com-consultoria-para-microempreendedores\/#article","isPartOf":{"@id":"https:\/\/bahiaeconomica.com.br\/wp\/2026\/03\/09\/prefeitura-de-salvador-realiza-3a-edicao-do-eleva-mei-com-consultoria-para-microempreendedores\/"},"author":{"name":"BRUNA CARVALHO","@id":"https:\/\/bahiaeconomica.com.br\/wp\/#\/schema\/person\/9310b0e591f5979f6f99773eac5804e6"},"headline":"PREFEITURA DE SALVADOR REALIZA 3\u00aa EDI\u00c7\u00c3O DO &#8216;ELEVA MEI&#8217; COM CONSULTORIA PARA MICROEMPREENDEDORES","datePublished":"2026-03-09T14:30:46+00:00","dateModified":"2026-03-09T14:04:17+00:00","mainEntityOfPage":{"@id":"https:\/\/bahiaeconomica.com.br\/wp\/2026\/03\/09\/prefeitura-de-salvador-realiza-3a-edicao-do-eleva-mei-com-consultoria-para-microempreendedores\/"},"wordCount":406,"publisher":{"@id":"https:\/\/bahiaeconomica.com.br\/wp\/#organization"},"keywords":["consultoria","eleva mei","microempreendedores","Prefeitura de Salvador"],"articleSection":["ECONOMIA \/ POL\u00cdTICA","MUNIC\u00cdPIOS"],"inLanguage":"pt-BR"},{"@type":"WebPage","@id":"https:\/\/bahiaeconomica.com.br\/wp\/2026\/03\/09\/prefeitura-de-salvador-realiza-3a-edicao-do-eleva-mei-com-consultoria-para-microempreendedores\/","url":"https:\/\/bahiaeconomica.com.br\/wp\/2026\/03\/09\/prefeitura-de-salvador-realiza-3a-edicao-do-eleva-mei-com-consultoria-para-microempreendedores\/","name":"PREFEITURA DE SALVADOR REALIZA 3\u00aa EDI\u00c7\u00c3O DO 'ELEVA MEI' COM CONSULTORIA PARA MICROEMPREENDEDORES - Bahia Economica","isPartOf":{"@id":"https:\/\/bahiaeconomica.com.br\/wp\/#website"},"datePublished":"2026-03-09T14:30:46+00:00","dateModified":"2026-03-09T14:04:17+00:00","description":"O maior portal de Economia da Bahia ECONOMIA \/ POL\u00cdTICA, MUNIC\u00cdPIOS Bahia Economica","breadcrumb":{"@id":"https:\/\/bahiaeconomica.com.br\/wp\/2026\/03\/09\/prefeitura-de-salvador-realiza-3a-edicao-do-eleva-mei-com-consultoria-para-microempreendedores\/#breadcrumb"},"inLanguage":"pt-BR","potentialAction":[{"@type":"ReadAction","target":["https:\/\/bahiaeconomica.com.br\/wp\/2026\/03\/09\/prefeitura-de-salvador-realiza-3a-edicao-do-eleva-mei-com-consultoria-para-microempreendedores\/"]}]},{"@type":"BreadcrumbList","@id":"https:\/\/bahiaeconomica.com.br\/wp\/2026\/03\/09\/prefeitura-de-salvador-realiza-3a-edicao-do-eleva-mei-com-consultoria-para-microempreendedores\/#breadcrumb","itemListElement":[{"@type":"ListItem","position":1,"name":"In\u00edcio","item":"https:\/\/bahiaeconomica.com.br\/wp\/"},{"@type":"ListItem","position":2,"name":"PREFEITURA DE SALVADOR REALIZA 3\u00aa EDI\u00c7\u00c3O DO &#8216;ELEVA MEI&#8217; COM CONSULTORIA PARA MICROEMPREENDEDORES"}]},{"@type":"WebSite","@id":"https:\/\/bahiaeconomica.com.br\/wp\/#website","url":"https:\/\/bahiaeconomica.com.br\/wp\/","name":"Bahia Economica","description":"O maior portal de Economia da Bahia","publisher":{"@id":"https:\/\/bahiaeconomica.com.br\/wp\/#organization"},"potentialAction":[{"@type":"SearchAction","target":{"@type":"EntryPoint","urlTemplate":"https:\/\/bahiaeconomica.com.br\/wp\/?s={search_term_string}"},"query-input":"required name=search_term_string"}],"inLanguage":"pt-BR"},{"@type":"Organization","@id":"https:\/\/bahiaeconomica.com.br\/wp\/#organization","name":"Bahia Econ\u00f4mica","url":"https:\/\/bahiaeconomica.com.br\/wp\/","logo":{"@type":"ImageObject","inLanguage":"pt-BR","@id":"https:\/\/bahiaeconomica.com.br\/wp\/#\/schema\/logo\/image\/","url":"https:\/\/bahiaeconomica.com.br\/wp\/wp-content\/uploads\/2020\/12\/cropped-BE.png","contentUrl":"https:\/\/bahiaeconomica.com.br\/wp\/wp-content\/uploads\/2020\/12\/cropped-BE.png","width":512,"height":512,"caption":"Bahia Econ\u00f4mica"},"image":{"@id":"https:\/\/bahiaeconomica.com.br\/wp\/#\/schema\/logo\/image\/"},"sameAs":["https:\/\/www.facebook.com\/bahiaeconomica"]},{"@type":"Person","@id":"https:\/\/bahiaeconomica.com.br\/wp\/#\/schema\/person\/9310b0e591f5979f6f99773eac5804e6","name":"BRUNA CARVALHO","sameAs":["http:\/\/www.bahiaeconomica.com.br"],"url":"https:\/\/bahiaeconomica.com.br\/wp\/author\/bruna\/"}]}},"views":77,"_links":{"self":[{"href":"https:\/\/bahiaeconomica.com.br\/wp\/wp-json\/wp\/v2\/posts\/979605"}],"collection":[{"href":"https:\/\/bahiaeconomica.com.br\/wp\/wp-json\/wp\/v2\/posts"}],"about":[{"href":"https:\/\/bahiaeconomica.com.br\/wp\/wp-json\/wp\/v2\/types\/post"}],"author":[{"embeddable":true,"href":"https:\/\/bahiaeconomica.com.br\/wp\/wp-json\/wp\/v2\/users\/20"}],"replies":[{"embeddable":true,"href":"https:\/\/bahiaeconomica.com.br\/wp\/wp-json\/wp\/v2\/comments?post=979605"}],"version-history":[{"count":1,"href":"https:\/\/bahiaeconomica.com.br\/wp\/wp-json\/wp\/v2\/posts\/979605\/revisions"}],"predecessor-version":[{"id":979634,"href":"https:\/\/bahiaeconomica.com.br\/wp\/wp-json\/wp\/v2\/posts\/979605\/revisions\/979634"}],"wp:featuredmedia":[{"embeddable":true,"href":"https:\/\/bahiaeconomica.com.br\/wp\/wp-json\/wp\/v2\/media\/979608"}],"wp:attachment":[{"href":"https:\/\/bahiaeconomica.com.br\/wp\/wp-json\/wp\/v2\/media?parent=979605"}],"wp:term":[{"taxonomy":"category","embeddable":true,"href":"https:\/\/bahiaeconomica.com.br\/wp\/wp-json\/wp\/v2\/categories?post=979605"},{"taxonomy":"post_tag","embeddable":true,"href":"https:\/\/bahiaeconomica.com.br\/wp\/wp-json\/wp\/v2\/tags?post=979605"}],"curies":[{"name":"wp","href":"https:\/\/api.w.org\/{rel}","templated":true}]}}