{"id":979466,"date":"2026-03-07T09:30:41","date_gmt":"2026-03-07T12:30:41","guid":{"rendered":"https:\/\/bahiaeconomica.com.br\/wp\/?p=979466"},"modified":"2026-03-07T11:15:37","modified_gmt":"2026-03-07T14:15:37","slug":"aviao-que-ia-para-fernando-de-noronha-faz-pouso-de-emergencia-apos-suspeita-de-bomba","status":"publish","type":"post","link":"https:\/\/bahiaeconomica.com.br\/wp\/2026\/03\/07\/aviao-que-ia-para-fernando-de-noronha-faz-pouso-de-emergencia-apos-suspeita-de-bomba\/","title":{"rendered":"AVI\u00c3O QUE IA PARA FERNANDO DE NORONHA FAZ POUSO DE EMERG\u00caNCIA AP\u00d3S SUSPEITA DE BOMBA"},"content":{"rendered":"<p>Um avi\u00e3o que saiu de S\u00e3o Paulo em dire\u00e7\u00e3o a Fernando de Noronha fez um pouso emergencial no Recife, na sexta-feira (6), ap\u00f3s suspeita de que havia uma bomba na aeronave. O voo, operado pelo Gol Linhas A\u00e9reas, saiu de Guarulhos. A companhia recebeu uma den\u00fancia de que uma bomba teria sido colocada no avi\u00e3o. A PF informou que o voo foi desviado de imediato ap\u00f3s o comunicado. &#8220;Ap\u00f3s an\u00e1lise preliminar, concluiu-se que n\u00e3o havia indicativos de risco efetivo \u00e0 opera\u00e7\u00e3o a\u00e9rea&#8221;, diz trecho da nota. A PF investiga autoria do comunicado. J\u00e1 a Gol informou que &#8220;todos protocolos exigidos foram seguidos, com acionamento das equipes de emerg\u00eancia e a Pol\u00edcia Federal para acompanhamento do desembarque, que aconteceu normalmente&#8221;.<\/p>\n<p>&nbsp;<\/p>\n<p>Cr\u00e9dito: L\u00e9o Motta\/Setur\/Divulga\u00e7\u00e3o<\/p>\n","protected":false},"excerpt":{"rendered":"<p>Um avi\u00e3o que saiu de S\u00e3o Paulo em dire\u00e7\u00e3o a Fernando de Noronha fez um pouso emergencial no Recife, na sexta-feira (6), ap\u00f3s suspeita de que havia uma bomba na aeronave. O voo, operado pelo Gol Linhas A\u00e9reas, saiu de Guarulhos. A companhia recebeu uma den\u00fancia de que uma bomba teria sido colocada no avi\u00e3o. [&hellip;]<\/p>\n","protected":false},"author":8,"featured_media":979467,"comment_status":"closed","ping_status":"closed","sticky":false,"template":"","format":"standard","meta":[],"categories":[3],"tags":[52,3897,100],"acf":[],"yoast_head":"<!-- This site is optimized with the Yoast SEO plugin v20.8 - https:\/\/yoast.com\/wordpress\/plugins\/seo\/ -->\n<title>AVI\u00c3O QUE IA PARA FERNANDO DE NORONHA FAZ POUSO DE EMERG\u00caNCIA AP\u00d3S SUSPEITA DE BOMBA - Bahia Economica<\/title>\n<meta name=\"description\" content=\"O maior portal de Economia da Bahia ECONOMIA \/ POL\u00cdTICA Bahia Economica Um avi\u00e3o que saiu de S\u00e3o Paulo em dire\u00e7\u00e3o a Fernando de Noronha fez um\" \/>\n<meta name=\"robots\" content=\"index, follow, max-snippet:-1, max-image-preview:large, max-video-preview:-1\" \/>\n<link rel=\"canonical\" href=\"https:\/\/bahiaeconomica.com.br\/wp\/2026\/03\/07\/aviao-que-ia-para-fernando-de-noronha-faz-pouso-de-emergencia-apos-suspeita-de-bomba\/\" \/>\n<meta property=\"og:locale\" content=\"pt_BR\" \/>\n<meta property=\"og:type\" content=\"article\" \/>\n<meta property=\"og:title\" content=\"AVI\u00c3O QUE IA PARA FERNANDO DE NORONHA FAZ POUSO DE EMERG\u00caNCIA AP\u00d3S SUSPEITA DE BOMBA - Bahia Economica\" \/>\n<meta property=\"og:description\" content=\"O maior portal de Economia da Bahia ECONOMIA \/ POL\u00cdTICA Bahia Economica Um avi\u00e3o que saiu de S\u00e3o Paulo em dire\u00e7\u00e3o a Fernando de Noronha fez um\" \/>\n<meta property=\"og:url\" content=\"https:\/\/bahiaeconomica.com.br\/wp\/2026\/03\/07\/aviao-que-ia-para-fernando-de-noronha-faz-pouso-de-emergencia-apos-suspeita-de-bomba\/\" \/>\n<meta property=\"og:site_name\" content=\"Bahia Economica\" \/>\n<meta property=\"article:publisher\" content=\"https:\/\/www.facebook.com\/bahiaeconomica\" \/>\n<meta property=\"article:published_time\" content=\"2026-03-07T12:30:41+00:00\" \/>\n<meta property=\"article:modified_time\" content=\"2026-03-07T14:15:37+00:00\" \/>\n<meta property=\"og:image\" content=\"https:\/\/bahiaeconomica.com.br\/wp\/wp-content\/uploads\/2026\/03\/aeroporto-de-recife-3174654-article-1.webp\" \/>\n\t<meta property=\"og:image:width\" content=\"600\" \/>\n\t<meta property=\"og:image:height\" content=\"338\" \/>\n\t<meta property=\"og:image:type\" content=\"image\/webp\" \/>\n<meta name=\"author\" content=\"JP\" \/>\n<meta name=\"twitter:card\" content=\"summary_large_image\" \/>\n<meta name=\"twitter:label1\" content=\"Escrito por\" \/>\n\t<meta name=\"twitter:data1\" content=\"JP\" \/>\n\t<meta name=\"twitter:label2\" content=\"Est. tempo de leitura\" \/>\n\t<meta name=\"twitter:data2\" content=\"1 minuto\" \/>\n<script type=\"application\/ld+json\" class=\"yoast-schema-graph\">{\"@context\":\"https:\/\/schema.org\",\"@graph\":[{\"@type\":\"Article\",\"@id\":\"https:\/\/bahiaeconomica.com.br\/wp\/2026\/03\/07\/aviao-que-ia-para-fernando-de-noronha-faz-pouso-de-emergencia-apos-suspeita-de-bomba\/#article\",\"isPartOf\":{\"@id\":\"https:\/\/bahiaeconomica.com.br\/wp\/2026\/03\/07\/aviao-que-ia-para-fernando-de-noronha-faz-pouso-de-emergencia-apos-suspeita-de-bomba\/\"},\"author\":{\"name\":\"JP\",\"@id\":\"https:\/\/bahiaeconomica.com.br\/wp\/#\/schema\/person\/c86d3a3f8960425a0f9d0e5245991f4e\"},\"headline\":\"AVI\u00c3O QUE IA PARA FERNANDO DE NORONHA FAZ POUSO DE EMERG\u00caNCIA AP\u00d3S SUSPEITA DE BOMBA\",\"datePublished\":\"2026-03-07T12:30:41+00:00\",\"dateModified\":\"2026-03-07T14:15:37+00:00\",\"mainEntityOfPage\":{\"@id\":\"https:\/\/bahiaeconomica.com.br\/wp\/2026\/03\/07\/aviao-que-ia-para-fernando-de-noronha-faz-pouso-de-emergencia-apos-suspeita-de-bomba\/\"},\"wordCount\":159,\"publisher\":{\"@id\":\"https:\/\/bahiaeconomica.com.br\/wp\/#organization\"},\"keywords\":[\"Brasil\",\"coelho\",\"Pol\u00edtica\"],\"articleSection\":[\"ECONOMIA \/ POL\u00cdTICA\"],\"inLanguage\":\"pt-BR\"},{\"@type\":\"WebPage\",\"@id\":\"https:\/\/bahiaeconomica.com.br\/wp\/2026\/03\/07\/aviao-que-ia-para-fernando-de-noronha-faz-pouso-de-emergencia-apos-suspeita-de-bomba\/\",\"url\":\"https:\/\/bahiaeconomica.com.br\/wp\/2026\/03\/07\/aviao-que-ia-para-fernando-de-noronha-faz-pouso-de-emergencia-apos-suspeita-de-bomba\/\",\"name\":\"AVI\u00c3O QUE IA PARA FERNANDO DE NORONHA FAZ POUSO DE EMERG\u00caNCIA AP\u00d3S SUSPEITA DE BOMBA - Bahia Economica\",\"isPartOf\":{\"@id\":\"https:\/\/bahiaeconomica.com.br\/wp\/#website\"},\"datePublished\":\"2026-03-07T12:30:41+00:00\",\"dateModified\":\"2026-03-07T14:15:37+00:00\",\"description\":\"O maior portal de Economia da Bahia ECONOMIA \/ POL\u00cdTICA Bahia Economica Um avi\u00e3o que saiu de S\u00e3o Paulo em dire\u00e7\u00e3o a Fernando de Noronha fez um\",\"breadcrumb\":{\"@id\":\"https:\/\/bahiaeconomica.com.br\/wp\/2026\/03\/07\/aviao-que-ia-para-fernando-de-noronha-faz-pouso-de-emergencia-apos-suspeita-de-bomba\/#breadcrumb\"},\"inLanguage\":\"pt-BR\",\"potentialAction\":[{\"@type\":\"ReadAction\",\"target\":[\"https:\/\/bahiaeconomica.com.br\/wp\/2026\/03\/07\/aviao-que-ia-para-fernando-de-noronha-faz-pouso-de-emergencia-apos-suspeita-de-bomba\/\"]}]},{\"@type\":\"BreadcrumbList\",\"@id\":\"https:\/\/bahiaeconomica.com.br\/wp\/2026\/03\/07\/aviao-que-ia-para-fernando-de-noronha-faz-pouso-de-emergencia-apos-suspeita-de-bomba\/#breadcrumb\",\"itemListElement\":[{\"@type\":\"ListItem\",\"position\":1,\"name\":\"In\u00edcio\",\"item\":\"https:\/\/bahiaeconomica.com.br\/wp\/\"},{\"@type\":\"ListItem\",\"position\":2,\"name\":\"AVI\u00c3O QUE IA PARA FERNANDO DE NORONHA FAZ POUSO DE EMERG\u00caNCIA AP\u00d3S SUSPEITA DE BOMBA\"}]},{\"@type\":\"WebSite\",\"@id\":\"https:\/\/bahiaeconomica.com.br\/wp\/#website\",\"url\":\"https:\/\/bahiaeconomica.com.br\/wp\/\",\"name\":\"Bahia Economica\",\"description\":\"O maior portal de Economia da Bahia\",\"publisher\":{\"@id\":\"https:\/\/bahiaeconomica.com.br\/wp\/#organization\"},\"potentialAction\":[{\"@type\":\"SearchAction\",\"target\":{\"@type\":\"EntryPoint\",\"urlTemplate\":\"https:\/\/bahiaeconomica.com.br\/wp\/?s={search_term_string}\"},\"query-input\":\"required name=search_term_string\"}],\"inLanguage\":\"pt-BR\"},{\"@type\":\"Organization\",\"@id\":\"https:\/\/bahiaeconomica.com.br\/wp\/#organization\",\"name\":\"Bahia Econ\u00f4mica\",\"url\":\"https:\/\/bahiaeconomica.com.br\/wp\/\",\"logo\":{\"@type\":\"ImageObject\",\"inLanguage\":\"pt-BR\",\"@id\":\"https:\/\/bahiaeconomica.com.br\/wp\/#\/schema\/logo\/image\/\",\"url\":\"https:\/\/bahiaeconomica.com.br\/wp\/wp-content\/uploads\/2020\/12\/cropped-BE.png\",\"contentUrl\":\"https:\/\/bahiaeconomica.com.br\/wp\/wp-content\/uploads\/2020\/12\/cropped-BE.png\",\"width\":512,\"height\":512,\"caption\":\"Bahia Econ\u00f4mica\"},\"image\":{\"@id\":\"https:\/\/bahiaeconomica.com.br\/wp\/#\/schema\/logo\/image\/\"},\"sameAs\":[\"https:\/\/www.facebook.com\/bahiaeconomica\"]},{\"@type\":\"Person\",\"@id\":\"https:\/\/bahiaeconomica.com.br\/wp\/#\/schema\/person\/c86d3a3f8960425a0f9d0e5245991f4e\",\"name\":\"JP\",\"sameAs\":[\"https:\/\/bahiaeconomica.com.br\/wp\/beta\/\"],\"url\":\"https:\/\/bahiaeconomica.com.br\/wp\/author\/jp\/\"}]}<\/script>\n<!-- \/ Yoast SEO plugin. -->","yoast_head_json":{"title":"AVI\u00c3O QUE IA PARA FERNANDO DE NORONHA FAZ POUSO DE EMERG\u00caNCIA AP\u00d3S SUSPEITA DE BOMBA - Bahia Economica","description":"O maior portal de Economia da Bahia ECONOMIA \/ POL\u00cdTICA Bahia Economica Um avi\u00e3o que saiu de S\u00e3o Paulo em dire\u00e7\u00e3o a Fernando de Noronha fez um","robots":{"index":"index","follow":"follow","max-snippet":"max-snippet:-1","max-image-preview":"max-image-preview:large","max-video-preview":"max-video-preview:-1"},"canonical":"https:\/\/bahiaeconomica.com.br\/wp\/2026\/03\/07\/aviao-que-ia-para-fernando-de-noronha-faz-pouso-de-emergencia-apos-suspeita-de-bomba\/","og_locale":"pt_BR","og_type":"article","og_title":"AVI\u00c3O QUE IA PARA FERNANDO DE NORONHA FAZ POUSO DE EMERG\u00caNCIA AP\u00d3S SUSPEITA DE BOMBA - Bahia Economica","og_description":"O maior portal de Economia da Bahia ECONOMIA \/ POL\u00cdTICA Bahia Economica Um avi\u00e3o que saiu de S\u00e3o Paulo em dire\u00e7\u00e3o a Fernando de Noronha fez um","og_url":"https:\/\/bahiaeconomica.com.br\/wp\/2026\/03\/07\/aviao-que-ia-para-fernando-de-noronha-faz-pouso-de-emergencia-apos-suspeita-de-bomba\/","og_site_name":"Bahia Economica","article_publisher":"https:\/\/www.facebook.com\/bahiaeconomica","article_published_time":"2026-03-07T12:30:41+00:00","article_modified_time":"2026-03-07T14:15:37+00:00","og_image":[{"width":600,"height":338,"url":"https:\/\/bahiaeconomica.com.br\/wp\/wp-content\/uploads\/2026\/03\/aeroporto-de-recife-3174654-article-1.webp","type":"image\/webp"}],"author":"JP","twitter_card":"summary_large_image","twitter_misc":{"Escrito por":"JP","Est. tempo de leitura":"1 minuto"},"schema":{"@context":"https:\/\/schema.org","@graph":[{"@type":"Article","@id":"https:\/\/bahiaeconomica.com.br\/wp\/2026\/03\/07\/aviao-que-ia-para-fernando-de-noronha-faz-pouso-de-emergencia-apos-suspeita-de-bomba\/#article","isPartOf":{"@id":"https:\/\/bahiaeconomica.com.br\/wp\/2026\/03\/07\/aviao-que-ia-para-fernando-de-noronha-faz-pouso-de-emergencia-apos-suspeita-de-bomba\/"},"author":{"name":"JP","@id":"https:\/\/bahiaeconomica.com.br\/wp\/#\/schema\/person\/c86d3a3f8960425a0f9d0e5245991f4e"},"headline":"AVI\u00c3O QUE IA PARA FERNANDO DE NORONHA FAZ POUSO DE EMERG\u00caNCIA AP\u00d3S SUSPEITA DE BOMBA","datePublished":"2026-03-07T12:30:41+00:00","dateModified":"2026-03-07T14:15:37+00:00","mainEntityOfPage":{"@id":"https:\/\/bahiaeconomica.com.br\/wp\/2026\/03\/07\/aviao-que-ia-para-fernando-de-noronha-faz-pouso-de-emergencia-apos-suspeita-de-bomba\/"},"wordCount":159,"publisher":{"@id":"https:\/\/bahiaeconomica.com.br\/wp\/#organization"},"keywords":["Brasil","coelho","Pol\u00edtica"],"articleSection":["ECONOMIA \/ POL\u00cdTICA"],"inLanguage":"pt-BR"},{"@type":"WebPage","@id":"https:\/\/bahiaeconomica.com.br\/wp\/2026\/03\/07\/aviao-que-ia-para-fernando-de-noronha-faz-pouso-de-emergencia-apos-suspeita-de-bomba\/","url":"https:\/\/bahiaeconomica.com.br\/wp\/2026\/03\/07\/aviao-que-ia-para-fernando-de-noronha-faz-pouso-de-emergencia-apos-suspeita-de-bomba\/","name":"AVI\u00c3O QUE IA PARA FERNANDO DE NORONHA FAZ POUSO DE EMERG\u00caNCIA AP\u00d3S SUSPEITA DE BOMBA - Bahia Economica","isPartOf":{"@id":"https:\/\/bahiaeconomica.com.br\/wp\/#website"},"datePublished":"2026-03-07T12:30:41+00:00","dateModified":"2026-03-07T14:15:37+00:00","description":"O maior portal de Economia da Bahia ECONOMIA \/ POL\u00cdTICA Bahia Economica Um avi\u00e3o que saiu de S\u00e3o Paulo em dire\u00e7\u00e3o a Fernando de Noronha fez um","breadcrumb":{"@id":"https:\/\/bahiaeconomica.com.br\/wp\/2026\/03\/07\/aviao-que-ia-para-fernando-de-noronha-faz-pouso-de-emergencia-apos-suspeita-de-bomba\/#breadcrumb"},"inLanguage":"pt-BR","potentialAction":[{"@type":"ReadAction","target":["https:\/\/bahiaeconomica.com.br\/wp\/2026\/03\/07\/aviao-que-ia-para-fernando-de-noronha-faz-pouso-de-emergencia-apos-suspeita-de-bomba\/"]}]},{"@type":"BreadcrumbList","@id":"https:\/\/bahiaeconomica.com.br\/wp\/2026\/03\/07\/aviao-que-ia-para-fernando-de-noronha-faz-pouso-de-emergencia-apos-suspeita-de-bomba\/#breadcrumb","itemListElement":[{"@type":"ListItem","position":1,"name":"In\u00edcio","item":"https:\/\/bahiaeconomica.com.br\/wp\/"},{"@type":"ListItem","position":2,"name":"AVI\u00c3O QUE IA PARA FERNANDO DE NORONHA FAZ POUSO DE EMERG\u00caNCIA AP\u00d3S SUSPEITA DE BOMBA"}]},{"@type":"WebSite","@id":"https:\/\/bahiaeconomica.com.br\/wp\/#website","url":"https:\/\/bahiaeconomica.com.br\/wp\/","name":"Bahia Economica","description":"O maior portal de Economia da Bahia","publisher":{"@id":"https:\/\/bahiaeconomica.com.br\/wp\/#organization"},"potentialAction":[{"@type":"SearchAction","target":{"@type":"EntryPoint","urlTemplate":"https:\/\/bahiaeconomica.com.br\/wp\/?s={search_term_string}"},"query-input":"required name=search_term_string"}],"inLanguage":"pt-BR"},{"@type":"Organization","@id":"https:\/\/bahiaeconomica.com.br\/wp\/#organization","name":"Bahia Econ\u00f4mica","url":"https:\/\/bahiaeconomica.com.br\/wp\/","logo":{"@type":"ImageObject","inLanguage":"pt-BR","@id":"https:\/\/bahiaeconomica.com.br\/wp\/#\/schema\/logo\/image\/","url":"https:\/\/bahiaeconomica.com.br\/wp\/wp-content\/uploads\/2020\/12\/cropped-BE.png","contentUrl":"https:\/\/bahiaeconomica.com.br\/wp\/wp-content\/uploads\/2020\/12\/cropped-BE.png","width":512,"height":512,"caption":"Bahia Econ\u00f4mica"},"image":{"@id":"https:\/\/bahiaeconomica.com.br\/wp\/#\/schema\/logo\/image\/"},"sameAs":["https:\/\/www.facebook.com\/bahiaeconomica"]},{"@type":"Person","@id":"https:\/\/bahiaeconomica.com.br\/wp\/#\/schema\/person\/c86d3a3f8960425a0f9d0e5245991f4e","name":"JP","sameAs":["https:\/\/bahiaeconomica.com.br\/wp\/beta\/"],"url":"https:\/\/bahiaeconomica.com.br\/wp\/author\/jp\/"}]}},"views":31,"_links":{"self":[{"href":"https:\/\/bahiaeconomica.com.br\/wp\/wp-json\/wp\/v2\/posts\/979466"}],"collection":[{"href":"https:\/\/bahiaeconomica.com.br\/wp\/wp-json\/wp\/v2\/posts"}],"about":[{"href":"https:\/\/bahiaeconomica.com.br\/wp\/wp-json\/wp\/v2\/types\/post"}],"author":[{"embeddable":true,"href":"https:\/\/bahiaeconomica.com.br\/wp\/wp-json\/wp\/v2\/users\/8"}],"replies":[{"embeddable":true,"href":"https:\/\/bahiaeconomica.com.br\/wp\/wp-json\/wp\/v2\/comments?post=979466"}],"version-history":[{"count":1,"href":"https:\/\/bahiaeconomica.com.br\/wp\/wp-json\/wp\/v2\/posts\/979466\/revisions"}],"predecessor-version":[{"id":979468,"href":"https:\/\/bahiaeconomica.com.br\/wp\/wp-json\/wp\/v2\/posts\/979466\/revisions\/979468"}],"wp:featuredmedia":[{"embeddable":true,"href":"https:\/\/bahiaeconomica.com.br\/wp\/wp-json\/wp\/v2\/media\/979467"}],"wp:attachment":[{"href":"https:\/\/bahiaeconomica.com.br\/wp\/wp-json\/wp\/v2\/media?parent=979466"}],"wp:term":[{"taxonomy":"category","embeddable":true,"href":"https:\/\/bahiaeconomica.com.br\/wp\/wp-json\/wp\/v2\/categories?post=979466"},{"taxonomy":"post_tag","embeddable":true,"href":"https:\/\/bahiaeconomica.com.br\/wp\/wp-json\/wp\/v2\/tags?post=979466"}],"curies":[{"name":"wp","href":"https:\/\/api.w.org\/{rel}","templated":true}]}}