{"id":979464,"date":"2026-03-08T08:00:48","date_gmt":"2026-03-08T11:00:48","guid":{"rendered":"https:\/\/bahiaeconomica.com.br\/wp\/?p=979464"},"modified":"2026-03-08T07:52:44","modified_gmt":"2026-03-08T10:52:44","slug":"8-de-marco-mulheres-avancam-no-mercado-de-trabalho-mas-desigualdades-ainda-persistem-na-bahia","status":"publish","type":"post","link":"https:\/\/bahiaeconomica.com.br\/wp\/2026\/03\/08\/8-de-marco-mulheres-avancam-no-mercado-de-trabalho-mas-desigualdades-ainda-persistem-na-bahia\/","title":{"rendered":"8 DE MAR\u00c7O: MULHERES AVAN\u00c7AM NO MERCADO DE TRABALHO, MAS DESIGUALDADES AINDA PERSISTEM NA BAHIA"},"content":{"rendered":"<p data-start=\"233\" data-end=\"556\">O Dia Internacional da Mulher, celebrado em 8 de mar\u00e7o, marca a luta hist\u00f3rica das mulheres por direitos, igualdade e reconhecimento na sociedade. Embora avan\u00e7os importantes tenham sido registrados nas \u00faltimas d\u00e9cadas, dados recentes mostram que ainda existem desafios significativos, principalmente no mercado de trabalho.<\/p>\n<p data-start=\"558\" data-end=\"833\">Segundo informa\u00e7\u00f5es do Instituto Brasileiro de Geografia e Estat\u00edstica (IBGE), a presen\u00e7a feminina no mercado de trabalho cresceu de forma constante nos \u00faltimos anos. Em 2000, as mulheres representavam 35,1% das pessoas ocupadas. J\u00e1 em 2024, esse n\u00famero subiu para quase 43%.<\/p>\n<p data-start=\"835\" data-end=\"941\">Apesar do avan\u00e7o, elas ainda s\u00e3o minoria entre as pessoas que trabalham, mesmo sendo maioria na popula\u00e7\u00e3o.<\/p>\n<p data-start=\"943\" data-end=\"1095\">De acordo com Mariana Viveiros, supervisora de divulga\u00e7\u00e3o do IBGE na Bahia, os dados mostram progresso, mas revelam que a igualdade ainda est\u00e1 distante.<\/p>\n<p data-start=\"1097\" data-end=\"1300\">\u201cOs dados mostram uma evolu\u00e7\u00e3o, com avan\u00e7os constantes tanto no acesso das mulheres ao mercado de trabalho quanto na redu\u00e7\u00e3o da desigualdade salarial. Mas ainda estamos longe da situa\u00e7\u00e3o ideal\u201d, explica.<\/p>\n<h3 data-section-id=\"ss1std\" data-start=\"1302\" data-end=\"1336\">Desigualdade salarial diminuiu<\/h3>\n<p data-start=\"1338\" data-end=\"1515\">Outro indicador importante \u00e9 a diferen\u00e7a de rendimento entre homens e mulheres. De acordo com o levantamento, houve redu\u00e7\u00e3o dessa desigualdade ao longo das \u00faltimas duas d\u00e9cadas.<\/p>\n<p data-start=\"1517\" data-end=\"1735\">No in\u00edcio dos anos 2000, as mulheres recebiam cerca de 75% do sal\u00e1rio m\u00e9dio dos homens. Em 2024, esse valor subiu para aproximadamente 91%, o que coloca a Bahia entre os estados com menor desigualdade salarial do pa\u00eds.<\/p>\n<p data-start=\"1737\" data-end=\"1900\">\u201cA Bahia tem hoje a quinta menor desigualdade salarial entre homens e mulheres no Brasil. Houve uma redu\u00e7\u00e3o importante ao longo dos anos\u201d, afirma Mariana Viveiros.<\/p>\n<p data-start=\"1902\" data-end=\"2094\">Mesmo com a melhora, a especialista destaca que as mulheres ainda enfrentam mais dificuldades para conseguir emprego, j\u00e1 que a taxa de desemprego feminina costuma ser maior do que a masculina.<\/p>\n<h3 data-section-id=\"7noo0e\" data-start=\"2096\" data-end=\"2129\">Dupla jornada ainda \u00e9 desafio<\/h3>\n<p data-start=\"2131\" data-end=\"2380\">Al\u00e9m das dificuldades no mercado de trabalho, outro fator que impacta a desigualdade \u00e9 a chamada dupla jornada. De acordo com dados do IBGE, as mulheres ainda dedicam muito mais tempo que os homens \u00e0s tarefas dom\u00e9sticas e aos cuidados com a fam\u00edlia.<\/p>\n<p data-start=\"2382\" data-end=\"2605\">\u201cAs mulheres seguem dedicando mais que o dobro do tempo dos homens aos afazeres dom\u00e9sticos e aos cuidados com pessoas. Essa sobrecarga dificulta o acesso ao trabalho e tamb\u00e9m a ascens\u00e3o profissional\u201d, explica a supervisora.<\/p>\n<h3 data-section-id=\"vy1dc\" data-start=\"2607\" data-end=\"2632\">Data refor\u00e7a reflex\u00e3o<\/h3>\n<p data-start=\"2634\" data-end=\"2866\">Celebrado em diversos pa\u00edses, o Dia Internacional da Mulher n\u00e3o \u00e9 apenas uma data de homenagens, mas tamb\u00e9m um momento de reflex\u00e3o sobre os desafios enfrentados pelas mulheres e a import\u00e2ncia de ampliar a igualdade de oportunidades.<\/p>\n<p data-start=\"2868\" data-end=\"3097\">Para especialistas, reduzir a desigualdade no mercado de trabalho e dividir de forma mais equilibrada as responsabilidades dom\u00e9sticas s\u00e3o passos fundamentais para que mulheres e homens tenham as mesmas oportunidades na sociedade.<\/p>\n<p data-start=\"2868\" data-end=\"3097\">Foto: Pedro Moraes\/ GovBa<\/p>\n","protected":false},"excerpt":{"rendered":"<p>O Dia Internacional da Mulher, celebrado em 8 de mar\u00e7o, marca a luta hist\u00f3rica das mulheres por direitos, igualdade e reconhecimento na sociedade. Embora avan\u00e7os importantes tenham sido registrados nas \u00faltimas d\u00e9cadas, dados recentes mostram que ainda existem desafios significativos, principalmente no mercado de trabalho. Segundo informa\u00e7\u00f5es do Instituto Brasileiro de Geografia e Estat\u00edstica (IBGE), [&hellip;]<\/p>\n","protected":false},"author":24,"featured_media":979469,"comment_status":"closed","ping_status":"closed","sticky":false,"template":"","format":"standard","meta":[],"categories":[14,3],"tags":[],"acf":[],"yoast_head":"<!-- This site is optimized with the Yoast SEO plugin v20.8 - https:\/\/yoast.com\/wordpress\/plugins\/seo\/ -->\n<title>8 DE MAR\u00c7O: MULHERES AVAN\u00c7AM NO MERCADO DE TRABALHO, MAS DESIGUALDADES AINDA PERSISTEM NA BAHIA - Bahia Economica<\/title>\n<meta name=\"description\" content=\"O maior portal de Economia da Bahia DESTAQUE DO DIA, ECONOMIA \/ POL\u00cdTICA Bahia Economica\" \/>\n<meta name=\"robots\" content=\"index, follow, max-snippet:-1, max-image-preview:large, max-video-preview:-1\" \/>\n<link rel=\"canonical\" href=\"https:\/\/bahiaeconomica.com.br\/wp\/2026\/03\/08\/8-de-marco-mulheres-avancam-no-mercado-de-trabalho-mas-desigualdades-ainda-persistem-na-bahia\/\" \/>\n<meta property=\"og:locale\" content=\"pt_BR\" \/>\n<meta property=\"og:type\" content=\"article\" \/>\n<meta property=\"og:title\" content=\"8 DE MAR\u00c7O: MULHERES AVAN\u00c7AM NO MERCADO DE TRABALHO, MAS DESIGUALDADES AINDA PERSISTEM NA BAHIA - Bahia Economica\" \/>\n<meta property=\"og:description\" content=\"O maior portal de Economia da Bahia DESTAQUE DO DIA, ECONOMIA \/ POL\u00cdTICA Bahia Economica\" \/>\n<meta property=\"og:url\" content=\"https:\/\/bahiaeconomica.com.br\/wp\/2026\/03\/08\/8-de-marco-mulheres-avancam-no-mercado-de-trabalho-mas-desigualdades-ainda-persistem-na-bahia\/\" \/>\n<meta property=\"og:site_name\" content=\"Bahia Economica\" \/>\n<meta property=\"article:publisher\" content=\"https:\/\/www.facebook.com\/bahiaeconomica\" \/>\n<meta property=\"article:published_time\" content=\"2026-03-08T11:00:48+00:00\" \/>\n<meta property=\"article:modified_time\" content=\"2026-03-08T10:52:44+00:00\" \/>\n<meta property=\"og:image\" content=\"https:\/\/bahiaeconomica.com.br\/wp\/wp-content\/uploads\/2026\/03\/WhatsApp-Image-2026-03-07-at-09.34.31.jpeg\" \/>\n\t<meta property=\"og:image:width\" content=\"1600\" \/>\n\t<meta property=\"og:image:height\" content=\"964\" \/>\n\t<meta property=\"og:image:type\" content=\"image\/jpeg\" \/>\n<meta name=\"author\" content=\"VICTOR OLIVEIRA\" \/>\n<meta name=\"twitter:card\" content=\"summary_large_image\" \/>\n<meta name=\"twitter:label1\" content=\"Escrito por\" \/>\n\t<meta name=\"twitter:data1\" content=\"VICTOR OLIVEIRA\" \/>\n\t<meta name=\"twitter:label2\" content=\"Est. tempo de leitura\" \/>\n\t<meta name=\"twitter:data2\" content=\"3 minutos\" \/>\n<script type=\"application\/ld+json\" class=\"yoast-schema-graph\">{\"@context\":\"https:\/\/schema.org\",\"@graph\":[{\"@type\":\"Article\",\"@id\":\"https:\/\/bahiaeconomica.com.br\/wp\/2026\/03\/08\/8-de-marco-mulheres-avancam-no-mercado-de-trabalho-mas-desigualdades-ainda-persistem-na-bahia\/#article\",\"isPartOf\":{\"@id\":\"https:\/\/bahiaeconomica.com.br\/wp\/2026\/03\/08\/8-de-marco-mulheres-avancam-no-mercado-de-trabalho-mas-desigualdades-ainda-persistem-na-bahia\/\"},\"author\":{\"name\":\"VICTOR OLIVEIRA\",\"@id\":\"https:\/\/bahiaeconomica.com.br\/wp\/#\/schema\/person\/a17956d0e1112b626f403fb06b8129a9\"},\"headline\":\"8 DE MAR\u00c7O: MULHERES AVAN\u00c7AM NO MERCADO DE TRABALHO, MAS DESIGUALDADES AINDA PERSISTEM NA BAHIA\",\"datePublished\":\"2026-03-08T11:00:48+00:00\",\"dateModified\":\"2026-03-08T10:52:44+00:00\",\"mainEntityOfPage\":{\"@id\":\"https:\/\/bahiaeconomica.com.br\/wp\/2026\/03\/08\/8-de-marco-mulheres-avancam-no-mercado-de-trabalho-mas-desigualdades-ainda-persistem-na-bahia\/\"},\"wordCount\":485,\"publisher\":{\"@id\":\"https:\/\/bahiaeconomica.com.br\/wp\/#organization\"},\"articleSection\":[\"DESTAQUE DO DIA\",\"ECONOMIA \/ POL\u00cdTICA\"],\"inLanguage\":\"pt-BR\"},{\"@type\":\"WebPage\",\"@id\":\"https:\/\/bahiaeconomica.com.br\/wp\/2026\/03\/08\/8-de-marco-mulheres-avancam-no-mercado-de-trabalho-mas-desigualdades-ainda-persistem-na-bahia\/\",\"url\":\"https:\/\/bahiaeconomica.com.br\/wp\/2026\/03\/08\/8-de-marco-mulheres-avancam-no-mercado-de-trabalho-mas-desigualdades-ainda-persistem-na-bahia\/\",\"name\":\"8 DE MAR\u00c7O: MULHERES AVAN\u00c7AM NO MERCADO DE TRABALHO, MAS DESIGUALDADES AINDA PERSISTEM NA BAHIA - Bahia Economica\",\"isPartOf\":{\"@id\":\"https:\/\/bahiaeconomica.com.br\/wp\/#website\"},\"datePublished\":\"2026-03-08T11:00:48+00:00\",\"dateModified\":\"2026-03-08T10:52:44+00:00\",\"description\":\"O maior portal de Economia da Bahia DESTAQUE DO DIA, ECONOMIA \/ POL\u00cdTICA Bahia Economica\",\"breadcrumb\":{\"@id\":\"https:\/\/bahiaeconomica.com.br\/wp\/2026\/03\/08\/8-de-marco-mulheres-avancam-no-mercado-de-trabalho-mas-desigualdades-ainda-persistem-na-bahia\/#breadcrumb\"},\"inLanguage\":\"pt-BR\",\"potentialAction\":[{\"@type\":\"ReadAction\",\"target\":[\"https:\/\/bahiaeconomica.com.br\/wp\/2026\/03\/08\/8-de-marco-mulheres-avancam-no-mercado-de-trabalho-mas-desigualdades-ainda-persistem-na-bahia\/\"]}]},{\"@type\":\"BreadcrumbList\",\"@id\":\"https:\/\/bahiaeconomica.com.br\/wp\/2026\/03\/08\/8-de-marco-mulheres-avancam-no-mercado-de-trabalho-mas-desigualdades-ainda-persistem-na-bahia\/#breadcrumb\",\"itemListElement\":[{\"@type\":\"ListItem\",\"position\":1,\"name\":\"In\u00edcio\",\"item\":\"https:\/\/bahiaeconomica.com.br\/wp\/\"},{\"@type\":\"ListItem\",\"position\":2,\"name\":\"8 DE MAR\u00c7O: MULHERES AVAN\u00c7AM NO MERCADO DE TRABALHO, MAS DESIGUALDADES AINDA PERSISTEM NA BAHIA\"}]},{\"@type\":\"WebSite\",\"@id\":\"https:\/\/bahiaeconomica.com.br\/wp\/#website\",\"url\":\"https:\/\/bahiaeconomica.com.br\/wp\/\",\"name\":\"Bahia Economica\",\"description\":\"O maior portal de Economia da Bahia\",\"publisher\":{\"@id\":\"https:\/\/bahiaeconomica.com.br\/wp\/#organization\"},\"potentialAction\":[{\"@type\":\"SearchAction\",\"target\":{\"@type\":\"EntryPoint\",\"urlTemplate\":\"https:\/\/bahiaeconomica.com.br\/wp\/?s={search_term_string}\"},\"query-input\":\"required name=search_term_string\"}],\"inLanguage\":\"pt-BR\"},{\"@type\":\"Organization\",\"@id\":\"https:\/\/bahiaeconomica.com.br\/wp\/#organization\",\"name\":\"Bahia Econ\u00f4mica\",\"url\":\"https:\/\/bahiaeconomica.com.br\/wp\/\",\"logo\":{\"@type\":\"ImageObject\",\"inLanguage\":\"pt-BR\",\"@id\":\"https:\/\/bahiaeconomica.com.br\/wp\/#\/schema\/logo\/image\/\",\"url\":\"https:\/\/bahiaeconomica.com.br\/wp\/wp-content\/uploads\/2020\/12\/cropped-BE.png\",\"contentUrl\":\"https:\/\/bahiaeconomica.com.br\/wp\/wp-content\/uploads\/2020\/12\/cropped-BE.png\",\"width\":512,\"height\":512,\"caption\":\"Bahia Econ\u00f4mica\"},\"image\":{\"@id\":\"https:\/\/bahiaeconomica.com.br\/wp\/#\/schema\/logo\/image\/\"},\"sameAs\":[\"https:\/\/www.facebook.com\/bahiaeconomica\"]},{\"@type\":\"Person\",\"@id\":\"https:\/\/bahiaeconomica.com.br\/wp\/#\/schema\/person\/a17956d0e1112b626f403fb06b8129a9\",\"name\":\"VICTOR OLIVEIRA\",\"sameAs\":[\"http:\/\/www.bahiaeconomica.com.br\"],\"url\":\"https:\/\/bahiaeconomica.com.br\/wp\/author\/victor-oliveira\/\"}]}<\/script>\n<!-- \/ Yoast SEO plugin. -->","yoast_head_json":{"title":"8 DE MAR\u00c7O: MULHERES AVAN\u00c7AM NO MERCADO DE TRABALHO, MAS DESIGUALDADES AINDA PERSISTEM NA BAHIA - Bahia Economica","description":"O maior portal de Economia da Bahia DESTAQUE DO DIA, ECONOMIA \/ POL\u00cdTICA Bahia Economica","robots":{"index":"index","follow":"follow","max-snippet":"max-snippet:-1","max-image-preview":"max-image-preview:large","max-video-preview":"max-video-preview:-1"},"canonical":"https:\/\/bahiaeconomica.com.br\/wp\/2026\/03\/08\/8-de-marco-mulheres-avancam-no-mercado-de-trabalho-mas-desigualdades-ainda-persistem-na-bahia\/","og_locale":"pt_BR","og_type":"article","og_title":"8 DE MAR\u00c7O: MULHERES AVAN\u00c7AM NO MERCADO DE TRABALHO, MAS DESIGUALDADES AINDA PERSISTEM NA BAHIA - Bahia Economica","og_description":"O maior portal de Economia da Bahia DESTAQUE DO DIA, ECONOMIA \/ POL\u00cdTICA Bahia Economica","og_url":"https:\/\/bahiaeconomica.com.br\/wp\/2026\/03\/08\/8-de-marco-mulheres-avancam-no-mercado-de-trabalho-mas-desigualdades-ainda-persistem-na-bahia\/","og_site_name":"Bahia Economica","article_publisher":"https:\/\/www.facebook.com\/bahiaeconomica","article_published_time":"2026-03-08T11:00:48+00:00","article_modified_time":"2026-03-08T10:52:44+00:00","og_image":[{"width":1600,"height":964,"url":"https:\/\/bahiaeconomica.com.br\/wp\/wp-content\/uploads\/2026\/03\/WhatsApp-Image-2026-03-07-at-09.34.31.jpeg","type":"image\/jpeg"}],"author":"VICTOR OLIVEIRA","twitter_card":"summary_large_image","twitter_misc":{"Escrito por":"VICTOR OLIVEIRA","Est. tempo de leitura":"3 minutos"},"schema":{"@context":"https:\/\/schema.org","@graph":[{"@type":"Article","@id":"https:\/\/bahiaeconomica.com.br\/wp\/2026\/03\/08\/8-de-marco-mulheres-avancam-no-mercado-de-trabalho-mas-desigualdades-ainda-persistem-na-bahia\/#article","isPartOf":{"@id":"https:\/\/bahiaeconomica.com.br\/wp\/2026\/03\/08\/8-de-marco-mulheres-avancam-no-mercado-de-trabalho-mas-desigualdades-ainda-persistem-na-bahia\/"},"author":{"name":"VICTOR OLIVEIRA","@id":"https:\/\/bahiaeconomica.com.br\/wp\/#\/schema\/person\/a17956d0e1112b626f403fb06b8129a9"},"headline":"8 DE MAR\u00c7O: MULHERES AVAN\u00c7AM NO MERCADO DE TRABALHO, MAS DESIGUALDADES AINDA PERSISTEM NA BAHIA","datePublished":"2026-03-08T11:00:48+00:00","dateModified":"2026-03-08T10:52:44+00:00","mainEntityOfPage":{"@id":"https:\/\/bahiaeconomica.com.br\/wp\/2026\/03\/08\/8-de-marco-mulheres-avancam-no-mercado-de-trabalho-mas-desigualdades-ainda-persistem-na-bahia\/"},"wordCount":485,"publisher":{"@id":"https:\/\/bahiaeconomica.com.br\/wp\/#organization"},"articleSection":["DESTAQUE DO DIA","ECONOMIA \/ POL\u00cdTICA"],"inLanguage":"pt-BR"},{"@type":"WebPage","@id":"https:\/\/bahiaeconomica.com.br\/wp\/2026\/03\/08\/8-de-marco-mulheres-avancam-no-mercado-de-trabalho-mas-desigualdades-ainda-persistem-na-bahia\/","url":"https:\/\/bahiaeconomica.com.br\/wp\/2026\/03\/08\/8-de-marco-mulheres-avancam-no-mercado-de-trabalho-mas-desigualdades-ainda-persistem-na-bahia\/","name":"8 DE MAR\u00c7O: MULHERES AVAN\u00c7AM NO MERCADO DE TRABALHO, MAS DESIGUALDADES AINDA PERSISTEM NA BAHIA - Bahia Economica","isPartOf":{"@id":"https:\/\/bahiaeconomica.com.br\/wp\/#website"},"datePublished":"2026-03-08T11:00:48+00:00","dateModified":"2026-03-08T10:52:44+00:00","description":"O maior portal de Economia da Bahia DESTAQUE DO DIA, ECONOMIA \/ POL\u00cdTICA Bahia Economica","breadcrumb":{"@id":"https:\/\/bahiaeconomica.com.br\/wp\/2026\/03\/08\/8-de-marco-mulheres-avancam-no-mercado-de-trabalho-mas-desigualdades-ainda-persistem-na-bahia\/#breadcrumb"},"inLanguage":"pt-BR","potentialAction":[{"@type":"ReadAction","target":["https:\/\/bahiaeconomica.com.br\/wp\/2026\/03\/08\/8-de-marco-mulheres-avancam-no-mercado-de-trabalho-mas-desigualdades-ainda-persistem-na-bahia\/"]}]},{"@type":"BreadcrumbList","@id":"https:\/\/bahiaeconomica.com.br\/wp\/2026\/03\/08\/8-de-marco-mulheres-avancam-no-mercado-de-trabalho-mas-desigualdades-ainda-persistem-na-bahia\/#breadcrumb","itemListElement":[{"@type":"ListItem","position":1,"name":"In\u00edcio","item":"https:\/\/bahiaeconomica.com.br\/wp\/"},{"@type":"ListItem","position":2,"name":"8 DE MAR\u00c7O: MULHERES AVAN\u00c7AM NO MERCADO DE TRABALHO, MAS DESIGUALDADES AINDA PERSISTEM NA BAHIA"}]},{"@type":"WebSite","@id":"https:\/\/bahiaeconomica.com.br\/wp\/#website","url":"https:\/\/bahiaeconomica.com.br\/wp\/","name":"Bahia Economica","description":"O maior portal de Economia da Bahia","publisher":{"@id":"https:\/\/bahiaeconomica.com.br\/wp\/#organization"},"potentialAction":[{"@type":"SearchAction","target":{"@type":"EntryPoint","urlTemplate":"https:\/\/bahiaeconomica.com.br\/wp\/?s={search_term_string}"},"query-input":"required name=search_term_string"}],"inLanguage":"pt-BR"},{"@type":"Organization","@id":"https:\/\/bahiaeconomica.com.br\/wp\/#organization","name":"Bahia Econ\u00f4mica","url":"https:\/\/bahiaeconomica.com.br\/wp\/","logo":{"@type":"ImageObject","inLanguage":"pt-BR","@id":"https:\/\/bahiaeconomica.com.br\/wp\/#\/schema\/logo\/image\/","url":"https:\/\/bahiaeconomica.com.br\/wp\/wp-content\/uploads\/2020\/12\/cropped-BE.png","contentUrl":"https:\/\/bahiaeconomica.com.br\/wp\/wp-content\/uploads\/2020\/12\/cropped-BE.png","width":512,"height":512,"caption":"Bahia Econ\u00f4mica"},"image":{"@id":"https:\/\/bahiaeconomica.com.br\/wp\/#\/schema\/logo\/image\/"},"sameAs":["https:\/\/www.facebook.com\/bahiaeconomica"]},{"@type":"Person","@id":"https:\/\/bahiaeconomica.com.br\/wp\/#\/schema\/person\/a17956d0e1112b626f403fb06b8129a9","name":"VICTOR OLIVEIRA","sameAs":["http:\/\/www.bahiaeconomica.com.br"],"url":"https:\/\/bahiaeconomica.com.br\/wp\/author\/victor-oliveira\/"}]}},"views":30,"_links":{"self":[{"href":"https:\/\/bahiaeconomica.com.br\/wp\/wp-json\/wp\/v2\/posts\/979464"}],"collection":[{"href":"https:\/\/bahiaeconomica.com.br\/wp\/wp-json\/wp\/v2\/posts"}],"about":[{"href":"https:\/\/bahiaeconomica.com.br\/wp\/wp-json\/wp\/v2\/types\/post"}],"author":[{"embeddable":true,"href":"https:\/\/bahiaeconomica.com.br\/wp\/wp-json\/wp\/v2\/users\/24"}],"replies":[{"embeddable":true,"href":"https:\/\/bahiaeconomica.com.br\/wp\/wp-json\/wp\/v2\/comments?post=979464"}],"version-history":[{"count":2,"href":"https:\/\/bahiaeconomica.com.br\/wp\/wp-json\/wp\/v2\/posts\/979464\/revisions"}],"predecessor-version":[{"id":979470,"href":"https:\/\/bahiaeconomica.com.br\/wp\/wp-json\/wp\/v2\/posts\/979464\/revisions\/979470"}],"wp:featuredmedia":[{"embeddable":true,"href":"https:\/\/bahiaeconomica.com.br\/wp\/wp-json\/wp\/v2\/media\/979469"}],"wp:attachment":[{"href":"https:\/\/bahiaeconomica.com.br\/wp\/wp-json\/wp\/v2\/media?parent=979464"}],"wp:term":[{"taxonomy":"category","embeddable":true,"href":"https:\/\/bahiaeconomica.com.br\/wp\/wp-json\/wp\/v2\/categories?post=979464"},{"taxonomy":"post_tag","embeddable":true,"href":"https:\/\/bahiaeconomica.com.br\/wp\/wp-json\/wp\/v2\/tags?post=979464"}],"curies":[{"name":"wp","href":"https:\/\/api.w.org\/{rel}","templated":true}]}}