{"id":979261,"date":"2026-03-06T15:00:02","date_gmt":"2026-03-06T18:00:02","guid":{"rendered":"https:\/\/bahiaeconomica.com.br\/wp\/?p=979261"},"modified":"2026-03-06T13:56:13","modified_gmt":"2026-03-06T16:56:13","slug":"daniel-vorcaro-deixa-interior-de-sp-e-embarca-em-voo-para-presidio-de-seguranca-maxima-em-brasilia","status":"publish","type":"post","link":"https:\/\/bahiaeconomica.com.br\/wp\/2026\/03\/06\/daniel-vorcaro-deixa-interior-de-sp-e-embarca-em-voo-para-presidio-de-seguranca-maxima-em-brasilia\/","title":{"rendered":"DANIEL VORCARO DEIXA INTERIOR DE SP E EMBARCA EM VOO PARA PRES\u00cdDIO DE SEGURAN\u00c7A M\u00c1XIMA EM BRAS\u00cdLIA"},"content":{"rendered":"<p>Vorcaro deixou o pres\u00eddio e seguiu para o aeroporto de S\u00e3o Jos\u00e9 dos Campos, tamb\u00e9m no interior de SP, onde pegou um voo com destino a Bras\u00edlia. Equipes da Rede Vanguarda, afiliada da Globo no Vale do Para\u00edba, flagraram o momento em que o banqueiro deixou o pres\u00eddio, por volta das 11h30.<\/p>\n<p>Segundo apura\u00e7\u00e3o uma viatura n\u00e3o caracterizada interrompeu o tr\u00e2nsito na rua do pres\u00eddio e fechou a frente da unidade. Em seguida, deixaram a pris\u00e3o quatro ve\u00edculos, sendo dois da Pol\u00edcia Penal e dois da Secretaria da Administra\u00e7\u00e3o Penitenci\u00e1ria (SAP) de S\u00e3o Paulo. Vorcaro estava em uma das viaturas da SAP.<\/p>\n<p>Cerca de uma hora depois, por volta das 12h40, os ve\u00edculos com Daniel Vorcaro chegaram ao aeroporto de S\u00e3o Jos\u00e9 dos Campos, que fica a cerca de 70 quil\u00f4metros de dist\u00e2ncia de Potim. Em S\u00e3o Jos\u00e9 dos Campos, ele embarcar\u00e1 em um voo da Pol\u00edcia Federal com destino a Bras\u00edlia, onde ser\u00e1 transferido para uma penitenci\u00e1ria federal de seguran\u00e7a m\u00e1xima. A aeronave decolou \u00e0s 13h23 desta sexta-feira (6).<\/p>\n<p>O avi\u00e3o usado \u00e9 um King Air 350i, turbo-h\u00e9lice do Minist\u00e9rio da Justi\u00e7a, fabricado em 2012. A aeronave tem dois motores, capacidade para at\u00e9 oito passageiros e pode decolar com at\u00e9 7,4 mil quilos. A velocidade m\u00e1xima \u00e9 de pouco mais de 500 km\/h.<\/p>\n<p>&nbsp;<\/p>\n<p>Divulga\u00e7\u00e3o\/Banco Master<\/p>\n","protected":false},"excerpt":{"rendered":"<p>Vorcaro deixou o pres\u00eddio e seguiu para o aeroporto de S\u00e3o Jos\u00e9 dos Campos, tamb\u00e9m no interior de SP, onde pegou um voo com destino a Bras\u00edlia. Equipes da Rede Vanguarda, afiliada da Globo no Vale do Para\u00edba, flagraram o momento em que o banqueiro deixou o pres\u00eddio, por volta das 11h30. Segundo apura\u00e7\u00e3o uma [&hellip;]<\/p>\n","protected":false},"author":8,"featured_media":979262,"comment_status":"closed","ping_status":"closed","sticky":false,"template":"","format":"standard","meta":[],"categories":[14,3],"tags":[15978,588,3840],"acf":[],"yoast_head":"<!-- This site is optimized with the Yoast SEO plugin v20.8 - https:\/\/yoast.com\/wordpress\/plugins\/seo\/ -->\n<title>DANIEL VORCARO DEIXA INTERIOR DE SP E EMBARCA EM VOO PARA PRES\u00cdDIO DE SEGURAN\u00c7A M\u00c1XIMA EM BRAS\u00cdLIA - Bahia Economica<\/title>\n<meta name=\"description\" content=\"O maior portal de Economia da Bahia DESTAQUE DO DIA, ECONOMIA \/ POL\u00cdTICA Bahia Economica Vorcaro deixou o pres\u00eddio e seguiu para o aeroporto de S\u00e3o Jos\u00e9 dos Campos\" \/>\n<meta name=\"robots\" content=\"index, follow, max-snippet:-1, max-image-preview:large, max-video-preview:-1\" \/>\n<link rel=\"canonical\" href=\"https:\/\/bahiaeconomica.com.br\/wp\/2026\/03\/06\/daniel-vorcaro-deixa-interior-de-sp-e-embarca-em-voo-para-presidio-de-seguranca-maxima-em-brasilia\/\" \/>\n<meta property=\"og:locale\" content=\"pt_BR\" \/>\n<meta property=\"og:type\" content=\"article\" \/>\n<meta property=\"og:title\" content=\"DANIEL VORCARO DEIXA INTERIOR DE SP E EMBARCA EM VOO PARA PRES\u00cdDIO DE SEGURAN\u00c7A M\u00c1XIMA EM BRAS\u00cdLIA - Bahia Economica\" \/>\n<meta property=\"og:description\" content=\"O maior portal de Economia da Bahia DESTAQUE DO DIA, ECONOMIA \/ POL\u00cdTICA Bahia Economica Vorcaro deixou o pres\u00eddio e seguiu para o aeroporto de S\u00e3o Jos\u00e9 dos Campos\" \/>\n<meta property=\"og:url\" content=\"https:\/\/bahiaeconomica.com.br\/wp\/2026\/03\/06\/daniel-vorcaro-deixa-interior-de-sp-e-embarca-em-voo-para-presidio-de-seguranca-maxima-em-brasilia\/\" \/>\n<meta property=\"og:site_name\" content=\"Bahia Economica\" \/>\n<meta property=\"article:publisher\" content=\"https:\/\/www.facebook.com\/bahiaeconomica\" \/>\n<meta property=\"article:published_time\" content=\"2026-03-06T18:00:02+00:00\" \/>\n<meta property=\"article:modified_time\" content=\"2026-03-06T16:56:13+00:00\" \/>\n<meta property=\"og:image\" content=\"https:\/\/bahiaeconomica.com.br\/wp\/wp-content\/uploads\/2026\/03\/105b4d_cong_materia_moneydanielvorcaropresidentedobancomasterdivulgacao860x484-e1772816160495.webp\" \/>\n\t<meta property=\"og:image:width\" content=\"800\" \/>\n\t<meta property=\"og:image:height\" content=\"346\" \/>\n\t<meta property=\"og:image:type\" content=\"image\/webp\" \/>\n<meta name=\"author\" content=\"JP\" \/>\n<meta name=\"twitter:card\" content=\"summary_large_image\" \/>\n<meta name=\"twitter:label1\" content=\"Escrito por\" \/>\n\t<meta name=\"twitter:data1\" content=\"JP\" \/>\n\t<meta name=\"twitter:label2\" content=\"Est. tempo de leitura\" \/>\n\t<meta name=\"twitter:data2\" content=\"2 minutos\" \/>\n<script type=\"application\/ld+json\" class=\"yoast-schema-graph\">{\"@context\":\"https:\/\/schema.org\",\"@graph\":[{\"@type\":\"Article\",\"@id\":\"https:\/\/bahiaeconomica.com.br\/wp\/2026\/03\/06\/daniel-vorcaro-deixa-interior-de-sp-e-embarca-em-voo-para-presidio-de-seguranca-maxima-em-brasilia\/#article\",\"isPartOf\":{\"@id\":\"https:\/\/bahiaeconomica.com.br\/wp\/2026\/03\/06\/daniel-vorcaro-deixa-interior-de-sp-e-embarca-em-voo-para-presidio-de-seguranca-maxima-em-brasilia\/\"},\"author\":{\"name\":\"JP\",\"@id\":\"https:\/\/bahiaeconomica.com.br\/wp\/#\/schema\/person\/c86d3a3f8960425a0f9d0e5245991f4e\"},\"headline\":\"DANIEL VORCARO DEIXA INTERIOR DE SP E EMBARCA EM VOO PARA PRES\u00cdDIO DE SEGURAN\u00c7A M\u00c1XIMA EM BRAS\u00cdLIA\",\"datePublished\":\"2026-03-06T18:00:02+00:00\",\"dateModified\":\"2026-03-06T16:56:13+00:00\",\"mainEntityOfPage\":{\"@id\":\"https:\/\/bahiaeconomica.com.br\/wp\/2026\/03\/06\/daniel-vorcaro-deixa-interior-de-sp-e-embarca-em-voo-para-presidio-de-seguranca-maxima-em-brasilia\/\"},\"wordCount\":265,\"publisher\":{\"@id\":\"https:\/\/bahiaeconomica.com.br\/wp\/#organization\"},\"keywords\":[\"banqueiro\",\"Bras\u00edlia\",\"daniel\"],\"articleSection\":[\"DESTAQUE DO DIA\",\"ECONOMIA \/ POL\u00cdTICA\"],\"inLanguage\":\"pt-BR\"},{\"@type\":\"WebPage\",\"@id\":\"https:\/\/bahiaeconomica.com.br\/wp\/2026\/03\/06\/daniel-vorcaro-deixa-interior-de-sp-e-embarca-em-voo-para-presidio-de-seguranca-maxima-em-brasilia\/\",\"url\":\"https:\/\/bahiaeconomica.com.br\/wp\/2026\/03\/06\/daniel-vorcaro-deixa-interior-de-sp-e-embarca-em-voo-para-presidio-de-seguranca-maxima-em-brasilia\/\",\"name\":\"DANIEL VORCARO DEIXA INTERIOR DE SP E EMBARCA EM VOO PARA PRES\u00cdDIO DE SEGURAN\u00c7A M\u00c1XIMA EM BRAS\u00cdLIA - Bahia Economica\",\"isPartOf\":{\"@id\":\"https:\/\/bahiaeconomica.com.br\/wp\/#website\"},\"datePublished\":\"2026-03-06T18:00:02+00:00\",\"dateModified\":\"2026-03-06T16:56:13+00:00\",\"description\":\"O maior portal de Economia da Bahia DESTAQUE DO DIA, ECONOMIA \/ POL\u00cdTICA Bahia Economica Vorcaro deixou o pres\u00eddio e seguiu para o aeroporto de S\u00e3o Jos\u00e9 dos Campos\",\"breadcrumb\":{\"@id\":\"https:\/\/bahiaeconomica.com.br\/wp\/2026\/03\/06\/daniel-vorcaro-deixa-interior-de-sp-e-embarca-em-voo-para-presidio-de-seguranca-maxima-em-brasilia\/#breadcrumb\"},\"inLanguage\":\"pt-BR\",\"potentialAction\":[{\"@type\":\"ReadAction\",\"target\":[\"https:\/\/bahiaeconomica.com.br\/wp\/2026\/03\/06\/daniel-vorcaro-deixa-interior-de-sp-e-embarca-em-voo-para-presidio-de-seguranca-maxima-em-brasilia\/\"]}]},{\"@type\":\"BreadcrumbList\",\"@id\":\"https:\/\/bahiaeconomica.com.br\/wp\/2026\/03\/06\/daniel-vorcaro-deixa-interior-de-sp-e-embarca-em-voo-para-presidio-de-seguranca-maxima-em-brasilia\/#breadcrumb\",\"itemListElement\":[{\"@type\":\"ListItem\",\"position\":1,\"name\":\"In\u00edcio\",\"item\":\"https:\/\/bahiaeconomica.com.br\/wp\/\"},{\"@type\":\"ListItem\",\"position\":2,\"name\":\"DANIEL VORCARO DEIXA INTERIOR DE SP E EMBARCA EM VOO PARA PRES\u00cdDIO DE SEGURAN\u00c7A M\u00c1XIMA EM BRAS\u00cdLIA\"}]},{\"@type\":\"WebSite\",\"@id\":\"https:\/\/bahiaeconomica.com.br\/wp\/#website\",\"url\":\"https:\/\/bahiaeconomica.com.br\/wp\/\",\"name\":\"Bahia Economica\",\"description\":\"O maior portal de Economia da Bahia\",\"publisher\":{\"@id\":\"https:\/\/bahiaeconomica.com.br\/wp\/#organization\"},\"potentialAction\":[{\"@type\":\"SearchAction\",\"target\":{\"@type\":\"EntryPoint\",\"urlTemplate\":\"https:\/\/bahiaeconomica.com.br\/wp\/?s={search_term_string}\"},\"query-input\":\"required name=search_term_string\"}],\"inLanguage\":\"pt-BR\"},{\"@type\":\"Organization\",\"@id\":\"https:\/\/bahiaeconomica.com.br\/wp\/#organization\",\"name\":\"Bahia Econ\u00f4mica\",\"url\":\"https:\/\/bahiaeconomica.com.br\/wp\/\",\"logo\":{\"@type\":\"ImageObject\",\"inLanguage\":\"pt-BR\",\"@id\":\"https:\/\/bahiaeconomica.com.br\/wp\/#\/schema\/logo\/image\/\",\"url\":\"https:\/\/bahiaeconomica.com.br\/wp\/wp-content\/uploads\/2020\/12\/cropped-BE.png\",\"contentUrl\":\"https:\/\/bahiaeconomica.com.br\/wp\/wp-content\/uploads\/2020\/12\/cropped-BE.png\",\"width\":512,\"height\":512,\"caption\":\"Bahia Econ\u00f4mica\"},\"image\":{\"@id\":\"https:\/\/bahiaeconomica.com.br\/wp\/#\/schema\/logo\/image\/\"},\"sameAs\":[\"https:\/\/www.facebook.com\/bahiaeconomica\"]},{\"@type\":\"Person\",\"@id\":\"https:\/\/bahiaeconomica.com.br\/wp\/#\/schema\/person\/c86d3a3f8960425a0f9d0e5245991f4e\",\"name\":\"JP\",\"sameAs\":[\"https:\/\/bahiaeconomica.com.br\/wp\/beta\/\"],\"url\":\"https:\/\/bahiaeconomica.com.br\/wp\/author\/jp\/\"}]}<\/script>\n<!-- \/ Yoast SEO plugin. -->","yoast_head_json":{"title":"DANIEL VORCARO DEIXA INTERIOR DE SP E EMBARCA EM VOO PARA PRES\u00cdDIO DE SEGURAN\u00c7A M\u00c1XIMA EM BRAS\u00cdLIA - Bahia Economica","description":"O maior portal de Economia da Bahia DESTAQUE DO DIA, ECONOMIA \/ POL\u00cdTICA Bahia Economica Vorcaro deixou o pres\u00eddio e seguiu para o aeroporto de S\u00e3o Jos\u00e9 dos Campos","robots":{"index":"index","follow":"follow","max-snippet":"max-snippet:-1","max-image-preview":"max-image-preview:large","max-video-preview":"max-video-preview:-1"},"canonical":"https:\/\/bahiaeconomica.com.br\/wp\/2026\/03\/06\/daniel-vorcaro-deixa-interior-de-sp-e-embarca-em-voo-para-presidio-de-seguranca-maxima-em-brasilia\/","og_locale":"pt_BR","og_type":"article","og_title":"DANIEL VORCARO DEIXA INTERIOR DE SP E EMBARCA EM VOO PARA PRES\u00cdDIO DE SEGURAN\u00c7A M\u00c1XIMA EM BRAS\u00cdLIA - Bahia Economica","og_description":"O maior portal de Economia da Bahia DESTAQUE DO DIA, ECONOMIA \/ POL\u00cdTICA Bahia Economica Vorcaro deixou o pres\u00eddio e seguiu para o aeroporto de S\u00e3o Jos\u00e9 dos Campos","og_url":"https:\/\/bahiaeconomica.com.br\/wp\/2026\/03\/06\/daniel-vorcaro-deixa-interior-de-sp-e-embarca-em-voo-para-presidio-de-seguranca-maxima-em-brasilia\/","og_site_name":"Bahia Economica","article_publisher":"https:\/\/www.facebook.com\/bahiaeconomica","article_published_time":"2026-03-06T18:00:02+00:00","article_modified_time":"2026-03-06T16:56:13+00:00","og_image":[{"width":800,"height":346,"url":"https:\/\/bahiaeconomica.com.br\/wp\/wp-content\/uploads\/2026\/03\/105b4d_cong_materia_moneydanielvorcaropresidentedobancomasterdivulgacao860x484-e1772816160495.webp","type":"image\/webp"}],"author":"JP","twitter_card":"summary_large_image","twitter_misc":{"Escrito por":"JP","Est. tempo de leitura":"2 minutos"},"schema":{"@context":"https:\/\/schema.org","@graph":[{"@type":"Article","@id":"https:\/\/bahiaeconomica.com.br\/wp\/2026\/03\/06\/daniel-vorcaro-deixa-interior-de-sp-e-embarca-em-voo-para-presidio-de-seguranca-maxima-em-brasilia\/#article","isPartOf":{"@id":"https:\/\/bahiaeconomica.com.br\/wp\/2026\/03\/06\/daniel-vorcaro-deixa-interior-de-sp-e-embarca-em-voo-para-presidio-de-seguranca-maxima-em-brasilia\/"},"author":{"name":"JP","@id":"https:\/\/bahiaeconomica.com.br\/wp\/#\/schema\/person\/c86d3a3f8960425a0f9d0e5245991f4e"},"headline":"DANIEL VORCARO DEIXA INTERIOR DE SP E EMBARCA EM VOO PARA PRES\u00cdDIO DE SEGURAN\u00c7A M\u00c1XIMA EM BRAS\u00cdLIA","datePublished":"2026-03-06T18:00:02+00:00","dateModified":"2026-03-06T16:56:13+00:00","mainEntityOfPage":{"@id":"https:\/\/bahiaeconomica.com.br\/wp\/2026\/03\/06\/daniel-vorcaro-deixa-interior-de-sp-e-embarca-em-voo-para-presidio-de-seguranca-maxima-em-brasilia\/"},"wordCount":265,"publisher":{"@id":"https:\/\/bahiaeconomica.com.br\/wp\/#organization"},"keywords":["banqueiro","Bras\u00edlia","daniel"],"articleSection":["DESTAQUE DO DIA","ECONOMIA \/ POL\u00cdTICA"],"inLanguage":"pt-BR"},{"@type":"WebPage","@id":"https:\/\/bahiaeconomica.com.br\/wp\/2026\/03\/06\/daniel-vorcaro-deixa-interior-de-sp-e-embarca-em-voo-para-presidio-de-seguranca-maxima-em-brasilia\/","url":"https:\/\/bahiaeconomica.com.br\/wp\/2026\/03\/06\/daniel-vorcaro-deixa-interior-de-sp-e-embarca-em-voo-para-presidio-de-seguranca-maxima-em-brasilia\/","name":"DANIEL VORCARO DEIXA INTERIOR DE SP E EMBARCA EM VOO PARA PRES\u00cdDIO DE SEGURAN\u00c7A M\u00c1XIMA EM BRAS\u00cdLIA - Bahia Economica","isPartOf":{"@id":"https:\/\/bahiaeconomica.com.br\/wp\/#website"},"datePublished":"2026-03-06T18:00:02+00:00","dateModified":"2026-03-06T16:56:13+00:00","description":"O maior portal de Economia da Bahia DESTAQUE DO DIA, ECONOMIA \/ POL\u00cdTICA Bahia Economica Vorcaro deixou o pres\u00eddio e seguiu para o aeroporto de S\u00e3o Jos\u00e9 dos Campos","breadcrumb":{"@id":"https:\/\/bahiaeconomica.com.br\/wp\/2026\/03\/06\/daniel-vorcaro-deixa-interior-de-sp-e-embarca-em-voo-para-presidio-de-seguranca-maxima-em-brasilia\/#breadcrumb"},"inLanguage":"pt-BR","potentialAction":[{"@type":"ReadAction","target":["https:\/\/bahiaeconomica.com.br\/wp\/2026\/03\/06\/daniel-vorcaro-deixa-interior-de-sp-e-embarca-em-voo-para-presidio-de-seguranca-maxima-em-brasilia\/"]}]},{"@type":"BreadcrumbList","@id":"https:\/\/bahiaeconomica.com.br\/wp\/2026\/03\/06\/daniel-vorcaro-deixa-interior-de-sp-e-embarca-em-voo-para-presidio-de-seguranca-maxima-em-brasilia\/#breadcrumb","itemListElement":[{"@type":"ListItem","position":1,"name":"In\u00edcio","item":"https:\/\/bahiaeconomica.com.br\/wp\/"},{"@type":"ListItem","position":2,"name":"DANIEL VORCARO DEIXA INTERIOR DE SP E EMBARCA EM VOO PARA PRES\u00cdDIO DE SEGURAN\u00c7A M\u00c1XIMA EM BRAS\u00cdLIA"}]},{"@type":"WebSite","@id":"https:\/\/bahiaeconomica.com.br\/wp\/#website","url":"https:\/\/bahiaeconomica.com.br\/wp\/","name":"Bahia Economica","description":"O maior portal de Economia da Bahia","publisher":{"@id":"https:\/\/bahiaeconomica.com.br\/wp\/#organization"},"potentialAction":[{"@type":"SearchAction","target":{"@type":"EntryPoint","urlTemplate":"https:\/\/bahiaeconomica.com.br\/wp\/?s={search_term_string}"},"query-input":"required name=search_term_string"}],"inLanguage":"pt-BR"},{"@type":"Organization","@id":"https:\/\/bahiaeconomica.com.br\/wp\/#organization","name":"Bahia Econ\u00f4mica","url":"https:\/\/bahiaeconomica.com.br\/wp\/","logo":{"@type":"ImageObject","inLanguage":"pt-BR","@id":"https:\/\/bahiaeconomica.com.br\/wp\/#\/schema\/logo\/image\/","url":"https:\/\/bahiaeconomica.com.br\/wp\/wp-content\/uploads\/2020\/12\/cropped-BE.png","contentUrl":"https:\/\/bahiaeconomica.com.br\/wp\/wp-content\/uploads\/2020\/12\/cropped-BE.png","width":512,"height":512,"caption":"Bahia Econ\u00f4mica"},"image":{"@id":"https:\/\/bahiaeconomica.com.br\/wp\/#\/schema\/logo\/image\/"},"sameAs":["https:\/\/www.facebook.com\/bahiaeconomica"]},{"@type":"Person","@id":"https:\/\/bahiaeconomica.com.br\/wp\/#\/schema\/person\/c86d3a3f8960425a0f9d0e5245991f4e","name":"JP","sameAs":["https:\/\/bahiaeconomica.com.br\/wp\/beta\/"],"url":"https:\/\/bahiaeconomica.com.br\/wp\/author\/jp\/"}]}},"views":5,"_links":{"self":[{"href":"https:\/\/bahiaeconomica.com.br\/wp\/wp-json\/wp\/v2\/posts\/979261"}],"collection":[{"href":"https:\/\/bahiaeconomica.com.br\/wp\/wp-json\/wp\/v2\/posts"}],"about":[{"href":"https:\/\/bahiaeconomica.com.br\/wp\/wp-json\/wp\/v2\/types\/post"}],"author":[{"embeddable":true,"href":"https:\/\/bahiaeconomica.com.br\/wp\/wp-json\/wp\/v2\/users\/8"}],"replies":[{"embeddable":true,"href":"https:\/\/bahiaeconomica.com.br\/wp\/wp-json\/wp\/v2\/comments?post=979261"}],"version-history":[{"count":1,"href":"https:\/\/bahiaeconomica.com.br\/wp\/wp-json\/wp\/v2\/posts\/979261\/revisions"}],"predecessor-version":[{"id":979263,"href":"https:\/\/bahiaeconomica.com.br\/wp\/wp-json\/wp\/v2\/posts\/979261\/revisions\/979263"}],"wp:featuredmedia":[{"embeddable":true,"href":"https:\/\/bahiaeconomica.com.br\/wp\/wp-json\/wp\/v2\/media\/979262"}],"wp:attachment":[{"href":"https:\/\/bahiaeconomica.com.br\/wp\/wp-json\/wp\/v2\/media?parent=979261"}],"wp:term":[{"taxonomy":"category","embeddable":true,"href":"https:\/\/bahiaeconomica.com.br\/wp\/wp-json\/wp\/v2\/categories?post=979261"},{"taxonomy":"post_tag","embeddable":true,"href":"https:\/\/bahiaeconomica.com.br\/wp\/wp-json\/wp\/v2\/tags?post=979261"}],"curies":[{"name":"wp","href":"https:\/\/api.w.org\/{rel}","templated":true}]}}