{"id":979022,"date":"2026-03-05T17:00:06","date_gmt":"2026-03-05T20:00:06","guid":{"rendered":"https:\/\/bahiaeconomica.com.br\/wp\/?p=979022"},"modified":"2026-03-05T20:24:12","modified_gmt":"2026-03-05T23:24:12","slug":"com-a-estacao-campo-grande-metro-de-salvador-chega-a-40-km-de-extensao-e-ja-e-o-segundo-maior-do-brasil","status":"publish","type":"post","link":"https:\/\/bahiaeconomica.com.br\/wp\/2026\/03\/05\/com-a-estacao-campo-grande-metro-de-salvador-chega-a-40-km-de-extensao-e-ja-e-o-segundo-maior-do-brasil\/","title":{"rendered":"COM A ESTA\u00c7\u00c3O CAMPO GRANDE, METR\u00d4 DE SALVADOR CHEGA A 40 KM DE EXTENS\u00c3O E J\u00c1 \u00c9 O SEGUNDO MAIOR DO BRASIL"},"content":{"rendered":"<p>Com as obras da esta\u00e7\u00e3o Campo Grande perto de come\u00e7arem, o Metr\u00f4 de Salvador ficar\u00e1 com 40km de extens\u00e3o sendo considerado o segundo maior do Brasil. Uma reportagem do Jornal A Tarde mostrou que o novo trecho, chamado de \u201cTramo IV\u201d que vai terminar na esta\u00e7\u00e3o Campo Grande, se conecta com a esta\u00e7\u00e3o da Lapa, na Linha 1.<\/p>\n<p>Ao todo, ser\u00e3o mais 1,105 km de extens\u00e3o, fazendo com que o sistema de metr\u00f4 Salvador-Lauro de Freitas se aproxime dos 40 km, sendo o segundo maior do pa\u00eds, atr\u00e1s apenas de S\u00e3o Paulo. O tra\u00e7ado come\u00e7a na Esta\u00e7\u00e3o da Lapa, passando por baixo da Avenida Joana Ang\u00e9lica e do Politeama, em dire\u00e7\u00e3o ao Campo Grande.<\/p>\n<p>O valor global estimado para todo o investimento na constru\u00e7\u00e3o desse equipamento \u00e9 de mais de R$ 1,1 bilh\u00e3o (R$ 1.162.057.956,94). Essa expans\u00e3o ficar\u00e1 a cargo do Cons\u00f3rcio Expresso 2 de Julho, formado pelas empresas \u00c1lya Construtora, OECI (Odebrecht), Metr\u00f4 Engenharia e MPE Engenharia, vencedor da licita\u00e7\u00e3o.<\/p>\n<p>A expectativa \u00e9 a de que as obras possam come\u00e7ar ainda neste semestre e durem cerca de 40 meses, isto \u00e9, 3 anos e 4 meses, de acordo com a Companhia de Transportes do Estado da Bahia (CTB). Fazendo uma proje\u00e7\u00e3o, caso as interven\u00e7\u00f5es comecem, por exemplo, no pr\u00f3ximo m\u00eas de abril, o espa\u00e7o deve ser entregue \u00e0 popula\u00e7\u00e3o em agosto de 2029.<\/p>\n<p>&nbsp;<\/p>\n<p>| Foto: Divulga\u00e7\u00e3o\/CCR<\/p>\n","protected":false},"excerpt":{"rendered":"<p>Com as obras da esta\u00e7\u00e3o Campo Grande perto de come\u00e7arem, o Metr\u00f4 de Salvador ficar\u00e1 com 40km de extens\u00e3o sendo considerado o segundo maior do Brasil. Uma reportagem do Jornal A Tarde mostrou que o novo trecho, chamado de \u201cTramo IV\u201d que vai terminar na esta\u00e7\u00e3o Campo Grande, se conecta com a esta\u00e7\u00e3o da Lapa, [&hellip;]<\/p>\n","protected":false},"author":8,"featured_media":979023,"comment_status":"closed","ping_status":"closed","sticky":false,"template":"","format":"standard","meta":[],"categories":[7,14,3],"tags":[4215,833,1053,73],"acf":[],"yoast_head":"<!-- This site is optimized with the Yoast SEO plugin v20.8 - https:\/\/yoast.com\/wordpress\/plugins\/seo\/ -->\n<title>COM A ESTA\u00c7\u00c3O CAMPO GRANDE, METR\u00d4 DE SALVADOR CHEGA A 40 KM DE EXTENS\u00c3O E J\u00c1 \u00c9 O SEGUNDO MAIOR DO BRASIL - Bahia Economica<\/title>\n<meta name=\"description\" content=\"O maior portal de Economia da Bahia BAHIA INVEST, DESTAQUE DO DIA, ECONOMIA \/ POL\u00cdTICA Bahia Economica Com as obras da esta\u00e7\u00e3o Campo Grande perto de come\u00e7arem, o Metr\u00f4 de Salvador\" \/>\n<meta name=\"robots\" content=\"index, follow, max-snippet:-1, max-image-preview:large, max-video-preview:-1\" \/>\n<link rel=\"canonical\" href=\"https:\/\/bahiaeconomica.com.br\/wp\/2026\/03\/05\/com-a-estacao-campo-grande-metro-de-salvador-chega-a-40-km-de-extensao-e-ja-e-o-segundo-maior-do-brasil\/\" \/>\n<meta property=\"og:locale\" content=\"pt_BR\" \/>\n<meta property=\"og:type\" content=\"article\" \/>\n<meta property=\"og:title\" content=\"COM A ESTA\u00c7\u00c3O CAMPO GRANDE, METR\u00d4 DE SALVADOR CHEGA A 40 KM DE EXTENS\u00c3O E J\u00c1 \u00c9 O SEGUNDO MAIOR DO BRASIL - Bahia Economica\" \/>\n<meta property=\"og:description\" content=\"O maior portal de Economia da Bahia BAHIA INVEST, DESTAQUE DO DIA, ECONOMIA \/ POL\u00cdTICA Bahia Economica Com as obras da esta\u00e7\u00e3o Campo Grande perto de come\u00e7arem, o Metr\u00f4 de Salvador\" \/>\n<meta property=\"og:url\" content=\"https:\/\/bahiaeconomica.com.br\/wp\/2026\/03\/05\/com-a-estacao-campo-grande-metro-de-salvador-chega-a-40-km-de-extensao-e-ja-e-o-segundo-maior-do-brasil\/\" \/>\n<meta property=\"og:site_name\" content=\"Bahia Economica\" \/>\n<meta property=\"article:publisher\" content=\"https:\/\/www.facebook.com\/bahiaeconomica\" \/>\n<meta property=\"article:published_time\" content=\"2026-03-05T20:00:06+00:00\" \/>\n<meta property=\"article:modified_time\" content=\"2026-03-05T23:24:12+00:00\" \/>\n<meta property=\"og:image\" content=\"https:\/\/bahiaeconomica.com.br\/wp\/wp-content\/uploads\/2026\/03\/o-gigante-subterraneo-de-salvador-tudo-sobre-a-est0138159100202603051135-1.webp\" \/>\n\t<meta property=\"og:image:width\" content=\"723\" \/>\n\t<meta property=\"og:image:height\" content=\"482\" \/>\n\t<meta property=\"og:image:type\" content=\"image\/webp\" \/>\n<meta name=\"author\" content=\"JP\" \/>\n<meta name=\"twitter:card\" content=\"summary_large_image\" \/>\n<meta name=\"twitter:label1\" content=\"Escrito por\" \/>\n\t<meta name=\"twitter:data1\" content=\"JP\" \/>\n\t<meta name=\"twitter:label2\" content=\"Est. tempo de leitura\" \/>\n\t<meta name=\"twitter:data2\" content=\"2 minutos\" \/>\n<script type=\"application\/ld+json\" class=\"yoast-schema-graph\">{\"@context\":\"https:\/\/schema.org\",\"@graph\":[{\"@type\":\"Article\",\"@id\":\"https:\/\/bahiaeconomica.com.br\/wp\/2026\/03\/05\/com-a-estacao-campo-grande-metro-de-salvador-chega-a-40-km-de-extensao-e-ja-e-o-segundo-maior-do-brasil\/#article\",\"isPartOf\":{\"@id\":\"https:\/\/bahiaeconomica.com.br\/wp\/2026\/03\/05\/com-a-estacao-campo-grande-metro-de-salvador-chega-a-40-km-de-extensao-e-ja-e-o-segundo-maior-do-brasil\/\"},\"author\":{\"name\":\"JP\",\"@id\":\"https:\/\/bahiaeconomica.com.br\/wp\/#\/schema\/person\/c86d3a3f8960425a0f9d0e5245991f4e\"},\"headline\":\"COM A ESTA\u00c7\u00c3O CAMPO GRANDE, METR\u00d4 DE SALVADOR CHEGA A 40 KM DE EXTENS\u00c3O E J\u00c1 \u00c9 O SEGUNDO MAIOR DO BRASIL\",\"datePublished\":\"2026-03-05T20:00:06+00:00\",\"dateModified\":\"2026-03-05T23:24:12+00:00\",\"mainEntityOfPage\":{\"@id\":\"https:\/\/bahiaeconomica.com.br\/wp\/2026\/03\/05\/com-a-estacao-campo-grande-metro-de-salvador-chega-a-40-km-de-extensao-e-ja-e-o-segundo-maior-do-brasil\/\"},\"wordCount\":264,\"publisher\":{\"@id\":\"https:\/\/bahiaeconomica.com.br\/wp\/#organization\"},\"keywords\":[\"campo\",\"grande\",\"Metr\u00f4\",\"Salvador\"],\"articleSection\":[\"BAHIA INVEST\",\"DESTAQUE DO DIA\",\"ECONOMIA \/ POL\u00cdTICA\"],\"inLanguage\":\"pt-BR\"},{\"@type\":\"WebPage\",\"@id\":\"https:\/\/bahiaeconomica.com.br\/wp\/2026\/03\/05\/com-a-estacao-campo-grande-metro-de-salvador-chega-a-40-km-de-extensao-e-ja-e-o-segundo-maior-do-brasil\/\",\"url\":\"https:\/\/bahiaeconomica.com.br\/wp\/2026\/03\/05\/com-a-estacao-campo-grande-metro-de-salvador-chega-a-40-km-de-extensao-e-ja-e-o-segundo-maior-do-brasil\/\",\"name\":\"COM A ESTA\u00c7\u00c3O CAMPO GRANDE, METR\u00d4 DE SALVADOR CHEGA A 40 KM DE EXTENS\u00c3O E J\u00c1 \u00c9 O SEGUNDO MAIOR DO BRASIL - Bahia Economica\",\"isPartOf\":{\"@id\":\"https:\/\/bahiaeconomica.com.br\/wp\/#website\"},\"datePublished\":\"2026-03-05T20:00:06+00:00\",\"dateModified\":\"2026-03-05T23:24:12+00:00\",\"description\":\"O maior portal de Economia da Bahia BAHIA INVEST, DESTAQUE DO DIA, ECONOMIA \/ POL\u00cdTICA Bahia Economica Com as obras da esta\u00e7\u00e3o Campo Grande perto de come\u00e7arem, o Metr\u00f4 de Salvador\",\"breadcrumb\":{\"@id\":\"https:\/\/bahiaeconomica.com.br\/wp\/2026\/03\/05\/com-a-estacao-campo-grande-metro-de-salvador-chega-a-40-km-de-extensao-e-ja-e-o-segundo-maior-do-brasil\/#breadcrumb\"},\"inLanguage\":\"pt-BR\",\"potentialAction\":[{\"@type\":\"ReadAction\",\"target\":[\"https:\/\/bahiaeconomica.com.br\/wp\/2026\/03\/05\/com-a-estacao-campo-grande-metro-de-salvador-chega-a-40-km-de-extensao-e-ja-e-o-segundo-maior-do-brasil\/\"]}]},{\"@type\":\"BreadcrumbList\",\"@id\":\"https:\/\/bahiaeconomica.com.br\/wp\/2026\/03\/05\/com-a-estacao-campo-grande-metro-de-salvador-chega-a-40-km-de-extensao-e-ja-e-o-segundo-maior-do-brasil\/#breadcrumb\",\"itemListElement\":[{\"@type\":\"ListItem\",\"position\":1,\"name\":\"In\u00edcio\",\"item\":\"https:\/\/bahiaeconomica.com.br\/wp\/\"},{\"@type\":\"ListItem\",\"position\":2,\"name\":\"COM A ESTA\u00c7\u00c3O CAMPO GRANDE, METR\u00d4 DE SALVADOR CHEGA A 40 KM DE EXTENS\u00c3O E J\u00c1 \u00c9 O SEGUNDO MAIOR DO BRASIL\"}]},{\"@type\":\"WebSite\",\"@id\":\"https:\/\/bahiaeconomica.com.br\/wp\/#website\",\"url\":\"https:\/\/bahiaeconomica.com.br\/wp\/\",\"name\":\"Bahia Economica\",\"description\":\"O maior portal de Economia da Bahia\",\"publisher\":{\"@id\":\"https:\/\/bahiaeconomica.com.br\/wp\/#organization\"},\"potentialAction\":[{\"@type\":\"SearchAction\",\"target\":{\"@type\":\"EntryPoint\",\"urlTemplate\":\"https:\/\/bahiaeconomica.com.br\/wp\/?s={search_term_string}\"},\"query-input\":\"required name=search_term_string\"}],\"inLanguage\":\"pt-BR\"},{\"@type\":\"Organization\",\"@id\":\"https:\/\/bahiaeconomica.com.br\/wp\/#organization\",\"name\":\"Bahia Econ\u00f4mica\",\"url\":\"https:\/\/bahiaeconomica.com.br\/wp\/\",\"logo\":{\"@type\":\"ImageObject\",\"inLanguage\":\"pt-BR\",\"@id\":\"https:\/\/bahiaeconomica.com.br\/wp\/#\/schema\/logo\/image\/\",\"url\":\"https:\/\/bahiaeconomica.com.br\/wp\/wp-content\/uploads\/2020\/12\/cropped-BE.png\",\"contentUrl\":\"https:\/\/bahiaeconomica.com.br\/wp\/wp-content\/uploads\/2020\/12\/cropped-BE.png\",\"width\":512,\"height\":512,\"caption\":\"Bahia Econ\u00f4mica\"},\"image\":{\"@id\":\"https:\/\/bahiaeconomica.com.br\/wp\/#\/schema\/logo\/image\/\"},\"sameAs\":[\"https:\/\/www.facebook.com\/bahiaeconomica\"]},{\"@type\":\"Person\",\"@id\":\"https:\/\/bahiaeconomica.com.br\/wp\/#\/schema\/person\/c86d3a3f8960425a0f9d0e5245991f4e\",\"name\":\"JP\",\"sameAs\":[\"https:\/\/bahiaeconomica.com.br\/wp\/beta\/\"],\"url\":\"https:\/\/bahiaeconomica.com.br\/wp\/author\/jp\/\"}]}<\/script>\n<!-- \/ Yoast SEO plugin. -->","yoast_head_json":{"title":"COM A ESTA\u00c7\u00c3O CAMPO GRANDE, METR\u00d4 DE SALVADOR CHEGA A 40 KM DE EXTENS\u00c3O E J\u00c1 \u00c9 O SEGUNDO MAIOR DO BRASIL - Bahia Economica","description":"O maior portal de Economia da Bahia BAHIA INVEST, DESTAQUE DO DIA, ECONOMIA \/ POL\u00cdTICA Bahia Economica Com as obras da esta\u00e7\u00e3o Campo Grande perto de come\u00e7arem, o Metr\u00f4 de Salvador","robots":{"index":"index","follow":"follow","max-snippet":"max-snippet:-1","max-image-preview":"max-image-preview:large","max-video-preview":"max-video-preview:-1"},"canonical":"https:\/\/bahiaeconomica.com.br\/wp\/2026\/03\/05\/com-a-estacao-campo-grande-metro-de-salvador-chega-a-40-km-de-extensao-e-ja-e-o-segundo-maior-do-brasil\/","og_locale":"pt_BR","og_type":"article","og_title":"COM A ESTA\u00c7\u00c3O CAMPO GRANDE, METR\u00d4 DE SALVADOR CHEGA A 40 KM DE EXTENS\u00c3O E J\u00c1 \u00c9 O SEGUNDO MAIOR DO BRASIL - Bahia Economica","og_description":"O maior portal de Economia da Bahia BAHIA INVEST, DESTAQUE DO DIA, ECONOMIA \/ POL\u00cdTICA Bahia Economica Com as obras da esta\u00e7\u00e3o Campo Grande perto de come\u00e7arem, o Metr\u00f4 de Salvador","og_url":"https:\/\/bahiaeconomica.com.br\/wp\/2026\/03\/05\/com-a-estacao-campo-grande-metro-de-salvador-chega-a-40-km-de-extensao-e-ja-e-o-segundo-maior-do-brasil\/","og_site_name":"Bahia Economica","article_publisher":"https:\/\/www.facebook.com\/bahiaeconomica","article_published_time":"2026-03-05T20:00:06+00:00","article_modified_time":"2026-03-05T23:24:12+00:00","og_image":[{"width":723,"height":482,"url":"https:\/\/bahiaeconomica.com.br\/wp\/wp-content\/uploads\/2026\/03\/o-gigante-subterraneo-de-salvador-tudo-sobre-a-est0138159100202603051135-1.webp","type":"image\/webp"}],"author":"JP","twitter_card":"summary_large_image","twitter_misc":{"Escrito por":"JP","Est. tempo de leitura":"2 minutos"},"schema":{"@context":"https:\/\/schema.org","@graph":[{"@type":"Article","@id":"https:\/\/bahiaeconomica.com.br\/wp\/2026\/03\/05\/com-a-estacao-campo-grande-metro-de-salvador-chega-a-40-km-de-extensao-e-ja-e-o-segundo-maior-do-brasil\/#article","isPartOf":{"@id":"https:\/\/bahiaeconomica.com.br\/wp\/2026\/03\/05\/com-a-estacao-campo-grande-metro-de-salvador-chega-a-40-km-de-extensao-e-ja-e-o-segundo-maior-do-brasil\/"},"author":{"name":"JP","@id":"https:\/\/bahiaeconomica.com.br\/wp\/#\/schema\/person\/c86d3a3f8960425a0f9d0e5245991f4e"},"headline":"COM A ESTA\u00c7\u00c3O CAMPO GRANDE, METR\u00d4 DE SALVADOR CHEGA A 40 KM DE EXTENS\u00c3O E J\u00c1 \u00c9 O SEGUNDO MAIOR DO BRASIL","datePublished":"2026-03-05T20:00:06+00:00","dateModified":"2026-03-05T23:24:12+00:00","mainEntityOfPage":{"@id":"https:\/\/bahiaeconomica.com.br\/wp\/2026\/03\/05\/com-a-estacao-campo-grande-metro-de-salvador-chega-a-40-km-de-extensao-e-ja-e-o-segundo-maior-do-brasil\/"},"wordCount":264,"publisher":{"@id":"https:\/\/bahiaeconomica.com.br\/wp\/#organization"},"keywords":["campo","grande","Metr\u00f4","Salvador"],"articleSection":["BAHIA INVEST","DESTAQUE DO DIA","ECONOMIA \/ POL\u00cdTICA"],"inLanguage":"pt-BR"},{"@type":"WebPage","@id":"https:\/\/bahiaeconomica.com.br\/wp\/2026\/03\/05\/com-a-estacao-campo-grande-metro-de-salvador-chega-a-40-km-de-extensao-e-ja-e-o-segundo-maior-do-brasil\/","url":"https:\/\/bahiaeconomica.com.br\/wp\/2026\/03\/05\/com-a-estacao-campo-grande-metro-de-salvador-chega-a-40-km-de-extensao-e-ja-e-o-segundo-maior-do-brasil\/","name":"COM A ESTA\u00c7\u00c3O CAMPO GRANDE, METR\u00d4 DE SALVADOR CHEGA A 40 KM DE EXTENS\u00c3O E J\u00c1 \u00c9 O SEGUNDO MAIOR DO BRASIL - Bahia Economica","isPartOf":{"@id":"https:\/\/bahiaeconomica.com.br\/wp\/#website"},"datePublished":"2026-03-05T20:00:06+00:00","dateModified":"2026-03-05T23:24:12+00:00","description":"O maior portal de Economia da Bahia BAHIA INVEST, DESTAQUE DO DIA, ECONOMIA \/ POL\u00cdTICA Bahia Economica Com as obras da esta\u00e7\u00e3o Campo Grande perto de come\u00e7arem, o Metr\u00f4 de Salvador","breadcrumb":{"@id":"https:\/\/bahiaeconomica.com.br\/wp\/2026\/03\/05\/com-a-estacao-campo-grande-metro-de-salvador-chega-a-40-km-de-extensao-e-ja-e-o-segundo-maior-do-brasil\/#breadcrumb"},"inLanguage":"pt-BR","potentialAction":[{"@type":"ReadAction","target":["https:\/\/bahiaeconomica.com.br\/wp\/2026\/03\/05\/com-a-estacao-campo-grande-metro-de-salvador-chega-a-40-km-de-extensao-e-ja-e-o-segundo-maior-do-brasil\/"]}]},{"@type":"BreadcrumbList","@id":"https:\/\/bahiaeconomica.com.br\/wp\/2026\/03\/05\/com-a-estacao-campo-grande-metro-de-salvador-chega-a-40-km-de-extensao-e-ja-e-o-segundo-maior-do-brasil\/#breadcrumb","itemListElement":[{"@type":"ListItem","position":1,"name":"In\u00edcio","item":"https:\/\/bahiaeconomica.com.br\/wp\/"},{"@type":"ListItem","position":2,"name":"COM A ESTA\u00c7\u00c3O CAMPO GRANDE, METR\u00d4 DE SALVADOR CHEGA A 40 KM DE EXTENS\u00c3O E J\u00c1 \u00c9 O SEGUNDO MAIOR DO BRASIL"}]},{"@type":"WebSite","@id":"https:\/\/bahiaeconomica.com.br\/wp\/#website","url":"https:\/\/bahiaeconomica.com.br\/wp\/","name":"Bahia Economica","description":"O maior portal de Economia da Bahia","publisher":{"@id":"https:\/\/bahiaeconomica.com.br\/wp\/#organization"},"potentialAction":[{"@type":"SearchAction","target":{"@type":"EntryPoint","urlTemplate":"https:\/\/bahiaeconomica.com.br\/wp\/?s={search_term_string}"},"query-input":"required name=search_term_string"}],"inLanguage":"pt-BR"},{"@type":"Organization","@id":"https:\/\/bahiaeconomica.com.br\/wp\/#organization","name":"Bahia Econ\u00f4mica","url":"https:\/\/bahiaeconomica.com.br\/wp\/","logo":{"@type":"ImageObject","inLanguage":"pt-BR","@id":"https:\/\/bahiaeconomica.com.br\/wp\/#\/schema\/logo\/image\/","url":"https:\/\/bahiaeconomica.com.br\/wp\/wp-content\/uploads\/2020\/12\/cropped-BE.png","contentUrl":"https:\/\/bahiaeconomica.com.br\/wp\/wp-content\/uploads\/2020\/12\/cropped-BE.png","width":512,"height":512,"caption":"Bahia Econ\u00f4mica"},"image":{"@id":"https:\/\/bahiaeconomica.com.br\/wp\/#\/schema\/logo\/image\/"},"sameAs":["https:\/\/www.facebook.com\/bahiaeconomica"]},{"@type":"Person","@id":"https:\/\/bahiaeconomica.com.br\/wp\/#\/schema\/person\/c86d3a3f8960425a0f9d0e5245991f4e","name":"JP","sameAs":["https:\/\/bahiaeconomica.com.br\/wp\/beta\/"],"url":"https:\/\/bahiaeconomica.com.br\/wp\/author\/jp\/"}]}},"views":15345,"_links":{"self":[{"href":"https:\/\/bahiaeconomica.com.br\/wp\/wp-json\/wp\/v2\/posts\/979022"}],"collection":[{"href":"https:\/\/bahiaeconomica.com.br\/wp\/wp-json\/wp\/v2\/posts"}],"about":[{"href":"https:\/\/bahiaeconomica.com.br\/wp\/wp-json\/wp\/v2\/types\/post"}],"author":[{"embeddable":true,"href":"https:\/\/bahiaeconomica.com.br\/wp\/wp-json\/wp\/v2\/users\/8"}],"replies":[{"embeddable":true,"href":"https:\/\/bahiaeconomica.com.br\/wp\/wp-json\/wp\/v2\/comments?post=979022"}],"version-history":[{"count":1,"href":"https:\/\/bahiaeconomica.com.br\/wp\/wp-json\/wp\/v2\/posts\/979022\/revisions"}],"predecessor-version":[{"id":979024,"href":"https:\/\/bahiaeconomica.com.br\/wp\/wp-json\/wp\/v2\/posts\/979022\/revisions\/979024"}],"wp:featuredmedia":[{"embeddable":true,"href":"https:\/\/bahiaeconomica.com.br\/wp\/wp-json\/wp\/v2\/media\/979023"}],"wp:attachment":[{"href":"https:\/\/bahiaeconomica.com.br\/wp\/wp-json\/wp\/v2\/media?parent=979022"}],"wp:term":[{"taxonomy":"category","embeddable":true,"href":"https:\/\/bahiaeconomica.com.br\/wp\/wp-json\/wp\/v2\/categories?post=979022"},{"taxonomy":"post_tag","embeddable":true,"href":"https:\/\/bahiaeconomica.com.br\/wp\/wp-json\/wp\/v2\/tags?post=979022"}],"curies":[{"name":"wp","href":"https:\/\/api.w.org\/{rel}","templated":true}]}}