{"id":978981,"date":"2026-03-05T15:28:48","date_gmt":"2026-03-05T18:28:48","guid":{"rendered":"https:\/\/bahiaeconomica.com.br\/wp\/?p=978981"},"modified":"2026-03-05T15:28:48","modified_gmt":"2026-03-05T18:28:48","slug":"sus-ganha-neste-mes-teleatendimento-para-mulheres-expostas-a-violencia","status":"publish","type":"post","link":"https:\/\/bahiaeconomica.com.br\/wp\/2026\/03\/05\/sus-ganha-neste-mes-teleatendimento-para-mulheres-expostas-a-violencia\/","title":{"rendered":"SUS GANHA NESTE M\u00caS TELEATENDIMENTO PARA MULHERES EXPOSTAS \u00c0 VIOL\u00caNCIA"},"content":{"rendered":"<p>Mulheres expostas \u00e0 viol\u00eancia ou em vulnerabilidade psicossocial que vivem no Recife e no Rio de Janeiro ter\u00e3o acesso a teleatendimento em sa\u00fade mental no Sistema \u00danico de Sa\u00fade (SUS) a partir deste m\u00eas. O cronograma do Minist\u00e9rio da Sa\u00fade prev\u00ea que, em maio, a a\u00e7\u00e3o chegar\u00e1 a cidades com mais de 150 mil habitantes e, em junho, ao restante do pa\u00eds.<\/p>\n<p>Em nota, a pasta informou que est\u00e3o previstos 4,7 milh\u00f5es de teleatendimentos psicol\u00f3gicos ao ano, por meio de parceria com a Ag\u00eancia Brasileira de Apoio \u00e0 Gest\u00e3o do SUS (AgSUS) e com o Programa de Apoio ao Desenvolvimento Institucional do Sistema \u00danico de Sa\u00fade (Proadi-SUS).<\/p>\n<p>Para ter acesso ao servi\u00e7o, as mulheres poder\u00e3o ser orientadas e encaminhadas por unidades da aten\u00e7\u00e3o prim\u00e1ria \u00e0 sa\u00fade, unidades b\u00e1sicas de sa\u00fade (UBS) e servi\u00e7os da rede de prote\u00e7\u00e3o.<\/p>\n<p>Tamb\u00e9m ser\u00e1 poss\u00edvel buscar o atendimento diretamente pelo aplicativo Meu SUS Digital, por meio de um mini app previsto para come\u00e7ar a funcionar no fim do m\u00eas.<\/p>\n<p>Na plataforma, a mulher far\u00e1 um cadastro para avalia\u00e7\u00e3o inicial da situa\u00e7\u00e3o de viol\u00eancia e, a partir dessas informa\u00e7\u00f5es, o aplicativo enviar\u00e1 uma mensagem com o dia e o hor\u00e1rio do teleatendimento.<\/p>\n<p>A primeira consulta, segundo o minist\u00e9rio, identificar\u00e1 riscos, rede de apoio e demandas, com articula\u00e7\u00e3o junto a servi\u00e7os de refer\u00eancia.<\/p>\n<p>\u201cA gente lan\u00e7ou esta semana o teleatendimento como suporte para pessoas que j\u00e1 est\u00e3o em situa\u00e7\u00e3o de compuls\u00e3o por jogos eletr\u00f4nicos. E a gente vai construir o mesmo modelo, mas com arranjos diferentes na rela\u00e7\u00e3o com a aten\u00e7\u00e3o prim\u00e1ria em sa\u00fade e na pactua\u00e7\u00e3o com estados e munic\u00edpios\u201d, detalhou o ministro da Sa\u00fade, Alexandre Padilha.<\/p>\n<p>\u201cOfertar esse teleatendimento com psiquiatra, psic\u00f3logo, assistente social e, em algumas situa\u00e7\u00f5es, com terapeuta ocupacional para mulheres \u2013 n\u00e3o s\u00f3 aquelas que j\u00e1 foram v\u00edtimas de viol\u00eancia, mas \u00e0quelas que est\u00e3o sinalizando ou que est\u00e3o em extrema vulnerabilidade\u201d, completou.<\/p>\n<p>&nbsp;<\/p>\n<p>foto: Fernando Fraz\u00e3o\/Ag\u00eancia Brasil<\/p>\n<div id=\"block-tts-block-tts\" class=\"block block-tts\">\n<div class=\"content\">\n<div id=\"tts-container\" class=\"container-audio rel-position\"><\/div>\n<\/div>\n<\/div>\n","protected":false},"excerpt":{"rendered":"<p>Mulheres expostas \u00e0 viol\u00eancia ou em vulnerabilidade psicossocial que vivem no Recife e no Rio de Janeiro ter\u00e3o acesso a teleatendimento em sa\u00fade mental no Sistema \u00danico de Sa\u00fade (SUS) a partir deste m\u00eas. O cronograma do Minist\u00e9rio da Sa\u00fade prev\u00ea que, em maio, a a\u00e7\u00e3o chegar\u00e1 a cidades com mais de 150 mil habitantes [&hellip;]<\/p>\n","protected":false},"author":15,"featured_media":978991,"comment_status":"closed","ping_status":"closed","sticky":false,"template":"","format":"standard","meta":[],"categories":[21],"tags":[],"acf":[],"yoast_head":"<!-- This site is optimized with the Yoast SEO plugin v20.8 - https:\/\/yoast.com\/wordpress\/plugins\/seo\/ -->\n<title>SUS GANHA NESTE M\u00caS TELEATENDIMENTO PARA MULHERES EXPOSTAS \u00c0 VIOL\u00caNCIA - Bahia Economica<\/title>\n<meta name=\"description\" content=\"O maior portal de Economia da Bahia Sa\u00fade \/ Educa\u00e7\u00e3o Bahia Economica\" \/>\n<meta name=\"robots\" content=\"index, follow, max-snippet:-1, max-image-preview:large, max-video-preview:-1\" \/>\n<link rel=\"canonical\" href=\"https:\/\/bahiaeconomica.com.br\/wp\/2026\/03\/05\/sus-ganha-neste-mes-teleatendimento-para-mulheres-expostas-a-violencia\/\" \/>\n<meta property=\"og:locale\" content=\"pt_BR\" \/>\n<meta property=\"og:type\" content=\"article\" \/>\n<meta property=\"og:title\" content=\"SUS GANHA NESTE M\u00caS TELEATENDIMENTO PARA MULHERES EXPOSTAS \u00c0 VIOL\u00caNCIA - Bahia Economica\" \/>\n<meta property=\"og:description\" content=\"O maior portal de Economia da Bahia Sa\u00fade \/ Educa\u00e7\u00e3o Bahia Economica\" \/>\n<meta property=\"og:url\" content=\"https:\/\/bahiaeconomica.com.br\/wp\/2026\/03\/05\/sus-ganha-neste-mes-teleatendimento-para-mulheres-expostas-a-violencia\/\" \/>\n<meta property=\"og:site_name\" content=\"Bahia Economica\" \/>\n<meta property=\"article:publisher\" content=\"https:\/\/www.facebook.com\/bahiaeconomica\" \/>\n<meta property=\"article:published_time\" content=\"2026-03-05T18:28:48+00:00\" \/>\n<meta property=\"og:image\" content=\"https:\/\/bahiaeconomica.com.br\/wp\/wp-content\/uploads\/2026\/03\/d6a2683-1.webp\" \/>\n\t<meta property=\"og:image:width\" content=\"1170\" \/>\n\t<meta property=\"og:image:height\" content=\"700\" \/>\n\t<meta property=\"og:image:type\" content=\"image\/webp\" \/>\n<meta name=\"author\" content=\"VICTORIA ISABEL\" \/>\n<meta name=\"twitter:card\" content=\"summary_large_image\" \/>\n<meta name=\"twitter:label1\" content=\"Escrito por\" \/>\n\t<meta name=\"twitter:data1\" content=\"VICTORIA ISABEL\" \/>\n\t<meta name=\"twitter:label2\" content=\"Est. tempo de leitura\" \/>\n\t<meta name=\"twitter:data2\" content=\"2 minutos\" \/>\n<script type=\"application\/ld+json\" class=\"yoast-schema-graph\">{\"@context\":\"https:\/\/schema.org\",\"@graph\":[{\"@type\":\"Article\",\"@id\":\"https:\/\/bahiaeconomica.com.br\/wp\/2026\/03\/05\/sus-ganha-neste-mes-teleatendimento-para-mulheres-expostas-a-violencia\/#article\",\"isPartOf\":{\"@id\":\"https:\/\/bahiaeconomica.com.br\/wp\/2026\/03\/05\/sus-ganha-neste-mes-teleatendimento-para-mulheres-expostas-a-violencia\/\"},\"author\":{\"name\":\"VICTORIA ISABEL\",\"@id\":\"https:\/\/bahiaeconomica.com.br\/wp\/#\/schema\/person\/b719ce0fb1c09f3c7a00d9243ced4a6f\"},\"headline\":\"SUS GANHA NESTE M\u00caS TELEATENDIMENTO PARA MULHERES EXPOSTAS \u00c0 VIOL\u00caNCIA\",\"datePublished\":\"2026-03-05T18:28:48+00:00\",\"dateModified\":\"2026-03-05T18:28:48+00:00\",\"mainEntityOfPage\":{\"@id\":\"https:\/\/bahiaeconomica.com.br\/wp\/2026\/03\/05\/sus-ganha-neste-mes-teleatendimento-para-mulheres-expostas-a-violencia\/\"},\"wordCount\":379,\"publisher\":{\"@id\":\"https:\/\/bahiaeconomica.com.br\/wp\/#organization\"},\"articleSection\":[\"Sa\u00fade \/ Educa\u00e7\u00e3o\"],\"inLanguage\":\"pt-BR\"},{\"@type\":\"WebPage\",\"@id\":\"https:\/\/bahiaeconomica.com.br\/wp\/2026\/03\/05\/sus-ganha-neste-mes-teleatendimento-para-mulheres-expostas-a-violencia\/\",\"url\":\"https:\/\/bahiaeconomica.com.br\/wp\/2026\/03\/05\/sus-ganha-neste-mes-teleatendimento-para-mulheres-expostas-a-violencia\/\",\"name\":\"SUS GANHA NESTE M\u00caS TELEATENDIMENTO PARA MULHERES EXPOSTAS \u00c0 VIOL\u00caNCIA - Bahia Economica\",\"isPartOf\":{\"@id\":\"https:\/\/bahiaeconomica.com.br\/wp\/#website\"},\"datePublished\":\"2026-03-05T18:28:48+00:00\",\"dateModified\":\"2026-03-05T18:28:48+00:00\",\"description\":\"O maior portal de Economia da Bahia Sa\u00fade \/ Educa\u00e7\u00e3o Bahia Economica\",\"breadcrumb\":{\"@id\":\"https:\/\/bahiaeconomica.com.br\/wp\/2026\/03\/05\/sus-ganha-neste-mes-teleatendimento-para-mulheres-expostas-a-violencia\/#breadcrumb\"},\"inLanguage\":\"pt-BR\",\"potentialAction\":[{\"@type\":\"ReadAction\",\"target\":[\"https:\/\/bahiaeconomica.com.br\/wp\/2026\/03\/05\/sus-ganha-neste-mes-teleatendimento-para-mulheres-expostas-a-violencia\/\"]}]},{\"@type\":\"BreadcrumbList\",\"@id\":\"https:\/\/bahiaeconomica.com.br\/wp\/2026\/03\/05\/sus-ganha-neste-mes-teleatendimento-para-mulheres-expostas-a-violencia\/#breadcrumb\",\"itemListElement\":[{\"@type\":\"ListItem\",\"position\":1,\"name\":\"In\u00edcio\",\"item\":\"https:\/\/bahiaeconomica.com.br\/wp\/\"},{\"@type\":\"ListItem\",\"position\":2,\"name\":\"SUS GANHA NESTE M\u00caS TELEATENDIMENTO PARA MULHERES EXPOSTAS \u00c0 VIOL\u00caNCIA\"}]},{\"@type\":\"WebSite\",\"@id\":\"https:\/\/bahiaeconomica.com.br\/wp\/#website\",\"url\":\"https:\/\/bahiaeconomica.com.br\/wp\/\",\"name\":\"Bahia Economica\",\"description\":\"O maior portal de Economia da Bahia\",\"publisher\":{\"@id\":\"https:\/\/bahiaeconomica.com.br\/wp\/#organization\"},\"potentialAction\":[{\"@type\":\"SearchAction\",\"target\":{\"@type\":\"EntryPoint\",\"urlTemplate\":\"https:\/\/bahiaeconomica.com.br\/wp\/?s={search_term_string}\"},\"query-input\":\"required name=search_term_string\"}],\"inLanguage\":\"pt-BR\"},{\"@type\":\"Organization\",\"@id\":\"https:\/\/bahiaeconomica.com.br\/wp\/#organization\",\"name\":\"Bahia Econ\u00f4mica\",\"url\":\"https:\/\/bahiaeconomica.com.br\/wp\/\",\"logo\":{\"@type\":\"ImageObject\",\"inLanguage\":\"pt-BR\",\"@id\":\"https:\/\/bahiaeconomica.com.br\/wp\/#\/schema\/logo\/image\/\",\"url\":\"https:\/\/bahiaeconomica.com.br\/wp\/wp-content\/uploads\/2020\/12\/cropped-BE.png\",\"contentUrl\":\"https:\/\/bahiaeconomica.com.br\/wp\/wp-content\/uploads\/2020\/12\/cropped-BE.png\",\"width\":512,\"height\":512,\"caption\":\"Bahia Econ\u00f4mica\"},\"image\":{\"@id\":\"https:\/\/bahiaeconomica.com.br\/wp\/#\/schema\/logo\/image\/\"},\"sameAs\":[\"https:\/\/www.facebook.com\/bahiaeconomica\"]},{\"@type\":\"Person\",\"@id\":\"https:\/\/bahiaeconomica.com.br\/wp\/#\/schema\/person\/b719ce0fb1c09f3c7a00d9243ced4a6f\",\"name\":\"VICTORIA ISABEL\",\"sameAs\":[\"http:\/\/www.bahiaeconomica.com.br\"],\"url\":\"https:\/\/bahiaeconomica.com.br\/wp\/author\/victoria-isabel\/\"}]}<\/script>\n<!-- \/ Yoast SEO plugin. -->","yoast_head_json":{"title":"SUS GANHA NESTE M\u00caS TELEATENDIMENTO PARA MULHERES EXPOSTAS \u00c0 VIOL\u00caNCIA - Bahia Economica","description":"O maior portal de Economia da Bahia Sa\u00fade \/ Educa\u00e7\u00e3o Bahia Economica","robots":{"index":"index","follow":"follow","max-snippet":"max-snippet:-1","max-image-preview":"max-image-preview:large","max-video-preview":"max-video-preview:-1"},"canonical":"https:\/\/bahiaeconomica.com.br\/wp\/2026\/03\/05\/sus-ganha-neste-mes-teleatendimento-para-mulheres-expostas-a-violencia\/","og_locale":"pt_BR","og_type":"article","og_title":"SUS GANHA NESTE M\u00caS TELEATENDIMENTO PARA MULHERES EXPOSTAS \u00c0 VIOL\u00caNCIA - Bahia Economica","og_description":"O maior portal de Economia da Bahia Sa\u00fade \/ Educa\u00e7\u00e3o Bahia Economica","og_url":"https:\/\/bahiaeconomica.com.br\/wp\/2026\/03\/05\/sus-ganha-neste-mes-teleatendimento-para-mulheres-expostas-a-violencia\/","og_site_name":"Bahia Economica","article_publisher":"https:\/\/www.facebook.com\/bahiaeconomica","article_published_time":"2026-03-05T18:28:48+00:00","og_image":[{"width":1170,"height":700,"url":"https:\/\/bahiaeconomica.com.br\/wp\/wp-content\/uploads\/2026\/03\/d6a2683-1.webp","type":"image\/webp"}],"author":"VICTORIA ISABEL","twitter_card":"summary_large_image","twitter_misc":{"Escrito por":"VICTORIA ISABEL","Est. tempo de leitura":"2 minutos"},"schema":{"@context":"https:\/\/schema.org","@graph":[{"@type":"Article","@id":"https:\/\/bahiaeconomica.com.br\/wp\/2026\/03\/05\/sus-ganha-neste-mes-teleatendimento-para-mulheres-expostas-a-violencia\/#article","isPartOf":{"@id":"https:\/\/bahiaeconomica.com.br\/wp\/2026\/03\/05\/sus-ganha-neste-mes-teleatendimento-para-mulheres-expostas-a-violencia\/"},"author":{"name":"VICTORIA ISABEL","@id":"https:\/\/bahiaeconomica.com.br\/wp\/#\/schema\/person\/b719ce0fb1c09f3c7a00d9243ced4a6f"},"headline":"SUS GANHA NESTE M\u00caS TELEATENDIMENTO PARA MULHERES EXPOSTAS \u00c0 VIOL\u00caNCIA","datePublished":"2026-03-05T18:28:48+00:00","dateModified":"2026-03-05T18:28:48+00:00","mainEntityOfPage":{"@id":"https:\/\/bahiaeconomica.com.br\/wp\/2026\/03\/05\/sus-ganha-neste-mes-teleatendimento-para-mulheres-expostas-a-violencia\/"},"wordCount":379,"publisher":{"@id":"https:\/\/bahiaeconomica.com.br\/wp\/#organization"},"articleSection":["Sa\u00fade \/ Educa\u00e7\u00e3o"],"inLanguage":"pt-BR"},{"@type":"WebPage","@id":"https:\/\/bahiaeconomica.com.br\/wp\/2026\/03\/05\/sus-ganha-neste-mes-teleatendimento-para-mulheres-expostas-a-violencia\/","url":"https:\/\/bahiaeconomica.com.br\/wp\/2026\/03\/05\/sus-ganha-neste-mes-teleatendimento-para-mulheres-expostas-a-violencia\/","name":"SUS GANHA NESTE M\u00caS TELEATENDIMENTO PARA MULHERES EXPOSTAS \u00c0 VIOL\u00caNCIA - Bahia Economica","isPartOf":{"@id":"https:\/\/bahiaeconomica.com.br\/wp\/#website"},"datePublished":"2026-03-05T18:28:48+00:00","dateModified":"2026-03-05T18:28:48+00:00","description":"O maior portal de Economia da Bahia Sa\u00fade \/ Educa\u00e7\u00e3o Bahia Economica","breadcrumb":{"@id":"https:\/\/bahiaeconomica.com.br\/wp\/2026\/03\/05\/sus-ganha-neste-mes-teleatendimento-para-mulheres-expostas-a-violencia\/#breadcrumb"},"inLanguage":"pt-BR","potentialAction":[{"@type":"ReadAction","target":["https:\/\/bahiaeconomica.com.br\/wp\/2026\/03\/05\/sus-ganha-neste-mes-teleatendimento-para-mulheres-expostas-a-violencia\/"]}]},{"@type":"BreadcrumbList","@id":"https:\/\/bahiaeconomica.com.br\/wp\/2026\/03\/05\/sus-ganha-neste-mes-teleatendimento-para-mulheres-expostas-a-violencia\/#breadcrumb","itemListElement":[{"@type":"ListItem","position":1,"name":"In\u00edcio","item":"https:\/\/bahiaeconomica.com.br\/wp\/"},{"@type":"ListItem","position":2,"name":"SUS GANHA NESTE M\u00caS TELEATENDIMENTO PARA MULHERES EXPOSTAS \u00c0 VIOL\u00caNCIA"}]},{"@type":"WebSite","@id":"https:\/\/bahiaeconomica.com.br\/wp\/#website","url":"https:\/\/bahiaeconomica.com.br\/wp\/","name":"Bahia Economica","description":"O maior portal de Economia da Bahia","publisher":{"@id":"https:\/\/bahiaeconomica.com.br\/wp\/#organization"},"potentialAction":[{"@type":"SearchAction","target":{"@type":"EntryPoint","urlTemplate":"https:\/\/bahiaeconomica.com.br\/wp\/?s={search_term_string}"},"query-input":"required name=search_term_string"}],"inLanguage":"pt-BR"},{"@type":"Organization","@id":"https:\/\/bahiaeconomica.com.br\/wp\/#organization","name":"Bahia Econ\u00f4mica","url":"https:\/\/bahiaeconomica.com.br\/wp\/","logo":{"@type":"ImageObject","inLanguage":"pt-BR","@id":"https:\/\/bahiaeconomica.com.br\/wp\/#\/schema\/logo\/image\/","url":"https:\/\/bahiaeconomica.com.br\/wp\/wp-content\/uploads\/2020\/12\/cropped-BE.png","contentUrl":"https:\/\/bahiaeconomica.com.br\/wp\/wp-content\/uploads\/2020\/12\/cropped-BE.png","width":512,"height":512,"caption":"Bahia Econ\u00f4mica"},"image":{"@id":"https:\/\/bahiaeconomica.com.br\/wp\/#\/schema\/logo\/image\/"},"sameAs":["https:\/\/www.facebook.com\/bahiaeconomica"]},{"@type":"Person","@id":"https:\/\/bahiaeconomica.com.br\/wp\/#\/schema\/person\/b719ce0fb1c09f3c7a00d9243ced4a6f","name":"VICTORIA ISABEL","sameAs":["http:\/\/www.bahiaeconomica.com.br"],"url":"https:\/\/bahiaeconomica.com.br\/wp\/author\/victoria-isabel\/"}]}},"views":6,"_links":{"self":[{"href":"https:\/\/bahiaeconomica.com.br\/wp\/wp-json\/wp\/v2\/posts\/978981"}],"collection":[{"href":"https:\/\/bahiaeconomica.com.br\/wp\/wp-json\/wp\/v2\/posts"}],"about":[{"href":"https:\/\/bahiaeconomica.com.br\/wp\/wp-json\/wp\/v2\/types\/post"}],"author":[{"embeddable":true,"href":"https:\/\/bahiaeconomica.com.br\/wp\/wp-json\/wp\/v2\/users\/15"}],"replies":[{"embeddable":true,"href":"https:\/\/bahiaeconomica.com.br\/wp\/wp-json\/wp\/v2\/comments?post=978981"}],"version-history":[{"count":1,"href":"https:\/\/bahiaeconomica.com.br\/wp\/wp-json\/wp\/v2\/posts\/978981\/revisions"}],"predecessor-version":[{"id":978998,"href":"https:\/\/bahiaeconomica.com.br\/wp\/wp-json\/wp\/v2\/posts\/978981\/revisions\/978998"}],"wp:featuredmedia":[{"embeddable":true,"href":"https:\/\/bahiaeconomica.com.br\/wp\/wp-json\/wp\/v2\/media\/978991"}],"wp:attachment":[{"href":"https:\/\/bahiaeconomica.com.br\/wp\/wp-json\/wp\/v2\/media?parent=978981"}],"wp:term":[{"taxonomy":"category","embeddable":true,"href":"https:\/\/bahiaeconomica.com.br\/wp\/wp-json\/wp\/v2\/categories?post=978981"},{"taxonomy":"post_tag","embeddable":true,"href":"https:\/\/bahiaeconomica.com.br\/wp\/wp-json\/wp\/v2\/tags?post=978981"}],"curies":[{"name":"wp","href":"https:\/\/api.w.org\/{rel}","templated":true}]}}