{"id":978885,"date":"2026-03-05T12:36:00","date_gmt":"2026-03-05T15:36:00","guid":{"rendered":"https:\/\/bahiaeconomica.com.br\/wp\/?p=978885"},"modified":"2026-03-05T12:36:00","modified_gmt":"2026-03-05T15:36:00","slug":"programa-que-investiga-ruralidades-no-brasil-estreia-na-bahia-com-exibicao-nacional-confirmada","status":"publish","type":"post","link":"https:\/\/bahiaeconomica.com.br\/wp\/2026\/03\/05\/programa-que-investiga-ruralidades-no-brasil-estreia-na-bahia-com-exibicao-nacional-confirmada\/","title":{"rendered":"PROGRAMA QUE INVESTIGA RURALIDADES NO BRASIL ESTREIA NA BAHIA COM EXIBI\u00c7\u00c3O NACIONAL CONFIRMADA"},"content":{"rendered":"<p>A s\u00e9rie documental \u201cRuralidades\u201d, da T\u00eam Dend\u00ea Produ\u00e7\u00f5es, estreia na pr\u00f3xima ter\u00e7a-feira (10), \u00e0s 18h, na TV COM (BA). Com 13 epis\u00f3dios de 26 minutos cada, o projeto j\u00e1 tem confirmada exibi\u00e7\u00e3o nacional ainda no primeiro semestre, na TV Aparecida. \u201cRuralidades\u201d se debru\u00e7a sobre as \u00e1reas rurais do Brasil, passando por diversas regi\u00f5es do pa\u00eds conhecendo pequenos e m\u00e9dios produtores, agricultores, criadores e fam\u00edlias do campo, sob a dire\u00e7\u00e3o geral de V\u00e2nia Lima e Walkiria Hamu Mattar.<\/p>\n<p>Produzida por seis equipes em sete estados \u2014 Bahia, Rio Grande do Norte, Amazonas, Mato Grosso, Goi\u00e1s, S\u00e3o Paulo e Minas Gerais \u2014 a s\u00e9rie \u00e9 apresentada por Karoline Meira. A dire\u00e7\u00e3o de epis\u00f3dios contou com Athos Muniz (RN), Clemilson Farias (AM), Daniel Calil e Perseu Azul (MT), Jorge Ba\u00eda (BA), Pedro Novaes (GO) e Walkiria Hamu Mattar (SP\/MG). \u201cRuralidades\u201d d\u00e1 destaque \u00e0 agricultura familiar \u2014 que congrega cerca de 4 milh\u00f5es de estabelecimentos rurais no pa\u00eds \u2014 e evidencia sua import\u00e2ncia econ\u00f4mica e social: embora muitos desses produtores atuem em pequenas \u00e1reas, respondem por uma parcela expressiva da oferta de alimentos, chegando a produzir cerca de 70% dos alimentos consumidos internamente no pa\u00eds. A s\u00e9rie mostra como essas fam\u00edlias s\u00e3o fundamentais para a seguran\u00e7a alimentar, para a manuten\u00e7\u00e3o de saberes tradicionais e para a diversifica\u00e7\u00e3o econ\u00f4mica das regi\u00f5es rurais.<\/p>\n<p>O epis\u00f3dio de estreia abrange o surgimento do interesse por trabalhar no agroneg\u00f3cio e as suas cadeias produtivas. Em Cunha (SP), o programa apresenta um lavand\u00e1rio que leva \u00e0 fabrica\u00e7\u00e3o de itens derivados de plantas, como ess\u00eancias e \u00f3leos. J\u00e1 em Itabuna (BA), uma fazenda de latic\u00ednios focada na fabrica\u00e7\u00e3o de queijos se aproxima da hist\u00f3ria anterior ao trazerem a agroind\u00fastria como pe\u00e7a fundamental de sustenta\u00e7\u00e3o e prosperidade para os pequenos produtores agr\u00edcolas de todo o pa\u00eds.<\/p>\n<p>\u201c\u2018Ruralidades\u2019 revela um Brasil muitas vezes invis\u00edvel, mas presente todos os dias na nossa mesa\u201d, afirma V\u00e2nia Lima. Para Walkiria Hamu Mattar, \u201ctrabalhar com equipes locais permitiu captar sotaques e viv\u00eancias diversas \u2014 o resultado \u00e9 um retrato plural e humano daquilo que produz o pa\u00eds\u201d. Os demais epis\u00f3dios abordam tradi\u00e7\u00f5es rurais, participa\u00e7\u00e3o da juventude, cooperativismo, produ\u00e7\u00e3o sustent\u00e1vel, assentamentos produtivos, mecaniza\u00e7\u00e3o e inova\u00e7\u00e3o, novas formas de plantio, protagonismo feminino, exporta\u00e7\u00e3o e o papel estrat\u00e9gico da agricultura familiar.<\/p>\n<p>&nbsp;<\/p>\n<p>Servi\u00e7o<\/p>\n<p>Estreia da s\u00e9rie \u201cRuralidades\u201d<\/p>\n<p>Produ\u00e7\u00e3o: T\u00eam Dend\u00ea Produ\u00e7\u00f5es<\/p>\n<p>Estreia: Ter\u00e7a (10\/03), 18h \u2014 TV COM (BA)<\/p>\n<p>Exibi\u00e7\u00e3o nacional: TV Aparecida \u2014 maio de 2026<\/p>\n<p>Dura\u00e7\u00e3o: 13 epis\u00f3dios x 26 minutos<\/p>\n<p>Apresenta\u00e7\u00e3o: Karoline Meira<\/p>\n","protected":false},"excerpt":{"rendered":"<p>A s\u00e9rie documental \u201cRuralidades\u201d, da T\u00eam Dend\u00ea Produ\u00e7\u00f5es, estreia na pr\u00f3xima ter\u00e7a-feira (10), \u00e0s 18h, na TV COM (BA). Com 13 epis\u00f3dios de 26 minutos cada, o projeto j\u00e1 tem confirmada exibi\u00e7\u00e3o nacional ainda no primeiro semestre, na TV Aparecida. \u201cRuralidades\u201d se debru\u00e7a sobre as \u00e1reas rurais do Brasil, passando por diversas regi\u00f5es do pa\u00eds [&hellip;]<\/p>\n","protected":false},"author":8,"featured_media":978886,"comment_status":"closed","ping_status":"closed","sticky":false,"template":"","format":"standard","meta":[],"categories":[5],"tags":[85,43837],"acf":[],"yoast_head":"<!-- This site is optimized with the Yoast SEO plugin v20.8 - https:\/\/yoast.com\/wordpress\/plugins\/seo\/ -->\n<title>PROGRAMA QUE INVESTIGA RURALIDADES NO BRASIL ESTREIA NA BAHIA COM EXIBI\u00c7\u00c3O NACIONAL CONFIRMADA - Bahia Economica<\/title>\n<meta name=\"description\" content=\"O maior portal de Economia da Bahia MUNIC\u00cdPIOS Bahia Economica A s\u00e9rie documental \u201cRuralidades\u201d, da T\u00eam Dend\u00ea Produ\u00e7\u00f5es,\" \/>\n<meta name=\"robots\" content=\"index, follow, max-snippet:-1, max-image-preview:large, max-video-preview:-1\" \/>\n<link rel=\"canonical\" href=\"https:\/\/bahiaeconomica.com.br\/wp\/2026\/03\/05\/programa-que-investiga-ruralidades-no-brasil-estreia-na-bahia-com-exibicao-nacional-confirmada\/\" \/>\n<meta property=\"og:locale\" content=\"pt_BR\" \/>\n<meta property=\"og:type\" content=\"article\" \/>\n<meta property=\"og:title\" content=\"PROGRAMA QUE INVESTIGA RURALIDADES NO BRASIL ESTREIA NA BAHIA COM EXIBI\u00c7\u00c3O NACIONAL CONFIRMADA - Bahia Economica\" \/>\n<meta property=\"og:description\" content=\"O maior portal de Economia da Bahia MUNIC\u00cdPIOS Bahia Economica A s\u00e9rie documental \u201cRuralidades\u201d, da T\u00eam Dend\u00ea Produ\u00e7\u00f5es,\" \/>\n<meta property=\"og:url\" content=\"https:\/\/bahiaeconomica.com.br\/wp\/2026\/03\/05\/programa-que-investiga-ruralidades-no-brasil-estreia-na-bahia-com-exibicao-nacional-confirmada\/\" \/>\n<meta property=\"og:site_name\" content=\"Bahia Economica\" \/>\n<meta property=\"article:publisher\" content=\"https:\/\/www.facebook.com\/bahiaeconomica\" \/>\n<meta property=\"article:published_time\" content=\"2026-03-05T15:36:00+00:00\" \/>\n<meta property=\"og:image\" content=\"https:\/\/bahiaeconomica.com.br\/wp\/wp-content\/uploads\/2026\/03\/WhatsApp-Image-2026-03-05-at-10.59.46.jpeg\" \/>\n\t<meta property=\"og:image:width\" content=\"1509\" \/>\n\t<meta property=\"og:image:height\" content=\"832\" \/>\n\t<meta property=\"og:image:type\" content=\"image\/jpeg\" \/>\n<meta name=\"author\" content=\"JP\" \/>\n<meta name=\"twitter:card\" content=\"summary_large_image\" \/>\n<meta name=\"twitter:label1\" content=\"Escrito por\" \/>\n\t<meta name=\"twitter:data1\" content=\"JP\" \/>\n\t<meta name=\"twitter:label2\" content=\"Est. tempo de leitura\" \/>\n\t<meta name=\"twitter:data2\" content=\"3 minutos\" \/>\n<script type=\"application\/ld+json\" class=\"yoast-schema-graph\">{\"@context\":\"https:\/\/schema.org\",\"@graph\":[{\"@type\":\"Article\",\"@id\":\"https:\/\/bahiaeconomica.com.br\/wp\/2026\/03\/05\/programa-que-investiga-ruralidades-no-brasil-estreia-na-bahia-com-exibicao-nacional-confirmada\/#article\",\"isPartOf\":{\"@id\":\"https:\/\/bahiaeconomica.com.br\/wp\/2026\/03\/05\/programa-que-investiga-ruralidades-no-brasil-estreia-na-bahia-com-exibicao-nacional-confirmada\/\"},\"author\":{\"name\":\"JP\",\"@id\":\"https:\/\/bahiaeconomica.com.br\/wp\/#\/schema\/person\/c86d3a3f8960425a0f9d0e5245991f4e\"},\"headline\":\"PROGRAMA QUE INVESTIGA RURALIDADES NO BRASIL ESTREIA NA BAHIA COM EXIBI\u00c7\u00c3O NACIONAL CONFIRMADA\",\"datePublished\":\"2026-03-05T15:36:00+00:00\",\"dateModified\":\"2026-03-05T15:36:00+00:00\",\"mainEntityOfPage\":{\"@id\":\"https:\/\/bahiaeconomica.com.br\/wp\/2026\/03\/05\/programa-que-investiga-ruralidades-no-brasil-estreia-na-bahia-com-exibicao-nacional-confirmada\/\"},\"wordCount\":470,\"publisher\":{\"@id\":\"https:\/\/bahiaeconomica.com.br\/wp\/#organization\"},\"keywords\":[\"Bahia\",\"ruralidades\"],\"articleSection\":[\"MUNIC\u00cdPIOS\"],\"inLanguage\":\"pt-BR\"},{\"@type\":\"WebPage\",\"@id\":\"https:\/\/bahiaeconomica.com.br\/wp\/2026\/03\/05\/programa-que-investiga-ruralidades-no-brasil-estreia-na-bahia-com-exibicao-nacional-confirmada\/\",\"url\":\"https:\/\/bahiaeconomica.com.br\/wp\/2026\/03\/05\/programa-que-investiga-ruralidades-no-brasil-estreia-na-bahia-com-exibicao-nacional-confirmada\/\",\"name\":\"PROGRAMA QUE INVESTIGA RURALIDADES NO BRASIL ESTREIA NA BAHIA COM EXIBI\u00c7\u00c3O NACIONAL CONFIRMADA - Bahia Economica\",\"isPartOf\":{\"@id\":\"https:\/\/bahiaeconomica.com.br\/wp\/#website\"},\"datePublished\":\"2026-03-05T15:36:00+00:00\",\"dateModified\":\"2026-03-05T15:36:00+00:00\",\"description\":\"O maior portal de Economia da Bahia MUNIC\u00cdPIOS Bahia Economica A s\u00e9rie documental \u201cRuralidades\u201d, da T\u00eam Dend\u00ea Produ\u00e7\u00f5es,\",\"breadcrumb\":{\"@id\":\"https:\/\/bahiaeconomica.com.br\/wp\/2026\/03\/05\/programa-que-investiga-ruralidades-no-brasil-estreia-na-bahia-com-exibicao-nacional-confirmada\/#breadcrumb\"},\"inLanguage\":\"pt-BR\",\"potentialAction\":[{\"@type\":\"ReadAction\",\"target\":[\"https:\/\/bahiaeconomica.com.br\/wp\/2026\/03\/05\/programa-que-investiga-ruralidades-no-brasil-estreia-na-bahia-com-exibicao-nacional-confirmada\/\"]}]},{\"@type\":\"BreadcrumbList\",\"@id\":\"https:\/\/bahiaeconomica.com.br\/wp\/2026\/03\/05\/programa-que-investiga-ruralidades-no-brasil-estreia-na-bahia-com-exibicao-nacional-confirmada\/#breadcrumb\",\"itemListElement\":[{\"@type\":\"ListItem\",\"position\":1,\"name\":\"In\u00edcio\",\"item\":\"https:\/\/bahiaeconomica.com.br\/wp\/\"},{\"@type\":\"ListItem\",\"position\":2,\"name\":\"PROGRAMA QUE INVESTIGA RURALIDADES NO BRASIL ESTREIA NA BAHIA COM EXIBI\u00c7\u00c3O NACIONAL CONFIRMADA\"}]},{\"@type\":\"WebSite\",\"@id\":\"https:\/\/bahiaeconomica.com.br\/wp\/#website\",\"url\":\"https:\/\/bahiaeconomica.com.br\/wp\/\",\"name\":\"Bahia Economica\",\"description\":\"O maior portal de Economia da Bahia\",\"publisher\":{\"@id\":\"https:\/\/bahiaeconomica.com.br\/wp\/#organization\"},\"potentialAction\":[{\"@type\":\"SearchAction\",\"target\":{\"@type\":\"EntryPoint\",\"urlTemplate\":\"https:\/\/bahiaeconomica.com.br\/wp\/?s={search_term_string}\"},\"query-input\":\"required name=search_term_string\"}],\"inLanguage\":\"pt-BR\"},{\"@type\":\"Organization\",\"@id\":\"https:\/\/bahiaeconomica.com.br\/wp\/#organization\",\"name\":\"Bahia Econ\u00f4mica\",\"url\":\"https:\/\/bahiaeconomica.com.br\/wp\/\",\"logo\":{\"@type\":\"ImageObject\",\"inLanguage\":\"pt-BR\",\"@id\":\"https:\/\/bahiaeconomica.com.br\/wp\/#\/schema\/logo\/image\/\",\"url\":\"https:\/\/bahiaeconomica.com.br\/wp\/wp-content\/uploads\/2020\/12\/cropped-BE.png\",\"contentUrl\":\"https:\/\/bahiaeconomica.com.br\/wp\/wp-content\/uploads\/2020\/12\/cropped-BE.png\",\"width\":512,\"height\":512,\"caption\":\"Bahia Econ\u00f4mica\"},\"image\":{\"@id\":\"https:\/\/bahiaeconomica.com.br\/wp\/#\/schema\/logo\/image\/\"},\"sameAs\":[\"https:\/\/www.facebook.com\/bahiaeconomica\"]},{\"@type\":\"Person\",\"@id\":\"https:\/\/bahiaeconomica.com.br\/wp\/#\/schema\/person\/c86d3a3f8960425a0f9d0e5245991f4e\",\"name\":\"JP\",\"sameAs\":[\"https:\/\/bahiaeconomica.com.br\/wp\/beta\/\"],\"url\":\"https:\/\/bahiaeconomica.com.br\/wp\/author\/jp\/\"}]}<\/script>\n<!-- \/ Yoast SEO plugin. -->","yoast_head_json":{"title":"PROGRAMA QUE INVESTIGA RURALIDADES NO BRASIL ESTREIA NA BAHIA COM EXIBI\u00c7\u00c3O NACIONAL CONFIRMADA - Bahia Economica","description":"O maior portal de Economia da Bahia MUNIC\u00cdPIOS Bahia Economica A s\u00e9rie documental \u201cRuralidades\u201d, da T\u00eam Dend\u00ea Produ\u00e7\u00f5es,","robots":{"index":"index","follow":"follow","max-snippet":"max-snippet:-1","max-image-preview":"max-image-preview:large","max-video-preview":"max-video-preview:-1"},"canonical":"https:\/\/bahiaeconomica.com.br\/wp\/2026\/03\/05\/programa-que-investiga-ruralidades-no-brasil-estreia-na-bahia-com-exibicao-nacional-confirmada\/","og_locale":"pt_BR","og_type":"article","og_title":"PROGRAMA QUE INVESTIGA RURALIDADES NO BRASIL ESTREIA NA BAHIA COM EXIBI\u00c7\u00c3O NACIONAL CONFIRMADA - Bahia Economica","og_description":"O maior portal de Economia da Bahia MUNIC\u00cdPIOS Bahia Economica A s\u00e9rie documental \u201cRuralidades\u201d, da T\u00eam Dend\u00ea Produ\u00e7\u00f5es,","og_url":"https:\/\/bahiaeconomica.com.br\/wp\/2026\/03\/05\/programa-que-investiga-ruralidades-no-brasil-estreia-na-bahia-com-exibicao-nacional-confirmada\/","og_site_name":"Bahia Economica","article_publisher":"https:\/\/www.facebook.com\/bahiaeconomica","article_published_time":"2026-03-05T15:36:00+00:00","og_image":[{"width":1509,"height":832,"url":"https:\/\/bahiaeconomica.com.br\/wp\/wp-content\/uploads\/2026\/03\/WhatsApp-Image-2026-03-05-at-10.59.46.jpeg","type":"image\/jpeg"}],"author":"JP","twitter_card":"summary_large_image","twitter_misc":{"Escrito por":"JP","Est. tempo de leitura":"3 minutos"},"schema":{"@context":"https:\/\/schema.org","@graph":[{"@type":"Article","@id":"https:\/\/bahiaeconomica.com.br\/wp\/2026\/03\/05\/programa-que-investiga-ruralidades-no-brasil-estreia-na-bahia-com-exibicao-nacional-confirmada\/#article","isPartOf":{"@id":"https:\/\/bahiaeconomica.com.br\/wp\/2026\/03\/05\/programa-que-investiga-ruralidades-no-brasil-estreia-na-bahia-com-exibicao-nacional-confirmada\/"},"author":{"name":"JP","@id":"https:\/\/bahiaeconomica.com.br\/wp\/#\/schema\/person\/c86d3a3f8960425a0f9d0e5245991f4e"},"headline":"PROGRAMA QUE INVESTIGA RURALIDADES NO BRASIL ESTREIA NA BAHIA COM EXIBI\u00c7\u00c3O NACIONAL CONFIRMADA","datePublished":"2026-03-05T15:36:00+00:00","dateModified":"2026-03-05T15:36:00+00:00","mainEntityOfPage":{"@id":"https:\/\/bahiaeconomica.com.br\/wp\/2026\/03\/05\/programa-que-investiga-ruralidades-no-brasil-estreia-na-bahia-com-exibicao-nacional-confirmada\/"},"wordCount":470,"publisher":{"@id":"https:\/\/bahiaeconomica.com.br\/wp\/#organization"},"keywords":["Bahia","ruralidades"],"articleSection":["MUNIC\u00cdPIOS"],"inLanguage":"pt-BR"},{"@type":"WebPage","@id":"https:\/\/bahiaeconomica.com.br\/wp\/2026\/03\/05\/programa-que-investiga-ruralidades-no-brasil-estreia-na-bahia-com-exibicao-nacional-confirmada\/","url":"https:\/\/bahiaeconomica.com.br\/wp\/2026\/03\/05\/programa-que-investiga-ruralidades-no-brasil-estreia-na-bahia-com-exibicao-nacional-confirmada\/","name":"PROGRAMA QUE INVESTIGA RURALIDADES NO BRASIL ESTREIA NA BAHIA COM EXIBI\u00c7\u00c3O NACIONAL CONFIRMADA - Bahia Economica","isPartOf":{"@id":"https:\/\/bahiaeconomica.com.br\/wp\/#website"},"datePublished":"2026-03-05T15:36:00+00:00","dateModified":"2026-03-05T15:36:00+00:00","description":"O maior portal de Economia da Bahia MUNIC\u00cdPIOS Bahia Economica A s\u00e9rie documental \u201cRuralidades\u201d, da T\u00eam Dend\u00ea Produ\u00e7\u00f5es,","breadcrumb":{"@id":"https:\/\/bahiaeconomica.com.br\/wp\/2026\/03\/05\/programa-que-investiga-ruralidades-no-brasil-estreia-na-bahia-com-exibicao-nacional-confirmada\/#breadcrumb"},"inLanguage":"pt-BR","potentialAction":[{"@type":"ReadAction","target":["https:\/\/bahiaeconomica.com.br\/wp\/2026\/03\/05\/programa-que-investiga-ruralidades-no-brasil-estreia-na-bahia-com-exibicao-nacional-confirmada\/"]}]},{"@type":"BreadcrumbList","@id":"https:\/\/bahiaeconomica.com.br\/wp\/2026\/03\/05\/programa-que-investiga-ruralidades-no-brasil-estreia-na-bahia-com-exibicao-nacional-confirmada\/#breadcrumb","itemListElement":[{"@type":"ListItem","position":1,"name":"In\u00edcio","item":"https:\/\/bahiaeconomica.com.br\/wp\/"},{"@type":"ListItem","position":2,"name":"PROGRAMA QUE INVESTIGA RURALIDADES NO BRASIL ESTREIA NA BAHIA COM EXIBI\u00c7\u00c3O NACIONAL CONFIRMADA"}]},{"@type":"WebSite","@id":"https:\/\/bahiaeconomica.com.br\/wp\/#website","url":"https:\/\/bahiaeconomica.com.br\/wp\/","name":"Bahia Economica","description":"O maior portal de Economia da Bahia","publisher":{"@id":"https:\/\/bahiaeconomica.com.br\/wp\/#organization"},"potentialAction":[{"@type":"SearchAction","target":{"@type":"EntryPoint","urlTemplate":"https:\/\/bahiaeconomica.com.br\/wp\/?s={search_term_string}"},"query-input":"required name=search_term_string"}],"inLanguage":"pt-BR"},{"@type":"Organization","@id":"https:\/\/bahiaeconomica.com.br\/wp\/#organization","name":"Bahia Econ\u00f4mica","url":"https:\/\/bahiaeconomica.com.br\/wp\/","logo":{"@type":"ImageObject","inLanguage":"pt-BR","@id":"https:\/\/bahiaeconomica.com.br\/wp\/#\/schema\/logo\/image\/","url":"https:\/\/bahiaeconomica.com.br\/wp\/wp-content\/uploads\/2020\/12\/cropped-BE.png","contentUrl":"https:\/\/bahiaeconomica.com.br\/wp\/wp-content\/uploads\/2020\/12\/cropped-BE.png","width":512,"height":512,"caption":"Bahia Econ\u00f4mica"},"image":{"@id":"https:\/\/bahiaeconomica.com.br\/wp\/#\/schema\/logo\/image\/"},"sameAs":["https:\/\/www.facebook.com\/bahiaeconomica"]},{"@type":"Person","@id":"https:\/\/bahiaeconomica.com.br\/wp\/#\/schema\/person\/c86d3a3f8960425a0f9d0e5245991f4e","name":"JP","sameAs":["https:\/\/bahiaeconomica.com.br\/wp\/beta\/"],"url":"https:\/\/bahiaeconomica.com.br\/wp\/author\/jp\/"}]}},"views":13,"_links":{"self":[{"href":"https:\/\/bahiaeconomica.com.br\/wp\/wp-json\/wp\/v2\/posts\/978885"}],"collection":[{"href":"https:\/\/bahiaeconomica.com.br\/wp\/wp-json\/wp\/v2\/posts"}],"about":[{"href":"https:\/\/bahiaeconomica.com.br\/wp\/wp-json\/wp\/v2\/types\/post"}],"author":[{"embeddable":true,"href":"https:\/\/bahiaeconomica.com.br\/wp\/wp-json\/wp\/v2\/users\/8"}],"replies":[{"embeddable":true,"href":"https:\/\/bahiaeconomica.com.br\/wp\/wp-json\/wp\/v2\/comments?post=978885"}],"version-history":[{"count":1,"href":"https:\/\/bahiaeconomica.com.br\/wp\/wp-json\/wp\/v2\/posts\/978885\/revisions"}],"predecessor-version":[{"id":978887,"href":"https:\/\/bahiaeconomica.com.br\/wp\/wp-json\/wp\/v2\/posts\/978885\/revisions\/978887"}],"wp:featuredmedia":[{"embeddable":true,"href":"https:\/\/bahiaeconomica.com.br\/wp\/wp-json\/wp\/v2\/media\/978886"}],"wp:attachment":[{"href":"https:\/\/bahiaeconomica.com.br\/wp\/wp-json\/wp\/v2\/media?parent=978885"}],"wp:term":[{"taxonomy":"category","embeddable":true,"href":"https:\/\/bahiaeconomica.com.br\/wp\/wp-json\/wp\/v2\/categories?post=978885"},{"taxonomy":"post_tag","embeddable":true,"href":"https:\/\/bahiaeconomica.com.br\/wp\/wp-json\/wp\/v2\/tags?post=978885"}],"curies":[{"name":"wp","href":"https:\/\/api.w.org\/{rel}","templated":true}]}}