{"id":978760,"date":"2026-03-04T15:00:30","date_gmt":"2026-03-04T18:00:30","guid":{"rendered":"https:\/\/bahiaeconomica.com.br\/wp\/?p=978760"},"modified":"2026-03-04T20:32:30","modified_gmt":"2026-03-04T23:32:30","slug":"brigaderia-belga-inaugura-primeira-unidade-na-capital-baiana-no-shopping-barra","status":"publish","type":"post","link":"https:\/\/bahiaeconomica.com.br\/wp\/2026\/03\/04\/brigaderia-belga-inaugura-primeira-unidade-na-capital-baiana-no-shopping-barra\/","title":{"rendered":"BRIGADERIA BELGA INAUGURA PRIMEIRA UNIDADE NA CAPITAL BAIANA, NO SHOPPING BARRA"},"content":{"rendered":"<p>Depois do sucesso na CASACOR Bahia 2025, a Brigaderia Belga chegou para ficar em Salvador. A confeitaria inaugurou a sua primeira unidade na capital baiana, localizada no L3 Leste do Shopping Barra, marcando um novo cap\u00edtulo em sua trajet\u00f3ria de 13 anos de atua\u00e7\u00e3o em Feira de Santana.<\/p>\n<p>Com identidade pr\u00f3pria e um card\u00e1pio preparado de forma artesanal, a marca passa a integrar o cen\u00e1rio gastron\u00f4mico da cidade levando ao p\u00fablico a proposta que a consolidou no interior do estado: uma confeitaria que aposta em tortas delicadas, quiches finos, doces cl\u00e1ssicos e caf\u00e9s especiais, preparados com t\u00e9cnica e cuidado em cada etapa da produ\u00e7\u00e3o.<\/p>\n<p>Na unidade do Shopping Barra, a Brigaderia Belga chega com opera\u00e7\u00e3o completa de cafeteria, doces, salgados e almo\u00e7o executivo, ampliando a experi\u00eancia para diferentes momentos do dia. Entre os destaques est\u00e3o ainda os tradicionais brigadeiros da marca, que inovam em sabores como capim santo, mel\u00e3o, figo, ninho com Nutella, camafeu, pistache, belga, prest\u00edgio, beijinho, lolo, al\u00e9m do cl\u00e1ssico chocolate. A casa tamb\u00e9m mant\u00e9m sua linha de sequilhos artesanais, que refor\u00e7am a identidade da marca.<\/p>\n<p>As tortas seguem como protagonistas do card\u00e1pio. A Torta Ninho com Lim\u00e3o conquista pelo frescor equilibrado; a vers\u00e3o com Nutella revela o lado mais intenso da p\u00e2tisserie da casa; a Torta Ninho com Frutas Vermelhas e a Folhada de Morango, tamb\u00e9m no sabor pistache, atendem os que buscam combina\u00e7\u00f5es frutadas; e, no universo do chocolate, a Torta Crocante se destaca pelo contraste de texturas e camadas precisas. Sabores como Floresta Negra e combina\u00e7\u00f5es com Sonho de Valsa tamb\u00e9m integram a sele\u00e7\u00e3o.<\/p>\n<p>A linha de sobremesas individuais inclui o Brownie Supremo com Sorvete, a tradicional Fatia B\u00falgara, a Torta Tr\u00eas Leites e a de Brigadeiro Especial, presente tamb\u00e9m no combo de Ch\u00e1 da Tarde, servido com mini-tortas e salgados.<\/p>\n<p>Entre as op\u00e7\u00f5es salgadas, o card\u00e1pio re\u00fane op\u00e7\u00f5es como Crock Monsieur de Camar\u00e3o, Bem-Casado de Frango, croquete de bacalhau com maturi, al\u00e9m de folhadas de camar\u00e3o, frango e peito de peru. Os quiches aparecem em vers\u00f5es como damasco com gorgonzola, carne seca com banana e shimeji. A Brigaderia Belga ainda oferece croissants recheados e pizzas individuais, como gorgonzola com pesto, frango com catupiry, lombinho com chutney e marguerita.<\/p>\n<p>Para o almo\u00e7o, a casa disponibiliza pratos executivos, com saladas, panquecas e rondellis, ampliando a proposta da casa para al\u00e9m da confeitaria e consolidando a opera\u00e7\u00e3o como cafeteria completa. A unidade de Feira de Santana segue funcionamento normalmente.<\/p>\n","protected":false},"excerpt":{"rendered":"<p>Depois do sucesso na CASACOR Bahia 2025, a Brigaderia Belga chegou para ficar em Salvador. A confeitaria inaugurou a sua primeira unidade na capital baiana, localizada no L3 Leste do Shopping Barra, marcando um novo cap\u00edtulo em sua trajet\u00f3ria de 13 anos de atua\u00e7\u00e3o em Feira de Santana. Com identidade pr\u00f3pria e um card\u00e1pio preparado [&hellip;]<\/p>\n","protected":false},"author":8,"featured_media":978761,"comment_status":"closed","ping_status":"closed","sticky":false,"template":"","format":"standard","meta":[],"categories":[3],"tags":[52,43825],"acf":[],"yoast_head":"<!-- This site is optimized with the Yoast SEO plugin v20.8 - https:\/\/yoast.com\/wordpress\/plugins\/seo\/ -->\n<title>BRIGADERIA BELGA INAUGURA PRIMEIRA UNIDADE NA CAPITAL BAIANA, NO SHOPPING BARRA - Bahia Economica<\/title>\n<meta name=\"description\" content=\"O maior portal de Economia da Bahia ECONOMIA \/ POL\u00cdTICA Bahia Economica Depois do sucesso na CASACOR Bahia 2025, a Brigaderia Belga\" \/>\n<meta name=\"robots\" content=\"index, follow, max-snippet:-1, max-image-preview:large, max-video-preview:-1\" \/>\n<link rel=\"canonical\" href=\"https:\/\/bahiaeconomica.com.br\/wp\/2026\/03\/04\/brigaderia-belga-inaugura-primeira-unidade-na-capital-baiana-no-shopping-barra\/\" \/>\n<meta property=\"og:locale\" content=\"pt_BR\" \/>\n<meta property=\"og:type\" content=\"article\" \/>\n<meta property=\"og:title\" content=\"BRIGADERIA BELGA INAUGURA PRIMEIRA UNIDADE NA CAPITAL BAIANA, NO SHOPPING BARRA - Bahia Economica\" \/>\n<meta property=\"og:description\" content=\"O maior portal de Economia da Bahia ECONOMIA \/ POL\u00cdTICA Bahia Economica Depois do sucesso na CASACOR Bahia 2025, a Brigaderia Belga\" \/>\n<meta property=\"og:url\" content=\"https:\/\/bahiaeconomica.com.br\/wp\/2026\/03\/04\/brigaderia-belga-inaugura-primeira-unidade-na-capital-baiana-no-shopping-barra\/\" \/>\n<meta property=\"og:site_name\" content=\"Bahia Economica\" \/>\n<meta property=\"article:publisher\" content=\"https:\/\/www.facebook.com\/bahiaeconomica\" \/>\n<meta property=\"article:published_time\" content=\"2026-03-04T18:00:30+00:00\" \/>\n<meta property=\"article:modified_time\" content=\"2026-03-04T23:32:30+00:00\" \/>\n<meta property=\"og:image\" content=\"https:\/\/bahiaeconomica.com.br\/wp\/wp-content\/uploads\/2026\/03\/WhatsApp-Image-2026-03-04-at-18.28.26.jpeg\" \/>\n\t<meta property=\"og:image:width\" content=\"1600\" \/>\n\t<meta property=\"og:image:height\" content=\"906\" \/>\n\t<meta property=\"og:image:type\" content=\"image\/jpeg\" \/>\n<meta name=\"author\" content=\"JP\" \/>\n<meta name=\"twitter:card\" content=\"summary_large_image\" \/>\n<meta name=\"twitter:label1\" content=\"Escrito por\" \/>\n\t<meta name=\"twitter:data1\" content=\"JP\" \/>\n\t<meta name=\"twitter:label2\" content=\"Est. tempo de leitura\" \/>\n\t<meta name=\"twitter:data2\" content=\"3 minutos\" \/>\n<script type=\"application\/ld+json\" class=\"yoast-schema-graph\">{\"@context\":\"https:\/\/schema.org\",\"@graph\":[{\"@type\":\"Article\",\"@id\":\"https:\/\/bahiaeconomica.com.br\/wp\/2026\/03\/04\/brigaderia-belga-inaugura-primeira-unidade-na-capital-baiana-no-shopping-barra\/#article\",\"isPartOf\":{\"@id\":\"https:\/\/bahiaeconomica.com.br\/wp\/2026\/03\/04\/brigaderia-belga-inaugura-primeira-unidade-na-capital-baiana-no-shopping-barra\/\"},\"author\":{\"name\":\"JP\",\"@id\":\"https:\/\/bahiaeconomica.com.br\/wp\/#\/schema\/person\/c86d3a3f8960425a0f9d0e5245991f4e\"},\"headline\":\"BRIGADERIA BELGA INAUGURA PRIMEIRA UNIDADE NA CAPITAL BAIANA, NO SHOPPING BARRA\",\"datePublished\":\"2026-03-04T18:00:30+00:00\",\"dateModified\":\"2026-03-04T23:32:30+00:00\",\"mainEntityOfPage\":{\"@id\":\"https:\/\/bahiaeconomica.com.br\/wp\/2026\/03\/04\/brigaderia-belga-inaugura-primeira-unidade-na-capital-baiana-no-shopping-barra\/\"},\"wordCount\":457,\"publisher\":{\"@id\":\"https:\/\/bahiaeconomica.com.br\/wp\/#organization\"},\"keywords\":[\"Brasil\",\"brigadeiro\"],\"articleSection\":[\"ECONOMIA \/ POL\u00cdTICA\"],\"inLanguage\":\"pt-BR\"},{\"@type\":\"WebPage\",\"@id\":\"https:\/\/bahiaeconomica.com.br\/wp\/2026\/03\/04\/brigaderia-belga-inaugura-primeira-unidade-na-capital-baiana-no-shopping-barra\/\",\"url\":\"https:\/\/bahiaeconomica.com.br\/wp\/2026\/03\/04\/brigaderia-belga-inaugura-primeira-unidade-na-capital-baiana-no-shopping-barra\/\",\"name\":\"BRIGADERIA BELGA INAUGURA PRIMEIRA UNIDADE NA CAPITAL BAIANA, NO SHOPPING BARRA - Bahia Economica\",\"isPartOf\":{\"@id\":\"https:\/\/bahiaeconomica.com.br\/wp\/#website\"},\"datePublished\":\"2026-03-04T18:00:30+00:00\",\"dateModified\":\"2026-03-04T23:32:30+00:00\",\"description\":\"O maior portal de Economia da Bahia ECONOMIA \/ POL\u00cdTICA Bahia Economica Depois do sucesso na CASACOR Bahia 2025, a Brigaderia Belga\",\"breadcrumb\":{\"@id\":\"https:\/\/bahiaeconomica.com.br\/wp\/2026\/03\/04\/brigaderia-belga-inaugura-primeira-unidade-na-capital-baiana-no-shopping-barra\/#breadcrumb\"},\"inLanguage\":\"pt-BR\",\"potentialAction\":[{\"@type\":\"ReadAction\",\"target\":[\"https:\/\/bahiaeconomica.com.br\/wp\/2026\/03\/04\/brigaderia-belga-inaugura-primeira-unidade-na-capital-baiana-no-shopping-barra\/\"]}]},{\"@type\":\"BreadcrumbList\",\"@id\":\"https:\/\/bahiaeconomica.com.br\/wp\/2026\/03\/04\/brigaderia-belga-inaugura-primeira-unidade-na-capital-baiana-no-shopping-barra\/#breadcrumb\",\"itemListElement\":[{\"@type\":\"ListItem\",\"position\":1,\"name\":\"In\u00edcio\",\"item\":\"https:\/\/bahiaeconomica.com.br\/wp\/\"},{\"@type\":\"ListItem\",\"position\":2,\"name\":\"BRIGADERIA BELGA INAUGURA PRIMEIRA UNIDADE NA CAPITAL BAIANA, NO SHOPPING BARRA\"}]},{\"@type\":\"WebSite\",\"@id\":\"https:\/\/bahiaeconomica.com.br\/wp\/#website\",\"url\":\"https:\/\/bahiaeconomica.com.br\/wp\/\",\"name\":\"Bahia Economica\",\"description\":\"O maior portal de Economia da Bahia\",\"publisher\":{\"@id\":\"https:\/\/bahiaeconomica.com.br\/wp\/#organization\"},\"potentialAction\":[{\"@type\":\"SearchAction\",\"target\":{\"@type\":\"EntryPoint\",\"urlTemplate\":\"https:\/\/bahiaeconomica.com.br\/wp\/?s={search_term_string}\"},\"query-input\":\"required name=search_term_string\"}],\"inLanguage\":\"pt-BR\"},{\"@type\":\"Organization\",\"@id\":\"https:\/\/bahiaeconomica.com.br\/wp\/#organization\",\"name\":\"Bahia Econ\u00f4mica\",\"url\":\"https:\/\/bahiaeconomica.com.br\/wp\/\",\"logo\":{\"@type\":\"ImageObject\",\"inLanguage\":\"pt-BR\",\"@id\":\"https:\/\/bahiaeconomica.com.br\/wp\/#\/schema\/logo\/image\/\",\"url\":\"https:\/\/bahiaeconomica.com.br\/wp\/wp-content\/uploads\/2020\/12\/cropped-BE.png\",\"contentUrl\":\"https:\/\/bahiaeconomica.com.br\/wp\/wp-content\/uploads\/2020\/12\/cropped-BE.png\",\"width\":512,\"height\":512,\"caption\":\"Bahia Econ\u00f4mica\"},\"image\":{\"@id\":\"https:\/\/bahiaeconomica.com.br\/wp\/#\/schema\/logo\/image\/\"},\"sameAs\":[\"https:\/\/www.facebook.com\/bahiaeconomica\"]},{\"@type\":\"Person\",\"@id\":\"https:\/\/bahiaeconomica.com.br\/wp\/#\/schema\/person\/c86d3a3f8960425a0f9d0e5245991f4e\",\"name\":\"JP\",\"sameAs\":[\"https:\/\/bahiaeconomica.com.br\/wp\/beta\/\"],\"url\":\"https:\/\/bahiaeconomica.com.br\/wp\/author\/jp\/\"}]}<\/script>\n<!-- \/ Yoast SEO plugin. -->","yoast_head_json":{"title":"BRIGADERIA BELGA INAUGURA PRIMEIRA UNIDADE NA CAPITAL BAIANA, NO SHOPPING BARRA - Bahia Economica","description":"O maior portal de Economia da Bahia ECONOMIA \/ POL\u00cdTICA Bahia Economica Depois do sucesso na CASACOR Bahia 2025, a Brigaderia Belga","robots":{"index":"index","follow":"follow","max-snippet":"max-snippet:-1","max-image-preview":"max-image-preview:large","max-video-preview":"max-video-preview:-1"},"canonical":"https:\/\/bahiaeconomica.com.br\/wp\/2026\/03\/04\/brigaderia-belga-inaugura-primeira-unidade-na-capital-baiana-no-shopping-barra\/","og_locale":"pt_BR","og_type":"article","og_title":"BRIGADERIA BELGA INAUGURA PRIMEIRA UNIDADE NA CAPITAL BAIANA, NO SHOPPING BARRA - Bahia Economica","og_description":"O maior portal de Economia da Bahia ECONOMIA \/ POL\u00cdTICA Bahia Economica Depois do sucesso na CASACOR Bahia 2025, a Brigaderia Belga","og_url":"https:\/\/bahiaeconomica.com.br\/wp\/2026\/03\/04\/brigaderia-belga-inaugura-primeira-unidade-na-capital-baiana-no-shopping-barra\/","og_site_name":"Bahia Economica","article_publisher":"https:\/\/www.facebook.com\/bahiaeconomica","article_published_time":"2026-03-04T18:00:30+00:00","article_modified_time":"2026-03-04T23:32:30+00:00","og_image":[{"width":1600,"height":906,"url":"https:\/\/bahiaeconomica.com.br\/wp\/wp-content\/uploads\/2026\/03\/WhatsApp-Image-2026-03-04-at-18.28.26.jpeg","type":"image\/jpeg"}],"author":"JP","twitter_card":"summary_large_image","twitter_misc":{"Escrito por":"JP","Est. tempo de leitura":"3 minutos"},"schema":{"@context":"https:\/\/schema.org","@graph":[{"@type":"Article","@id":"https:\/\/bahiaeconomica.com.br\/wp\/2026\/03\/04\/brigaderia-belga-inaugura-primeira-unidade-na-capital-baiana-no-shopping-barra\/#article","isPartOf":{"@id":"https:\/\/bahiaeconomica.com.br\/wp\/2026\/03\/04\/brigaderia-belga-inaugura-primeira-unidade-na-capital-baiana-no-shopping-barra\/"},"author":{"name":"JP","@id":"https:\/\/bahiaeconomica.com.br\/wp\/#\/schema\/person\/c86d3a3f8960425a0f9d0e5245991f4e"},"headline":"BRIGADERIA BELGA INAUGURA PRIMEIRA UNIDADE NA CAPITAL BAIANA, NO SHOPPING BARRA","datePublished":"2026-03-04T18:00:30+00:00","dateModified":"2026-03-04T23:32:30+00:00","mainEntityOfPage":{"@id":"https:\/\/bahiaeconomica.com.br\/wp\/2026\/03\/04\/brigaderia-belga-inaugura-primeira-unidade-na-capital-baiana-no-shopping-barra\/"},"wordCount":457,"publisher":{"@id":"https:\/\/bahiaeconomica.com.br\/wp\/#organization"},"keywords":["Brasil","brigadeiro"],"articleSection":["ECONOMIA \/ POL\u00cdTICA"],"inLanguage":"pt-BR"},{"@type":"WebPage","@id":"https:\/\/bahiaeconomica.com.br\/wp\/2026\/03\/04\/brigaderia-belga-inaugura-primeira-unidade-na-capital-baiana-no-shopping-barra\/","url":"https:\/\/bahiaeconomica.com.br\/wp\/2026\/03\/04\/brigaderia-belga-inaugura-primeira-unidade-na-capital-baiana-no-shopping-barra\/","name":"BRIGADERIA BELGA INAUGURA PRIMEIRA UNIDADE NA CAPITAL BAIANA, NO SHOPPING BARRA - Bahia Economica","isPartOf":{"@id":"https:\/\/bahiaeconomica.com.br\/wp\/#website"},"datePublished":"2026-03-04T18:00:30+00:00","dateModified":"2026-03-04T23:32:30+00:00","description":"O maior portal de Economia da Bahia ECONOMIA \/ POL\u00cdTICA Bahia Economica Depois do sucesso na CASACOR Bahia 2025, a Brigaderia Belga","breadcrumb":{"@id":"https:\/\/bahiaeconomica.com.br\/wp\/2026\/03\/04\/brigaderia-belga-inaugura-primeira-unidade-na-capital-baiana-no-shopping-barra\/#breadcrumb"},"inLanguage":"pt-BR","potentialAction":[{"@type":"ReadAction","target":["https:\/\/bahiaeconomica.com.br\/wp\/2026\/03\/04\/brigaderia-belga-inaugura-primeira-unidade-na-capital-baiana-no-shopping-barra\/"]}]},{"@type":"BreadcrumbList","@id":"https:\/\/bahiaeconomica.com.br\/wp\/2026\/03\/04\/brigaderia-belga-inaugura-primeira-unidade-na-capital-baiana-no-shopping-barra\/#breadcrumb","itemListElement":[{"@type":"ListItem","position":1,"name":"In\u00edcio","item":"https:\/\/bahiaeconomica.com.br\/wp\/"},{"@type":"ListItem","position":2,"name":"BRIGADERIA BELGA INAUGURA PRIMEIRA UNIDADE NA CAPITAL BAIANA, NO SHOPPING BARRA"}]},{"@type":"WebSite","@id":"https:\/\/bahiaeconomica.com.br\/wp\/#website","url":"https:\/\/bahiaeconomica.com.br\/wp\/","name":"Bahia Economica","description":"O maior portal de Economia da Bahia","publisher":{"@id":"https:\/\/bahiaeconomica.com.br\/wp\/#organization"},"potentialAction":[{"@type":"SearchAction","target":{"@type":"EntryPoint","urlTemplate":"https:\/\/bahiaeconomica.com.br\/wp\/?s={search_term_string}"},"query-input":"required name=search_term_string"}],"inLanguage":"pt-BR"},{"@type":"Organization","@id":"https:\/\/bahiaeconomica.com.br\/wp\/#organization","name":"Bahia Econ\u00f4mica","url":"https:\/\/bahiaeconomica.com.br\/wp\/","logo":{"@type":"ImageObject","inLanguage":"pt-BR","@id":"https:\/\/bahiaeconomica.com.br\/wp\/#\/schema\/logo\/image\/","url":"https:\/\/bahiaeconomica.com.br\/wp\/wp-content\/uploads\/2020\/12\/cropped-BE.png","contentUrl":"https:\/\/bahiaeconomica.com.br\/wp\/wp-content\/uploads\/2020\/12\/cropped-BE.png","width":512,"height":512,"caption":"Bahia Econ\u00f4mica"},"image":{"@id":"https:\/\/bahiaeconomica.com.br\/wp\/#\/schema\/logo\/image\/"},"sameAs":["https:\/\/www.facebook.com\/bahiaeconomica"]},{"@type":"Person","@id":"https:\/\/bahiaeconomica.com.br\/wp\/#\/schema\/person\/c86d3a3f8960425a0f9d0e5245991f4e","name":"JP","sameAs":["https:\/\/bahiaeconomica.com.br\/wp\/beta\/"],"url":"https:\/\/bahiaeconomica.com.br\/wp\/author\/jp\/"}]}},"views":60,"_links":{"self":[{"href":"https:\/\/bahiaeconomica.com.br\/wp\/wp-json\/wp\/v2\/posts\/978760"}],"collection":[{"href":"https:\/\/bahiaeconomica.com.br\/wp\/wp-json\/wp\/v2\/posts"}],"about":[{"href":"https:\/\/bahiaeconomica.com.br\/wp\/wp-json\/wp\/v2\/types\/post"}],"author":[{"embeddable":true,"href":"https:\/\/bahiaeconomica.com.br\/wp\/wp-json\/wp\/v2\/users\/8"}],"replies":[{"embeddable":true,"href":"https:\/\/bahiaeconomica.com.br\/wp\/wp-json\/wp\/v2\/comments?post=978760"}],"version-history":[{"count":1,"href":"https:\/\/bahiaeconomica.com.br\/wp\/wp-json\/wp\/v2\/posts\/978760\/revisions"}],"predecessor-version":[{"id":978762,"href":"https:\/\/bahiaeconomica.com.br\/wp\/wp-json\/wp\/v2\/posts\/978760\/revisions\/978762"}],"wp:featuredmedia":[{"embeddable":true,"href":"https:\/\/bahiaeconomica.com.br\/wp\/wp-json\/wp\/v2\/media\/978761"}],"wp:attachment":[{"href":"https:\/\/bahiaeconomica.com.br\/wp\/wp-json\/wp\/v2\/media?parent=978760"}],"wp:term":[{"taxonomy":"category","embeddable":true,"href":"https:\/\/bahiaeconomica.com.br\/wp\/wp-json\/wp\/v2\/categories?post=978760"},{"taxonomy":"post_tag","embeddable":true,"href":"https:\/\/bahiaeconomica.com.br\/wp\/wp-json\/wp\/v2\/tags?post=978760"}],"curies":[{"name":"wp","href":"https:\/\/api.w.org\/{rel}","templated":true}]}}