{"id":978675,"date":"2026-03-04T16:22:49","date_gmt":"2026-03-04T19:22:49","guid":{"rendered":"https:\/\/bahiaeconomica.com.br\/wp\/?p=978675"},"modified":"2026-03-04T16:22:49","modified_gmt":"2026-03-04T19:22:49","slug":"camara-aprova-projeto-que-define-prazos-maximos-para-emissao-da-carteira-de-identidade","status":"publish","type":"post","link":"https:\/\/bahiaeconomica.com.br\/wp\/2026\/03\/04\/camara-aprova-projeto-que-define-prazos-maximos-para-emissao-da-carteira-de-identidade\/","title":{"rendered":"C\u00c2MARA APROVA PROJETO QUE DEFINE PRAZOS M\u00c1XIMOS PARA EMISS\u00c3O DA CARTEIRA DE IDENTIDADE"},"content":{"rendered":"<p data-start=\"93\" data-end=\"367\">A <span class=\"hover:entity-accent entity-underline inline cursor-pointer align-baseline\"><span class=\"whitespace-normal\">Comiss\u00e3o de Seguran\u00e7a P\u00fablica da C\u00e2mara dos Deputados<\/span><\/span> aprovou um projeto de lei que estabelece prazos m\u00e1ximos para a emiss\u00e3o da Carteira de Identidade, variando conforme a localidade. A proposta altera a Lei da Carteira de Identidade e busca agilizar o acesso da popula\u00e7\u00e3o ao documento.<\/p>\n<p data-start=\"369\" data-end=\"660\">De acordo com o texto aprovado, o prazo geral ser\u00e1 de at\u00e9 30 dias a partir da solicita\u00e7\u00e3o ou do agendamento pelo interessado. Em cidades com at\u00e9 50 mil habitantes, o documento dever\u00e1 ser entregue em at\u00e9 45 dias, enquanto em localidades isoladas geograficamente o prazo ser\u00e1 de at\u00e9 60 dias.<\/p>\n<p data-start=\"662\" data-end=\"976\">O relator, deputado <span class=\"hover:entity-accent entity-underline inline cursor-pointer align-baseline\"><span class=\"whitespace-normal\">Coronel Ulysses<\/span><\/span> (Uni\u00e3o-AC), ajustou os prazos previstos na proposta original do deputado <span class=\"hover:entity-accent entity-underline inline cursor-pointer align-baseline\"><span class=\"whitespace-normal\">Jos\u00e9 Guimar\u00e3es<\/span><\/span> (PT-CE), considerando a realidade de regi\u00f5es como a Amaz\u00f4nia. \u201cO prazo de 30 dias \u00e9 materialmente inexequ\u00edvel no contexto amaz\u00f4nico\u201d, explicou.<\/p>\n<p data-start=\"978\" data-end=\"1152\">Para Jos\u00e9 Guimar\u00e3es, a mudan\u00e7a na legisla\u00e7\u00e3o facilitar\u00e1 a emiss\u00e3o do documento, garantindo \u00e0 popula\u00e7\u00e3o melhor acesso a servi\u00e7os p\u00fablicos e benef\u00edcios da assist\u00eancia social.<\/p>\n<p data-start=\"1154\" data-end=\"1173\"><strong>Pr\u00f3ximos passos<\/strong><\/p>\n<p data-start=\"1175\" data-end=\"1375\">O projeto agora ser\u00e1 analisado, em car\u00e1ter conclusivo, pela <span class=\"hover:entity-accent entity-underline inline cursor-pointer align-baseline\"><span class=\"whitespace-normal\">Comiss\u00e3o de Constitui\u00e7\u00e3o e Justi\u00e7a e de Cidadania<\/span><\/span>. Para se tornar lei, o texto precisar\u00e1 ser aprovado pela C\u00e2mara dos Deputados e pelo Senado Federal.<\/p>\n<p data-start=\"1175\" data-end=\"1375\">Foto: Reprodu\u00e7\u00e3o<\/p>\n","protected":false},"excerpt":{"rendered":"<p>A Comiss\u00e3o de Seguran\u00e7a P\u00fablica da C\u00e2mara dos Deputados aprovou um projeto de lei que estabelece prazos m\u00e1ximos para a emiss\u00e3o da Carteira de Identidade, variando conforme a localidade. A proposta altera a Lei da Carteira de Identidade e busca agilizar o acesso da popula\u00e7\u00e3o ao documento. De acordo com o texto aprovado, o prazo [&hellip;]<\/p>\n","protected":false},"author":24,"featured_media":955044,"comment_status":"closed","ping_status":"closed","sticky":false,"template":"","format":"standard","meta":[],"categories":[14601],"tags":[1061,12413,671],"acf":[],"yoast_head":"<!-- This site is optimized with the Yoast SEO plugin v20.8 - https:\/\/yoast.com\/wordpress\/plugins\/seo\/ -->\n<title>C\u00c2MARA APROVA PROJETO QUE DEFINE PRAZOS M\u00c1XIMOS PARA EMISS\u00c3O DA CARTEIRA DE IDENTIDADE - Bahia Economica A Comiss\u00e3o de Seguran\u00e7a P\u00fablica da C\u00e2mara dos Deputados aprovou um projeto de lei que estabelece prazos m\u00e1ximos para a emiss\u00e3o da Carteira de Identidade, variando conforme a localidade<\/title>\n<meta name=\"description\" content=\"O maior portal de Economia da Bahia Pol\u00edtica Bahia Economica A Comiss\u00e3o de Seguran\u00e7a P\u00fablica da C\u00e2mara dos Deputados aprovou um projeto de lei que estabelece prazos m\u00e1ximos para a emiss\u00e3o da Carteira de Identidade, variando conforme a localidade\" \/>\n<meta name=\"robots\" content=\"index, follow, max-snippet:-1, max-image-preview:large, max-video-preview:-1\" \/>\n<link rel=\"canonical\" href=\"https:\/\/bahiaeconomica.com.br\/wp\/2026\/03\/04\/camara-aprova-projeto-que-define-prazos-maximos-para-emissao-da-carteira-de-identidade\/\" \/>\n<meta property=\"og:locale\" content=\"pt_BR\" \/>\n<meta property=\"og:type\" content=\"article\" \/>\n<meta property=\"og:title\" content=\"C\u00c2MARA APROVA PROJETO QUE DEFINE PRAZOS M\u00c1XIMOS PARA EMISS\u00c3O DA CARTEIRA DE IDENTIDADE - Bahia Economica A Comiss\u00e3o de Seguran\u00e7a P\u00fablica da C\u00e2mara dos Deputados aprovou um projeto de lei que estabelece prazos m\u00e1ximos para a emiss\u00e3o da Carteira de Identidade, variando conforme a localidade\" \/>\n<meta property=\"og:description\" content=\"O maior portal de Economia da Bahia Pol\u00edtica Bahia Economica A Comiss\u00e3o de Seguran\u00e7a P\u00fablica da C\u00e2mara dos Deputados aprovou um projeto de lei que estabelece prazos m\u00e1ximos para a emiss\u00e3o da Carteira de Identidade, variando conforme a localidade\" \/>\n<meta property=\"og:url\" content=\"https:\/\/bahiaeconomica.com.br\/wp\/2026\/03\/04\/camara-aprova-projeto-que-define-prazos-maximos-para-emissao-da-carteira-de-identidade\/\" \/>\n<meta property=\"og:site_name\" content=\"Bahia Economica\" \/>\n<meta property=\"article:publisher\" content=\"https:\/\/www.facebook.com\/bahiaeconomica\" \/>\n<meta property=\"article:published_time\" content=\"2026-03-04T19:22:49+00:00\" \/>\n<meta property=\"og:image\" content=\"https:\/\/bahiaeconomica.com.br\/wp\/wp-content\/uploads\/2025\/11\/nova-carteira-de-identidade-chega-a-mais-sete-postos-sac-no-interior-da-bahia-a-partir-de-quinta-feira-29-2400914-article.jpg\" \/>\n\t<meta property=\"og:image:width\" content=\"601\" \/>\n\t<meta property=\"og:image:height\" content=\"338\" \/>\n\t<meta property=\"og:image:type\" content=\"image\/jpeg\" \/>\n<meta name=\"author\" content=\"VICTOR OLIVEIRA\" \/>\n<meta name=\"twitter:card\" content=\"summary_large_image\" \/>\n<meta name=\"twitter:label1\" content=\"Escrito por\" \/>\n\t<meta name=\"twitter:data1\" content=\"VICTOR OLIVEIRA\" \/>\n\t<meta name=\"twitter:label2\" content=\"Est. tempo de leitura\" \/>\n\t<meta name=\"twitter:data2\" content=\"2 minutos\" \/>\n<script type=\"application\/ld+json\" class=\"yoast-schema-graph\">{\"@context\":\"https:\/\/schema.org\",\"@graph\":[{\"@type\":\"Article\",\"@id\":\"https:\/\/bahiaeconomica.com.br\/wp\/2026\/03\/04\/camara-aprova-projeto-que-define-prazos-maximos-para-emissao-da-carteira-de-identidade\/#article\",\"isPartOf\":{\"@id\":\"https:\/\/bahiaeconomica.com.br\/wp\/2026\/03\/04\/camara-aprova-projeto-que-define-prazos-maximos-para-emissao-da-carteira-de-identidade\/\"},\"author\":{\"name\":\"VICTOR OLIVEIRA\",\"@id\":\"https:\/\/bahiaeconomica.com.br\/wp\/#\/schema\/person\/a17956d0e1112b626f403fb06b8129a9\"},\"headline\":\"C\u00c2MARA APROVA PROJETO QUE DEFINE PRAZOS M\u00c1XIMOS PARA EMISS\u00c3O DA CARTEIRA DE IDENTIDADE\",\"datePublished\":\"2026-03-04T19:22:49+00:00\",\"dateModified\":\"2026-03-04T19:22:49+00:00\",\"mainEntityOfPage\":{\"@id\":\"https:\/\/bahiaeconomica.com.br\/wp\/2026\/03\/04\/camara-aprova-projeto-que-define-prazos-maximos-para-emissao-da-carteira-de-identidade\/\"},\"wordCount\":238,\"publisher\":{\"@id\":\"https:\/\/bahiaeconomica.com.br\/wp\/#organization\"},\"keywords\":[\"C\u00e2mara\",\"CARTEIRA DE IDENTIDADE\",\"prazo\"],\"articleSection\":[\"Pol\u00edtica\"],\"inLanguage\":\"pt-BR\"},{\"@type\":\"WebPage\",\"@id\":\"https:\/\/bahiaeconomica.com.br\/wp\/2026\/03\/04\/camara-aprova-projeto-que-define-prazos-maximos-para-emissao-da-carteira-de-identidade\/\",\"url\":\"https:\/\/bahiaeconomica.com.br\/wp\/2026\/03\/04\/camara-aprova-projeto-que-define-prazos-maximos-para-emissao-da-carteira-de-identidade\/\",\"name\":\"C\u00c2MARA APROVA PROJETO QUE DEFINE PRAZOS M\u00c1XIMOS PARA EMISS\u00c3O DA CARTEIRA DE IDENTIDADE - Bahia Economica A Comiss\u00e3o de Seguran\u00e7a P\u00fablica da C\u00e2mara dos Deputados aprovou um projeto de lei que estabelece prazos m\u00e1ximos para a emiss\u00e3o da Carteira de Identidade, variando conforme a localidade\",\"isPartOf\":{\"@id\":\"https:\/\/bahiaeconomica.com.br\/wp\/#website\"},\"datePublished\":\"2026-03-04T19:22:49+00:00\",\"dateModified\":\"2026-03-04T19:22:49+00:00\",\"description\":\"O maior portal de Economia da Bahia Pol\u00edtica Bahia Economica A Comiss\u00e3o de Seguran\u00e7a P\u00fablica da C\u00e2mara dos Deputados aprovou um projeto de lei que estabelece prazos m\u00e1ximos para a emiss\u00e3o da Carteira de Identidade, variando conforme a localidade\",\"breadcrumb\":{\"@id\":\"https:\/\/bahiaeconomica.com.br\/wp\/2026\/03\/04\/camara-aprova-projeto-que-define-prazos-maximos-para-emissao-da-carteira-de-identidade\/#breadcrumb\"},\"inLanguage\":\"pt-BR\",\"potentialAction\":[{\"@type\":\"ReadAction\",\"target\":[\"https:\/\/bahiaeconomica.com.br\/wp\/2026\/03\/04\/camara-aprova-projeto-que-define-prazos-maximos-para-emissao-da-carteira-de-identidade\/\"]}]},{\"@type\":\"BreadcrumbList\",\"@id\":\"https:\/\/bahiaeconomica.com.br\/wp\/2026\/03\/04\/camara-aprova-projeto-que-define-prazos-maximos-para-emissao-da-carteira-de-identidade\/#breadcrumb\",\"itemListElement\":[{\"@type\":\"ListItem\",\"position\":1,\"name\":\"In\u00edcio\",\"item\":\"https:\/\/bahiaeconomica.com.br\/wp\/\"},{\"@type\":\"ListItem\",\"position\":2,\"name\":\"C\u00c2MARA APROVA PROJETO QUE DEFINE PRAZOS M\u00c1XIMOS PARA EMISS\u00c3O DA CARTEIRA DE IDENTIDADE\"}]},{\"@type\":\"WebSite\",\"@id\":\"https:\/\/bahiaeconomica.com.br\/wp\/#website\",\"url\":\"https:\/\/bahiaeconomica.com.br\/wp\/\",\"name\":\"Bahia Economica\",\"description\":\"O maior portal de Economia da Bahia\",\"publisher\":{\"@id\":\"https:\/\/bahiaeconomica.com.br\/wp\/#organization\"},\"potentialAction\":[{\"@type\":\"SearchAction\",\"target\":{\"@type\":\"EntryPoint\",\"urlTemplate\":\"https:\/\/bahiaeconomica.com.br\/wp\/?s={search_term_string}\"},\"query-input\":\"required name=search_term_string\"}],\"inLanguage\":\"pt-BR\"},{\"@type\":\"Organization\",\"@id\":\"https:\/\/bahiaeconomica.com.br\/wp\/#organization\",\"name\":\"Bahia Econ\u00f4mica\",\"url\":\"https:\/\/bahiaeconomica.com.br\/wp\/\",\"logo\":{\"@type\":\"ImageObject\",\"inLanguage\":\"pt-BR\",\"@id\":\"https:\/\/bahiaeconomica.com.br\/wp\/#\/schema\/logo\/image\/\",\"url\":\"https:\/\/bahiaeconomica.com.br\/wp\/wp-content\/uploads\/2020\/12\/cropped-BE.png\",\"contentUrl\":\"https:\/\/bahiaeconomica.com.br\/wp\/wp-content\/uploads\/2020\/12\/cropped-BE.png\",\"width\":512,\"height\":512,\"caption\":\"Bahia Econ\u00f4mica\"},\"image\":{\"@id\":\"https:\/\/bahiaeconomica.com.br\/wp\/#\/schema\/logo\/image\/\"},\"sameAs\":[\"https:\/\/www.facebook.com\/bahiaeconomica\"]},{\"@type\":\"Person\",\"@id\":\"https:\/\/bahiaeconomica.com.br\/wp\/#\/schema\/person\/a17956d0e1112b626f403fb06b8129a9\",\"name\":\"VICTOR OLIVEIRA\",\"sameAs\":[\"http:\/\/www.bahiaeconomica.com.br\"],\"url\":\"https:\/\/bahiaeconomica.com.br\/wp\/author\/victor-oliveira\/\"}]}<\/script>\n<!-- \/ Yoast SEO plugin. -->","yoast_head_json":{"title":"C\u00c2MARA APROVA PROJETO QUE DEFINE PRAZOS M\u00c1XIMOS PARA EMISS\u00c3O DA CARTEIRA DE IDENTIDADE - Bahia Economica A Comiss\u00e3o de Seguran\u00e7a P\u00fablica da C\u00e2mara dos Deputados aprovou um projeto de lei que estabelece prazos m\u00e1ximos para a emiss\u00e3o da Carteira de Identidade, variando conforme a localidade","description":"O maior portal de Economia da Bahia Pol\u00edtica Bahia Economica A Comiss\u00e3o de Seguran\u00e7a P\u00fablica da C\u00e2mara dos Deputados aprovou um projeto de lei que estabelece prazos m\u00e1ximos para a emiss\u00e3o da Carteira de Identidade, variando conforme a localidade","robots":{"index":"index","follow":"follow","max-snippet":"max-snippet:-1","max-image-preview":"max-image-preview:large","max-video-preview":"max-video-preview:-1"},"canonical":"https:\/\/bahiaeconomica.com.br\/wp\/2026\/03\/04\/camara-aprova-projeto-que-define-prazos-maximos-para-emissao-da-carteira-de-identidade\/","og_locale":"pt_BR","og_type":"article","og_title":"C\u00c2MARA APROVA PROJETO QUE DEFINE PRAZOS M\u00c1XIMOS PARA EMISS\u00c3O DA CARTEIRA DE IDENTIDADE - Bahia Economica A Comiss\u00e3o de Seguran\u00e7a P\u00fablica da C\u00e2mara dos Deputados aprovou um projeto de lei que estabelece prazos m\u00e1ximos para a emiss\u00e3o da Carteira de Identidade, variando conforme a localidade","og_description":"O maior portal de Economia da Bahia Pol\u00edtica Bahia Economica A Comiss\u00e3o de Seguran\u00e7a P\u00fablica da C\u00e2mara dos Deputados aprovou um projeto de lei que estabelece prazos m\u00e1ximos para a emiss\u00e3o da Carteira de Identidade, variando conforme a localidade","og_url":"https:\/\/bahiaeconomica.com.br\/wp\/2026\/03\/04\/camara-aprova-projeto-que-define-prazos-maximos-para-emissao-da-carteira-de-identidade\/","og_site_name":"Bahia Economica","article_publisher":"https:\/\/www.facebook.com\/bahiaeconomica","article_published_time":"2026-03-04T19:22:49+00:00","og_image":[{"width":601,"height":338,"url":"https:\/\/bahiaeconomica.com.br\/wp\/wp-content\/uploads\/2025\/11\/nova-carteira-de-identidade-chega-a-mais-sete-postos-sac-no-interior-da-bahia-a-partir-de-quinta-feira-29-2400914-article.jpg","type":"image\/jpeg"}],"author":"VICTOR OLIVEIRA","twitter_card":"summary_large_image","twitter_misc":{"Escrito por":"VICTOR OLIVEIRA","Est. tempo de leitura":"2 minutos"},"schema":{"@context":"https:\/\/schema.org","@graph":[{"@type":"Article","@id":"https:\/\/bahiaeconomica.com.br\/wp\/2026\/03\/04\/camara-aprova-projeto-que-define-prazos-maximos-para-emissao-da-carteira-de-identidade\/#article","isPartOf":{"@id":"https:\/\/bahiaeconomica.com.br\/wp\/2026\/03\/04\/camara-aprova-projeto-que-define-prazos-maximos-para-emissao-da-carteira-de-identidade\/"},"author":{"name":"VICTOR OLIVEIRA","@id":"https:\/\/bahiaeconomica.com.br\/wp\/#\/schema\/person\/a17956d0e1112b626f403fb06b8129a9"},"headline":"C\u00c2MARA APROVA PROJETO QUE DEFINE PRAZOS M\u00c1XIMOS PARA EMISS\u00c3O DA CARTEIRA DE IDENTIDADE","datePublished":"2026-03-04T19:22:49+00:00","dateModified":"2026-03-04T19:22:49+00:00","mainEntityOfPage":{"@id":"https:\/\/bahiaeconomica.com.br\/wp\/2026\/03\/04\/camara-aprova-projeto-que-define-prazos-maximos-para-emissao-da-carteira-de-identidade\/"},"wordCount":238,"publisher":{"@id":"https:\/\/bahiaeconomica.com.br\/wp\/#organization"},"keywords":["C\u00e2mara","CARTEIRA DE IDENTIDADE","prazo"],"articleSection":["Pol\u00edtica"],"inLanguage":"pt-BR"},{"@type":"WebPage","@id":"https:\/\/bahiaeconomica.com.br\/wp\/2026\/03\/04\/camara-aprova-projeto-que-define-prazos-maximos-para-emissao-da-carteira-de-identidade\/","url":"https:\/\/bahiaeconomica.com.br\/wp\/2026\/03\/04\/camara-aprova-projeto-que-define-prazos-maximos-para-emissao-da-carteira-de-identidade\/","name":"C\u00c2MARA APROVA PROJETO QUE DEFINE PRAZOS M\u00c1XIMOS PARA EMISS\u00c3O DA CARTEIRA DE IDENTIDADE - Bahia Economica A Comiss\u00e3o de Seguran\u00e7a P\u00fablica da C\u00e2mara dos Deputados aprovou um projeto de lei que estabelece prazos m\u00e1ximos para a emiss\u00e3o da Carteira de Identidade, variando conforme a localidade","isPartOf":{"@id":"https:\/\/bahiaeconomica.com.br\/wp\/#website"},"datePublished":"2026-03-04T19:22:49+00:00","dateModified":"2026-03-04T19:22:49+00:00","description":"O maior portal de Economia da Bahia Pol\u00edtica Bahia Economica A Comiss\u00e3o de Seguran\u00e7a P\u00fablica da C\u00e2mara dos Deputados aprovou um projeto de lei que estabelece prazos m\u00e1ximos para a emiss\u00e3o da Carteira de Identidade, variando conforme a localidade","breadcrumb":{"@id":"https:\/\/bahiaeconomica.com.br\/wp\/2026\/03\/04\/camara-aprova-projeto-que-define-prazos-maximos-para-emissao-da-carteira-de-identidade\/#breadcrumb"},"inLanguage":"pt-BR","potentialAction":[{"@type":"ReadAction","target":["https:\/\/bahiaeconomica.com.br\/wp\/2026\/03\/04\/camara-aprova-projeto-que-define-prazos-maximos-para-emissao-da-carteira-de-identidade\/"]}]},{"@type":"BreadcrumbList","@id":"https:\/\/bahiaeconomica.com.br\/wp\/2026\/03\/04\/camara-aprova-projeto-que-define-prazos-maximos-para-emissao-da-carteira-de-identidade\/#breadcrumb","itemListElement":[{"@type":"ListItem","position":1,"name":"In\u00edcio","item":"https:\/\/bahiaeconomica.com.br\/wp\/"},{"@type":"ListItem","position":2,"name":"C\u00c2MARA APROVA PROJETO QUE DEFINE PRAZOS M\u00c1XIMOS PARA EMISS\u00c3O DA CARTEIRA DE IDENTIDADE"}]},{"@type":"WebSite","@id":"https:\/\/bahiaeconomica.com.br\/wp\/#website","url":"https:\/\/bahiaeconomica.com.br\/wp\/","name":"Bahia Economica","description":"O maior portal de Economia da Bahia","publisher":{"@id":"https:\/\/bahiaeconomica.com.br\/wp\/#organization"},"potentialAction":[{"@type":"SearchAction","target":{"@type":"EntryPoint","urlTemplate":"https:\/\/bahiaeconomica.com.br\/wp\/?s={search_term_string}"},"query-input":"required name=search_term_string"}],"inLanguage":"pt-BR"},{"@type":"Organization","@id":"https:\/\/bahiaeconomica.com.br\/wp\/#organization","name":"Bahia Econ\u00f4mica","url":"https:\/\/bahiaeconomica.com.br\/wp\/","logo":{"@type":"ImageObject","inLanguage":"pt-BR","@id":"https:\/\/bahiaeconomica.com.br\/wp\/#\/schema\/logo\/image\/","url":"https:\/\/bahiaeconomica.com.br\/wp\/wp-content\/uploads\/2020\/12\/cropped-BE.png","contentUrl":"https:\/\/bahiaeconomica.com.br\/wp\/wp-content\/uploads\/2020\/12\/cropped-BE.png","width":512,"height":512,"caption":"Bahia Econ\u00f4mica"},"image":{"@id":"https:\/\/bahiaeconomica.com.br\/wp\/#\/schema\/logo\/image\/"},"sameAs":["https:\/\/www.facebook.com\/bahiaeconomica"]},{"@type":"Person","@id":"https:\/\/bahiaeconomica.com.br\/wp\/#\/schema\/person\/a17956d0e1112b626f403fb06b8129a9","name":"VICTOR OLIVEIRA","sameAs":["http:\/\/www.bahiaeconomica.com.br"],"url":"https:\/\/bahiaeconomica.com.br\/wp\/author\/victor-oliveira\/"}]}},"views":17,"_links":{"self":[{"href":"https:\/\/bahiaeconomica.com.br\/wp\/wp-json\/wp\/v2\/posts\/978675"}],"collection":[{"href":"https:\/\/bahiaeconomica.com.br\/wp\/wp-json\/wp\/v2\/posts"}],"about":[{"href":"https:\/\/bahiaeconomica.com.br\/wp\/wp-json\/wp\/v2\/types\/post"}],"author":[{"embeddable":true,"href":"https:\/\/bahiaeconomica.com.br\/wp\/wp-json\/wp\/v2\/users\/24"}],"replies":[{"embeddable":true,"href":"https:\/\/bahiaeconomica.com.br\/wp\/wp-json\/wp\/v2\/comments?post=978675"}],"version-history":[{"count":1,"href":"https:\/\/bahiaeconomica.com.br\/wp\/wp-json\/wp\/v2\/posts\/978675\/revisions"}],"predecessor-version":[{"id":978682,"href":"https:\/\/bahiaeconomica.com.br\/wp\/wp-json\/wp\/v2\/posts\/978675\/revisions\/978682"}],"wp:featuredmedia":[{"embeddable":true,"href":"https:\/\/bahiaeconomica.com.br\/wp\/wp-json\/wp\/v2\/media\/955044"}],"wp:attachment":[{"href":"https:\/\/bahiaeconomica.com.br\/wp\/wp-json\/wp\/v2\/media?parent=978675"}],"wp:term":[{"taxonomy":"category","embeddable":true,"href":"https:\/\/bahiaeconomica.com.br\/wp\/wp-json\/wp\/v2\/categories?post=978675"},{"taxonomy":"post_tag","embeddable":true,"href":"https:\/\/bahiaeconomica.com.br\/wp\/wp-json\/wp\/v2\/tags?post=978675"}],"curies":[{"name":"wp","href":"https:\/\/api.w.org\/{rel}","templated":true}]}}