{"id":978489,"date":"2026-03-04T10:21:26","date_gmt":"2026-03-04T13:21:26","guid":{"rendered":"https:\/\/bahiaeconomica.com.br\/wp\/?p=978489"},"modified":"2026-03-04T10:06:45","modified_gmt":"2026-03-04T13:06:45","slug":"prefeito-baiano-anuncia-parceria-com-vitor-bonfim-e-sinaliza-aproximacao-com-jeronimo","status":"publish","type":"post","link":"https:\/\/bahiaeconomica.com.br\/wp\/2026\/03\/04\/prefeito-baiano-anuncia-parceria-com-vitor-bonfim-e-sinaliza-aproximacao-com-jeronimo\/","title":{"rendered":"PREFEITO BAIANO ANUNCIA PARCERIA COM VITOR BONFIM E SINALIZA APROXIMA\u00c7\u00c3O COM JER\u00d4NIMO"},"content":{"rendered":"<p data-start=\"5241\" data-end=\"5554\">O prefeito de Filad\u00e9lfia, Dr. Andr\u00e9 (PRD), formalizou parceria pol\u00edtica com o deputado estadual <span class=\"hover:entity-accent entity-underline inline cursor-pointer align-baseline\"><span class=\"whitespace-normal\">Vitor Bonfim<\/span><\/span> (PV), pr\u00e9-candidato a deputado federal. O an\u00fancio ocorreu nesta ter\u00e7a-feira (3), ap\u00f3s reuni\u00e3o no gabinete do parlamentar, na Assembleia Legislativa da Bahia (Alba), em Salvador.<\/p>\n<p data-start=\"5556\" data-end=\"5848\">Nos bastidores, a movimenta\u00e7\u00e3o \u00e9 interpretada como parte de uma articula\u00e7\u00e3o mais ampla. A expectativa \u00e9 que o prefeito participe, ainda nesta semana, de audi\u00eancia com o governador <span class=\"hover:entity-accent entity-underline inline cursor-pointer align-baseline\"><span class=\"whitespace-normal\">Jer\u00f4nimo Rodrigues<\/span><\/span>, quando poder\u00e1 formalizar alinhamento pol\u00edtico com o Executivo estadual.<\/p>\n<p data-start=\"5850\" data-end=\"5991\">Vitor Bonfim \u00e9 considerado um dos articuladores da base governista na Assembleia e atua na defesa de pautas priorit\u00e1rias do governo estadual.<\/p>\n<p data-start=\"5993\" data-end=\"6217\">O deputado j\u00e1 esteve \u00e0 frente de movimentos semelhantes. Em abril do ano passado, o prefeito de Santana, <span class=\"hover:entity-accent entity-underline inline cursor-pointer align-baseline\"><span class=\"whitespace-normal\">Z\u00e9 Raul<\/span><\/span> (MDB), tamb\u00e9m declarou apoio ao governador em articula\u00e7\u00e3o conduzida por Bonfim.<\/p>\n<p data-start=\"6219\" data-end=\"6485\" data-is-last-node=\"\" data-is-only-node=\"\">Com a nova parceria, o parlamentar passa a contar com o apoio direto de 16 prefeitos, al\u00e9m de vice-prefeitos, vereadores e lideran\u00e7as regionais, ampliando sua influ\u00eancia nas articula\u00e7\u00f5es municipais e no redesenho das alian\u00e7as pol\u00edticas com foco nas elei\u00e7\u00f5es de 2026.<\/p>\n<p data-start=\"6219\" data-end=\"6485\" data-is-last-node=\"\" data-is-only-node=\"\">Foto: Divulga\u00e7\u00e3o<\/p>\n","protected":false},"excerpt":{"rendered":"<p>O prefeito de Filad\u00e9lfia, Dr. Andr\u00e9 (PRD), formalizou parceria pol\u00edtica com o deputado estadual Vitor Bonfim (PV), pr\u00e9-candidato a deputado federal. O an\u00fancio ocorreu nesta ter\u00e7a-feira (3), ap\u00f3s reuni\u00e3o no gabinete do parlamentar, na Assembleia Legislativa da Bahia (Alba), em Salvador. Nos bastidores, a movimenta\u00e7\u00e3o \u00e9 interpretada como parte de uma articula\u00e7\u00e3o mais ampla. A [&hellip;]<\/p>\n","protected":false},"author":20,"featured_media":978490,"comment_status":"closed","ping_status":"closed","sticky":false,"template":"","format":"standard","meta":[],"categories":[14601],"tags":[6548,1544,533,43810],"acf":[],"yoast_head":"<!-- This site is optimized with the Yoast SEO plugin v20.8 - https:\/\/yoast.com\/wordpress\/plugins\/seo\/ -->\n<title>PREFEITO BAIANO ANUNCIA PARCERIA COM VITOR BONFIM E SINALIZA APROXIMA\u00c7\u00c3O COM JER\u00d4NIMO - Bahia Economica<\/title>\n<meta name=\"description\" content=\"O maior portal de Economia da Bahia Pol\u00edtica Bahia Economica\" \/>\n<meta name=\"robots\" content=\"index, follow, max-snippet:-1, max-image-preview:large, max-video-preview:-1\" \/>\n<link rel=\"canonical\" href=\"https:\/\/bahiaeconomica.com.br\/wp\/2026\/03\/04\/prefeito-baiano-anuncia-parceria-com-vitor-bonfim-e-sinaliza-aproximacao-com-jeronimo\/\" \/>\n<meta property=\"og:locale\" content=\"pt_BR\" \/>\n<meta property=\"og:type\" content=\"article\" \/>\n<meta property=\"og:title\" content=\"PREFEITO BAIANO ANUNCIA PARCERIA COM VITOR BONFIM E SINALIZA APROXIMA\u00c7\u00c3O COM JER\u00d4NIMO - Bahia Economica\" \/>\n<meta property=\"og:description\" content=\"O maior portal de Economia da Bahia Pol\u00edtica Bahia Economica\" \/>\n<meta property=\"og:url\" content=\"https:\/\/bahiaeconomica.com.br\/wp\/2026\/03\/04\/prefeito-baiano-anuncia-parceria-com-vitor-bonfim-e-sinaliza-aproximacao-com-jeronimo\/\" \/>\n<meta property=\"og:site_name\" content=\"Bahia Economica\" \/>\n<meta property=\"article:publisher\" content=\"https:\/\/www.facebook.com\/bahiaeconomica\" \/>\n<meta property=\"article:published_time\" content=\"2026-03-04T13:21:26+00:00\" \/>\n<meta property=\"article:modified_time\" content=\"2026-03-04T13:06:45+00:00\" \/>\n<meta property=\"og:image\" content=\"https:\/\/bahiaeconomica.com.br\/wp\/wp-content\/uploads\/2026\/03\/GenialQuaest-52-consideram-que-Bolsonaro-participou-do-plano-da-tentativa-de-golpe-de-Estado-31.jpg\" \/>\n\t<meta property=\"og:image:width\" content=\"600\" \/>\n\t<meta property=\"og:image:height\" content=\"420\" \/>\n\t<meta property=\"og:image:type\" content=\"image\/jpeg\" \/>\n<meta name=\"author\" content=\"BRUNA CARVALHO\" \/>\n<meta name=\"twitter:card\" content=\"summary_large_image\" \/>\n<meta name=\"twitter:label1\" content=\"Escrito por\" \/>\n\t<meta name=\"twitter:data1\" content=\"BRUNA CARVALHO\" \/>\n\t<meta name=\"twitter:label2\" content=\"Est. tempo de leitura\" \/>\n\t<meta name=\"twitter:data2\" content=\"1 minuto\" \/>\n<script type=\"application\/ld+json\" class=\"yoast-schema-graph\">{\"@context\":\"https:\/\/schema.org\",\"@graph\":[{\"@type\":\"Article\",\"@id\":\"https:\/\/bahiaeconomica.com.br\/wp\/2026\/03\/04\/prefeito-baiano-anuncia-parceria-com-vitor-bonfim-e-sinaliza-aproximacao-com-jeronimo\/#article\",\"isPartOf\":{\"@id\":\"https:\/\/bahiaeconomica.com.br\/wp\/2026\/03\/04\/prefeito-baiano-anuncia-parceria-com-vitor-bonfim-e-sinaliza-aproximacao-com-jeronimo\/\"},\"author\":{\"name\":\"BRUNA CARVALHO\",\"@id\":\"https:\/\/bahiaeconomica.com.br\/wp\/#\/schema\/person\/9310b0e591f5979f6f99773eac5804e6\"},\"headline\":\"PREFEITO BAIANO ANUNCIA PARCERIA COM VITOR BONFIM E SINALIZA APROXIMA\u00c7\u00c3O COM JER\u00d4NIMO\",\"datePublished\":\"2026-03-04T13:21:26+00:00\",\"dateModified\":\"2026-03-04T13:06:45+00:00\",\"mainEntityOfPage\":{\"@id\":\"https:\/\/bahiaeconomica.com.br\/wp\/2026\/03\/04\/prefeito-baiano-anuncia-parceria-com-vitor-bonfim-e-sinaliza-aproximacao-com-jeronimo\/\"},\"wordCount\":206,\"publisher\":{\"@id\":\"https:\/\/bahiaeconomica.com.br\/wp\/#organization\"},\"keywords\":[\"filad\u00e9lfia\",\"jeronimo\",\"Prefeito\",\"VITOR BONFIM\"],\"articleSection\":[\"Pol\u00edtica\"],\"inLanguage\":\"pt-BR\"},{\"@type\":\"WebPage\",\"@id\":\"https:\/\/bahiaeconomica.com.br\/wp\/2026\/03\/04\/prefeito-baiano-anuncia-parceria-com-vitor-bonfim-e-sinaliza-aproximacao-com-jeronimo\/\",\"url\":\"https:\/\/bahiaeconomica.com.br\/wp\/2026\/03\/04\/prefeito-baiano-anuncia-parceria-com-vitor-bonfim-e-sinaliza-aproximacao-com-jeronimo\/\",\"name\":\"PREFEITO BAIANO ANUNCIA PARCERIA COM VITOR BONFIM E SINALIZA APROXIMA\u00c7\u00c3O COM JER\u00d4NIMO - Bahia Economica\",\"isPartOf\":{\"@id\":\"https:\/\/bahiaeconomica.com.br\/wp\/#website\"},\"datePublished\":\"2026-03-04T13:21:26+00:00\",\"dateModified\":\"2026-03-04T13:06:45+00:00\",\"description\":\"O maior portal de Economia da Bahia Pol\u00edtica Bahia Economica\",\"breadcrumb\":{\"@id\":\"https:\/\/bahiaeconomica.com.br\/wp\/2026\/03\/04\/prefeito-baiano-anuncia-parceria-com-vitor-bonfim-e-sinaliza-aproximacao-com-jeronimo\/#breadcrumb\"},\"inLanguage\":\"pt-BR\",\"potentialAction\":[{\"@type\":\"ReadAction\",\"target\":[\"https:\/\/bahiaeconomica.com.br\/wp\/2026\/03\/04\/prefeito-baiano-anuncia-parceria-com-vitor-bonfim-e-sinaliza-aproximacao-com-jeronimo\/\"]}]},{\"@type\":\"BreadcrumbList\",\"@id\":\"https:\/\/bahiaeconomica.com.br\/wp\/2026\/03\/04\/prefeito-baiano-anuncia-parceria-com-vitor-bonfim-e-sinaliza-aproximacao-com-jeronimo\/#breadcrumb\",\"itemListElement\":[{\"@type\":\"ListItem\",\"position\":1,\"name\":\"In\u00edcio\",\"item\":\"https:\/\/bahiaeconomica.com.br\/wp\/\"},{\"@type\":\"ListItem\",\"position\":2,\"name\":\"PREFEITO BAIANO ANUNCIA PARCERIA COM VITOR BONFIM E SINALIZA APROXIMA\u00c7\u00c3O COM JER\u00d4NIMO\"}]},{\"@type\":\"WebSite\",\"@id\":\"https:\/\/bahiaeconomica.com.br\/wp\/#website\",\"url\":\"https:\/\/bahiaeconomica.com.br\/wp\/\",\"name\":\"Bahia Economica\",\"description\":\"O maior portal de Economia da Bahia\",\"publisher\":{\"@id\":\"https:\/\/bahiaeconomica.com.br\/wp\/#organization\"},\"potentialAction\":[{\"@type\":\"SearchAction\",\"target\":{\"@type\":\"EntryPoint\",\"urlTemplate\":\"https:\/\/bahiaeconomica.com.br\/wp\/?s={search_term_string}\"},\"query-input\":\"required name=search_term_string\"}],\"inLanguage\":\"pt-BR\"},{\"@type\":\"Organization\",\"@id\":\"https:\/\/bahiaeconomica.com.br\/wp\/#organization\",\"name\":\"Bahia Econ\u00f4mica\",\"url\":\"https:\/\/bahiaeconomica.com.br\/wp\/\",\"logo\":{\"@type\":\"ImageObject\",\"inLanguage\":\"pt-BR\",\"@id\":\"https:\/\/bahiaeconomica.com.br\/wp\/#\/schema\/logo\/image\/\",\"url\":\"https:\/\/bahiaeconomica.com.br\/wp\/wp-content\/uploads\/2020\/12\/cropped-BE.png\",\"contentUrl\":\"https:\/\/bahiaeconomica.com.br\/wp\/wp-content\/uploads\/2020\/12\/cropped-BE.png\",\"width\":512,\"height\":512,\"caption\":\"Bahia Econ\u00f4mica\"},\"image\":{\"@id\":\"https:\/\/bahiaeconomica.com.br\/wp\/#\/schema\/logo\/image\/\"},\"sameAs\":[\"https:\/\/www.facebook.com\/bahiaeconomica\"]},{\"@type\":\"Person\",\"@id\":\"https:\/\/bahiaeconomica.com.br\/wp\/#\/schema\/person\/9310b0e591f5979f6f99773eac5804e6\",\"name\":\"BRUNA CARVALHO\",\"sameAs\":[\"http:\/\/www.bahiaeconomica.com.br\"],\"url\":\"https:\/\/bahiaeconomica.com.br\/wp\/author\/bruna\/\"}]}<\/script>\n<!-- \/ Yoast SEO plugin. -->","yoast_head_json":{"title":"PREFEITO BAIANO ANUNCIA PARCERIA COM VITOR BONFIM E SINALIZA APROXIMA\u00c7\u00c3O COM JER\u00d4NIMO - Bahia Economica","description":"O maior portal de Economia da Bahia Pol\u00edtica Bahia Economica","robots":{"index":"index","follow":"follow","max-snippet":"max-snippet:-1","max-image-preview":"max-image-preview:large","max-video-preview":"max-video-preview:-1"},"canonical":"https:\/\/bahiaeconomica.com.br\/wp\/2026\/03\/04\/prefeito-baiano-anuncia-parceria-com-vitor-bonfim-e-sinaliza-aproximacao-com-jeronimo\/","og_locale":"pt_BR","og_type":"article","og_title":"PREFEITO BAIANO ANUNCIA PARCERIA COM VITOR BONFIM E SINALIZA APROXIMA\u00c7\u00c3O COM JER\u00d4NIMO - Bahia Economica","og_description":"O maior portal de Economia da Bahia Pol\u00edtica Bahia Economica","og_url":"https:\/\/bahiaeconomica.com.br\/wp\/2026\/03\/04\/prefeito-baiano-anuncia-parceria-com-vitor-bonfim-e-sinaliza-aproximacao-com-jeronimo\/","og_site_name":"Bahia Economica","article_publisher":"https:\/\/www.facebook.com\/bahiaeconomica","article_published_time":"2026-03-04T13:21:26+00:00","article_modified_time":"2026-03-04T13:06:45+00:00","og_image":[{"width":600,"height":420,"url":"https:\/\/bahiaeconomica.com.br\/wp\/wp-content\/uploads\/2026\/03\/GenialQuaest-52-consideram-que-Bolsonaro-participou-do-plano-da-tentativa-de-golpe-de-Estado-31.jpg","type":"image\/jpeg"}],"author":"BRUNA CARVALHO","twitter_card":"summary_large_image","twitter_misc":{"Escrito por":"BRUNA CARVALHO","Est. tempo de leitura":"1 minuto"},"schema":{"@context":"https:\/\/schema.org","@graph":[{"@type":"Article","@id":"https:\/\/bahiaeconomica.com.br\/wp\/2026\/03\/04\/prefeito-baiano-anuncia-parceria-com-vitor-bonfim-e-sinaliza-aproximacao-com-jeronimo\/#article","isPartOf":{"@id":"https:\/\/bahiaeconomica.com.br\/wp\/2026\/03\/04\/prefeito-baiano-anuncia-parceria-com-vitor-bonfim-e-sinaliza-aproximacao-com-jeronimo\/"},"author":{"name":"BRUNA CARVALHO","@id":"https:\/\/bahiaeconomica.com.br\/wp\/#\/schema\/person\/9310b0e591f5979f6f99773eac5804e6"},"headline":"PREFEITO BAIANO ANUNCIA PARCERIA COM VITOR BONFIM E SINALIZA APROXIMA\u00c7\u00c3O COM JER\u00d4NIMO","datePublished":"2026-03-04T13:21:26+00:00","dateModified":"2026-03-04T13:06:45+00:00","mainEntityOfPage":{"@id":"https:\/\/bahiaeconomica.com.br\/wp\/2026\/03\/04\/prefeito-baiano-anuncia-parceria-com-vitor-bonfim-e-sinaliza-aproximacao-com-jeronimo\/"},"wordCount":206,"publisher":{"@id":"https:\/\/bahiaeconomica.com.br\/wp\/#organization"},"keywords":["filad\u00e9lfia","jeronimo","Prefeito","VITOR BONFIM"],"articleSection":["Pol\u00edtica"],"inLanguage":"pt-BR"},{"@type":"WebPage","@id":"https:\/\/bahiaeconomica.com.br\/wp\/2026\/03\/04\/prefeito-baiano-anuncia-parceria-com-vitor-bonfim-e-sinaliza-aproximacao-com-jeronimo\/","url":"https:\/\/bahiaeconomica.com.br\/wp\/2026\/03\/04\/prefeito-baiano-anuncia-parceria-com-vitor-bonfim-e-sinaliza-aproximacao-com-jeronimo\/","name":"PREFEITO BAIANO ANUNCIA PARCERIA COM VITOR BONFIM E SINALIZA APROXIMA\u00c7\u00c3O COM JER\u00d4NIMO - Bahia Economica","isPartOf":{"@id":"https:\/\/bahiaeconomica.com.br\/wp\/#website"},"datePublished":"2026-03-04T13:21:26+00:00","dateModified":"2026-03-04T13:06:45+00:00","description":"O maior portal de Economia da Bahia Pol\u00edtica Bahia Economica","breadcrumb":{"@id":"https:\/\/bahiaeconomica.com.br\/wp\/2026\/03\/04\/prefeito-baiano-anuncia-parceria-com-vitor-bonfim-e-sinaliza-aproximacao-com-jeronimo\/#breadcrumb"},"inLanguage":"pt-BR","potentialAction":[{"@type":"ReadAction","target":["https:\/\/bahiaeconomica.com.br\/wp\/2026\/03\/04\/prefeito-baiano-anuncia-parceria-com-vitor-bonfim-e-sinaliza-aproximacao-com-jeronimo\/"]}]},{"@type":"BreadcrumbList","@id":"https:\/\/bahiaeconomica.com.br\/wp\/2026\/03\/04\/prefeito-baiano-anuncia-parceria-com-vitor-bonfim-e-sinaliza-aproximacao-com-jeronimo\/#breadcrumb","itemListElement":[{"@type":"ListItem","position":1,"name":"In\u00edcio","item":"https:\/\/bahiaeconomica.com.br\/wp\/"},{"@type":"ListItem","position":2,"name":"PREFEITO BAIANO ANUNCIA PARCERIA COM VITOR BONFIM E SINALIZA APROXIMA\u00c7\u00c3O COM JER\u00d4NIMO"}]},{"@type":"WebSite","@id":"https:\/\/bahiaeconomica.com.br\/wp\/#website","url":"https:\/\/bahiaeconomica.com.br\/wp\/","name":"Bahia Economica","description":"O maior portal de Economia da Bahia","publisher":{"@id":"https:\/\/bahiaeconomica.com.br\/wp\/#organization"},"potentialAction":[{"@type":"SearchAction","target":{"@type":"EntryPoint","urlTemplate":"https:\/\/bahiaeconomica.com.br\/wp\/?s={search_term_string}"},"query-input":"required name=search_term_string"}],"inLanguage":"pt-BR"},{"@type":"Organization","@id":"https:\/\/bahiaeconomica.com.br\/wp\/#organization","name":"Bahia Econ\u00f4mica","url":"https:\/\/bahiaeconomica.com.br\/wp\/","logo":{"@type":"ImageObject","inLanguage":"pt-BR","@id":"https:\/\/bahiaeconomica.com.br\/wp\/#\/schema\/logo\/image\/","url":"https:\/\/bahiaeconomica.com.br\/wp\/wp-content\/uploads\/2020\/12\/cropped-BE.png","contentUrl":"https:\/\/bahiaeconomica.com.br\/wp\/wp-content\/uploads\/2020\/12\/cropped-BE.png","width":512,"height":512,"caption":"Bahia Econ\u00f4mica"},"image":{"@id":"https:\/\/bahiaeconomica.com.br\/wp\/#\/schema\/logo\/image\/"},"sameAs":["https:\/\/www.facebook.com\/bahiaeconomica"]},{"@type":"Person","@id":"https:\/\/bahiaeconomica.com.br\/wp\/#\/schema\/person\/9310b0e591f5979f6f99773eac5804e6","name":"BRUNA CARVALHO","sameAs":["http:\/\/www.bahiaeconomica.com.br"],"url":"https:\/\/bahiaeconomica.com.br\/wp\/author\/bruna\/"}]}},"views":29,"_links":{"self":[{"href":"https:\/\/bahiaeconomica.com.br\/wp\/wp-json\/wp\/v2\/posts\/978489"}],"collection":[{"href":"https:\/\/bahiaeconomica.com.br\/wp\/wp-json\/wp\/v2\/posts"}],"about":[{"href":"https:\/\/bahiaeconomica.com.br\/wp\/wp-json\/wp\/v2\/types\/post"}],"author":[{"embeddable":true,"href":"https:\/\/bahiaeconomica.com.br\/wp\/wp-json\/wp\/v2\/users\/20"}],"replies":[{"embeddable":true,"href":"https:\/\/bahiaeconomica.com.br\/wp\/wp-json\/wp\/v2\/comments?post=978489"}],"version-history":[{"count":1,"href":"https:\/\/bahiaeconomica.com.br\/wp\/wp-json\/wp\/v2\/posts\/978489\/revisions"}],"predecessor-version":[{"id":978538,"href":"https:\/\/bahiaeconomica.com.br\/wp\/wp-json\/wp\/v2\/posts\/978489\/revisions\/978538"}],"wp:featuredmedia":[{"embeddable":true,"href":"https:\/\/bahiaeconomica.com.br\/wp\/wp-json\/wp\/v2\/media\/978490"}],"wp:attachment":[{"href":"https:\/\/bahiaeconomica.com.br\/wp\/wp-json\/wp\/v2\/media?parent=978489"}],"wp:term":[{"taxonomy":"category","embeddable":true,"href":"https:\/\/bahiaeconomica.com.br\/wp\/wp-json\/wp\/v2\/categories?post=978489"},{"taxonomy":"post_tag","embeddable":true,"href":"https:\/\/bahiaeconomica.com.br\/wp\/wp-json\/wp\/v2\/tags?post=978489"}],"curies":[{"name":"wp","href":"https:\/\/api.w.org\/{rel}","templated":true}]}}