{"id":977713,"date":"2026-02-28T08:00:42","date_gmt":"2026-02-28T11:00:42","guid":{"rendered":"https:\/\/bahiaeconomica.com.br\/wp\/?p=977713"},"modified":"2026-02-28T07:59:56","modified_gmt":"2026-02-28T10:59:56","slug":"eua-e-israel-realizam-ataque-coordenado-contra-o-ira-que-dispara-misseis-em-resposta","status":"publish","type":"post","link":"https:\/\/bahiaeconomica.com.br\/wp\/2026\/02\/28\/eua-e-israel-realizam-ataque-coordenado-contra-o-ira-que-dispara-misseis-em-resposta\/","title":{"rendered":"EUA E ISRAEL REALIZAM ATAQUE COORDENADO CONTRA O IR\u00c3, QUE DISPARA M\u00cdSSEIS EM RESPOSTA"},"content":{"rendered":"<p>Estados Unidos e Israel realizaram um ataque coordenado contra o Ir\u00e3, no in\u00edcio da manh\u00e3 deste s\u00e1bado (28). Explos\u00f5es foram registradas na capital Teer\u00e3 e em ao menos outras quatro cidades. Em resposta, o Ir\u00e3 disparou m\u00edsseis contra Israel e atacou bases americanas no Oriente M\u00e9dio.<\/p>\n<p>Autoridades de Israel afirmaram que o aiatol\u00e1 Ali Khamenei, l\u00edder supremo do Ir\u00e3, e o presidente Masoud Pezeshkian eram alvos do ataque, mas os resultados da a\u00e7\u00e3o ainda n\u00e3o est\u00e3o claros, segundo informa\u00e7\u00f5es da ag\u00eancia Reuters.<\/p>\n<p>Mais cedo, fontes disseram \u00e0 Reuters que Ali Khamenei n\u00e3o est\u00e1 em Teer\u00e3. N\u00e3o h\u00e1 detalhes sobre seu paradeiro. A ag\u00eancia estatal iraniana IRNA afirmou que o presidente Masoud Pezeshkian est\u00e1 em seguran\u00e7a.<\/p>\n<p>O que se sabe do ataque de EUA e Israel:<\/p>\n<ul>\n<li>Ag\u00eancias de not\u00edcias informaram que m\u00edsseis atingiram \u00e1reas pr\u00f3ximas ao pal\u00e1cio presidencial e a instala\u00e7\u00f5es usadas pelo l\u00edder supremo em Teer\u00e3, capital do Ir\u00e3.<\/li>\n<li>Segundo a ag\u00eancia de not\u00edcias estatal iraniana Fars, explos\u00f5es tamb\u00e9m foram ouvidas nas cidades de Isfahan, Qom, Karaj e Kermanshah, todas em diferentes regi\u00f5es do pa\u00eds.<\/li>\n<li>O espa\u00e7o a\u00e9reo iraniano foi fechado.<\/li>\n<li>5 estudantes de uma escola de meninas no sul do Ir\u00e3 morreram durante o ataque, segundo a ag\u00eancia estatal IRNA.<\/li>\n<\/ul>\n<p>O que se sabe sobre a retalia\u00e7\u00e3o do Ir\u00e3:<\/p>\n<ul>\n<li>Em resposta, o Ir\u00e3 lan\u00e7ou m\u00edsseis contra o territ\u00f3rio israelense, onde sirenes de alerta foram acionadas.<\/li>\n<li>H\u00e1 relatos de explos\u00f5es e acionamento de sirenes de alerta em outros pa\u00edses da regi\u00e3o, como Catar, Bahrein, Kuwait e Emirados \u00c1rabes &#8211; pa\u00edses que tem bases norte-americanas.<\/li>\n<li>Em comunicado, os Emirados \u00c1rabes Unidos disseram ter interceptado v\u00e1rios m\u00edsseis iranianos e que uma pessoa morreu na capital Abu Dhabi. Uma explos\u00e3o tamb\u00e9m foi ouvida em Dubai, segundo testemunhas.<\/li>\n<\/ul>\n<p>Essa \u00e9 a segunda vez em menos de um ano que os EUA atacam o Ir\u00e3. Em junho de 2025, uma opera\u00e7\u00e3o norte-americana bombardeou estruturas nucleares iranianas. A a\u00e7\u00e3o ocorreu em apoio a Israel, que travava uma guerra contra o pa\u00eds.<\/p>\n<p>O presidente dos EUA, Donald Trump, anunciou que o objetivo do ataque \u00e9 destruir o programa nuclear iraniano e proteger o povo americano de amea\u00e7as. Militares dos EUA afirmam que a\u00e7\u00e3o pode durar dias. O Pent\u00e1gono classificou a opera\u00e7\u00e3o como &#8220;f\u00faria \u00e9pica&#8221;.<\/p>\n<p>&#8220;Garantiremos que os representantes terroristas do regime n\u00e3o possam mais desestabilizar a regi\u00e3o ou o mundo, e que o Ir\u00e3 n\u00e3o obtenha uma arma nuclear. Este regime aprender\u00e1 em breve que ningu\u00e9m deve desafiar a for\u00e7a e o poder das for\u00e7as armadas dos Estados Unidos&#8221;, disse Trump em um v\u00eddeo divulgado nas redes sociais.<\/p>\n<p>Trump incentivou a popula\u00e7\u00e3o iraniana a pressionar pela queda do regime dos aiatol\u00e1s e instou militares a se renderem ou ir\u00e3o &#8220;enfrentar a morte certa&#8221;.<\/p>\n<p>A opera\u00e7\u00e3o ocorre ap\u00f3s semanas de negocia\u00e7\u00f5es entre os EUA e o Ir\u00e3 na tentativa de fechar um acordo que limite ou encerre o programa nuclear iraniano.<\/p>\n<p>&nbsp;<\/p>\n<p>Foto: Chip Somodevilla \/ POOL \/ AFP e KHAMENEI.IR \/ AFP<\/p>\n","protected":false},"excerpt":{"rendered":"<p>Estados Unidos e Israel realizaram um ataque coordenado contra o Ir\u00e3, no in\u00edcio da manh\u00e3 deste s\u00e1bado (28). Explos\u00f5es foram registradas na capital Teer\u00e3 e em ao menos outras quatro cidades. Em resposta, o Ir\u00e3 disparou m\u00edsseis contra Israel e atacou bases americanas no Oriente M\u00e9dio. Autoridades de Israel afirmaram que o aiatol\u00e1 Ali Khamenei, [&hellip;]<\/p>\n","protected":false},"author":8,"featured_media":977714,"comment_status":"closed","ping_status":"closed","sticky":false,"template":"","format":"standard","meta":[],"categories":[14,3],"tags":[52,213,3782,24904],"acf":[],"yoast_head":"<!-- This site is optimized with the Yoast SEO plugin v20.8 - https:\/\/yoast.com\/wordpress\/plugins\/seo\/ -->\n<title>EUA E ISRAEL REALIZAM ATAQUE COORDENADO CONTRA O IR\u00c3, QUE DISPARA M\u00cdSSEIS EM RESPOSTA - Bahia Economica<\/title>\n<meta name=\"description\" content=\"O maior portal de Economia da Bahia DESTAQUE DO DIA, ECONOMIA \/ POL\u00cdTICA Bahia Economica Estados Unidos e Israel realizaram um ataque coordenado contra o Ir\u00e3\" \/>\n<meta name=\"robots\" content=\"index, follow, max-snippet:-1, max-image-preview:large, max-video-preview:-1\" \/>\n<link rel=\"canonical\" href=\"https:\/\/bahiaeconomica.com.br\/wp\/2026\/02\/28\/eua-e-israel-realizam-ataque-coordenado-contra-o-ira-que-dispara-misseis-em-resposta\/\" \/>\n<meta property=\"og:locale\" content=\"pt_BR\" \/>\n<meta property=\"og:type\" content=\"article\" \/>\n<meta property=\"og:title\" content=\"EUA E ISRAEL REALIZAM ATAQUE COORDENADO CONTRA O IR\u00c3, QUE DISPARA M\u00cdSSEIS EM RESPOSTA - Bahia Economica\" \/>\n<meta property=\"og:description\" content=\"O maior portal de Economia da Bahia DESTAQUE DO DIA, ECONOMIA \/ POL\u00cdTICA Bahia Economica Estados Unidos e Israel realizaram um ataque coordenado contra o Ir\u00e3\" \/>\n<meta property=\"og:url\" content=\"https:\/\/bahiaeconomica.com.br\/wp\/2026\/02\/28\/eua-e-israel-realizam-ataque-coordenado-contra-o-ira-que-dispara-misseis-em-resposta\/\" \/>\n<meta property=\"og:site_name\" content=\"Bahia Economica\" \/>\n<meta property=\"article:publisher\" content=\"https:\/\/www.facebook.com\/bahiaeconomica\" \/>\n<meta property=\"article:published_time\" content=\"2026-02-28T11:00:42+00:00\" \/>\n<meta property=\"article:modified_time\" content=\"2026-02-28T10:59:56+00:00\" \/>\n<meta property=\"og:image\" content=\"https:\/\/bahiaeconomica.com.br\/wp\/wp-content\/uploads\/2026\/02\/site-template-grade-de-fotos-2025-06-22t093221.067.jpeg\" \/>\n\t<meta property=\"og:image:width\" content=\"1\" \/>\n\t<meta property=\"og:image:height\" content=\"1\" \/>\n\t<meta property=\"og:image:type\" content=\"image\/jpeg\" \/>\n<meta name=\"author\" content=\"JP\" \/>\n<meta name=\"twitter:card\" content=\"summary_large_image\" \/>\n<meta name=\"twitter:label1\" content=\"Escrito por\" \/>\n\t<meta name=\"twitter:data1\" content=\"JP\" \/>\n\t<meta name=\"twitter:label2\" content=\"Est. tempo de leitura\" \/>\n\t<meta name=\"twitter:data2\" content=\"3 minutos\" \/>\n<script type=\"application\/ld+json\" class=\"yoast-schema-graph\">{\"@context\":\"https:\/\/schema.org\",\"@graph\":[{\"@type\":\"Article\",\"@id\":\"https:\/\/bahiaeconomica.com.br\/wp\/2026\/02\/28\/eua-e-israel-realizam-ataque-coordenado-contra-o-ira-que-dispara-misseis-em-resposta\/#article\",\"isPartOf\":{\"@id\":\"https:\/\/bahiaeconomica.com.br\/wp\/2026\/02\/28\/eua-e-israel-realizam-ataque-coordenado-contra-o-ira-que-dispara-misseis-em-resposta\/\"},\"author\":{\"name\":\"JP\",\"@id\":\"https:\/\/bahiaeconomica.com.br\/wp\/#\/schema\/person\/c86d3a3f8960425a0f9d0e5245991f4e\"},\"headline\":\"EUA E ISRAEL REALIZAM ATAQUE COORDENADO CONTRA O IR\u00c3, QUE DISPARA M\u00cdSSEIS EM RESPOSTA\",\"datePublished\":\"2026-02-28T11:00:42+00:00\",\"dateModified\":\"2026-02-28T10:59:56+00:00\",\"mainEntityOfPage\":{\"@id\":\"https:\/\/bahiaeconomica.com.br\/wp\/2026\/02\/28\/eua-e-israel-realizam-ataque-coordenado-contra-o-ira-que-dispara-misseis-em-resposta\/\"},\"wordCount\":556,\"publisher\":{\"@id\":\"https:\/\/bahiaeconomica.com.br\/wp\/#organization\"},\"keywords\":[\"Brasil\",\"Economia\",\"guerra\",\"ira\"],\"articleSection\":[\"DESTAQUE DO DIA\",\"ECONOMIA \/ POL\u00cdTICA\"],\"inLanguage\":\"pt-BR\"},{\"@type\":\"WebPage\",\"@id\":\"https:\/\/bahiaeconomica.com.br\/wp\/2026\/02\/28\/eua-e-israel-realizam-ataque-coordenado-contra-o-ira-que-dispara-misseis-em-resposta\/\",\"url\":\"https:\/\/bahiaeconomica.com.br\/wp\/2026\/02\/28\/eua-e-israel-realizam-ataque-coordenado-contra-o-ira-que-dispara-misseis-em-resposta\/\",\"name\":\"EUA E ISRAEL REALIZAM ATAQUE COORDENADO CONTRA O IR\u00c3, QUE DISPARA M\u00cdSSEIS EM RESPOSTA - Bahia Economica\",\"isPartOf\":{\"@id\":\"https:\/\/bahiaeconomica.com.br\/wp\/#website\"},\"datePublished\":\"2026-02-28T11:00:42+00:00\",\"dateModified\":\"2026-02-28T10:59:56+00:00\",\"description\":\"O maior portal de Economia da Bahia DESTAQUE DO DIA, ECONOMIA \/ POL\u00cdTICA Bahia Economica Estados Unidos e Israel realizaram um ataque coordenado contra o Ir\u00e3\",\"breadcrumb\":{\"@id\":\"https:\/\/bahiaeconomica.com.br\/wp\/2026\/02\/28\/eua-e-israel-realizam-ataque-coordenado-contra-o-ira-que-dispara-misseis-em-resposta\/#breadcrumb\"},\"inLanguage\":\"pt-BR\",\"potentialAction\":[{\"@type\":\"ReadAction\",\"target\":[\"https:\/\/bahiaeconomica.com.br\/wp\/2026\/02\/28\/eua-e-israel-realizam-ataque-coordenado-contra-o-ira-que-dispara-misseis-em-resposta\/\"]}]},{\"@type\":\"BreadcrumbList\",\"@id\":\"https:\/\/bahiaeconomica.com.br\/wp\/2026\/02\/28\/eua-e-israel-realizam-ataque-coordenado-contra-o-ira-que-dispara-misseis-em-resposta\/#breadcrumb\",\"itemListElement\":[{\"@type\":\"ListItem\",\"position\":1,\"name\":\"In\u00edcio\",\"item\":\"https:\/\/bahiaeconomica.com.br\/wp\/\"},{\"@type\":\"ListItem\",\"position\":2,\"name\":\"EUA E ISRAEL REALIZAM ATAQUE COORDENADO CONTRA O IR\u00c3, QUE DISPARA M\u00cdSSEIS EM RESPOSTA\"}]},{\"@type\":\"WebSite\",\"@id\":\"https:\/\/bahiaeconomica.com.br\/wp\/#website\",\"url\":\"https:\/\/bahiaeconomica.com.br\/wp\/\",\"name\":\"Bahia Economica\",\"description\":\"O maior portal de Economia da Bahia\",\"publisher\":{\"@id\":\"https:\/\/bahiaeconomica.com.br\/wp\/#organization\"},\"potentialAction\":[{\"@type\":\"SearchAction\",\"target\":{\"@type\":\"EntryPoint\",\"urlTemplate\":\"https:\/\/bahiaeconomica.com.br\/wp\/?s={search_term_string}\"},\"query-input\":\"required name=search_term_string\"}],\"inLanguage\":\"pt-BR\"},{\"@type\":\"Organization\",\"@id\":\"https:\/\/bahiaeconomica.com.br\/wp\/#organization\",\"name\":\"Bahia Econ\u00f4mica\",\"url\":\"https:\/\/bahiaeconomica.com.br\/wp\/\",\"logo\":{\"@type\":\"ImageObject\",\"inLanguage\":\"pt-BR\",\"@id\":\"https:\/\/bahiaeconomica.com.br\/wp\/#\/schema\/logo\/image\/\",\"url\":\"https:\/\/bahiaeconomica.com.br\/wp\/wp-content\/uploads\/2020\/12\/cropped-BE.png\",\"contentUrl\":\"https:\/\/bahiaeconomica.com.br\/wp\/wp-content\/uploads\/2020\/12\/cropped-BE.png\",\"width\":512,\"height\":512,\"caption\":\"Bahia Econ\u00f4mica\"},\"image\":{\"@id\":\"https:\/\/bahiaeconomica.com.br\/wp\/#\/schema\/logo\/image\/\"},\"sameAs\":[\"https:\/\/www.facebook.com\/bahiaeconomica\"]},{\"@type\":\"Person\",\"@id\":\"https:\/\/bahiaeconomica.com.br\/wp\/#\/schema\/person\/c86d3a3f8960425a0f9d0e5245991f4e\",\"name\":\"JP\",\"sameAs\":[\"https:\/\/bahiaeconomica.com.br\/wp\/beta\/\"],\"url\":\"https:\/\/bahiaeconomica.com.br\/wp\/author\/jp\/\"}]}<\/script>\n<!-- \/ Yoast SEO plugin. -->","yoast_head_json":{"title":"EUA E ISRAEL REALIZAM ATAQUE COORDENADO CONTRA O IR\u00c3, QUE DISPARA M\u00cdSSEIS EM RESPOSTA - Bahia Economica","description":"O maior portal de Economia da Bahia DESTAQUE DO DIA, ECONOMIA \/ POL\u00cdTICA Bahia Economica Estados Unidos e Israel realizaram um ataque coordenado contra o Ir\u00e3","robots":{"index":"index","follow":"follow","max-snippet":"max-snippet:-1","max-image-preview":"max-image-preview:large","max-video-preview":"max-video-preview:-1"},"canonical":"https:\/\/bahiaeconomica.com.br\/wp\/2026\/02\/28\/eua-e-israel-realizam-ataque-coordenado-contra-o-ira-que-dispara-misseis-em-resposta\/","og_locale":"pt_BR","og_type":"article","og_title":"EUA E ISRAEL REALIZAM ATAQUE COORDENADO CONTRA O IR\u00c3, QUE DISPARA M\u00cdSSEIS EM RESPOSTA - Bahia Economica","og_description":"O maior portal de Economia da Bahia DESTAQUE DO DIA, ECONOMIA \/ POL\u00cdTICA Bahia Economica Estados Unidos e Israel realizaram um ataque coordenado contra o Ir\u00e3","og_url":"https:\/\/bahiaeconomica.com.br\/wp\/2026\/02\/28\/eua-e-israel-realizam-ataque-coordenado-contra-o-ira-que-dispara-misseis-em-resposta\/","og_site_name":"Bahia Economica","article_publisher":"https:\/\/www.facebook.com\/bahiaeconomica","article_published_time":"2026-02-28T11:00:42+00:00","article_modified_time":"2026-02-28T10:59:56+00:00","og_image":[{"url":"https:\/\/bahiaeconomica.com.br\/wp\/wp-content\/uploads\/2026\/02\/site-template-grade-de-fotos-2025-06-22t093221.067.jpeg","width":1,"height":1,"type":"image\/jpeg"}],"author":"JP","twitter_card":"summary_large_image","twitter_misc":{"Escrito por":"JP","Est. tempo de leitura":"3 minutos"},"schema":{"@context":"https:\/\/schema.org","@graph":[{"@type":"Article","@id":"https:\/\/bahiaeconomica.com.br\/wp\/2026\/02\/28\/eua-e-israel-realizam-ataque-coordenado-contra-o-ira-que-dispara-misseis-em-resposta\/#article","isPartOf":{"@id":"https:\/\/bahiaeconomica.com.br\/wp\/2026\/02\/28\/eua-e-israel-realizam-ataque-coordenado-contra-o-ira-que-dispara-misseis-em-resposta\/"},"author":{"name":"JP","@id":"https:\/\/bahiaeconomica.com.br\/wp\/#\/schema\/person\/c86d3a3f8960425a0f9d0e5245991f4e"},"headline":"EUA E ISRAEL REALIZAM ATAQUE COORDENADO CONTRA O IR\u00c3, QUE DISPARA M\u00cdSSEIS EM RESPOSTA","datePublished":"2026-02-28T11:00:42+00:00","dateModified":"2026-02-28T10:59:56+00:00","mainEntityOfPage":{"@id":"https:\/\/bahiaeconomica.com.br\/wp\/2026\/02\/28\/eua-e-israel-realizam-ataque-coordenado-contra-o-ira-que-dispara-misseis-em-resposta\/"},"wordCount":556,"publisher":{"@id":"https:\/\/bahiaeconomica.com.br\/wp\/#organization"},"keywords":["Brasil","Economia","guerra","ira"],"articleSection":["DESTAQUE DO DIA","ECONOMIA \/ POL\u00cdTICA"],"inLanguage":"pt-BR"},{"@type":"WebPage","@id":"https:\/\/bahiaeconomica.com.br\/wp\/2026\/02\/28\/eua-e-israel-realizam-ataque-coordenado-contra-o-ira-que-dispara-misseis-em-resposta\/","url":"https:\/\/bahiaeconomica.com.br\/wp\/2026\/02\/28\/eua-e-israel-realizam-ataque-coordenado-contra-o-ira-que-dispara-misseis-em-resposta\/","name":"EUA E ISRAEL REALIZAM ATAQUE COORDENADO CONTRA O IR\u00c3, QUE DISPARA M\u00cdSSEIS EM RESPOSTA - Bahia Economica","isPartOf":{"@id":"https:\/\/bahiaeconomica.com.br\/wp\/#website"},"datePublished":"2026-02-28T11:00:42+00:00","dateModified":"2026-02-28T10:59:56+00:00","description":"O maior portal de Economia da Bahia DESTAQUE DO DIA, ECONOMIA \/ POL\u00cdTICA Bahia Economica Estados Unidos e Israel realizaram um ataque coordenado contra o Ir\u00e3","breadcrumb":{"@id":"https:\/\/bahiaeconomica.com.br\/wp\/2026\/02\/28\/eua-e-israel-realizam-ataque-coordenado-contra-o-ira-que-dispara-misseis-em-resposta\/#breadcrumb"},"inLanguage":"pt-BR","potentialAction":[{"@type":"ReadAction","target":["https:\/\/bahiaeconomica.com.br\/wp\/2026\/02\/28\/eua-e-israel-realizam-ataque-coordenado-contra-o-ira-que-dispara-misseis-em-resposta\/"]}]},{"@type":"BreadcrumbList","@id":"https:\/\/bahiaeconomica.com.br\/wp\/2026\/02\/28\/eua-e-israel-realizam-ataque-coordenado-contra-o-ira-que-dispara-misseis-em-resposta\/#breadcrumb","itemListElement":[{"@type":"ListItem","position":1,"name":"In\u00edcio","item":"https:\/\/bahiaeconomica.com.br\/wp\/"},{"@type":"ListItem","position":2,"name":"EUA E ISRAEL REALIZAM ATAQUE COORDENADO CONTRA O IR\u00c3, QUE DISPARA M\u00cdSSEIS EM RESPOSTA"}]},{"@type":"WebSite","@id":"https:\/\/bahiaeconomica.com.br\/wp\/#website","url":"https:\/\/bahiaeconomica.com.br\/wp\/","name":"Bahia Economica","description":"O maior portal de Economia da Bahia","publisher":{"@id":"https:\/\/bahiaeconomica.com.br\/wp\/#organization"},"potentialAction":[{"@type":"SearchAction","target":{"@type":"EntryPoint","urlTemplate":"https:\/\/bahiaeconomica.com.br\/wp\/?s={search_term_string}"},"query-input":"required name=search_term_string"}],"inLanguage":"pt-BR"},{"@type":"Organization","@id":"https:\/\/bahiaeconomica.com.br\/wp\/#organization","name":"Bahia Econ\u00f4mica","url":"https:\/\/bahiaeconomica.com.br\/wp\/","logo":{"@type":"ImageObject","inLanguage":"pt-BR","@id":"https:\/\/bahiaeconomica.com.br\/wp\/#\/schema\/logo\/image\/","url":"https:\/\/bahiaeconomica.com.br\/wp\/wp-content\/uploads\/2020\/12\/cropped-BE.png","contentUrl":"https:\/\/bahiaeconomica.com.br\/wp\/wp-content\/uploads\/2020\/12\/cropped-BE.png","width":512,"height":512,"caption":"Bahia Econ\u00f4mica"},"image":{"@id":"https:\/\/bahiaeconomica.com.br\/wp\/#\/schema\/logo\/image\/"},"sameAs":["https:\/\/www.facebook.com\/bahiaeconomica"]},{"@type":"Person","@id":"https:\/\/bahiaeconomica.com.br\/wp\/#\/schema\/person\/c86d3a3f8960425a0f9d0e5245991f4e","name":"JP","sameAs":["https:\/\/bahiaeconomica.com.br\/wp\/beta\/"],"url":"https:\/\/bahiaeconomica.com.br\/wp\/author\/jp\/"}]}},"views":27,"_links":{"self":[{"href":"https:\/\/bahiaeconomica.com.br\/wp\/wp-json\/wp\/v2\/posts\/977713"}],"collection":[{"href":"https:\/\/bahiaeconomica.com.br\/wp\/wp-json\/wp\/v2\/posts"}],"about":[{"href":"https:\/\/bahiaeconomica.com.br\/wp\/wp-json\/wp\/v2\/types\/post"}],"author":[{"embeddable":true,"href":"https:\/\/bahiaeconomica.com.br\/wp\/wp-json\/wp\/v2\/users\/8"}],"replies":[{"embeddable":true,"href":"https:\/\/bahiaeconomica.com.br\/wp\/wp-json\/wp\/v2\/comments?post=977713"}],"version-history":[{"count":1,"href":"https:\/\/bahiaeconomica.com.br\/wp\/wp-json\/wp\/v2\/posts\/977713\/revisions"}],"predecessor-version":[{"id":977715,"href":"https:\/\/bahiaeconomica.com.br\/wp\/wp-json\/wp\/v2\/posts\/977713\/revisions\/977715"}],"wp:featuredmedia":[{"embeddable":true,"href":"https:\/\/bahiaeconomica.com.br\/wp\/wp-json\/wp\/v2\/media\/977714"}],"wp:attachment":[{"href":"https:\/\/bahiaeconomica.com.br\/wp\/wp-json\/wp\/v2\/media?parent=977713"}],"wp:term":[{"taxonomy":"category","embeddable":true,"href":"https:\/\/bahiaeconomica.com.br\/wp\/wp-json\/wp\/v2\/categories?post=977713"},{"taxonomy":"post_tag","embeddable":true,"href":"https:\/\/bahiaeconomica.com.br\/wp\/wp-json\/wp\/v2\/tags?post=977713"}],"curies":[{"name":"wp","href":"https:\/\/api.w.org\/{rel}","templated":true}]}}