{"id":977298,"date":"2026-02-26T16:41:32","date_gmt":"2026-02-26T19:41:32","guid":{"rendered":"https:\/\/bahiaeconomica.com.br\/wp\/?p=977298"},"modified":"2026-02-26T16:41:32","modified_gmt":"2026-02-26T19:41:32","slug":"sao-sebastiao-do-passe-abre-processo-seletivo-com-586-vagas","status":"publish","type":"post","link":"https:\/\/bahiaeconomica.com.br\/wp\/2026\/02\/26\/sao-sebastiao-do-passe-abre-processo-seletivo-com-586-vagas\/","title":{"rendered":"S\u00c3O SEBASTI\u00c3O DO PASS\u00c9 ABRE PROCESSO SELETIVO COM 586 VAGAS"},"content":{"rendered":"<p>A prefeitura de S\u00e3o Sebasti\u00e3o do Pass\u00e9, na Regi\u00e3o Metropolitana de Salvador, lan\u00e7ou nesta quinta-feira (26) um processo seletivo simplificado com 586 vagas. O objetivo \u00e9 formar cadastro reserva para diferentes secretarias municipais.<\/p>\n<p data-start=\"369\" data-end=\"680\">As inscri\u00e7\u00f5es podem ser realizadas at\u00e9 4 de mar\u00e7o, exclusivamente pelo site oficial da prefeitura. As oportunidades contemplam candidatos de n\u00edvel fundamental, m\u00e9dio, t\u00e9cnico e superior, com cargos como assistente social, t\u00e9cnico de enfermagem, auxiliar de cozinha, motorista, monitor de karat\u00ea, entre outros.<\/p>\n<p data-start=\"682\" data-end=\"809\" data-is-last-node=\"\" data-is-only-node=\"\">Segundo a administra\u00e7\u00e3o municipal, o processo seletivo tem car\u00e1ter emergencial e busca atender \u00e0s demandas imediatas da gest\u00e3o.<\/p>\n<p data-start=\"682\" data-end=\"809\" data-is-last-node=\"\" data-is-only-node=\"\">Foto: Reprodu\u00e7\u00e3o Freepik<\/p>\n<p>&nbsp;<\/p>\n","protected":false},"excerpt":{"rendered":"<p>A prefeitura de S\u00e3o Sebasti\u00e3o do Pass\u00e9, na Regi\u00e3o Metropolitana de Salvador, lan\u00e7ou nesta quinta-feira (26) um processo seletivo simplificado com 586 vagas. O objetivo \u00e9 formar cadastro reserva para diferentes secretarias municipais. As inscri\u00e7\u00f5es podem ser realizadas at\u00e9 4 de mar\u00e7o, exclusivamente pelo site oficial da prefeitura. As oportunidades contemplam candidatos de n\u00edvel fundamental, [&hellip;]<\/p>\n","protected":false},"author":24,"featured_media":977302,"comment_status":"closed","ping_status":"closed","sticky":false,"template":"","format":"standard","meta":[],"categories":[8,5],"tags":[8439,11911,1013],"acf":[],"yoast_head":"<!-- This site is optimized with the Yoast SEO plugin v20.8 - https:\/\/yoast.com\/wordpress\/plugins\/seo\/ -->\n<title>S\u00c3O SEBASTI\u00c3O DO PASS\u00c9 ABRE PROCESSO SELETIVO COM 586 VAGAS - Bahia Economica A prefeitura de S\u00e3o Sebasti\u00e3o do Pass\u00e9, na Regi\u00e3o Metropolitana de Salvador, lan\u00e7ou nesta quinta-feira (26) um processo seletivo simplificado com 586 vagas.<\/title>\n<meta name=\"description\" content=\"O maior portal de Economia da Bahia EMPREGOS \/ CONCURSOS, MUNIC\u00cdPIOS Bahia Economica A prefeitura de S\u00e3o Sebasti\u00e3o do Pass\u00e9, na Regi\u00e3o Metropolitana de Salvador, lan\u00e7ou nesta quinta-feira (26) um processo seletivo simplificado com 586 vagas.\" \/>\n<meta name=\"robots\" content=\"index, follow, max-snippet:-1, max-image-preview:large, max-video-preview:-1\" \/>\n<link rel=\"canonical\" href=\"https:\/\/bahiaeconomica.com.br\/wp\/2026\/02\/26\/sao-sebastiao-do-passe-abre-processo-seletivo-com-586-vagas\/\" \/>\n<meta property=\"og:locale\" content=\"pt_BR\" \/>\n<meta property=\"og:type\" content=\"article\" \/>\n<meta property=\"og:title\" content=\"S\u00c3O SEBASTI\u00c3O DO PASS\u00c9 ABRE PROCESSO SELETIVO COM 586 VAGAS - Bahia Economica A prefeitura de S\u00e3o Sebasti\u00e3o do Pass\u00e9, na Regi\u00e3o Metropolitana de Salvador, lan\u00e7ou nesta quinta-feira (26) um processo seletivo simplificado com 586 vagas.\" \/>\n<meta property=\"og:description\" content=\"O maior portal de Economia da Bahia EMPREGOS \/ CONCURSOS, MUNIC\u00cdPIOS Bahia Economica A prefeitura de S\u00e3o Sebasti\u00e3o do Pass\u00e9, na Regi\u00e3o Metropolitana de Salvador, lan\u00e7ou nesta quinta-feira (26) um processo seletivo simplificado com 586 vagas.\" \/>\n<meta property=\"og:url\" content=\"https:\/\/bahiaeconomica.com.br\/wp\/2026\/02\/26\/sao-sebastiao-do-passe-abre-processo-seletivo-com-586-vagas\/\" \/>\n<meta property=\"og:site_name\" content=\"Bahia Economica\" \/>\n<meta property=\"article:publisher\" content=\"https:\/\/www.facebook.com\/bahiaeconomica\" \/>\n<meta property=\"article:published_time\" content=\"2026-02-26T19:41:32+00:00\" \/>\n<meta property=\"og:image\" content=\"https:\/\/bahiaeconomica.com.br\/wp\/wp-content\/uploads\/2026\/02\/a61d2e028f010cc199ff46fa6a15.jpeg\" \/>\n\t<meta property=\"og:image:width\" content=\"480\" \/>\n\t<meta property=\"og:image:height\" content=\"228\" \/>\n\t<meta property=\"og:image:type\" content=\"image\/jpeg\" \/>\n<meta name=\"author\" content=\"VICTOR OLIVEIRA\" \/>\n<meta name=\"twitter:card\" content=\"summary_large_image\" \/>\n<meta name=\"twitter:label1\" content=\"Escrito por\" \/>\n\t<meta name=\"twitter:data1\" content=\"VICTOR OLIVEIRA\" \/>\n\t<meta name=\"twitter:label2\" content=\"Est. tempo de leitura\" \/>\n\t<meta name=\"twitter:data2\" content=\"1 minuto\" \/>\n<script type=\"application\/ld+json\" class=\"yoast-schema-graph\">{\"@context\":\"https:\/\/schema.org\",\"@graph\":[{\"@type\":\"Article\",\"@id\":\"https:\/\/bahiaeconomica.com.br\/wp\/2026\/02\/26\/sao-sebastiao-do-passe-abre-processo-seletivo-com-586-vagas\/#article\",\"isPartOf\":{\"@id\":\"https:\/\/bahiaeconomica.com.br\/wp\/2026\/02\/26\/sao-sebastiao-do-passe-abre-processo-seletivo-com-586-vagas\/\"},\"author\":{\"name\":\"VICTOR OLIVEIRA\",\"@id\":\"https:\/\/bahiaeconomica.com.br\/wp\/#\/schema\/person\/a17956d0e1112b626f403fb06b8129a9\"},\"headline\":\"S\u00c3O SEBASTI\u00c3O DO PASS\u00c9 ABRE PROCESSO SELETIVO COM 586 VAGAS\",\"datePublished\":\"2026-02-26T19:41:32+00:00\",\"dateModified\":\"2026-02-26T19:41:32+00:00\",\"mainEntityOfPage\":{\"@id\":\"https:\/\/bahiaeconomica.com.br\/wp\/2026\/02\/26\/sao-sebastiao-do-passe-abre-processo-seletivo-com-586-vagas\/\"},\"wordCount\":119,\"publisher\":{\"@id\":\"https:\/\/bahiaeconomica.com.br\/wp\/#organization\"},\"keywords\":[\"processo seletivo\",\"s\u00e3o sebasti\u00e3o do pass\u00e9\",\"vagas\"],\"articleSection\":[\"EMPREGOS \/ CONCURSOS\",\"MUNIC\u00cdPIOS\"],\"inLanguage\":\"pt-BR\"},{\"@type\":\"WebPage\",\"@id\":\"https:\/\/bahiaeconomica.com.br\/wp\/2026\/02\/26\/sao-sebastiao-do-passe-abre-processo-seletivo-com-586-vagas\/\",\"url\":\"https:\/\/bahiaeconomica.com.br\/wp\/2026\/02\/26\/sao-sebastiao-do-passe-abre-processo-seletivo-com-586-vagas\/\",\"name\":\"S\u00c3O SEBASTI\u00c3O DO PASS\u00c9 ABRE PROCESSO SELETIVO COM 586 VAGAS - Bahia Economica A prefeitura de S\u00e3o Sebasti\u00e3o do Pass\u00e9, na Regi\u00e3o Metropolitana de Salvador, lan\u00e7ou nesta quinta-feira (26) um processo seletivo simplificado com 586 vagas.\",\"isPartOf\":{\"@id\":\"https:\/\/bahiaeconomica.com.br\/wp\/#website\"},\"datePublished\":\"2026-02-26T19:41:32+00:00\",\"dateModified\":\"2026-02-26T19:41:32+00:00\",\"description\":\"O maior portal de Economia da Bahia EMPREGOS \/ CONCURSOS, MUNIC\u00cdPIOS Bahia Economica A prefeitura de S\u00e3o Sebasti\u00e3o do Pass\u00e9, na Regi\u00e3o Metropolitana de Salvador, lan\u00e7ou nesta quinta-feira (26) um processo seletivo simplificado com 586 vagas.\",\"breadcrumb\":{\"@id\":\"https:\/\/bahiaeconomica.com.br\/wp\/2026\/02\/26\/sao-sebastiao-do-passe-abre-processo-seletivo-com-586-vagas\/#breadcrumb\"},\"inLanguage\":\"pt-BR\",\"potentialAction\":[{\"@type\":\"ReadAction\",\"target\":[\"https:\/\/bahiaeconomica.com.br\/wp\/2026\/02\/26\/sao-sebastiao-do-passe-abre-processo-seletivo-com-586-vagas\/\"]}]},{\"@type\":\"BreadcrumbList\",\"@id\":\"https:\/\/bahiaeconomica.com.br\/wp\/2026\/02\/26\/sao-sebastiao-do-passe-abre-processo-seletivo-com-586-vagas\/#breadcrumb\",\"itemListElement\":[{\"@type\":\"ListItem\",\"position\":1,\"name\":\"In\u00edcio\",\"item\":\"https:\/\/bahiaeconomica.com.br\/wp\/\"},{\"@type\":\"ListItem\",\"position\":2,\"name\":\"S\u00c3O SEBASTI\u00c3O DO PASS\u00c9 ABRE PROCESSO SELETIVO COM 586 VAGAS\"}]},{\"@type\":\"WebSite\",\"@id\":\"https:\/\/bahiaeconomica.com.br\/wp\/#website\",\"url\":\"https:\/\/bahiaeconomica.com.br\/wp\/\",\"name\":\"Bahia Economica\",\"description\":\"O maior portal de Economia da Bahia\",\"publisher\":{\"@id\":\"https:\/\/bahiaeconomica.com.br\/wp\/#organization\"},\"potentialAction\":[{\"@type\":\"SearchAction\",\"target\":{\"@type\":\"EntryPoint\",\"urlTemplate\":\"https:\/\/bahiaeconomica.com.br\/wp\/?s={search_term_string}\"},\"query-input\":\"required name=search_term_string\"}],\"inLanguage\":\"pt-BR\"},{\"@type\":\"Organization\",\"@id\":\"https:\/\/bahiaeconomica.com.br\/wp\/#organization\",\"name\":\"Bahia Econ\u00f4mica\",\"url\":\"https:\/\/bahiaeconomica.com.br\/wp\/\",\"logo\":{\"@type\":\"ImageObject\",\"inLanguage\":\"pt-BR\",\"@id\":\"https:\/\/bahiaeconomica.com.br\/wp\/#\/schema\/logo\/image\/\",\"url\":\"https:\/\/bahiaeconomica.com.br\/wp\/wp-content\/uploads\/2020\/12\/cropped-BE.png\",\"contentUrl\":\"https:\/\/bahiaeconomica.com.br\/wp\/wp-content\/uploads\/2020\/12\/cropped-BE.png\",\"width\":512,\"height\":512,\"caption\":\"Bahia Econ\u00f4mica\"},\"image\":{\"@id\":\"https:\/\/bahiaeconomica.com.br\/wp\/#\/schema\/logo\/image\/\"},\"sameAs\":[\"https:\/\/www.facebook.com\/bahiaeconomica\"]},{\"@type\":\"Person\",\"@id\":\"https:\/\/bahiaeconomica.com.br\/wp\/#\/schema\/person\/a17956d0e1112b626f403fb06b8129a9\",\"name\":\"VICTOR OLIVEIRA\",\"sameAs\":[\"http:\/\/www.bahiaeconomica.com.br\"],\"url\":\"https:\/\/bahiaeconomica.com.br\/wp\/author\/victor-oliveira\/\"}]}<\/script>\n<!-- \/ Yoast SEO plugin. -->","yoast_head_json":{"title":"S\u00c3O SEBASTI\u00c3O DO PASS\u00c9 ABRE PROCESSO SELETIVO COM 586 VAGAS - Bahia Economica A prefeitura de S\u00e3o Sebasti\u00e3o do Pass\u00e9, na Regi\u00e3o Metropolitana de Salvador, lan\u00e7ou nesta quinta-feira (26) um processo seletivo simplificado com 586 vagas.","description":"O maior portal de Economia da Bahia EMPREGOS \/ CONCURSOS, MUNIC\u00cdPIOS Bahia Economica A prefeitura de S\u00e3o Sebasti\u00e3o do Pass\u00e9, na Regi\u00e3o Metropolitana de Salvador, lan\u00e7ou nesta quinta-feira (26) um processo seletivo simplificado com 586 vagas.","robots":{"index":"index","follow":"follow","max-snippet":"max-snippet:-1","max-image-preview":"max-image-preview:large","max-video-preview":"max-video-preview:-1"},"canonical":"https:\/\/bahiaeconomica.com.br\/wp\/2026\/02\/26\/sao-sebastiao-do-passe-abre-processo-seletivo-com-586-vagas\/","og_locale":"pt_BR","og_type":"article","og_title":"S\u00c3O SEBASTI\u00c3O DO PASS\u00c9 ABRE PROCESSO SELETIVO COM 586 VAGAS - Bahia Economica A prefeitura de S\u00e3o Sebasti\u00e3o do Pass\u00e9, na Regi\u00e3o Metropolitana de Salvador, lan\u00e7ou nesta quinta-feira (26) um processo seletivo simplificado com 586 vagas.","og_description":"O maior portal de Economia da Bahia EMPREGOS \/ CONCURSOS, MUNIC\u00cdPIOS Bahia Economica A prefeitura de S\u00e3o Sebasti\u00e3o do Pass\u00e9, na Regi\u00e3o Metropolitana de Salvador, lan\u00e7ou nesta quinta-feira (26) um processo seletivo simplificado com 586 vagas.","og_url":"https:\/\/bahiaeconomica.com.br\/wp\/2026\/02\/26\/sao-sebastiao-do-passe-abre-processo-seletivo-com-586-vagas\/","og_site_name":"Bahia Economica","article_publisher":"https:\/\/www.facebook.com\/bahiaeconomica","article_published_time":"2026-02-26T19:41:32+00:00","og_image":[{"width":480,"height":228,"url":"https:\/\/bahiaeconomica.com.br\/wp\/wp-content\/uploads\/2026\/02\/a61d2e028f010cc199ff46fa6a15.jpeg","type":"image\/jpeg"}],"author":"VICTOR OLIVEIRA","twitter_card":"summary_large_image","twitter_misc":{"Escrito por":"VICTOR OLIVEIRA","Est. tempo de leitura":"1 minuto"},"schema":{"@context":"https:\/\/schema.org","@graph":[{"@type":"Article","@id":"https:\/\/bahiaeconomica.com.br\/wp\/2026\/02\/26\/sao-sebastiao-do-passe-abre-processo-seletivo-com-586-vagas\/#article","isPartOf":{"@id":"https:\/\/bahiaeconomica.com.br\/wp\/2026\/02\/26\/sao-sebastiao-do-passe-abre-processo-seletivo-com-586-vagas\/"},"author":{"name":"VICTOR OLIVEIRA","@id":"https:\/\/bahiaeconomica.com.br\/wp\/#\/schema\/person\/a17956d0e1112b626f403fb06b8129a9"},"headline":"S\u00c3O SEBASTI\u00c3O DO PASS\u00c9 ABRE PROCESSO SELETIVO COM 586 VAGAS","datePublished":"2026-02-26T19:41:32+00:00","dateModified":"2026-02-26T19:41:32+00:00","mainEntityOfPage":{"@id":"https:\/\/bahiaeconomica.com.br\/wp\/2026\/02\/26\/sao-sebastiao-do-passe-abre-processo-seletivo-com-586-vagas\/"},"wordCount":119,"publisher":{"@id":"https:\/\/bahiaeconomica.com.br\/wp\/#organization"},"keywords":["processo seletivo","s\u00e3o sebasti\u00e3o do pass\u00e9","vagas"],"articleSection":["EMPREGOS \/ CONCURSOS","MUNIC\u00cdPIOS"],"inLanguage":"pt-BR"},{"@type":"WebPage","@id":"https:\/\/bahiaeconomica.com.br\/wp\/2026\/02\/26\/sao-sebastiao-do-passe-abre-processo-seletivo-com-586-vagas\/","url":"https:\/\/bahiaeconomica.com.br\/wp\/2026\/02\/26\/sao-sebastiao-do-passe-abre-processo-seletivo-com-586-vagas\/","name":"S\u00c3O SEBASTI\u00c3O DO PASS\u00c9 ABRE PROCESSO SELETIVO COM 586 VAGAS - Bahia Economica A prefeitura de S\u00e3o Sebasti\u00e3o do Pass\u00e9, na Regi\u00e3o Metropolitana de Salvador, lan\u00e7ou nesta quinta-feira (26) um processo seletivo simplificado com 586 vagas.","isPartOf":{"@id":"https:\/\/bahiaeconomica.com.br\/wp\/#website"},"datePublished":"2026-02-26T19:41:32+00:00","dateModified":"2026-02-26T19:41:32+00:00","description":"O maior portal de Economia da Bahia EMPREGOS \/ CONCURSOS, MUNIC\u00cdPIOS Bahia Economica A prefeitura de S\u00e3o Sebasti\u00e3o do Pass\u00e9, na Regi\u00e3o Metropolitana de Salvador, lan\u00e7ou nesta quinta-feira (26) um processo seletivo simplificado com 586 vagas.","breadcrumb":{"@id":"https:\/\/bahiaeconomica.com.br\/wp\/2026\/02\/26\/sao-sebastiao-do-passe-abre-processo-seletivo-com-586-vagas\/#breadcrumb"},"inLanguage":"pt-BR","potentialAction":[{"@type":"ReadAction","target":["https:\/\/bahiaeconomica.com.br\/wp\/2026\/02\/26\/sao-sebastiao-do-passe-abre-processo-seletivo-com-586-vagas\/"]}]},{"@type":"BreadcrumbList","@id":"https:\/\/bahiaeconomica.com.br\/wp\/2026\/02\/26\/sao-sebastiao-do-passe-abre-processo-seletivo-com-586-vagas\/#breadcrumb","itemListElement":[{"@type":"ListItem","position":1,"name":"In\u00edcio","item":"https:\/\/bahiaeconomica.com.br\/wp\/"},{"@type":"ListItem","position":2,"name":"S\u00c3O SEBASTI\u00c3O DO PASS\u00c9 ABRE PROCESSO SELETIVO COM 586 VAGAS"}]},{"@type":"WebSite","@id":"https:\/\/bahiaeconomica.com.br\/wp\/#website","url":"https:\/\/bahiaeconomica.com.br\/wp\/","name":"Bahia Economica","description":"O maior portal de Economia da Bahia","publisher":{"@id":"https:\/\/bahiaeconomica.com.br\/wp\/#organization"},"potentialAction":[{"@type":"SearchAction","target":{"@type":"EntryPoint","urlTemplate":"https:\/\/bahiaeconomica.com.br\/wp\/?s={search_term_string}"},"query-input":"required name=search_term_string"}],"inLanguage":"pt-BR"},{"@type":"Organization","@id":"https:\/\/bahiaeconomica.com.br\/wp\/#organization","name":"Bahia Econ\u00f4mica","url":"https:\/\/bahiaeconomica.com.br\/wp\/","logo":{"@type":"ImageObject","inLanguage":"pt-BR","@id":"https:\/\/bahiaeconomica.com.br\/wp\/#\/schema\/logo\/image\/","url":"https:\/\/bahiaeconomica.com.br\/wp\/wp-content\/uploads\/2020\/12\/cropped-BE.png","contentUrl":"https:\/\/bahiaeconomica.com.br\/wp\/wp-content\/uploads\/2020\/12\/cropped-BE.png","width":512,"height":512,"caption":"Bahia Econ\u00f4mica"},"image":{"@id":"https:\/\/bahiaeconomica.com.br\/wp\/#\/schema\/logo\/image\/"},"sameAs":["https:\/\/www.facebook.com\/bahiaeconomica"]},{"@type":"Person","@id":"https:\/\/bahiaeconomica.com.br\/wp\/#\/schema\/person\/a17956d0e1112b626f403fb06b8129a9","name":"VICTOR OLIVEIRA","sameAs":["http:\/\/www.bahiaeconomica.com.br"],"url":"https:\/\/bahiaeconomica.com.br\/wp\/author\/victor-oliveira\/"}]}},"views":124,"_links":{"self":[{"href":"https:\/\/bahiaeconomica.com.br\/wp\/wp-json\/wp\/v2\/posts\/977298"}],"collection":[{"href":"https:\/\/bahiaeconomica.com.br\/wp\/wp-json\/wp\/v2\/posts"}],"about":[{"href":"https:\/\/bahiaeconomica.com.br\/wp\/wp-json\/wp\/v2\/types\/post"}],"author":[{"embeddable":true,"href":"https:\/\/bahiaeconomica.com.br\/wp\/wp-json\/wp\/v2\/users\/24"}],"replies":[{"embeddable":true,"href":"https:\/\/bahiaeconomica.com.br\/wp\/wp-json\/wp\/v2\/comments?post=977298"}],"version-history":[{"count":1,"href":"https:\/\/bahiaeconomica.com.br\/wp\/wp-json\/wp\/v2\/posts\/977298\/revisions"}],"predecessor-version":[{"id":977304,"href":"https:\/\/bahiaeconomica.com.br\/wp\/wp-json\/wp\/v2\/posts\/977298\/revisions\/977304"}],"wp:featuredmedia":[{"embeddable":true,"href":"https:\/\/bahiaeconomica.com.br\/wp\/wp-json\/wp\/v2\/media\/977302"}],"wp:attachment":[{"href":"https:\/\/bahiaeconomica.com.br\/wp\/wp-json\/wp\/v2\/media?parent=977298"}],"wp:term":[{"taxonomy":"category","embeddable":true,"href":"https:\/\/bahiaeconomica.com.br\/wp\/wp-json\/wp\/v2\/categories?post=977298"},{"taxonomy":"post_tag","embeddable":true,"href":"https:\/\/bahiaeconomica.com.br\/wp\/wp-json\/wp\/v2\/tags?post=977298"}],"curies":[{"name":"wp","href":"https:\/\/api.w.org\/{rel}","templated":true}]}}