{"id":977115,"date":"2026-02-26T09:34:12","date_gmt":"2026-02-26T12:34:12","guid":{"rendered":"https:\/\/bahiaeconomica.com.br\/wp\/?p=977115"},"modified":"2026-02-26T09:34:12","modified_gmt":"2026-02-26T12:34:12","slug":"vitoria-negocia-contratacao-de-anderson-pato-destaque-do-baianao","status":"publish","type":"post","link":"https:\/\/bahiaeconomica.com.br\/wp\/2026\/02\/26\/vitoria-negocia-contratacao-de-anderson-pato-destaque-do-baianao\/","title":{"rendered":"VIT\u00d3RIA NEGOCIA CONTRATA\u00c7\u00c3O DE ANDERSON PATO, DESTAQUE DO BAIAN\u00c3O"},"content":{"rendered":"<p>Visando refor\u00e7ar o elenco comandando pelo t\u00e9cnico Jair Ventura, o Vit\u00f3ria est\u00e1 no mercado buscando novos jogadores para o time. Esse \u00e9 o caso do atacante Anderson Pato, da Juazeirense. O Le\u00e3o negocia a contrata\u00e7\u00e3o em definitivo do jogador de 23 anos, que foi um dos destaques do Campeonato Baiano pelo Canc\u00e3o de Fogo. A informa\u00e7\u00e3o foi divulgada inicialmente pelo ge.<\/p>\n<p data-start=\"320\" data-end=\"594\">A diretoria rubro-negra v\u00ea no atleta uma oportunidade de mercado, especialmente pela regularidade apresentada no Baian\u00e3o. Anderson Pato se destacou pela velocidade, capacidade de finaliza\u00e7\u00e3o e movimenta\u00e7\u00e3o no setor ofensivo, sendo pe\u00e7a importante na campanha da Juazeirense.<\/p>\n<p data-start=\"596\" data-end=\"825\">As conversas entre os clubes est\u00e3o em est\u00e1gio inicial, mas a tend\u00eancia \u00e9 de avan\u00e7o nos pr\u00f3ximos dias. O Vit\u00f3ria busca refor\u00e7ar o elenco para a sequ\u00eancia da temporada e entende que o atacante pode agregar competitividade ao grupo.<\/p>\n<p data-start=\"827\" data-end=\"1102\">Internamente, a avalia\u00e7\u00e3o \u00e9 de que o elenco ainda necessita de mais op\u00e7\u00f5es para o setor ofensivo, principalmente visando a maratona de jogos nas competi\u00e7\u00f5es nacionais. Caso a negocia\u00e7\u00e3o evolua positivamente, Anderson Pato pode ser anunciado como refor\u00e7o nas pr\u00f3ximas semanas.<\/p>\n<p data-start=\"827\" data-end=\"1102\">foto= Cr\u00e9dito: Divulga\u00e7\u00e3o\/Juazeirense<\/p>\n","protected":false},"excerpt":{"rendered":"<p>Visando refor\u00e7ar o elenco comandando pelo t\u00e9cnico Jair Ventura, o Vit\u00f3ria est\u00e1 no mercado buscando novos jogadores para o time. Esse \u00e9 o caso do atacante Anderson Pato, da Juazeirense. O Le\u00e3o negocia a contrata\u00e7\u00e3o em definitivo do jogador de 23 anos, que foi um dos destaques do Campeonato Baiano pelo Canc\u00e3o de Fogo. A [&hellip;]<\/p>\n","protected":false},"author":30,"featured_media":977120,"comment_status":"closed","ping_status":"closed","sticky":false,"template":"","format":"standard","meta":[],"categories":[4486],"tags":[1680,2052,43734,1002],"acf":[],"yoast_head":"<!-- This site is optimized with the Yoast SEO plugin v20.8 - https:\/\/yoast.com\/wordpress\/plugins\/seo\/ -->\n<title>VIT\u00d3RIA NEGOCIA CONTRATA\u00c7\u00c3O DE ANDERSON PATO, DESTAQUE DO BAIAN\u00c3O - Bahia Economica<\/title>\n<meta name=\"description\" content=\"O maior portal de Economia da Bahia Esporte Bahia Economica\" \/>\n<meta name=\"robots\" content=\"index, follow, max-snippet:-1, max-image-preview:large, max-video-preview:-1\" \/>\n<link rel=\"canonical\" href=\"https:\/\/bahiaeconomica.com.br\/wp\/2026\/02\/26\/vitoria-negocia-contratacao-de-anderson-pato-destaque-do-baianao\/\" \/>\n<meta property=\"og:locale\" content=\"pt_BR\" \/>\n<meta property=\"og:type\" content=\"article\" \/>\n<meta property=\"og:title\" content=\"VIT\u00d3RIA NEGOCIA CONTRATA\u00c7\u00c3O DE ANDERSON PATO, DESTAQUE DO BAIAN\u00c3O - Bahia Economica\" \/>\n<meta property=\"og:description\" content=\"O maior portal de Economia da Bahia Esporte Bahia Economica\" \/>\n<meta property=\"og:url\" content=\"https:\/\/bahiaeconomica.com.br\/wp\/2026\/02\/26\/vitoria-negocia-contratacao-de-anderson-pato-destaque-do-baianao\/\" \/>\n<meta property=\"og:site_name\" content=\"Bahia Economica\" \/>\n<meta property=\"article:publisher\" content=\"https:\/\/www.facebook.com\/bahiaeconomica\" \/>\n<meta property=\"article:published_time\" content=\"2026-02-26T12:34:12+00:00\" \/>\n<meta property=\"og:image\" content=\"https:\/\/bahiaeconomica.com.br\/wp\/wp-content\/uploads\/2026\/02\/atacante-anderson-pato-negocia-com-o-vitoria-3159088-article.webp\" \/>\n\t<meta property=\"og:image:width\" content=\"600\" \/>\n\t<meta property=\"og:image:height\" content=\"400\" \/>\n\t<meta property=\"og:image:type\" content=\"image\/webp\" \/>\n<meta name=\"author\" content=\"Igor Lima\" \/>\n<meta name=\"twitter:card\" content=\"summary_large_image\" \/>\n<meta name=\"twitter:label1\" content=\"Escrito por\" \/>\n\t<meta name=\"twitter:data1\" content=\"Igor Lima\" \/>\n\t<meta name=\"twitter:label2\" content=\"Est. tempo de leitura\" \/>\n\t<meta name=\"twitter:data2\" content=\"1 minuto\" \/>\n<script type=\"application\/ld+json\" class=\"yoast-schema-graph\">{\"@context\":\"https:\/\/schema.org\",\"@graph\":[{\"@type\":\"Article\",\"@id\":\"https:\/\/bahiaeconomica.com.br\/wp\/2026\/02\/26\/vitoria-negocia-contratacao-de-anderson-pato-destaque-do-baianao\/#article\",\"isPartOf\":{\"@id\":\"https:\/\/bahiaeconomica.com.br\/wp\/2026\/02\/26\/vitoria-negocia-contratacao-de-anderson-pato-destaque-do-baianao\/\"},\"author\":{\"name\":\"Igor Lima\",\"@id\":\"https:\/\/bahiaeconomica.com.br\/wp\/#\/schema\/person\/23d69cf5269928c69c6577aa8c98e537\"},\"headline\":\"VIT\u00d3RIA NEGOCIA CONTRATA\u00c7\u00c3O DE ANDERSON PATO, DESTAQUE DO BAIAN\u00c3O\",\"datePublished\":\"2026-02-26T12:34:12+00:00\",\"dateModified\":\"2026-02-26T12:34:12+00:00\",\"mainEntityOfPage\":{\"@id\":\"https:\/\/bahiaeconomica.com.br\/wp\/2026\/02\/26\/vitoria-negocia-contratacao-de-anderson-pato-destaque-do-baianao\/\"},\"wordCount\":217,\"publisher\":{\"@id\":\"https:\/\/bahiaeconomica.com.br\/wp\/#organization\"},\"keywords\":[\"gols\",\"jogos\",\"pato\",\"vitoria\"],\"articleSection\":[\"Esporte\"],\"inLanguage\":\"pt-BR\"},{\"@type\":\"WebPage\",\"@id\":\"https:\/\/bahiaeconomica.com.br\/wp\/2026\/02\/26\/vitoria-negocia-contratacao-de-anderson-pato-destaque-do-baianao\/\",\"url\":\"https:\/\/bahiaeconomica.com.br\/wp\/2026\/02\/26\/vitoria-negocia-contratacao-de-anderson-pato-destaque-do-baianao\/\",\"name\":\"VIT\u00d3RIA NEGOCIA CONTRATA\u00c7\u00c3O DE ANDERSON PATO, DESTAQUE DO BAIAN\u00c3O - Bahia Economica\",\"isPartOf\":{\"@id\":\"https:\/\/bahiaeconomica.com.br\/wp\/#website\"},\"datePublished\":\"2026-02-26T12:34:12+00:00\",\"dateModified\":\"2026-02-26T12:34:12+00:00\",\"description\":\"O maior portal de Economia da Bahia Esporte Bahia Economica\",\"breadcrumb\":{\"@id\":\"https:\/\/bahiaeconomica.com.br\/wp\/2026\/02\/26\/vitoria-negocia-contratacao-de-anderson-pato-destaque-do-baianao\/#breadcrumb\"},\"inLanguage\":\"pt-BR\",\"potentialAction\":[{\"@type\":\"ReadAction\",\"target\":[\"https:\/\/bahiaeconomica.com.br\/wp\/2026\/02\/26\/vitoria-negocia-contratacao-de-anderson-pato-destaque-do-baianao\/\"]}]},{\"@type\":\"BreadcrumbList\",\"@id\":\"https:\/\/bahiaeconomica.com.br\/wp\/2026\/02\/26\/vitoria-negocia-contratacao-de-anderson-pato-destaque-do-baianao\/#breadcrumb\",\"itemListElement\":[{\"@type\":\"ListItem\",\"position\":1,\"name\":\"In\u00edcio\",\"item\":\"https:\/\/bahiaeconomica.com.br\/wp\/\"},{\"@type\":\"ListItem\",\"position\":2,\"name\":\"VIT\u00d3RIA NEGOCIA CONTRATA\u00c7\u00c3O DE ANDERSON PATO, DESTAQUE DO BAIAN\u00c3O\"}]},{\"@type\":\"WebSite\",\"@id\":\"https:\/\/bahiaeconomica.com.br\/wp\/#website\",\"url\":\"https:\/\/bahiaeconomica.com.br\/wp\/\",\"name\":\"Bahia Economica\",\"description\":\"O maior portal de Economia da Bahia\",\"publisher\":{\"@id\":\"https:\/\/bahiaeconomica.com.br\/wp\/#organization\"},\"potentialAction\":[{\"@type\":\"SearchAction\",\"target\":{\"@type\":\"EntryPoint\",\"urlTemplate\":\"https:\/\/bahiaeconomica.com.br\/wp\/?s={search_term_string}\"},\"query-input\":\"required name=search_term_string\"}],\"inLanguage\":\"pt-BR\"},{\"@type\":\"Organization\",\"@id\":\"https:\/\/bahiaeconomica.com.br\/wp\/#organization\",\"name\":\"Bahia Econ\u00f4mica\",\"url\":\"https:\/\/bahiaeconomica.com.br\/wp\/\",\"logo\":{\"@type\":\"ImageObject\",\"inLanguage\":\"pt-BR\",\"@id\":\"https:\/\/bahiaeconomica.com.br\/wp\/#\/schema\/logo\/image\/\",\"url\":\"https:\/\/bahiaeconomica.com.br\/wp\/wp-content\/uploads\/2020\/12\/cropped-BE.png\",\"contentUrl\":\"https:\/\/bahiaeconomica.com.br\/wp\/wp-content\/uploads\/2020\/12\/cropped-BE.png\",\"width\":512,\"height\":512,\"caption\":\"Bahia Econ\u00f4mica\"},\"image\":{\"@id\":\"https:\/\/bahiaeconomica.com.br\/wp\/#\/schema\/logo\/image\/\"},\"sameAs\":[\"https:\/\/www.facebook.com\/bahiaeconomica\"]},{\"@type\":\"Person\",\"@id\":\"https:\/\/bahiaeconomica.com.br\/wp\/#\/schema\/person\/23d69cf5269928c69c6577aa8c98e537\",\"name\":\"Igor Lima\",\"sameAs\":[\"http:\/\/www.bahiaeconomica.com.br\"],\"url\":\"https:\/\/bahiaeconomica.com.br\/wp\/author\/igor-lima\/\"}]}<\/script>\n<!-- \/ Yoast SEO plugin. -->","yoast_head_json":{"title":"VIT\u00d3RIA NEGOCIA CONTRATA\u00c7\u00c3O DE ANDERSON PATO, DESTAQUE DO BAIAN\u00c3O - Bahia Economica","description":"O maior portal de Economia da Bahia Esporte Bahia Economica","robots":{"index":"index","follow":"follow","max-snippet":"max-snippet:-1","max-image-preview":"max-image-preview:large","max-video-preview":"max-video-preview:-1"},"canonical":"https:\/\/bahiaeconomica.com.br\/wp\/2026\/02\/26\/vitoria-negocia-contratacao-de-anderson-pato-destaque-do-baianao\/","og_locale":"pt_BR","og_type":"article","og_title":"VIT\u00d3RIA NEGOCIA CONTRATA\u00c7\u00c3O DE ANDERSON PATO, DESTAQUE DO BAIAN\u00c3O - Bahia Economica","og_description":"O maior portal de Economia da Bahia Esporte Bahia Economica","og_url":"https:\/\/bahiaeconomica.com.br\/wp\/2026\/02\/26\/vitoria-negocia-contratacao-de-anderson-pato-destaque-do-baianao\/","og_site_name":"Bahia Economica","article_publisher":"https:\/\/www.facebook.com\/bahiaeconomica","article_published_time":"2026-02-26T12:34:12+00:00","og_image":[{"width":600,"height":400,"url":"https:\/\/bahiaeconomica.com.br\/wp\/wp-content\/uploads\/2026\/02\/atacante-anderson-pato-negocia-com-o-vitoria-3159088-article.webp","type":"image\/webp"}],"author":"Igor Lima","twitter_card":"summary_large_image","twitter_misc":{"Escrito por":"Igor Lima","Est. tempo de leitura":"1 minuto"},"schema":{"@context":"https:\/\/schema.org","@graph":[{"@type":"Article","@id":"https:\/\/bahiaeconomica.com.br\/wp\/2026\/02\/26\/vitoria-negocia-contratacao-de-anderson-pato-destaque-do-baianao\/#article","isPartOf":{"@id":"https:\/\/bahiaeconomica.com.br\/wp\/2026\/02\/26\/vitoria-negocia-contratacao-de-anderson-pato-destaque-do-baianao\/"},"author":{"name":"Igor Lima","@id":"https:\/\/bahiaeconomica.com.br\/wp\/#\/schema\/person\/23d69cf5269928c69c6577aa8c98e537"},"headline":"VIT\u00d3RIA NEGOCIA CONTRATA\u00c7\u00c3O DE ANDERSON PATO, DESTAQUE DO BAIAN\u00c3O","datePublished":"2026-02-26T12:34:12+00:00","dateModified":"2026-02-26T12:34:12+00:00","mainEntityOfPage":{"@id":"https:\/\/bahiaeconomica.com.br\/wp\/2026\/02\/26\/vitoria-negocia-contratacao-de-anderson-pato-destaque-do-baianao\/"},"wordCount":217,"publisher":{"@id":"https:\/\/bahiaeconomica.com.br\/wp\/#organization"},"keywords":["gols","jogos","pato","vitoria"],"articleSection":["Esporte"],"inLanguage":"pt-BR"},{"@type":"WebPage","@id":"https:\/\/bahiaeconomica.com.br\/wp\/2026\/02\/26\/vitoria-negocia-contratacao-de-anderson-pato-destaque-do-baianao\/","url":"https:\/\/bahiaeconomica.com.br\/wp\/2026\/02\/26\/vitoria-negocia-contratacao-de-anderson-pato-destaque-do-baianao\/","name":"VIT\u00d3RIA NEGOCIA CONTRATA\u00c7\u00c3O DE ANDERSON PATO, DESTAQUE DO BAIAN\u00c3O - Bahia Economica","isPartOf":{"@id":"https:\/\/bahiaeconomica.com.br\/wp\/#website"},"datePublished":"2026-02-26T12:34:12+00:00","dateModified":"2026-02-26T12:34:12+00:00","description":"O maior portal de Economia da Bahia Esporte Bahia Economica","breadcrumb":{"@id":"https:\/\/bahiaeconomica.com.br\/wp\/2026\/02\/26\/vitoria-negocia-contratacao-de-anderson-pato-destaque-do-baianao\/#breadcrumb"},"inLanguage":"pt-BR","potentialAction":[{"@type":"ReadAction","target":["https:\/\/bahiaeconomica.com.br\/wp\/2026\/02\/26\/vitoria-negocia-contratacao-de-anderson-pato-destaque-do-baianao\/"]}]},{"@type":"BreadcrumbList","@id":"https:\/\/bahiaeconomica.com.br\/wp\/2026\/02\/26\/vitoria-negocia-contratacao-de-anderson-pato-destaque-do-baianao\/#breadcrumb","itemListElement":[{"@type":"ListItem","position":1,"name":"In\u00edcio","item":"https:\/\/bahiaeconomica.com.br\/wp\/"},{"@type":"ListItem","position":2,"name":"VIT\u00d3RIA NEGOCIA CONTRATA\u00c7\u00c3O DE ANDERSON PATO, DESTAQUE DO BAIAN\u00c3O"}]},{"@type":"WebSite","@id":"https:\/\/bahiaeconomica.com.br\/wp\/#website","url":"https:\/\/bahiaeconomica.com.br\/wp\/","name":"Bahia Economica","description":"O maior portal de Economia da Bahia","publisher":{"@id":"https:\/\/bahiaeconomica.com.br\/wp\/#organization"},"potentialAction":[{"@type":"SearchAction","target":{"@type":"EntryPoint","urlTemplate":"https:\/\/bahiaeconomica.com.br\/wp\/?s={search_term_string}"},"query-input":"required name=search_term_string"}],"inLanguage":"pt-BR"},{"@type":"Organization","@id":"https:\/\/bahiaeconomica.com.br\/wp\/#organization","name":"Bahia Econ\u00f4mica","url":"https:\/\/bahiaeconomica.com.br\/wp\/","logo":{"@type":"ImageObject","inLanguage":"pt-BR","@id":"https:\/\/bahiaeconomica.com.br\/wp\/#\/schema\/logo\/image\/","url":"https:\/\/bahiaeconomica.com.br\/wp\/wp-content\/uploads\/2020\/12\/cropped-BE.png","contentUrl":"https:\/\/bahiaeconomica.com.br\/wp\/wp-content\/uploads\/2020\/12\/cropped-BE.png","width":512,"height":512,"caption":"Bahia Econ\u00f4mica"},"image":{"@id":"https:\/\/bahiaeconomica.com.br\/wp\/#\/schema\/logo\/image\/"},"sameAs":["https:\/\/www.facebook.com\/bahiaeconomica"]},{"@type":"Person","@id":"https:\/\/bahiaeconomica.com.br\/wp\/#\/schema\/person\/23d69cf5269928c69c6577aa8c98e537","name":"Igor Lima","sameAs":["http:\/\/www.bahiaeconomica.com.br"],"url":"https:\/\/bahiaeconomica.com.br\/wp\/author\/igor-lima\/"}]}},"views":94,"_links":{"self":[{"href":"https:\/\/bahiaeconomica.com.br\/wp\/wp-json\/wp\/v2\/posts\/977115"}],"collection":[{"href":"https:\/\/bahiaeconomica.com.br\/wp\/wp-json\/wp\/v2\/posts"}],"about":[{"href":"https:\/\/bahiaeconomica.com.br\/wp\/wp-json\/wp\/v2\/types\/post"}],"author":[{"embeddable":true,"href":"https:\/\/bahiaeconomica.com.br\/wp\/wp-json\/wp\/v2\/users\/30"}],"replies":[{"embeddable":true,"href":"https:\/\/bahiaeconomica.com.br\/wp\/wp-json\/wp\/v2\/comments?post=977115"}],"version-history":[{"count":1,"href":"https:\/\/bahiaeconomica.com.br\/wp\/wp-json\/wp\/v2\/posts\/977115\/revisions"}],"predecessor-version":[{"id":977123,"href":"https:\/\/bahiaeconomica.com.br\/wp\/wp-json\/wp\/v2\/posts\/977115\/revisions\/977123"}],"wp:featuredmedia":[{"embeddable":true,"href":"https:\/\/bahiaeconomica.com.br\/wp\/wp-json\/wp\/v2\/media\/977120"}],"wp:attachment":[{"href":"https:\/\/bahiaeconomica.com.br\/wp\/wp-json\/wp\/v2\/media?parent=977115"}],"wp:term":[{"taxonomy":"category","embeddable":true,"href":"https:\/\/bahiaeconomica.com.br\/wp\/wp-json\/wp\/v2\/categories?post=977115"},{"taxonomy":"post_tag","embeddable":true,"href":"https:\/\/bahiaeconomica.com.br\/wp\/wp-json\/wp\/v2\/tags?post=977115"}],"curies":[{"name":"wp","href":"https:\/\/api.w.org\/{rel}","templated":true}]}}