{"id":976944,"date":"2026-02-25T15:08:11","date_gmt":"2026-02-25T18:08:11","guid":{"rendered":"https:\/\/bahiaeconomica.com.br\/wp\/?p=976944"},"modified":"2026-02-25T15:08:11","modified_gmt":"2026-02-25T18:08:11","slug":"trecho-da-avenida-contorno-e-interditado-parcialmente-para-obra-de-contencao-de-encosta","status":"publish","type":"post","link":"https:\/\/bahiaeconomica.com.br\/wp\/2026\/02\/25\/trecho-da-avenida-contorno-e-interditado-parcialmente-para-obra-de-contencao-de-encosta\/","title":{"rendered":"TRECHO DA AVENIDA CONTORNO \u00c9 INTERDITADO PARCIALMENTE PARA OBRA DE CONTEN\u00c7\u00c3O DE ENCOSTA"},"content":{"rendered":"<p>Um trecho da Avenida Lafayete Coutinho (Contorno), no sentido Com\u00e9rcio, a partir da Rua da Gamboa de Baixo, est\u00e1 interditado para a realiza\u00e7\u00e3o de uma obra de conten\u00e7\u00e3o de encosta. A interven\u00e7\u00e3o seguir\u00e1 at\u00e9 o dia 13 de abril.<\/p>\n<p>Durante este per\u00edodo, ser\u00e1 necess\u00e1ria a ocupa\u00e7\u00e3o tempor\u00e1ria de uma faixa de rolamento, com isolamento da \u00e1rea de obra. Para minimizar impactos no tr\u00e1fego, ser\u00e1 implantado um Painel de Mensagem Vari\u00e1vel (PMV) cerca de 50 metros antes do in\u00edcio do trecho interditado, para informar previamente aos condutores sobre a interven\u00e7\u00e3o.<\/p>\n<p>Tamb\u00e9m ser\u00e3o instaladas placas de advert\u00eancia com indica\u00e7\u00e3o de redu\u00e7\u00e3o de velocidade, al\u00e9m de sinaliza\u00e7\u00e3o vertical e horizontal, conforme as normas t\u00e9cnicas vigentes. Um sinaleiro de seguran\u00e7a atuar\u00e1 no local para organizar o fluxo de ve\u00edculos e reduzir poss\u00edveis reten\u00e7\u00f5es.<\/p>\n<p>&nbsp;<\/p>\n<p>Fotos: Jefferson Peixoto \/ Secom PMS<\/p>\n","protected":false},"excerpt":{"rendered":"<p>Um trecho da Avenida Lafayete Coutinho (Contorno), no sentido Com\u00e9rcio, a partir da Rua da Gamboa de Baixo, est\u00e1 interditado para a realiza\u00e7\u00e3o de uma obra de conten\u00e7\u00e3o de encosta. A interven\u00e7\u00e3o seguir\u00e1 at\u00e9 o dia 13 de abril. Durante este per\u00edodo, ser\u00e1 necess\u00e1ria a ocupa\u00e7\u00e3o tempor\u00e1ria de uma faixa de rolamento, com isolamento da [&hellip;]<\/p>\n","protected":false},"author":22,"featured_media":976947,"comment_status":"closed","ping_status":"closed","sticky":false,"template":"","format":"standard","meta":[],"categories":[5],"tags":[14084,651,73],"acf":[],"yoast_head":"<!-- This site is optimized with the Yoast SEO plugin v20.8 - https:\/\/yoast.com\/wordpress\/plugins\/seo\/ -->\n<title>TRECHO DA AVENIDA CONTORNO \u00c9 INTERDITADO PARCIALMENTE PARA OBRA DE CONTEN\u00c7\u00c3O DE ENCOSTA - Bahia Economica<\/title>\n<meta name=\"description\" content=\"O maior portal de Economia da Bahia MUNIC\u00cdPIOS Bahia Economica\" \/>\n<meta name=\"robots\" content=\"index, follow, max-snippet:-1, max-image-preview:large, max-video-preview:-1\" \/>\n<link rel=\"canonical\" href=\"https:\/\/bahiaeconomica.com.br\/wp\/2026\/02\/25\/trecho-da-avenida-contorno-e-interditado-parcialmente-para-obra-de-contencao-de-encosta\/\" \/>\n<meta property=\"og:locale\" content=\"pt_BR\" \/>\n<meta property=\"og:type\" content=\"article\" \/>\n<meta property=\"og:title\" content=\"TRECHO DA AVENIDA CONTORNO \u00c9 INTERDITADO PARCIALMENTE PARA OBRA DE CONTEN\u00c7\u00c3O DE ENCOSTA - Bahia Economica\" \/>\n<meta property=\"og:description\" content=\"O maior portal de Economia da Bahia MUNIC\u00cdPIOS Bahia Economica\" \/>\n<meta property=\"og:url\" content=\"https:\/\/bahiaeconomica.com.br\/wp\/2026\/02\/25\/trecho-da-avenida-contorno-e-interditado-parcialmente-para-obra-de-contencao-de-encosta\/\" \/>\n<meta property=\"og:site_name\" content=\"Bahia Economica\" \/>\n<meta property=\"article:publisher\" content=\"https:\/\/www.facebook.com\/bahiaeconomica\" \/>\n<meta property=\"article:published_time\" content=\"2026-02-25T18:08:11+00:00\" \/>\n<meta property=\"og:image\" content=\"https:\/\/bahiaeconomica.com.br\/wp\/wp-content\/uploads\/2026\/02\/avenida_contorno_foto_jefferson_peixoto_secom_pms-2.jpeg\" \/>\n\t<meta property=\"og:image:width\" content=\"1600\" \/>\n\t<meta property=\"og:image:height\" content=\"1068\" \/>\n\t<meta property=\"og:image:type\" content=\"image\/jpeg\" \/>\n<meta name=\"author\" content=\"Matheus Souza\" \/>\n<meta name=\"twitter:card\" content=\"summary_large_image\" \/>\n<meta name=\"twitter:label1\" content=\"Escrito por\" \/>\n\t<meta name=\"twitter:data1\" content=\"Matheus Souza\" \/>\n\t<meta name=\"twitter:label2\" content=\"Est. tempo de leitura\" \/>\n\t<meta name=\"twitter:data2\" content=\"1 minuto\" \/>\n<script type=\"application\/ld+json\" class=\"yoast-schema-graph\">{\"@context\":\"https:\/\/schema.org\",\"@graph\":[{\"@type\":\"Article\",\"@id\":\"https:\/\/bahiaeconomica.com.br\/wp\/2026\/02\/25\/trecho-da-avenida-contorno-e-interditado-parcialmente-para-obra-de-contencao-de-encosta\/#article\",\"isPartOf\":{\"@id\":\"https:\/\/bahiaeconomica.com.br\/wp\/2026\/02\/25\/trecho-da-avenida-contorno-e-interditado-parcialmente-para-obra-de-contencao-de-encosta\/\"},\"author\":{\"name\":\"Matheus Souza\",\"@id\":\"https:\/\/bahiaeconomica.com.br\/wp\/#\/schema\/person\/3304d50cfd32353c7d08c39066638997\"},\"headline\":\"TRECHO DA AVENIDA CONTORNO \u00c9 INTERDITADO PARCIALMENTE PARA OBRA DE CONTEN\u00c7\u00c3O DE ENCOSTA\",\"datePublished\":\"2026-02-25T18:08:11+00:00\",\"dateModified\":\"2026-02-25T18:08:11+00:00\",\"mainEntityOfPage\":{\"@id\":\"https:\/\/bahiaeconomica.com.br\/wp\/2026\/02\/25\/trecho-da-avenida-contorno-e-interditado-parcialmente-para-obra-de-contencao-de-encosta\/\"},\"wordCount\":170,\"publisher\":{\"@id\":\"https:\/\/bahiaeconomica.com.br\/wp\/#organization\"},\"keywords\":[\"Avenida Contorno\",\"interdi\u00e7\u00e3o\",\"Salvador\"],\"articleSection\":[\"MUNIC\u00cdPIOS\"],\"inLanguage\":\"pt-BR\"},{\"@type\":\"WebPage\",\"@id\":\"https:\/\/bahiaeconomica.com.br\/wp\/2026\/02\/25\/trecho-da-avenida-contorno-e-interditado-parcialmente-para-obra-de-contencao-de-encosta\/\",\"url\":\"https:\/\/bahiaeconomica.com.br\/wp\/2026\/02\/25\/trecho-da-avenida-contorno-e-interditado-parcialmente-para-obra-de-contencao-de-encosta\/\",\"name\":\"TRECHO DA AVENIDA CONTORNO \u00c9 INTERDITADO PARCIALMENTE PARA OBRA DE CONTEN\u00c7\u00c3O DE ENCOSTA - Bahia Economica\",\"isPartOf\":{\"@id\":\"https:\/\/bahiaeconomica.com.br\/wp\/#website\"},\"datePublished\":\"2026-02-25T18:08:11+00:00\",\"dateModified\":\"2026-02-25T18:08:11+00:00\",\"description\":\"O maior portal de Economia da Bahia MUNIC\u00cdPIOS Bahia Economica\",\"breadcrumb\":{\"@id\":\"https:\/\/bahiaeconomica.com.br\/wp\/2026\/02\/25\/trecho-da-avenida-contorno-e-interditado-parcialmente-para-obra-de-contencao-de-encosta\/#breadcrumb\"},\"inLanguage\":\"pt-BR\",\"potentialAction\":[{\"@type\":\"ReadAction\",\"target\":[\"https:\/\/bahiaeconomica.com.br\/wp\/2026\/02\/25\/trecho-da-avenida-contorno-e-interditado-parcialmente-para-obra-de-contencao-de-encosta\/\"]}]},{\"@type\":\"BreadcrumbList\",\"@id\":\"https:\/\/bahiaeconomica.com.br\/wp\/2026\/02\/25\/trecho-da-avenida-contorno-e-interditado-parcialmente-para-obra-de-contencao-de-encosta\/#breadcrumb\",\"itemListElement\":[{\"@type\":\"ListItem\",\"position\":1,\"name\":\"In\u00edcio\",\"item\":\"https:\/\/bahiaeconomica.com.br\/wp\/\"},{\"@type\":\"ListItem\",\"position\":2,\"name\":\"TRECHO DA AVENIDA CONTORNO \u00c9 INTERDITADO PARCIALMENTE PARA OBRA DE CONTEN\u00c7\u00c3O DE ENCOSTA\"}]},{\"@type\":\"WebSite\",\"@id\":\"https:\/\/bahiaeconomica.com.br\/wp\/#website\",\"url\":\"https:\/\/bahiaeconomica.com.br\/wp\/\",\"name\":\"Bahia Economica\",\"description\":\"O maior portal de Economia da Bahia\",\"publisher\":{\"@id\":\"https:\/\/bahiaeconomica.com.br\/wp\/#organization\"},\"potentialAction\":[{\"@type\":\"SearchAction\",\"target\":{\"@type\":\"EntryPoint\",\"urlTemplate\":\"https:\/\/bahiaeconomica.com.br\/wp\/?s={search_term_string}\"},\"query-input\":\"required name=search_term_string\"}],\"inLanguage\":\"pt-BR\"},{\"@type\":\"Organization\",\"@id\":\"https:\/\/bahiaeconomica.com.br\/wp\/#organization\",\"name\":\"Bahia Econ\u00f4mica\",\"url\":\"https:\/\/bahiaeconomica.com.br\/wp\/\",\"logo\":{\"@type\":\"ImageObject\",\"inLanguage\":\"pt-BR\",\"@id\":\"https:\/\/bahiaeconomica.com.br\/wp\/#\/schema\/logo\/image\/\",\"url\":\"https:\/\/bahiaeconomica.com.br\/wp\/wp-content\/uploads\/2020\/12\/cropped-BE.png\",\"contentUrl\":\"https:\/\/bahiaeconomica.com.br\/wp\/wp-content\/uploads\/2020\/12\/cropped-BE.png\",\"width\":512,\"height\":512,\"caption\":\"Bahia Econ\u00f4mica\"},\"image\":{\"@id\":\"https:\/\/bahiaeconomica.com.br\/wp\/#\/schema\/logo\/image\/\"},\"sameAs\":[\"https:\/\/www.facebook.com\/bahiaeconomica\"]},{\"@type\":\"Person\",\"@id\":\"https:\/\/bahiaeconomica.com.br\/wp\/#\/schema\/person\/3304d50cfd32353c7d08c39066638997\",\"name\":\"Matheus Souza\",\"sameAs\":[\"http:\/\/www.bahiaeconomica.com.br\"],\"url\":\"https:\/\/bahiaeconomica.com.br\/wp\/author\/matheus-souza\/\"}]}<\/script>\n<!-- \/ Yoast SEO plugin. -->","yoast_head_json":{"title":"TRECHO DA AVENIDA CONTORNO \u00c9 INTERDITADO PARCIALMENTE PARA OBRA DE CONTEN\u00c7\u00c3O DE ENCOSTA - Bahia Economica","description":"O maior portal de Economia da Bahia MUNIC\u00cdPIOS Bahia Economica","robots":{"index":"index","follow":"follow","max-snippet":"max-snippet:-1","max-image-preview":"max-image-preview:large","max-video-preview":"max-video-preview:-1"},"canonical":"https:\/\/bahiaeconomica.com.br\/wp\/2026\/02\/25\/trecho-da-avenida-contorno-e-interditado-parcialmente-para-obra-de-contencao-de-encosta\/","og_locale":"pt_BR","og_type":"article","og_title":"TRECHO DA AVENIDA CONTORNO \u00c9 INTERDITADO PARCIALMENTE PARA OBRA DE CONTEN\u00c7\u00c3O DE ENCOSTA - Bahia Economica","og_description":"O maior portal de Economia da Bahia MUNIC\u00cdPIOS Bahia Economica","og_url":"https:\/\/bahiaeconomica.com.br\/wp\/2026\/02\/25\/trecho-da-avenida-contorno-e-interditado-parcialmente-para-obra-de-contencao-de-encosta\/","og_site_name":"Bahia Economica","article_publisher":"https:\/\/www.facebook.com\/bahiaeconomica","article_published_time":"2026-02-25T18:08:11+00:00","og_image":[{"width":1600,"height":1068,"url":"https:\/\/bahiaeconomica.com.br\/wp\/wp-content\/uploads\/2026\/02\/avenida_contorno_foto_jefferson_peixoto_secom_pms-2.jpeg","type":"image\/jpeg"}],"author":"Matheus Souza","twitter_card":"summary_large_image","twitter_misc":{"Escrito por":"Matheus Souza","Est. tempo de leitura":"1 minuto"},"schema":{"@context":"https:\/\/schema.org","@graph":[{"@type":"Article","@id":"https:\/\/bahiaeconomica.com.br\/wp\/2026\/02\/25\/trecho-da-avenida-contorno-e-interditado-parcialmente-para-obra-de-contencao-de-encosta\/#article","isPartOf":{"@id":"https:\/\/bahiaeconomica.com.br\/wp\/2026\/02\/25\/trecho-da-avenida-contorno-e-interditado-parcialmente-para-obra-de-contencao-de-encosta\/"},"author":{"name":"Matheus Souza","@id":"https:\/\/bahiaeconomica.com.br\/wp\/#\/schema\/person\/3304d50cfd32353c7d08c39066638997"},"headline":"TRECHO DA AVENIDA CONTORNO \u00c9 INTERDITADO PARCIALMENTE PARA OBRA DE CONTEN\u00c7\u00c3O DE ENCOSTA","datePublished":"2026-02-25T18:08:11+00:00","dateModified":"2026-02-25T18:08:11+00:00","mainEntityOfPage":{"@id":"https:\/\/bahiaeconomica.com.br\/wp\/2026\/02\/25\/trecho-da-avenida-contorno-e-interditado-parcialmente-para-obra-de-contencao-de-encosta\/"},"wordCount":170,"publisher":{"@id":"https:\/\/bahiaeconomica.com.br\/wp\/#organization"},"keywords":["Avenida Contorno","interdi\u00e7\u00e3o","Salvador"],"articleSection":["MUNIC\u00cdPIOS"],"inLanguage":"pt-BR"},{"@type":"WebPage","@id":"https:\/\/bahiaeconomica.com.br\/wp\/2026\/02\/25\/trecho-da-avenida-contorno-e-interditado-parcialmente-para-obra-de-contencao-de-encosta\/","url":"https:\/\/bahiaeconomica.com.br\/wp\/2026\/02\/25\/trecho-da-avenida-contorno-e-interditado-parcialmente-para-obra-de-contencao-de-encosta\/","name":"TRECHO DA AVENIDA CONTORNO \u00c9 INTERDITADO PARCIALMENTE PARA OBRA DE CONTEN\u00c7\u00c3O DE ENCOSTA - Bahia Economica","isPartOf":{"@id":"https:\/\/bahiaeconomica.com.br\/wp\/#website"},"datePublished":"2026-02-25T18:08:11+00:00","dateModified":"2026-02-25T18:08:11+00:00","description":"O maior portal de Economia da Bahia MUNIC\u00cdPIOS Bahia Economica","breadcrumb":{"@id":"https:\/\/bahiaeconomica.com.br\/wp\/2026\/02\/25\/trecho-da-avenida-contorno-e-interditado-parcialmente-para-obra-de-contencao-de-encosta\/#breadcrumb"},"inLanguage":"pt-BR","potentialAction":[{"@type":"ReadAction","target":["https:\/\/bahiaeconomica.com.br\/wp\/2026\/02\/25\/trecho-da-avenida-contorno-e-interditado-parcialmente-para-obra-de-contencao-de-encosta\/"]}]},{"@type":"BreadcrumbList","@id":"https:\/\/bahiaeconomica.com.br\/wp\/2026\/02\/25\/trecho-da-avenida-contorno-e-interditado-parcialmente-para-obra-de-contencao-de-encosta\/#breadcrumb","itemListElement":[{"@type":"ListItem","position":1,"name":"In\u00edcio","item":"https:\/\/bahiaeconomica.com.br\/wp\/"},{"@type":"ListItem","position":2,"name":"TRECHO DA AVENIDA CONTORNO \u00c9 INTERDITADO PARCIALMENTE PARA OBRA DE CONTEN\u00c7\u00c3O DE ENCOSTA"}]},{"@type":"WebSite","@id":"https:\/\/bahiaeconomica.com.br\/wp\/#website","url":"https:\/\/bahiaeconomica.com.br\/wp\/","name":"Bahia Economica","description":"O maior portal de Economia da Bahia","publisher":{"@id":"https:\/\/bahiaeconomica.com.br\/wp\/#organization"},"potentialAction":[{"@type":"SearchAction","target":{"@type":"EntryPoint","urlTemplate":"https:\/\/bahiaeconomica.com.br\/wp\/?s={search_term_string}"},"query-input":"required name=search_term_string"}],"inLanguage":"pt-BR"},{"@type":"Organization","@id":"https:\/\/bahiaeconomica.com.br\/wp\/#organization","name":"Bahia Econ\u00f4mica","url":"https:\/\/bahiaeconomica.com.br\/wp\/","logo":{"@type":"ImageObject","inLanguage":"pt-BR","@id":"https:\/\/bahiaeconomica.com.br\/wp\/#\/schema\/logo\/image\/","url":"https:\/\/bahiaeconomica.com.br\/wp\/wp-content\/uploads\/2020\/12\/cropped-BE.png","contentUrl":"https:\/\/bahiaeconomica.com.br\/wp\/wp-content\/uploads\/2020\/12\/cropped-BE.png","width":512,"height":512,"caption":"Bahia Econ\u00f4mica"},"image":{"@id":"https:\/\/bahiaeconomica.com.br\/wp\/#\/schema\/logo\/image\/"},"sameAs":["https:\/\/www.facebook.com\/bahiaeconomica"]},{"@type":"Person","@id":"https:\/\/bahiaeconomica.com.br\/wp\/#\/schema\/person\/3304d50cfd32353c7d08c39066638997","name":"Matheus Souza","sameAs":["http:\/\/www.bahiaeconomica.com.br"],"url":"https:\/\/bahiaeconomica.com.br\/wp\/author\/matheus-souza\/"}]}},"views":11,"_links":{"self":[{"href":"https:\/\/bahiaeconomica.com.br\/wp\/wp-json\/wp\/v2\/posts\/976944"}],"collection":[{"href":"https:\/\/bahiaeconomica.com.br\/wp\/wp-json\/wp\/v2\/posts"}],"about":[{"href":"https:\/\/bahiaeconomica.com.br\/wp\/wp-json\/wp\/v2\/types\/post"}],"author":[{"embeddable":true,"href":"https:\/\/bahiaeconomica.com.br\/wp\/wp-json\/wp\/v2\/users\/22"}],"replies":[{"embeddable":true,"href":"https:\/\/bahiaeconomica.com.br\/wp\/wp-json\/wp\/v2\/comments?post=976944"}],"version-history":[{"count":1,"href":"https:\/\/bahiaeconomica.com.br\/wp\/wp-json\/wp\/v2\/posts\/976944\/revisions"}],"predecessor-version":[{"id":976949,"href":"https:\/\/bahiaeconomica.com.br\/wp\/wp-json\/wp\/v2\/posts\/976944\/revisions\/976949"}],"wp:featuredmedia":[{"embeddable":true,"href":"https:\/\/bahiaeconomica.com.br\/wp\/wp-json\/wp\/v2\/media\/976947"}],"wp:attachment":[{"href":"https:\/\/bahiaeconomica.com.br\/wp\/wp-json\/wp\/v2\/media?parent=976944"}],"wp:term":[{"taxonomy":"category","embeddable":true,"href":"https:\/\/bahiaeconomica.com.br\/wp\/wp-json\/wp\/v2\/categories?post=976944"},{"taxonomy":"post_tag","embeddable":true,"href":"https:\/\/bahiaeconomica.com.br\/wp\/wp-json\/wp\/v2\/tags?post=976944"}],"curies":[{"name":"wp","href":"https:\/\/api.w.org\/{rel}","templated":true}]}}