{"id":976659,"date":"2026-02-24T18:15:16","date_gmt":"2026-02-24T21:15:16","guid":{"rendered":"https:\/\/bahiaeconomica.com.br\/wp\/?p=976659"},"modified":"2026-02-24T18:15:16","modified_gmt":"2026-02-24T21:15:16","slug":"novos-membros-do-conselho-municipal-da-juventude-tomam-posse-em-salvador-2","status":"publish","type":"post","link":"https:\/\/bahiaeconomica.com.br\/wp\/2026\/02\/24\/novos-membros-do-conselho-municipal-da-juventude-tomam-posse-em-salvador-2\/","title":{"rendered":"NOVOS MEMBROS DO CONSELHO MUNICIPAL DA JUVENTUDE TOMAM POSSE EM SALVADOR"},"content":{"rendered":"<p>Os novos membros do Conselho Municipal da Juventude de Salvador (Conjuve) tomaram posse durante cerim\u00f4nia no Pal\u00e1cio Thom\u00e9 de Souza, nesta ter\u00e7a-feira (24). S\u00e3o 20 titulares, sendo dez representantes do poder p\u00fablico e outros dez da sociedade civil, al\u00e9m de 20 suplentes. O conselho tem como objetivo propor, acompanhar e avaliar pol\u00edticas p\u00fablicas para jovens de 15 a 29 anos desenvolvidas em Salvador.<\/p>\n<p>O prefeito Bruno Reis recebeu os novos membros na sala de reuni\u00f5es do Pal\u00e1cio Thom\u00e9 de Souza. O gestor lembrou dos tempos em que atuou na milit\u00e2ncia jovem, disse que espera a participa\u00e7\u00e3o ativa da organiza\u00e7\u00e3o e destacou a import\u00e2ncia do Conselho.<\/p>\n<p>&#8220;O Conjuve, como os outros conselhos municipais, \u00e9 um \u00f3rg\u00e3o aut\u00f4nomo vinculado \u00e0 gest\u00e3o que tem a miss\u00e3o de propor e contribuir com pol\u00edticas p\u00fablicas voltadas para a juventude, sobre as expectativas dos jovens, qual \u00e9 a realidade, o que \u00e9 que eles esperam e quais s\u00e3o os seus desejos em rela\u00e7\u00e3o \u00e0 cidade. Todos os conselhos t\u00eam por miss\u00e3o, em conjunto com a gest\u00e3o, contribuir com ideias e sugest\u00f5es. Necessitamos sempre de mais criatividade e capacidade de produzir&#8221;, disse.<\/p>\n<p>O Conselho \u00e9 vinculado \u00e0 Secretaria de Pol\u00edticas para Mulheres, Inf\u00e2ncia e Juventude (SPMJ).\u00a0Esse ser\u00e1 o terceiro mandato do Conselho. Uma das regras determina a altern\u00e2ncia de poder na presid\u00eancia da entidade. O primeiro mandato foi de um representante do poder p\u00fablico, o segundo de um membro da sociedade civil, e o terceiro presidente, empossado nesta ter\u00e7a-feira, voltou a ser de um representante do poder p\u00fablico.<\/p>\n<p>Para participar \u00e9 preciso fazer a inscri\u00e7\u00e3o, seja atrav\u00e9s de um \u00f3rg\u00e3o municipal (para representantes do poder p\u00fablico), seja atrav\u00e9s de uma entidade da sociedade civil, como grupos LGBTQIAPN+, organiza\u00e7\u00e3o de mulheres e movimento negro, entre outros. Os prazos e regras s\u00e3o divulgados no Di\u00e1rio Oficial.<\/p>\n<p>Os novos membros v\u00e3o atuar at\u00e9 o final de 2027. O presidente, Daniel Thamas, contou que o principal objetivo da gest\u00e3o ser\u00e1 a elabora\u00e7\u00e3o de um Plano Municipal da Juventude. O documento ser\u00e1 usado para nortear as pol\u00edticas p\u00fablicas criadas pelo Munic\u00edpio para atender a essa parcela da popula\u00e7\u00e3o.<\/p>\n<p>&nbsp;<\/p>\n<p>Fotos: Valter Pontes\/ Secom PMS<\/p>\n","protected":false},"excerpt":{"rendered":"<p>Os novos membros do Conselho Municipal da Juventude de Salvador (Conjuve) tomaram posse durante cerim\u00f4nia no Pal\u00e1cio Thom\u00e9 de Souza, nesta ter\u00e7a-feira (24). S\u00e3o 20 titulares, sendo dez representantes do poder p\u00fablico e outros dez da sociedade civil, al\u00e9m de 20 suplentes. O conselho tem como objetivo propor, acompanhar e avaliar pol\u00edticas p\u00fablicas para jovens [&hellip;]<\/p>\n","protected":false},"author":22,"featured_media":976689,"comment_status":"closed","ping_status":"closed","sticky":false,"template":"","format":"standard","meta":[],"categories":[5],"tags":[],"acf":[],"yoast_head":"<!-- This site is optimized with the Yoast SEO plugin v20.8 - https:\/\/yoast.com\/wordpress\/plugins\/seo\/ -->\n<title>NOVOS MEMBROS DO CONSELHO MUNICIPAL DA JUVENTUDE TOMAM POSSE EM SALVADOR - Bahia Economica<\/title>\n<meta name=\"description\" content=\"O maior portal de Economia da Bahia MUNIC\u00cdPIOS Bahia Economica\" \/>\n<meta name=\"robots\" content=\"index, follow, max-snippet:-1, max-image-preview:large, max-video-preview:-1\" \/>\n<link rel=\"canonical\" href=\"https:\/\/bahiaeconomica.com.br\/wp\/2026\/02\/24\/novos-membros-do-conselho-municipal-da-juventude-tomam-posse-em-salvador-2\/\" \/>\n<meta property=\"og:locale\" content=\"pt_BR\" \/>\n<meta property=\"og:type\" content=\"article\" \/>\n<meta property=\"og:title\" content=\"NOVOS MEMBROS DO CONSELHO MUNICIPAL DA JUVENTUDE TOMAM POSSE EM SALVADOR - Bahia Economica\" \/>\n<meta property=\"og:description\" content=\"O maior portal de Economia da Bahia MUNIC\u00cdPIOS Bahia Economica\" \/>\n<meta property=\"og:url\" content=\"https:\/\/bahiaeconomica.com.br\/wp\/2026\/02\/24\/novos-membros-do-conselho-municipal-da-juventude-tomam-posse-em-salvador-2\/\" \/>\n<meta property=\"og:site_name\" content=\"Bahia Economica\" \/>\n<meta property=\"article:publisher\" content=\"https:\/\/www.facebook.com\/bahiaeconomica\" \/>\n<meta property=\"article:published_time\" content=\"2026-02-24T21:15:16+00:00\" \/>\n<meta property=\"og:image\" content=\"https:\/\/bahiaeconomica.com.br\/wp\/wp-content\/uploads\/2026\/02\/Foto-Valter-Pontes-Secom-PMS-2.jpeg\" \/>\n\t<meta property=\"og:image:width\" content=\"1280\" \/>\n\t<meta property=\"og:image:height\" content=\"854\" \/>\n\t<meta property=\"og:image:type\" content=\"image\/jpeg\" \/>\n<meta name=\"author\" content=\"Matheus Souza\" \/>\n<meta name=\"twitter:card\" content=\"summary_large_image\" \/>\n<meta name=\"twitter:label1\" content=\"Escrito por\" \/>\n\t<meta name=\"twitter:data1\" content=\"Matheus Souza\" \/>\n\t<meta name=\"twitter:label2\" content=\"Est. tempo de leitura\" \/>\n\t<meta name=\"twitter:data2\" content=\"2 minutos\" \/>\n<script type=\"application\/ld+json\" class=\"yoast-schema-graph\">{\"@context\":\"https:\/\/schema.org\",\"@graph\":[{\"@type\":\"Article\",\"@id\":\"https:\/\/bahiaeconomica.com.br\/wp\/2026\/02\/24\/novos-membros-do-conselho-municipal-da-juventude-tomam-posse-em-salvador-2\/#article\",\"isPartOf\":{\"@id\":\"https:\/\/bahiaeconomica.com.br\/wp\/2026\/02\/24\/novos-membros-do-conselho-municipal-da-juventude-tomam-posse-em-salvador-2\/\"},\"author\":{\"name\":\"Matheus Souza\",\"@id\":\"https:\/\/bahiaeconomica.com.br\/wp\/#\/schema\/person\/3304d50cfd32353c7d08c39066638997\"},\"headline\":\"NOVOS MEMBROS DO CONSELHO MUNICIPAL DA JUVENTUDE TOMAM POSSE EM SALVADOR\",\"datePublished\":\"2026-02-24T21:15:16+00:00\",\"dateModified\":\"2026-02-24T21:15:16+00:00\",\"mainEntityOfPage\":{\"@id\":\"https:\/\/bahiaeconomica.com.br\/wp\/2026\/02\/24\/novos-membros-do-conselho-municipal-da-juventude-tomam-posse-em-salvador-2\/\"},\"wordCount\":398,\"publisher\":{\"@id\":\"https:\/\/bahiaeconomica.com.br\/wp\/#organization\"},\"articleSection\":[\"MUNIC\u00cdPIOS\"],\"inLanguage\":\"pt-BR\"},{\"@type\":\"WebPage\",\"@id\":\"https:\/\/bahiaeconomica.com.br\/wp\/2026\/02\/24\/novos-membros-do-conselho-municipal-da-juventude-tomam-posse-em-salvador-2\/\",\"url\":\"https:\/\/bahiaeconomica.com.br\/wp\/2026\/02\/24\/novos-membros-do-conselho-municipal-da-juventude-tomam-posse-em-salvador-2\/\",\"name\":\"NOVOS MEMBROS DO CONSELHO MUNICIPAL DA JUVENTUDE TOMAM POSSE EM SALVADOR - Bahia Economica\",\"isPartOf\":{\"@id\":\"https:\/\/bahiaeconomica.com.br\/wp\/#website\"},\"datePublished\":\"2026-02-24T21:15:16+00:00\",\"dateModified\":\"2026-02-24T21:15:16+00:00\",\"description\":\"O maior portal de Economia da Bahia MUNIC\u00cdPIOS Bahia Economica\",\"breadcrumb\":{\"@id\":\"https:\/\/bahiaeconomica.com.br\/wp\/2026\/02\/24\/novos-membros-do-conselho-municipal-da-juventude-tomam-posse-em-salvador-2\/#breadcrumb\"},\"inLanguage\":\"pt-BR\",\"potentialAction\":[{\"@type\":\"ReadAction\",\"target\":[\"https:\/\/bahiaeconomica.com.br\/wp\/2026\/02\/24\/novos-membros-do-conselho-municipal-da-juventude-tomam-posse-em-salvador-2\/\"]}]},{\"@type\":\"BreadcrumbList\",\"@id\":\"https:\/\/bahiaeconomica.com.br\/wp\/2026\/02\/24\/novos-membros-do-conselho-municipal-da-juventude-tomam-posse-em-salvador-2\/#breadcrumb\",\"itemListElement\":[{\"@type\":\"ListItem\",\"position\":1,\"name\":\"In\u00edcio\",\"item\":\"https:\/\/bahiaeconomica.com.br\/wp\/\"},{\"@type\":\"ListItem\",\"position\":2,\"name\":\"NOVOS MEMBROS DO CONSELHO MUNICIPAL DA JUVENTUDE TOMAM POSSE EM SALVADOR\"}]},{\"@type\":\"WebSite\",\"@id\":\"https:\/\/bahiaeconomica.com.br\/wp\/#website\",\"url\":\"https:\/\/bahiaeconomica.com.br\/wp\/\",\"name\":\"Bahia Economica\",\"description\":\"O maior portal de Economia da Bahia\",\"publisher\":{\"@id\":\"https:\/\/bahiaeconomica.com.br\/wp\/#organization\"},\"potentialAction\":[{\"@type\":\"SearchAction\",\"target\":{\"@type\":\"EntryPoint\",\"urlTemplate\":\"https:\/\/bahiaeconomica.com.br\/wp\/?s={search_term_string}\"},\"query-input\":\"required name=search_term_string\"}],\"inLanguage\":\"pt-BR\"},{\"@type\":\"Organization\",\"@id\":\"https:\/\/bahiaeconomica.com.br\/wp\/#organization\",\"name\":\"Bahia Econ\u00f4mica\",\"url\":\"https:\/\/bahiaeconomica.com.br\/wp\/\",\"logo\":{\"@type\":\"ImageObject\",\"inLanguage\":\"pt-BR\",\"@id\":\"https:\/\/bahiaeconomica.com.br\/wp\/#\/schema\/logo\/image\/\",\"url\":\"https:\/\/bahiaeconomica.com.br\/wp\/wp-content\/uploads\/2020\/12\/cropped-BE.png\",\"contentUrl\":\"https:\/\/bahiaeconomica.com.br\/wp\/wp-content\/uploads\/2020\/12\/cropped-BE.png\",\"width\":512,\"height\":512,\"caption\":\"Bahia Econ\u00f4mica\"},\"image\":{\"@id\":\"https:\/\/bahiaeconomica.com.br\/wp\/#\/schema\/logo\/image\/\"},\"sameAs\":[\"https:\/\/www.facebook.com\/bahiaeconomica\"]},{\"@type\":\"Person\",\"@id\":\"https:\/\/bahiaeconomica.com.br\/wp\/#\/schema\/person\/3304d50cfd32353c7d08c39066638997\",\"name\":\"Matheus Souza\",\"sameAs\":[\"http:\/\/www.bahiaeconomica.com.br\"],\"url\":\"https:\/\/bahiaeconomica.com.br\/wp\/author\/matheus-souza\/\"}]}<\/script>\n<!-- \/ Yoast SEO plugin. -->","yoast_head_json":{"title":"NOVOS MEMBROS DO CONSELHO MUNICIPAL DA JUVENTUDE TOMAM POSSE EM SALVADOR - Bahia Economica","description":"O maior portal de Economia da Bahia MUNIC\u00cdPIOS Bahia Economica","robots":{"index":"index","follow":"follow","max-snippet":"max-snippet:-1","max-image-preview":"max-image-preview:large","max-video-preview":"max-video-preview:-1"},"canonical":"https:\/\/bahiaeconomica.com.br\/wp\/2026\/02\/24\/novos-membros-do-conselho-municipal-da-juventude-tomam-posse-em-salvador-2\/","og_locale":"pt_BR","og_type":"article","og_title":"NOVOS MEMBROS DO CONSELHO MUNICIPAL DA JUVENTUDE TOMAM POSSE EM SALVADOR - Bahia Economica","og_description":"O maior portal de Economia da Bahia MUNIC\u00cdPIOS Bahia Economica","og_url":"https:\/\/bahiaeconomica.com.br\/wp\/2026\/02\/24\/novos-membros-do-conselho-municipal-da-juventude-tomam-posse-em-salvador-2\/","og_site_name":"Bahia Economica","article_publisher":"https:\/\/www.facebook.com\/bahiaeconomica","article_published_time":"2026-02-24T21:15:16+00:00","og_image":[{"width":1280,"height":854,"url":"https:\/\/bahiaeconomica.com.br\/wp\/wp-content\/uploads\/2026\/02\/Foto-Valter-Pontes-Secom-PMS-2.jpeg","type":"image\/jpeg"}],"author":"Matheus Souza","twitter_card":"summary_large_image","twitter_misc":{"Escrito por":"Matheus Souza","Est. tempo de leitura":"2 minutos"},"schema":{"@context":"https:\/\/schema.org","@graph":[{"@type":"Article","@id":"https:\/\/bahiaeconomica.com.br\/wp\/2026\/02\/24\/novos-membros-do-conselho-municipal-da-juventude-tomam-posse-em-salvador-2\/#article","isPartOf":{"@id":"https:\/\/bahiaeconomica.com.br\/wp\/2026\/02\/24\/novos-membros-do-conselho-municipal-da-juventude-tomam-posse-em-salvador-2\/"},"author":{"name":"Matheus Souza","@id":"https:\/\/bahiaeconomica.com.br\/wp\/#\/schema\/person\/3304d50cfd32353c7d08c39066638997"},"headline":"NOVOS MEMBROS DO CONSELHO MUNICIPAL DA JUVENTUDE TOMAM POSSE EM SALVADOR","datePublished":"2026-02-24T21:15:16+00:00","dateModified":"2026-02-24T21:15:16+00:00","mainEntityOfPage":{"@id":"https:\/\/bahiaeconomica.com.br\/wp\/2026\/02\/24\/novos-membros-do-conselho-municipal-da-juventude-tomam-posse-em-salvador-2\/"},"wordCount":398,"publisher":{"@id":"https:\/\/bahiaeconomica.com.br\/wp\/#organization"},"articleSection":["MUNIC\u00cdPIOS"],"inLanguage":"pt-BR"},{"@type":"WebPage","@id":"https:\/\/bahiaeconomica.com.br\/wp\/2026\/02\/24\/novos-membros-do-conselho-municipal-da-juventude-tomam-posse-em-salvador-2\/","url":"https:\/\/bahiaeconomica.com.br\/wp\/2026\/02\/24\/novos-membros-do-conselho-municipal-da-juventude-tomam-posse-em-salvador-2\/","name":"NOVOS MEMBROS DO CONSELHO MUNICIPAL DA JUVENTUDE TOMAM POSSE EM SALVADOR - Bahia Economica","isPartOf":{"@id":"https:\/\/bahiaeconomica.com.br\/wp\/#website"},"datePublished":"2026-02-24T21:15:16+00:00","dateModified":"2026-02-24T21:15:16+00:00","description":"O maior portal de Economia da Bahia MUNIC\u00cdPIOS Bahia Economica","breadcrumb":{"@id":"https:\/\/bahiaeconomica.com.br\/wp\/2026\/02\/24\/novos-membros-do-conselho-municipal-da-juventude-tomam-posse-em-salvador-2\/#breadcrumb"},"inLanguage":"pt-BR","potentialAction":[{"@type":"ReadAction","target":["https:\/\/bahiaeconomica.com.br\/wp\/2026\/02\/24\/novos-membros-do-conselho-municipal-da-juventude-tomam-posse-em-salvador-2\/"]}]},{"@type":"BreadcrumbList","@id":"https:\/\/bahiaeconomica.com.br\/wp\/2026\/02\/24\/novos-membros-do-conselho-municipal-da-juventude-tomam-posse-em-salvador-2\/#breadcrumb","itemListElement":[{"@type":"ListItem","position":1,"name":"In\u00edcio","item":"https:\/\/bahiaeconomica.com.br\/wp\/"},{"@type":"ListItem","position":2,"name":"NOVOS MEMBROS DO CONSELHO MUNICIPAL DA JUVENTUDE TOMAM POSSE EM SALVADOR"}]},{"@type":"WebSite","@id":"https:\/\/bahiaeconomica.com.br\/wp\/#website","url":"https:\/\/bahiaeconomica.com.br\/wp\/","name":"Bahia Economica","description":"O maior portal de Economia da Bahia","publisher":{"@id":"https:\/\/bahiaeconomica.com.br\/wp\/#organization"},"potentialAction":[{"@type":"SearchAction","target":{"@type":"EntryPoint","urlTemplate":"https:\/\/bahiaeconomica.com.br\/wp\/?s={search_term_string}"},"query-input":"required name=search_term_string"}],"inLanguage":"pt-BR"},{"@type":"Organization","@id":"https:\/\/bahiaeconomica.com.br\/wp\/#organization","name":"Bahia Econ\u00f4mica","url":"https:\/\/bahiaeconomica.com.br\/wp\/","logo":{"@type":"ImageObject","inLanguage":"pt-BR","@id":"https:\/\/bahiaeconomica.com.br\/wp\/#\/schema\/logo\/image\/","url":"https:\/\/bahiaeconomica.com.br\/wp\/wp-content\/uploads\/2020\/12\/cropped-BE.png","contentUrl":"https:\/\/bahiaeconomica.com.br\/wp\/wp-content\/uploads\/2020\/12\/cropped-BE.png","width":512,"height":512,"caption":"Bahia Econ\u00f4mica"},"image":{"@id":"https:\/\/bahiaeconomica.com.br\/wp\/#\/schema\/logo\/image\/"},"sameAs":["https:\/\/www.facebook.com\/bahiaeconomica"]},{"@type":"Person","@id":"https:\/\/bahiaeconomica.com.br\/wp\/#\/schema\/person\/3304d50cfd32353c7d08c39066638997","name":"Matheus Souza","sameAs":["http:\/\/www.bahiaeconomica.com.br"],"url":"https:\/\/bahiaeconomica.com.br\/wp\/author\/matheus-souza\/"}]}},"views":7,"_links":{"self":[{"href":"https:\/\/bahiaeconomica.com.br\/wp\/wp-json\/wp\/v2\/posts\/976659"}],"collection":[{"href":"https:\/\/bahiaeconomica.com.br\/wp\/wp-json\/wp\/v2\/posts"}],"about":[{"href":"https:\/\/bahiaeconomica.com.br\/wp\/wp-json\/wp\/v2\/types\/post"}],"author":[{"embeddable":true,"href":"https:\/\/bahiaeconomica.com.br\/wp\/wp-json\/wp\/v2\/users\/22"}],"replies":[{"embeddable":true,"href":"https:\/\/bahiaeconomica.com.br\/wp\/wp-json\/wp\/v2\/comments?post=976659"}],"version-history":[{"count":1,"href":"https:\/\/bahiaeconomica.com.br\/wp\/wp-json\/wp\/v2\/posts\/976659\/revisions"}],"predecessor-version":[{"id":976691,"href":"https:\/\/bahiaeconomica.com.br\/wp\/wp-json\/wp\/v2\/posts\/976659\/revisions\/976691"}],"wp:featuredmedia":[{"embeddable":true,"href":"https:\/\/bahiaeconomica.com.br\/wp\/wp-json\/wp\/v2\/media\/976689"}],"wp:attachment":[{"href":"https:\/\/bahiaeconomica.com.br\/wp\/wp-json\/wp\/v2\/media?parent=976659"}],"wp:term":[{"taxonomy":"category","embeddable":true,"href":"https:\/\/bahiaeconomica.com.br\/wp\/wp-json\/wp\/v2\/categories?post=976659"},{"taxonomy":"post_tag","embeddable":true,"href":"https:\/\/bahiaeconomica.com.br\/wp\/wp-json\/wp\/v2\/tags?post=976659"}],"curies":[{"name":"wp","href":"https:\/\/api.w.org\/{rel}","templated":true}]}}