{"id":976150,"date":"2026-02-23T09:20:49","date_gmt":"2026-02-23T12:20:49","guid":{"rendered":"https:\/\/bahiaeconomica.com.br\/wp\/?p=976150"},"modified":"2026-02-23T08:54:43","modified_gmt":"2026-02-23T11:54:43","slug":"mundo-retoma-aposta-contra-o-dolar-em-meio-a-inseguranca-sobre-tarifas","status":"publish","type":"post","link":"https:\/\/bahiaeconomica.com.br\/wp\/2026\/02\/23\/mundo-retoma-aposta-contra-o-dolar-em-meio-a-inseguranca-sobre-tarifas\/","title":{"rendered":"MUNDO RETOMA APOSTA CONTRA O D\u00d3LAR EM MEIO A INSEGURAN\u00c7A SOBRE TARIFAS"},"content":{"rendered":"<p>O d\u00f3lar caiu e os futuros das a\u00e7\u00f5es nos Estados Unidos recuaram ap\u00f3s novos planos tarif\u00e1rios do presidente Donald Trump renovarem preocupa\u00e7\u00f5es sobre a condu\u00e7\u00e3o da pol\u00edtica econ\u00f4mica americana e a atratividade dos principais ativos do pa\u00eds.<\/p>\n<p>Um \u00edndice da Bloomberg que mede o desempenho da moeda americana chegou a cair 0,3%, ampliando a perda de sexta-feira, em meio a negocia\u00e7\u00f5es mais fracas com os mercados do Jap\u00e3o e da China fechados por feriado. Franco su\u00ed\u00e7o, iene e euro lideraram os ganhos frente ao d\u00f3lar depois que Trump anunciou uma tarifa global de 15%, na sequ\u00eancia da decis\u00e3o da Suprema Corte dos EUA que derrubou as tarifas \u201crec\u00edprocas\u201d do presidente.<\/p>\n<p>Os futuros do \u00edndice S&amp;P 500 recuaram 0,8%, enquanto um indicador de a\u00e7\u00f5es asi\u00e1ticas avan\u00e7ou at\u00e9 1%.<\/p>\n<p>\u201cO d\u00f3lar enfrenta uma queda generalizada enquanto o mercado tenta avaliar as implica\u00e7\u00f5es da decis\u00e3o da Corte\u201d, disse Rodrigo Catril, estrategista do National Australia Bank, em Sydney. \u201cO regime tarif\u00e1rio de Trump ainda est\u00e1 em vigor, com mais incerteza.\u201d<\/p>\n<p>A nova amea\u00e7a tarif\u00e1ria de Trump, somada \u00e0 decis\u00e3o da Suprema Corte e \u00e0s tentativas de autoridades americanas de defender a pol\u00edtica comercial da administra\u00e7\u00e3o, aumentou as incertezas e a confus\u00e3o sobre a formula\u00e7\u00e3o de pol\u00edticas em Washington. Isso pode ampliar as preocupa\u00e7\u00f5es sobre a perda do chamado excepcionalismo americano ap\u00f3s o an\u00fancio das tarifas globais em abril.<\/p>\n<p>O \u00edndice do d\u00f3lar da Bloomberg caiu 8,1% no ano passado, a maior queda anual em oito anos, pressionado pelo ciclo de afrouxamento monet\u00e1rio do Federal Reserve e pelas tarifas impostas por Trump.<\/p>\n<p>Autoridades americanas afirmaram que a derrota de Trump na Suprema Corte n\u00e3o deve desfazer os acordos comerciais firmados com parceiros dos EUA. Segundo o representante de Com\u00e9rcio dos EUA, Jamieson Greer, em entrevista \u00e0 CBS, os acordos negociados com China, Uni\u00e3o Europeia, Jap\u00e3o e Coreia do Sul permanecem v\u00e1lidos.<\/p>\n<p>Demanda por ativos asi\u00e1ticos<\/p>\n<p>Nos mercados emergentes da \u00c1sia, baht tailand\u00eas, peso filipino e ringgit malaio avan\u00e7aram com a fraqueza do d\u00f3lar. As bolsas da regi\u00e3o tamb\u00e9m subiram. Um \u00edndice que re\u00fane grandes empresas chinesas listadas em Hong Kong avan\u00e7ou at\u00e9 3,1%, maior alta desde 12 de maio, enquanto os principais \u00edndices de Taiwan e Coreia do Sul atingiram n\u00edveis recordes.<\/p>\n<p>Matsori<\/p>\n<p>O rali d\u00e1 ao MSCI Asia Pacific Index o melhor in\u00edcio de ano j\u00e1 registrado em rela\u00e7\u00e3o ao S&amp;P 500. O indicador supera o \u00edndice americano em mais de 11 pontos percentuais no acumulado do ano. \u201cO al\u00edvio imediato para os mercados asi\u00e1ticos \u00e9 que a Suprema Corte dos EUA imp\u00f4s limites ao alcance da implementa\u00e7\u00e3o de tarifas\u201d, disse Gary Dugan, diretor-executivo do Global CIO Office. Segundo ele, a redu\u00e7\u00e3o do risco extremo na pol\u00edtica comercial \u201cpode acelerar as for\u00e7as estruturais da \u00c1sia, como crescimento dom\u00e9stico mais forte, estruturas de pol\u00edtica mais consistentes e maior integra\u00e7\u00e3o comercial regional\u201d.<\/p>\n<p>Queda prolongada<\/p>\n<p>A incerteza sobre o com\u00e9rcio global voltou ao radar dos investidores, o que representa um fator negativo para ativos americanos, segundo estrategistas da Bloomberg. \u201cA queda do d\u00f3lar nesta manh\u00e3 tem potencial para se estender\u201d, afirmou Garfield Reynolds, estrategista do Markets Live. Investidores acompanham de perto as respostas de l\u00edderes globais \u00e0s novas medidas tarif\u00e1rias em busca de sinais sobre os pr\u00f3ximos movimentos de mercado.<\/p>\n<p>O chefe de com\u00e9rcio da Uni\u00e3o Europeia afirmou que propor\u00e1 suspender a ratifica\u00e7\u00e3o de um acordo firmado com os EUA, enquanto a \u00cdndia adiou negocia\u00e7\u00f5es para finalizar um acordo comercial provis\u00f3rio. China, \u00cdndia e Brasil est\u00e3o entre os pa\u00edses que passaram a enfrentar tarifas menores ap\u00f3s a decis\u00e3o judicial de sexta-feira.<\/p>\n<p>\u201cA queda generalizada do d\u00f3lar provavelmente reflete a nova inje\u00e7\u00e3o de incerteza pol\u00edtica trazida pela decis\u00e3o\u201d, escreveram estrategistas do Goldman Sachs, incluindo Kamakshya Trivedi. \u201cA incerteza de pol\u00edtica econ\u00f4mica \u00e9 um canal especialmente relevante para o d\u00f3lar, pois pode influenciar negativamente a atividade de investidores e empresas.\u201d<\/p>\n<p>(Infomoney)<\/p>\n<p>&nbsp;<\/p>\n<p>REUTERS\/Thomas White\/Illustration<\/p>\n<p>&nbsp;<\/p>\n<p>&nbsp;<\/p>\n","protected":false},"excerpt":{"rendered":"<p>O d\u00f3lar caiu e os futuros das a\u00e7\u00f5es nos Estados Unidos recuaram ap\u00f3s novos planos tarif\u00e1rios do presidente Donald Trump renovarem preocupa\u00e7\u00f5es sobre a condu\u00e7\u00e3o da pol\u00edtica econ\u00f4mica americana e a atratividade dos principais ativos do pa\u00eds. Um \u00edndice da Bloomberg que mede o desempenho da moeda americana chegou a cair 0,3%, ampliando a perda [&hellip;]<\/p>\n","protected":false},"author":8,"featured_media":976151,"comment_status":"closed","ping_status":"closed","sticky":false,"template":"","format":"standard","meta":[],"categories":[3],"tags":[37014,136,36473,2808,5763,803],"acf":[],"yoast_head":"<!-- This site is optimized with the Yoast SEO plugin v20.8 - https:\/\/yoast.com\/wordpress\/plugins\/seo\/ -->\n<title>MUNDO RETOMA APOSTA CONTRA O D\u00d3LAR EM MEIO A INSEGURAN\u00c7A SOBRE TARIFAS - Bahia Economica<\/title>\n<meta name=\"description\" content=\"O maior portal de Economia da Bahia ECONOMIA \/ POL\u00cdTICA Bahia Economica O d\u00f3lar caiu e os futuros das a\u00e7\u00f5es nos Estados Unidos recuaram ap\u00f3s\" \/>\n<meta name=\"robots\" content=\"index, follow, max-snippet:-1, max-image-preview:large, max-video-preview:-1\" \/>\n<link rel=\"canonical\" href=\"https:\/\/bahiaeconomica.com.br\/wp\/2026\/02\/23\/mundo-retoma-aposta-contra-o-dolar-em-meio-a-inseguranca-sobre-tarifas\/\" \/>\n<meta property=\"og:locale\" content=\"pt_BR\" \/>\n<meta property=\"og:type\" content=\"article\" \/>\n<meta property=\"og:title\" content=\"MUNDO RETOMA APOSTA CONTRA O D\u00d3LAR EM MEIO A INSEGURAN\u00c7A SOBRE TARIFAS - Bahia Economica\" \/>\n<meta property=\"og:description\" content=\"O maior portal de Economia da Bahia ECONOMIA \/ POL\u00cdTICA Bahia Economica O d\u00f3lar caiu e os futuros das a\u00e7\u00f5es nos Estados Unidos recuaram ap\u00f3s\" \/>\n<meta property=\"og:url\" content=\"https:\/\/bahiaeconomica.com.br\/wp\/2026\/02\/23\/mundo-retoma-aposta-contra-o-dolar-em-meio-a-inseguranca-sobre-tarifas\/\" \/>\n<meta property=\"og:site_name\" content=\"Bahia Economica\" \/>\n<meta property=\"article:publisher\" content=\"https:\/\/www.facebook.com\/bahiaeconomica\" \/>\n<meta property=\"article:published_time\" content=\"2026-02-23T12:20:49+00:00\" \/>\n<meta property=\"article:modified_time\" content=\"2026-02-23T11:54:43+00:00\" \/>\n<meta property=\"og:image\" content=\"https:\/\/bahiaeconomica.com.br\/wp\/wp-content\/uploads\/2026\/02\/2025-07-12T152558Z_1_LYNXMPEL6B06W_RTROPTP_4_BUSINESS-CURRENCY.webp\" \/>\n\t<meta property=\"og:image:width\" content=\"2048\" \/>\n\t<meta property=\"og:image:height\" content=\"1365\" \/>\n\t<meta property=\"og:image:type\" content=\"image\/webp\" \/>\n<meta name=\"author\" content=\"JP\" \/>\n<meta name=\"twitter:card\" content=\"summary_large_image\" \/>\n<meta name=\"twitter:label1\" content=\"Escrito por\" \/>\n\t<meta name=\"twitter:data1\" content=\"JP\" \/>\n\t<meta name=\"twitter:label2\" content=\"Est. tempo de leitura\" \/>\n\t<meta name=\"twitter:data2\" content=\"4 minutos\" \/>\n<script type=\"application\/ld+json\" class=\"yoast-schema-graph\">{\"@context\":\"https:\/\/schema.org\",\"@graph\":[{\"@type\":\"Article\",\"@id\":\"https:\/\/bahiaeconomica.com.br\/wp\/2026\/02\/23\/mundo-retoma-aposta-contra-o-dolar-em-meio-a-inseguranca-sobre-tarifas\/#article\",\"isPartOf\":{\"@id\":\"https:\/\/bahiaeconomica.com.br\/wp\/2026\/02\/23\/mundo-retoma-aposta-contra-o-dolar-em-meio-a-inseguranca-sobre-tarifas\/\"},\"author\":{\"name\":\"JP\",\"@id\":\"https:\/\/bahiaeconomica.com.br\/wp\/#\/schema\/person\/c86d3a3f8960425a0f9d0e5245991f4e\"},\"headline\":\"MUNDO RETOMA APOSTA CONTRA O D\u00d3LAR EM MEIO A INSEGURAN\u00c7A SOBRE TARIFAS\",\"datePublished\":\"2026-02-23T12:20:49+00:00\",\"dateModified\":\"2026-02-23T11:54:43+00:00\",\"mainEntityOfPage\":{\"@id\":\"https:\/\/bahiaeconomica.com.br\/wp\/2026\/02\/23\/mundo-retoma-aposta-contra-o-dolar-em-meio-a-inseguranca-sobre-tarifas\/\"},\"wordCount\":726,\"publisher\":{\"@id\":\"https:\/\/bahiaeconomica.com.br\/wp\/#organization\"},\"keywords\":[\"Bloomberg\",\"D\u00f3lar\",\"Hard\",\"mercados\",\"news\",\"tarifas\"],\"articleSection\":[\"ECONOMIA \/ POL\u00cdTICA\"],\"inLanguage\":\"pt-BR\"},{\"@type\":\"WebPage\",\"@id\":\"https:\/\/bahiaeconomica.com.br\/wp\/2026\/02\/23\/mundo-retoma-aposta-contra-o-dolar-em-meio-a-inseguranca-sobre-tarifas\/\",\"url\":\"https:\/\/bahiaeconomica.com.br\/wp\/2026\/02\/23\/mundo-retoma-aposta-contra-o-dolar-em-meio-a-inseguranca-sobre-tarifas\/\",\"name\":\"MUNDO RETOMA APOSTA CONTRA O D\u00d3LAR EM MEIO A INSEGURAN\u00c7A SOBRE TARIFAS - Bahia Economica\",\"isPartOf\":{\"@id\":\"https:\/\/bahiaeconomica.com.br\/wp\/#website\"},\"datePublished\":\"2026-02-23T12:20:49+00:00\",\"dateModified\":\"2026-02-23T11:54:43+00:00\",\"description\":\"O maior portal de Economia da Bahia ECONOMIA \/ POL\u00cdTICA Bahia Economica O d\u00f3lar caiu e os futuros das a\u00e7\u00f5es nos Estados Unidos recuaram ap\u00f3s\",\"breadcrumb\":{\"@id\":\"https:\/\/bahiaeconomica.com.br\/wp\/2026\/02\/23\/mundo-retoma-aposta-contra-o-dolar-em-meio-a-inseguranca-sobre-tarifas\/#breadcrumb\"},\"inLanguage\":\"pt-BR\",\"potentialAction\":[{\"@type\":\"ReadAction\",\"target\":[\"https:\/\/bahiaeconomica.com.br\/wp\/2026\/02\/23\/mundo-retoma-aposta-contra-o-dolar-em-meio-a-inseguranca-sobre-tarifas\/\"]}]},{\"@type\":\"BreadcrumbList\",\"@id\":\"https:\/\/bahiaeconomica.com.br\/wp\/2026\/02\/23\/mundo-retoma-aposta-contra-o-dolar-em-meio-a-inseguranca-sobre-tarifas\/#breadcrumb\",\"itemListElement\":[{\"@type\":\"ListItem\",\"position\":1,\"name\":\"In\u00edcio\",\"item\":\"https:\/\/bahiaeconomica.com.br\/wp\/\"},{\"@type\":\"ListItem\",\"position\":2,\"name\":\"MUNDO RETOMA APOSTA CONTRA O D\u00d3LAR EM MEIO A INSEGURAN\u00c7A SOBRE TARIFAS\"}]},{\"@type\":\"WebSite\",\"@id\":\"https:\/\/bahiaeconomica.com.br\/wp\/#website\",\"url\":\"https:\/\/bahiaeconomica.com.br\/wp\/\",\"name\":\"Bahia Economica\",\"description\":\"O maior portal de Economia da Bahia\",\"publisher\":{\"@id\":\"https:\/\/bahiaeconomica.com.br\/wp\/#organization\"},\"potentialAction\":[{\"@type\":\"SearchAction\",\"target\":{\"@type\":\"EntryPoint\",\"urlTemplate\":\"https:\/\/bahiaeconomica.com.br\/wp\/?s={search_term_string}\"},\"query-input\":\"required name=search_term_string\"}],\"inLanguage\":\"pt-BR\"},{\"@type\":\"Organization\",\"@id\":\"https:\/\/bahiaeconomica.com.br\/wp\/#organization\",\"name\":\"Bahia Econ\u00f4mica\",\"url\":\"https:\/\/bahiaeconomica.com.br\/wp\/\",\"logo\":{\"@type\":\"ImageObject\",\"inLanguage\":\"pt-BR\",\"@id\":\"https:\/\/bahiaeconomica.com.br\/wp\/#\/schema\/logo\/image\/\",\"url\":\"https:\/\/bahiaeconomica.com.br\/wp\/wp-content\/uploads\/2020\/12\/cropped-BE.png\",\"contentUrl\":\"https:\/\/bahiaeconomica.com.br\/wp\/wp-content\/uploads\/2020\/12\/cropped-BE.png\",\"width\":512,\"height\":512,\"caption\":\"Bahia Econ\u00f4mica\"},\"image\":{\"@id\":\"https:\/\/bahiaeconomica.com.br\/wp\/#\/schema\/logo\/image\/\"},\"sameAs\":[\"https:\/\/www.facebook.com\/bahiaeconomica\"]},{\"@type\":\"Person\",\"@id\":\"https:\/\/bahiaeconomica.com.br\/wp\/#\/schema\/person\/c86d3a3f8960425a0f9d0e5245991f4e\",\"name\":\"JP\",\"sameAs\":[\"https:\/\/bahiaeconomica.com.br\/wp\/beta\/\"],\"url\":\"https:\/\/bahiaeconomica.com.br\/wp\/author\/jp\/\"}]}<\/script>\n<!-- \/ Yoast SEO plugin. -->","yoast_head_json":{"title":"MUNDO RETOMA APOSTA CONTRA O D\u00d3LAR EM MEIO A INSEGURAN\u00c7A SOBRE TARIFAS - Bahia Economica","description":"O maior portal de Economia da Bahia ECONOMIA \/ POL\u00cdTICA Bahia Economica O d\u00f3lar caiu e os futuros das a\u00e7\u00f5es nos Estados Unidos recuaram ap\u00f3s","robots":{"index":"index","follow":"follow","max-snippet":"max-snippet:-1","max-image-preview":"max-image-preview:large","max-video-preview":"max-video-preview:-1"},"canonical":"https:\/\/bahiaeconomica.com.br\/wp\/2026\/02\/23\/mundo-retoma-aposta-contra-o-dolar-em-meio-a-inseguranca-sobre-tarifas\/","og_locale":"pt_BR","og_type":"article","og_title":"MUNDO RETOMA APOSTA CONTRA O D\u00d3LAR EM MEIO A INSEGURAN\u00c7A SOBRE TARIFAS - Bahia Economica","og_description":"O maior portal de Economia da Bahia ECONOMIA \/ POL\u00cdTICA Bahia Economica O d\u00f3lar caiu e os futuros das a\u00e7\u00f5es nos Estados Unidos recuaram ap\u00f3s","og_url":"https:\/\/bahiaeconomica.com.br\/wp\/2026\/02\/23\/mundo-retoma-aposta-contra-o-dolar-em-meio-a-inseguranca-sobre-tarifas\/","og_site_name":"Bahia Economica","article_publisher":"https:\/\/www.facebook.com\/bahiaeconomica","article_published_time":"2026-02-23T12:20:49+00:00","article_modified_time":"2026-02-23T11:54:43+00:00","og_image":[{"width":2048,"height":1365,"url":"https:\/\/bahiaeconomica.com.br\/wp\/wp-content\/uploads\/2026\/02\/2025-07-12T152558Z_1_LYNXMPEL6B06W_RTROPTP_4_BUSINESS-CURRENCY.webp","type":"image\/webp"}],"author":"JP","twitter_card":"summary_large_image","twitter_misc":{"Escrito por":"JP","Est. tempo de leitura":"4 minutos"},"schema":{"@context":"https:\/\/schema.org","@graph":[{"@type":"Article","@id":"https:\/\/bahiaeconomica.com.br\/wp\/2026\/02\/23\/mundo-retoma-aposta-contra-o-dolar-em-meio-a-inseguranca-sobre-tarifas\/#article","isPartOf":{"@id":"https:\/\/bahiaeconomica.com.br\/wp\/2026\/02\/23\/mundo-retoma-aposta-contra-o-dolar-em-meio-a-inseguranca-sobre-tarifas\/"},"author":{"name":"JP","@id":"https:\/\/bahiaeconomica.com.br\/wp\/#\/schema\/person\/c86d3a3f8960425a0f9d0e5245991f4e"},"headline":"MUNDO RETOMA APOSTA CONTRA O D\u00d3LAR EM MEIO A INSEGURAN\u00c7A SOBRE TARIFAS","datePublished":"2026-02-23T12:20:49+00:00","dateModified":"2026-02-23T11:54:43+00:00","mainEntityOfPage":{"@id":"https:\/\/bahiaeconomica.com.br\/wp\/2026\/02\/23\/mundo-retoma-aposta-contra-o-dolar-em-meio-a-inseguranca-sobre-tarifas\/"},"wordCount":726,"publisher":{"@id":"https:\/\/bahiaeconomica.com.br\/wp\/#organization"},"keywords":["Bloomberg","D\u00f3lar","Hard","mercados","news","tarifas"],"articleSection":["ECONOMIA \/ POL\u00cdTICA"],"inLanguage":"pt-BR"},{"@type":"WebPage","@id":"https:\/\/bahiaeconomica.com.br\/wp\/2026\/02\/23\/mundo-retoma-aposta-contra-o-dolar-em-meio-a-inseguranca-sobre-tarifas\/","url":"https:\/\/bahiaeconomica.com.br\/wp\/2026\/02\/23\/mundo-retoma-aposta-contra-o-dolar-em-meio-a-inseguranca-sobre-tarifas\/","name":"MUNDO RETOMA APOSTA CONTRA O D\u00d3LAR EM MEIO A INSEGURAN\u00c7A SOBRE TARIFAS - Bahia Economica","isPartOf":{"@id":"https:\/\/bahiaeconomica.com.br\/wp\/#website"},"datePublished":"2026-02-23T12:20:49+00:00","dateModified":"2026-02-23T11:54:43+00:00","description":"O maior portal de Economia da Bahia ECONOMIA \/ POL\u00cdTICA Bahia Economica O d\u00f3lar caiu e os futuros das a\u00e7\u00f5es nos Estados Unidos recuaram ap\u00f3s","breadcrumb":{"@id":"https:\/\/bahiaeconomica.com.br\/wp\/2026\/02\/23\/mundo-retoma-aposta-contra-o-dolar-em-meio-a-inseguranca-sobre-tarifas\/#breadcrumb"},"inLanguage":"pt-BR","potentialAction":[{"@type":"ReadAction","target":["https:\/\/bahiaeconomica.com.br\/wp\/2026\/02\/23\/mundo-retoma-aposta-contra-o-dolar-em-meio-a-inseguranca-sobre-tarifas\/"]}]},{"@type":"BreadcrumbList","@id":"https:\/\/bahiaeconomica.com.br\/wp\/2026\/02\/23\/mundo-retoma-aposta-contra-o-dolar-em-meio-a-inseguranca-sobre-tarifas\/#breadcrumb","itemListElement":[{"@type":"ListItem","position":1,"name":"In\u00edcio","item":"https:\/\/bahiaeconomica.com.br\/wp\/"},{"@type":"ListItem","position":2,"name":"MUNDO RETOMA APOSTA CONTRA O D\u00d3LAR EM MEIO A INSEGURAN\u00c7A SOBRE TARIFAS"}]},{"@type":"WebSite","@id":"https:\/\/bahiaeconomica.com.br\/wp\/#website","url":"https:\/\/bahiaeconomica.com.br\/wp\/","name":"Bahia Economica","description":"O maior portal de Economia da Bahia","publisher":{"@id":"https:\/\/bahiaeconomica.com.br\/wp\/#organization"},"potentialAction":[{"@type":"SearchAction","target":{"@type":"EntryPoint","urlTemplate":"https:\/\/bahiaeconomica.com.br\/wp\/?s={search_term_string}"},"query-input":"required name=search_term_string"}],"inLanguage":"pt-BR"},{"@type":"Organization","@id":"https:\/\/bahiaeconomica.com.br\/wp\/#organization","name":"Bahia Econ\u00f4mica","url":"https:\/\/bahiaeconomica.com.br\/wp\/","logo":{"@type":"ImageObject","inLanguage":"pt-BR","@id":"https:\/\/bahiaeconomica.com.br\/wp\/#\/schema\/logo\/image\/","url":"https:\/\/bahiaeconomica.com.br\/wp\/wp-content\/uploads\/2020\/12\/cropped-BE.png","contentUrl":"https:\/\/bahiaeconomica.com.br\/wp\/wp-content\/uploads\/2020\/12\/cropped-BE.png","width":512,"height":512,"caption":"Bahia Econ\u00f4mica"},"image":{"@id":"https:\/\/bahiaeconomica.com.br\/wp\/#\/schema\/logo\/image\/"},"sameAs":["https:\/\/www.facebook.com\/bahiaeconomica"]},{"@type":"Person","@id":"https:\/\/bahiaeconomica.com.br\/wp\/#\/schema\/person\/c86d3a3f8960425a0f9d0e5245991f4e","name":"JP","sameAs":["https:\/\/bahiaeconomica.com.br\/wp\/beta\/"],"url":"https:\/\/bahiaeconomica.com.br\/wp\/author\/jp\/"}]}},"views":14,"_links":{"self":[{"href":"https:\/\/bahiaeconomica.com.br\/wp\/wp-json\/wp\/v2\/posts\/976150"}],"collection":[{"href":"https:\/\/bahiaeconomica.com.br\/wp\/wp-json\/wp\/v2\/posts"}],"about":[{"href":"https:\/\/bahiaeconomica.com.br\/wp\/wp-json\/wp\/v2\/types\/post"}],"author":[{"embeddable":true,"href":"https:\/\/bahiaeconomica.com.br\/wp\/wp-json\/wp\/v2\/users\/8"}],"replies":[{"embeddable":true,"href":"https:\/\/bahiaeconomica.com.br\/wp\/wp-json\/wp\/v2\/comments?post=976150"}],"version-history":[{"count":1,"href":"https:\/\/bahiaeconomica.com.br\/wp\/wp-json\/wp\/v2\/posts\/976150\/revisions"}],"predecessor-version":[{"id":976152,"href":"https:\/\/bahiaeconomica.com.br\/wp\/wp-json\/wp\/v2\/posts\/976150\/revisions\/976152"}],"wp:featuredmedia":[{"embeddable":true,"href":"https:\/\/bahiaeconomica.com.br\/wp\/wp-json\/wp\/v2\/media\/976151"}],"wp:attachment":[{"href":"https:\/\/bahiaeconomica.com.br\/wp\/wp-json\/wp\/v2\/media?parent=976150"}],"wp:term":[{"taxonomy":"category","embeddable":true,"href":"https:\/\/bahiaeconomica.com.br\/wp\/wp-json\/wp\/v2\/categories?post=976150"},{"taxonomy":"post_tag","embeddable":true,"href":"https:\/\/bahiaeconomica.com.br\/wp\/wp-json\/wp\/v2\/tags?post=976150"}],"curies":[{"name":"wp","href":"https:\/\/api.w.org\/{rel}","templated":true}]}}