{"id":975173,"date":"2026-02-18T07:19:29","date_gmt":"2026-02-18T10:19:29","guid":{"rendered":"https:\/\/bahiaeconomica.com.br\/wp\/?p=975173"},"modified":"2026-02-18T07:14:42","modified_gmt":"2026-02-18T10:14:42","slug":"futuros-de-ny-sobem-com-alivio-em-acoes-de-tecnologia-e-com-ata-do-fed-no-radar","status":"publish","type":"post","link":"https:\/\/bahiaeconomica.com.br\/wp\/2026\/02\/18\/futuros-de-ny-sobem-com-alivio-em-acoes-de-tecnologia-e-com-ata-do-fed-no-radar\/","title":{"rendered":"FUTUROS DE NY SOBEM COM AL\u00cdVIO EM A\u00c7\u00d5ES DE TECNOLOGIA E COM ATA DO FED NO RADAR"},"content":{"rendered":"<p>Os mercados internacionais operam em alta nesta quarta-feira (18), com os futuros de Nova York avan\u00e7ando ap\u00f3s sess\u00f5es recentes de volatilidade no setor de tecnologia. Investidores aguardam a divulga\u00e7\u00e3o da ata da \u00faltima reuni\u00e3o do Federal Reserve e mant\u00eam no radar o \u00edndice de pre\u00e7os de gastos com consumo, o PCE, na sexta-feira.<\/p>\n<p>Ap\u00f3s meses de forte valoriza\u00e7\u00e3o impulsionada pelo entusiasmo com intelig\u00eancia artificial, as bolsas americanas passaram por corre\u00e7\u00e3o diante de d\u00favidas sobre o retorno dos investimentos no setor. O apetite por risco melhorou na sess\u00e3o de ter\u00e7a, em movimento que indica poder continuar hoje.<\/p>\n<p>Estados Unidos<\/p>\n<p>Os futuros dos principais \u00edndices americanos sobem no pr\u00e9-mercado. Com a agenda carregada na segunda metade da semana, os mercados tendem a operar em compasso de espera at\u00e9 a divulga\u00e7\u00e3o do PCE, indicador que pode recalibrar as apostas sobre o rumo da pol\u00edtica monet\u00e1ria nos EUA. Enquanto isso, o setor de software segue no radar. Na v\u00e9spera, a\u00e7\u00f5es como CrowdStrike (-3,6%) e ServiceNow (-1,1%) recuaram, refletindo cautela sobre o impacto da intelig\u00eancia artificial nos modelos de neg\u00f3cios.<\/p>\n<ul>\n<li>S&amp;P 500 Futuro: +0,56%<\/li>\n<li>Nasdaq 100 Futuro: +0,62%<\/li>\n<li>Dow Jones Futuro: +0,47%<\/li>\n<\/ul>\n<p>\u00c1sia-Pac\u00edfico<\/p>\n<p>As bolsas da \u00c1sia e do Pac\u00edfico encerraram o preg\u00e3o majoritariamente em alta, enquanto parte relevante da regi\u00e3o permaneceu fechada por feriados de ano-novo. Os mercados da China continental seguem fechados e permanecem sem negocia\u00e7\u00f5es at\u00e9 23 de fevereiro. Hong Kong, Taiwan e Coreia do Sul tamb\u00e9m n\u00e3o operaram nesta sess\u00e3o.<\/p>\n<p>Os ganhos na regi\u00e3o vieram ap\u00f3s leves altas registradas em Nova York na v\u00e9spera, com recupera\u00e7\u00e3o parcial das a\u00e7\u00f5es de tecnologia.<\/p>\n<ul>\n<li>Nikkei (Jap\u00e3o): +1,02%<\/li>\n<li>Nifty 50 (\u00cdndia): +0,23%<\/li>\n<li>ASX 200 (Austr\u00e1lia): +0,54%<\/li>\n<\/ul>\n<p>Europa<\/p>\n<p>Na Europa, os principais \u00edndices tamb\u00e9m avan\u00e7am nesta manh\u00e3. O movimento acompanha o desempenho positivo da \u00c1sia e dos futuros americanos, com investidores reavaliando posi\u00e7\u00f5es no setor de tecnologia e buscando maior diversifica\u00e7\u00e3o setorial.<\/p>\n<ul>\n<li>STOXX600: +0,67%<\/li>\n<li>FTSE 100, em Londres: +0,69%<\/li>\n<li>FTSE MIB, na It\u00e1lia: +0,83%<\/li>\n<li>CAC 40, na Fran\u00e7a: +0,30%<\/li>\n<li>DAX, na Alemanha: +0,61%<\/li>\n<\/ul>\n<p>Commodities<\/p>\n<p>Entre as commodities, o ouro \u00e0 vista sobe 1%, para US$ 4.925,98 a on\u00e7a, recuperando parte das perdas recentes. O petr\u00f3leo tamb\u00e9m avan\u00e7a, enquanto o Bitcoin opera perto da estabilidade.<\/p>\n<ul>\n<li>Brent: +0,28%, a US$ 67,61 o barril<\/li>\n<li>WTI: +0,37%, a US$ 62,56 o barril<\/li>\n<li>Bitcoin (BTC), +0,20%, a US$ 68.209 (em rela\u00e7\u00e3o \u00e0 cota\u00e7\u00e3o de 24 horas atr\u00e1s)<\/li>\n<\/ul>\n<p>&nbsp;<\/p>\n<p>REUTERS\/Jeenah Moon\/Arquivo<\/p>\n<p>(Com Reuters e Bloomberg)<\/p>\n","protected":false},"excerpt":{"rendered":"<p>Os mercados internacionais operam em alta nesta quarta-feira (18), com os futuros de Nova York avan\u00e7ando ap\u00f3s sess\u00f5es recentes de volatilidade no setor de tecnologia. Investidores aguardam a divulga\u00e7\u00e3o da ata da \u00faltima reuni\u00e3o do Federal Reserve e mant\u00eam no radar o \u00edndice de pre\u00e7os de gastos com consumo, o PCE, na sexta-feira. Ap\u00f3s meses [&hellip;]<\/p>\n","protected":false},"author":8,"featured_media":975174,"comment_status":"closed","ping_status":"closed","sticky":false,"template":"","format":"standard","meta":[],"categories":[3],"tags":[52,16646,43624],"acf":[],"yoast_head":"<!-- This site is optimized with the Yoast SEO plugin v20.8 - https:\/\/yoast.com\/wordpress\/plugins\/seo\/ -->\n<title>FUTUROS DE NY SOBEM COM AL\u00cdVIO EM A\u00c7\u00d5ES DE TECNOLOGIA E COM ATA DO FED NO RADAR - Bahia Economica<\/title>\n<meta name=\"description\" content=\"O maior portal de Economia da Bahia ECONOMIA \/ POL\u00cdTICA Bahia Economica Os mercados internacionais operam em alta nesta quarta-feira (18), com os futuros\" \/>\n<meta name=\"robots\" content=\"index, follow, max-snippet:-1, max-image-preview:large, max-video-preview:-1\" \/>\n<link rel=\"canonical\" href=\"https:\/\/bahiaeconomica.com.br\/wp\/2026\/02\/18\/futuros-de-ny-sobem-com-alivio-em-acoes-de-tecnologia-e-com-ata-do-fed-no-radar\/\" \/>\n<meta property=\"og:locale\" content=\"pt_BR\" \/>\n<meta property=\"og:type\" content=\"article\" \/>\n<meta property=\"og:title\" content=\"FUTUROS DE NY SOBEM COM AL\u00cdVIO EM A\u00c7\u00d5ES DE TECNOLOGIA E COM ATA DO FED NO RADAR - Bahia Economica\" \/>\n<meta property=\"og:description\" content=\"O maior portal de Economia da Bahia ECONOMIA \/ POL\u00cdTICA Bahia Economica Os mercados internacionais operam em alta nesta quarta-feira (18), com os futuros\" \/>\n<meta property=\"og:url\" content=\"https:\/\/bahiaeconomica.com.br\/wp\/2026\/02\/18\/futuros-de-ny-sobem-com-alivio-em-acoes-de-tecnologia-e-com-ata-do-fed-no-radar\/\" \/>\n<meta property=\"og:site_name\" content=\"Bahia Economica\" \/>\n<meta property=\"article:publisher\" content=\"https:\/\/www.facebook.com\/bahiaeconomica\" \/>\n<meta property=\"article:published_time\" content=\"2026-02-18T10:19:29+00:00\" \/>\n<meta property=\"article:modified_time\" content=\"2026-02-18T10:14:42+00:00\" \/>\n<meta property=\"og:image\" content=\"https:\/\/bahiaeconomica.com.br\/wp\/wp-content\/uploads\/2026\/02\/Captura-de-tela-2025-08-04-174609.webp\" \/>\n\t<meta property=\"og:image:width\" content=\"859\" \/>\n\t<meta property=\"og:image:height\" content=\"570\" \/>\n\t<meta property=\"og:image:type\" content=\"image\/webp\" \/>\n<meta name=\"author\" content=\"JP\" \/>\n<meta name=\"twitter:card\" content=\"summary_large_image\" \/>\n<meta name=\"twitter:label1\" content=\"Escrito por\" \/>\n\t<meta name=\"twitter:data1\" content=\"JP\" \/>\n\t<meta name=\"twitter:label2\" content=\"Est. tempo de leitura\" \/>\n\t<meta name=\"twitter:data2\" content=\"3 minutos\" \/>\n<script type=\"application\/ld+json\" class=\"yoast-schema-graph\">{\"@context\":\"https:\/\/schema.org\",\"@graph\":[{\"@type\":\"Article\",\"@id\":\"https:\/\/bahiaeconomica.com.br\/wp\/2026\/02\/18\/futuros-de-ny-sobem-com-alivio-em-acoes-de-tecnologia-e-com-ata-do-fed-no-radar\/#article\",\"isPartOf\":{\"@id\":\"https:\/\/bahiaeconomica.com.br\/wp\/2026\/02\/18\/futuros-de-ny-sobem-com-alivio-em-acoes-de-tecnologia-e-com-ata-do-fed-no-radar\/\"},\"author\":{\"name\":\"JP\",\"@id\":\"https:\/\/bahiaeconomica.com.br\/wp\/#\/schema\/person\/c86d3a3f8960425a0f9d0e5245991f4e\"},\"headline\":\"FUTUROS DE NY SOBEM COM AL\u00cdVIO EM A\u00c7\u00d5ES DE TECNOLOGIA E COM ATA DO FED NO RADAR\",\"datePublished\":\"2026-02-18T10:19:29+00:00\",\"dateModified\":\"2026-02-18T10:14:42+00:00\",\"mainEntityOfPage\":{\"@id\":\"https:\/\/bahiaeconomica.com.br\/wp\/2026\/02\/18\/futuros-de-ny-sobem-com-alivio-em-acoes-de-tecnologia-e-com-ata-do-fed-no-radar\/\"},\"wordCount\":436,\"publisher\":{\"@id\":\"https:\/\/bahiaeconomica.com.br\/wp\/#organization\"},\"keywords\":[\"Brasil\",\"futuros\",\"nova youque\"],\"articleSection\":[\"ECONOMIA \/ POL\u00cdTICA\"],\"inLanguage\":\"pt-BR\"},{\"@type\":\"WebPage\",\"@id\":\"https:\/\/bahiaeconomica.com.br\/wp\/2026\/02\/18\/futuros-de-ny-sobem-com-alivio-em-acoes-de-tecnologia-e-com-ata-do-fed-no-radar\/\",\"url\":\"https:\/\/bahiaeconomica.com.br\/wp\/2026\/02\/18\/futuros-de-ny-sobem-com-alivio-em-acoes-de-tecnologia-e-com-ata-do-fed-no-radar\/\",\"name\":\"FUTUROS DE NY SOBEM COM AL\u00cdVIO EM A\u00c7\u00d5ES DE TECNOLOGIA E COM ATA DO FED NO RADAR - Bahia Economica\",\"isPartOf\":{\"@id\":\"https:\/\/bahiaeconomica.com.br\/wp\/#website\"},\"datePublished\":\"2026-02-18T10:19:29+00:00\",\"dateModified\":\"2026-02-18T10:14:42+00:00\",\"description\":\"O maior portal de Economia da Bahia ECONOMIA \/ POL\u00cdTICA Bahia Economica Os mercados internacionais operam em alta nesta quarta-feira (18), com os futuros\",\"breadcrumb\":{\"@id\":\"https:\/\/bahiaeconomica.com.br\/wp\/2026\/02\/18\/futuros-de-ny-sobem-com-alivio-em-acoes-de-tecnologia-e-com-ata-do-fed-no-radar\/#breadcrumb\"},\"inLanguage\":\"pt-BR\",\"potentialAction\":[{\"@type\":\"ReadAction\",\"target\":[\"https:\/\/bahiaeconomica.com.br\/wp\/2026\/02\/18\/futuros-de-ny-sobem-com-alivio-em-acoes-de-tecnologia-e-com-ata-do-fed-no-radar\/\"]}]},{\"@type\":\"BreadcrumbList\",\"@id\":\"https:\/\/bahiaeconomica.com.br\/wp\/2026\/02\/18\/futuros-de-ny-sobem-com-alivio-em-acoes-de-tecnologia-e-com-ata-do-fed-no-radar\/#breadcrumb\",\"itemListElement\":[{\"@type\":\"ListItem\",\"position\":1,\"name\":\"In\u00edcio\",\"item\":\"https:\/\/bahiaeconomica.com.br\/wp\/\"},{\"@type\":\"ListItem\",\"position\":2,\"name\":\"FUTUROS DE NY SOBEM COM AL\u00cdVIO EM A\u00c7\u00d5ES DE TECNOLOGIA E COM ATA DO FED NO RADAR\"}]},{\"@type\":\"WebSite\",\"@id\":\"https:\/\/bahiaeconomica.com.br\/wp\/#website\",\"url\":\"https:\/\/bahiaeconomica.com.br\/wp\/\",\"name\":\"Bahia Economica\",\"description\":\"O maior portal de Economia da Bahia\",\"publisher\":{\"@id\":\"https:\/\/bahiaeconomica.com.br\/wp\/#organization\"},\"potentialAction\":[{\"@type\":\"SearchAction\",\"target\":{\"@type\":\"EntryPoint\",\"urlTemplate\":\"https:\/\/bahiaeconomica.com.br\/wp\/?s={search_term_string}\"},\"query-input\":\"required name=search_term_string\"}],\"inLanguage\":\"pt-BR\"},{\"@type\":\"Organization\",\"@id\":\"https:\/\/bahiaeconomica.com.br\/wp\/#organization\",\"name\":\"Bahia Econ\u00f4mica\",\"url\":\"https:\/\/bahiaeconomica.com.br\/wp\/\",\"logo\":{\"@type\":\"ImageObject\",\"inLanguage\":\"pt-BR\",\"@id\":\"https:\/\/bahiaeconomica.com.br\/wp\/#\/schema\/logo\/image\/\",\"url\":\"https:\/\/bahiaeconomica.com.br\/wp\/wp-content\/uploads\/2020\/12\/cropped-BE.png\",\"contentUrl\":\"https:\/\/bahiaeconomica.com.br\/wp\/wp-content\/uploads\/2020\/12\/cropped-BE.png\",\"width\":512,\"height\":512,\"caption\":\"Bahia Econ\u00f4mica\"},\"image\":{\"@id\":\"https:\/\/bahiaeconomica.com.br\/wp\/#\/schema\/logo\/image\/\"},\"sameAs\":[\"https:\/\/www.facebook.com\/bahiaeconomica\"]},{\"@type\":\"Person\",\"@id\":\"https:\/\/bahiaeconomica.com.br\/wp\/#\/schema\/person\/c86d3a3f8960425a0f9d0e5245991f4e\",\"name\":\"JP\",\"sameAs\":[\"https:\/\/bahiaeconomica.com.br\/wp\/beta\/\"],\"url\":\"https:\/\/bahiaeconomica.com.br\/wp\/author\/jp\/\"}]}<\/script>\n<!-- \/ Yoast SEO plugin. -->","yoast_head_json":{"title":"FUTUROS DE NY SOBEM COM AL\u00cdVIO EM A\u00c7\u00d5ES DE TECNOLOGIA E COM ATA DO FED NO RADAR - Bahia Economica","description":"O maior portal de Economia da Bahia ECONOMIA \/ POL\u00cdTICA Bahia Economica Os mercados internacionais operam em alta nesta quarta-feira (18), com os futuros","robots":{"index":"index","follow":"follow","max-snippet":"max-snippet:-1","max-image-preview":"max-image-preview:large","max-video-preview":"max-video-preview:-1"},"canonical":"https:\/\/bahiaeconomica.com.br\/wp\/2026\/02\/18\/futuros-de-ny-sobem-com-alivio-em-acoes-de-tecnologia-e-com-ata-do-fed-no-radar\/","og_locale":"pt_BR","og_type":"article","og_title":"FUTUROS DE NY SOBEM COM AL\u00cdVIO EM A\u00c7\u00d5ES DE TECNOLOGIA E COM ATA DO FED NO RADAR - Bahia Economica","og_description":"O maior portal de Economia da Bahia ECONOMIA \/ POL\u00cdTICA Bahia Economica Os mercados internacionais operam em alta nesta quarta-feira (18), com os futuros","og_url":"https:\/\/bahiaeconomica.com.br\/wp\/2026\/02\/18\/futuros-de-ny-sobem-com-alivio-em-acoes-de-tecnologia-e-com-ata-do-fed-no-radar\/","og_site_name":"Bahia Economica","article_publisher":"https:\/\/www.facebook.com\/bahiaeconomica","article_published_time":"2026-02-18T10:19:29+00:00","article_modified_time":"2026-02-18T10:14:42+00:00","og_image":[{"width":859,"height":570,"url":"https:\/\/bahiaeconomica.com.br\/wp\/wp-content\/uploads\/2026\/02\/Captura-de-tela-2025-08-04-174609.webp","type":"image\/webp"}],"author":"JP","twitter_card":"summary_large_image","twitter_misc":{"Escrito por":"JP","Est. tempo de leitura":"3 minutos"},"schema":{"@context":"https:\/\/schema.org","@graph":[{"@type":"Article","@id":"https:\/\/bahiaeconomica.com.br\/wp\/2026\/02\/18\/futuros-de-ny-sobem-com-alivio-em-acoes-de-tecnologia-e-com-ata-do-fed-no-radar\/#article","isPartOf":{"@id":"https:\/\/bahiaeconomica.com.br\/wp\/2026\/02\/18\/futuros-de-ny-sobem-com-alivio-em-acoes-de-tecnologia-e-com-ata-do-fed-no-radar\/"},"author":{"name":"JP","@id":"https:\/\/bahiaeconomica.com.br\/wp\/#\/schema\/person\/c86d3a3f8960425a0f9d0e5245991f4e"},"headline":"FUTUROS DE NY SOBEM COM AL\u00cdVIO EM A\u00c7\u00d5ES DE TECNOLOGIA E COM ATA DO FED NO RADAR","datePublished":"2026-02-18T10:19:29+00:00","dateModified":"2026-02-18T10:14:42+00:00","mainEntityOfPage":{"@id":"https:\/\/bahiaeconomica.com.br\/wp\/2026\/02\/18\/futuros-de-ny-sobem-com-alivio-em-acoes-de-tecnologia-e-com-ata-do-fed-no-radar\/"},"wordCount":436,"publisher":{"@id":"https:\/\/bahiaeconomica.com.br\/wp\/#organization"},"keywords":["Brasil","futuros","nova youque"],"articleSection":["ECONOMIA \/ POL\u00cdTICA"],"inLanguage":"pt-BR"},{"@type":"WebPage","@id":"https:\/\/bahiaeconomica.com.br\/wp\/2026\/02\/18\/futuros-de-ny-sobem-com-alivio-em-acoes-de-tecnologia-e-com-ata-do-fed-no-radar\/","url":"https:\/\/bahiaeconomica.com.br\/wp\/2026\/02\/18\/futuros-de-ny-sobem-com-alivio-em-acoes-de-tecnologia-e-com-ata-do-fed-no-radar\/","name":"FUTUROS DE NY SOBEM COM AL\u00cdVIO EM A\u00c7\u00d5ES DE TECNOLOGIA E COM ATA DO FED NO RADAR - Bahia Economica","isPartOf":{"@id":"https:\/\/bahiaeconomica.com.br\/wp\/#website"},"datePublished":"2026-02-18T10:19:29+00:00","dateModified":"2026-02-18T10:14:42+00:00","description":"O maior portal de Economia da Bahia ECONOMIA \/ POL\u00cdTICA Bahia Economica Os mercados internacionais operam em alta nesta quarta-feira (18), com os futuros","breadcrumb":{"@id":"https:\/\/bahiaeconomica.com.br\/wp\/2026\/02\/18\/futuros-de-ny-sobem-com-alivio-em-acoes-de-tecnologia-e-com-ata-do-fed-no-radar\/#breadcrumb"},"inLanguage":"pt-BR","potentialAction":[{"@type":"ReadAction","target":["https:\/\/bahiaeconomica.com.br\/wp\/2026\/02\/18\/futuros-de-ny-sobem-com-alivio-em-acoes-de-tecnologia-e-com-ata-do-fed-no-radar\/"]}]},{"@type":"BreadcrumbList","@id":"https:\/\/bahiaeconomica.com.br\/wp\/2026\/02\/18\/futuros-de-ny-sobem-com-alivio-em-acoes-de-tecnologia-e-com-ata-do-fed-no-radar\/#breadcrumb","itemListElement":[{"@type":"ListItem","position":1,"name":"In\u00edcio","item":"https:\/\/bahiaeconomica.com.br\/wp\/"},{"@type":"ListItem","position":2,"name":"FUTUROS DE NY SOBEM COM AL\u00cdVIO EM A\u00c7\u00d5ES DE TECNOLOGIA E COM ATA DO FED NO RADAR"}]},{"@type":"WebSite","@id":"https:\/\/bahiaeconomica.com.br\/wp\/#website","url":"https:\/\/bahiaeconomica.com.br\/wp\/","name":"Bahia Economica","description":"O maior portal de Economia da Bahia","publisher":{"@id":"https:\/\/bahiaeconomica.com.br\/wp\/#organization"},"potentialAction":[{"@type":"SearchAction","target":{"@type":"EntryPoint","urlTemplate":"https:\/\/bahiaeconomica.com.br\/wp\/?s={search_term_string}"},"query-input":"required name=search_term_string"}],"inLanguage":"pt-BR"},{"@type":"Organization","@id":"https:\/\/bahiaeconomica.com.br\/wp\/#organization","name":"Bahia Econ\u00f4mica","url":"https:\/\/bahiaeconomica.com.br\/wp\/","logo":{"@type":"ImageObject","inLanguage":"pt-BR","@id":"https:\/\/bahiaeconomica.com.br\/wp\/#\/schema\/logo\/image\/","url":"https:\/\/bahiaeconomica.com.br\/wp\/wp-content\/uploads\/2020\/12\/cropped-BE.png","contentUrl":"https:\/\/bahiaeconomica.com.br\/wp\/wp-content\/uploads\/2020\/12\/cropped-BE.png","width":512,"height":512,"caption":"Bahia Econ\u00f4mica"},"image":{"@id":"https:\/\/bahiaeconomica.com.br\/wp\/#\/schema\/logo\/image\/"},"sameAs":["https:\/\/www.facebook.com\/bahiaeconomica"]},{"@type":"Person","@id":"https:\/\/bahiaeconomica.com.br\/wp\/#\/schema\/person\/c86d3a3f8960425a0f9d0e5245991f4e","name":"JP","sameAs":["https:\/\/bahiaeconomica.com.br\/wp\/beta\/"],"url":"https:\/\/bahiaeconomica.com.br\/wp\/author\/jp\/"}]}},"views":2,"_links":{"self":[{"href":"https:\/\/bahiaeconomica.com.br\/wp\/wp-json\/wp\/v2\/posts\/975173"}],"collection":[{"href":"https:\/\/bahiaeconomica.com.br\/wp\/wp-json\/wp\/v2\/posts"}],"about":[{"href":"https:\/\/bahiaeconomica.com.br\/wp\/wp-json\/wp\/v2\/types\/post"}],"author":[{"embeddable":true,"href":"https:\/\/bahiaeconomica.com.br\/wp\/wp-json\/wp\/v2\/users\/8"}],"replies":[{"embeddable":true,"href":"https:\/\/bahiaeconomica.com.br\/wp\/wp-json\/wp\/v2\/comments?post=975173"}],"version-history":[{"count":1,"href":"https:\/\/bahiaeconomica.com.br\/wp\/wp-json\/wp\/v2\/posts\/975173\/revisions"}],"predecessor-version":[{"id":975175,"href":"https:\/\/bahiaeconomica.com.br\/wp\/wp-json\/wp\/v2\/posts\/975173\/revisions\/975175"}],"wp:featuredmedia":[{"embeddable":true,"href":"https:\/\/bahiaeconomica.com.br\/wp\/wp-json\/wp\/v2\/media\/975174"}],"wp:attachment":[{"href":"https:\/\/bahiaeconomica.com.br\/wp\/wp-json\/wp\/v2\/media?parent=975173"}],"wp:term":[{"taxonomy":"category","embeddable":true,"href":"https:\/\/bahiaeconomica.com.br\/wp\/wp-json\/wp\/v2\/categories?post=975173"},{"taxonomy":"post_tag","embeddable":true,"href":"https:\/\/bahiaeconomica.com.br\/wp\/wp-json\/wp\/v2\/tags?post=975173"}],"curies":[{"name":"wp","href":"https:\/\/api.w.org\/{rel}","templated":true}]}}