{"id":974630,"date":"2026-02-13T15:01:50","date_gmt":"2026-02-13T18:01:50","guid":{"rendered":"https:\/\/bahiaeconomica.com.br\/wp\/?p=974630"},"modified":"2026-02-13T20:26:50","modified_gmt":"2026-02-13T23:26:50","slug":"varanda-da-barra-abre-oficialmente-o-carnaval-2026-com-publico-animado-e-vista-de-frente-para-a-folia-na-barra","status":"publish","type":"post","link":"https:\/\/bahiaeconomica.com.br\/wp\/2026\/02\/13\/varanda-da-barra-abre-oficialmente-o-carnaval-2026-com-publico-animado-e-vista-de-frente-para-a-folia-na-barra\/","title":{"rendered":"VARANDA DA BARRA ABRE OFICIALMENTE O CARNAVAL 2026 COM P\u00daBLICO ANIMADO E VISTA DE FRENTE PARA A FOLIA NA BARRA"},"content":{"rendered":"<p>O Camarote Varanda da Barra abriu oficialmente o Carnaval 2026 reunindo p\u00fablico animado e clima de celebra\u00e7\u00e3o em um dos trechos mais disputados do circuito Barra-Ondina. Localizado entre o Farol da Barra e o Cristo, o espa\u00e7o iniciou sua opera\u00e7\u00e3o com vista direta da passagem dos trios el\u00e9tricos e funcionamento das 15h \u00e0 1h.<\/p>\n<p>Logo nas primeiras horas de funcionamento, o camarote registrou movimenta\u00e7\u00e3o intensa, com foli\u00f5es chegando cedo para acompanhar a programa\u00e7\u00e3o da Barra. A proposta de perman\u00eancia ao longo do dia se confirmou com o p\u00fablico aproveitando a estrutura e o open bar com at\u00e9 10 horas de dura\u00e7\u00e3o, que inclui cerveja, vodca, gin, energ\u00e9tico, refrigerante e \u00e1gua.<\/p>\n<p>No segundo ano de opera\u00e7\u00e3o, o Varanda da Barra refor\u00e7a sua proposta de oferecer uma alternativa estruturada para quem deseja acompanhar o Carnaval com conforto, sem abrir m\u00e3o da proximidade com a festa de rua. A localiza\u00e7\u00e3o estrat\u00e9gica permite vis\u00e3o privilegiada da avenida, enquanto a estrutura interna garante circula\u00e7\u00e3o fluida e \u00e1reas de conviv\u00eancia.<\/p>\n<p>A abertura consolida o camarote como um dos pontos de apoio para moradores e turistas que escolhem a Barra como cen\u00e1rio principal da folia em Salvador, reunindo energia, m\u00fasica e servi\u00e7o cont\u00ednuo ao longo da programa\u00e7\u00e3o do circuito.<\/p>\n<p>SERVI\u00c7O<\/p>\n<p>Camarote Varanda da Barra \u2013 Carnaval 2026<\/p>\n<p>Circuito Barra-Ondina (entre o Farol da Barra e o Cristo)<\/p>\n<p>Hor\u00e1rio de funcionamento: 15h \u00e0s 01h<\/p>\n<p>Open bar: cerveja, vodca, gin, energ\u00e9tico, refrigerante e \u00e1gua<\/p>\n<p>Retirada dos abad\u00e1s: Shopping Paralela \u2013 Piso L2<\/p>\n<p>Per\u00edodo: 12 a 17 de fevereiro<\/p>\n<p>Vendas: https:\/\/vendas.ticketmaker.com.br\/?ct=4430&amp;cl=2<\/p>\n","protected":false},"excerpt":{"rendered":"<p>O Camarote Varanda da Barra abriu oficialmente o Carnaval 2026 reunindo p\u00fablico animado e clima de celebra\u00e7\u00e3o em um dos trechos mais disputados do circuito Barra-Ondina. Localizado entre o Farol da Barra e o Cristo, o espa\u00e7o iniciou sua opera\u00e7\u00e3o com vista direta da passagem dos trios el\u00e9tricos e funcionamento das 15h \u00e0 1h. Logo [&hellip;]<\/p>\n","protected":false},"author":8,"featured_media":974631,"comment_status":"closed","ping_status":"closed","sticky":false,"template":"","format":"standard","meta":[],"categories":[3],"tags":[],"acf":[],"yoast_head":"<!-- This site is optimized with the Yoast SEO plugin v20.8 - https:\/\/yoast.com\/wordpress\/plugins\/seo\/ -->\n<title>VARANDA DA BARRA ABRE OFICIALMENTE O CARNAVAL 2026 COM P\u00daBLICO ANIMADO E VISTA DE FRENTE PARA A FOLIA NA BARRA - Bahia Economica<\/title>\n<meta name=\"description\" content=\"O maior portal de Economia da Bahia ECONOMIA \/ POL\u00cdTICA Bahia Economica O Camarote Varanda da Barra abriu oficialmente o Carnaval 2026 reunindo\" \/>\n<meta name=\"robots\" content=\"index, follow, max-snippet:-1, max-image-preview:large, max-video-preview:-1\" \/>\n<link rel=\"canonical\" href=\"https:\/\/bahiaeconomica.com.br\/wp\/2026\/02\/13\/varanda-da-barra-abre-oficialmente-o-carnaval-2026-com-publico-animado-e-vista-de-frente-para-a-folia-na-barra\/\" \/>\n<meta property=\"og:locale\" content=\"pt_BR\" \/>\n<meta property=\"og:type\" content=\"article\" \/>\n<meta property=\"og:title\" content=\"VARANDA DA BARRA ABRE OFICIALMENTE O CARNAVAL 2026 COM P\u00daBLICO ANIMADO E VISTA DE FRENTE PARA A FOLIA NA BARRA - Bahia Economica\" \/>\n<meta property=\"og:description\" content=\"O maior portal de Economia da Bahia ECONOMIA \/ POL\u00cdTICA Bahia Economica O Camarote Varanda da Barra abriu oficialmente o Carnaval 2026 reunindo\" \/>\n<meta property=\"og:url\" content=\"https:\/\/bahiaeconomica.com.br\/wp\/2026\/02\/13\/varanda-da-barra-abre-oficialmente-o-carnaval-2026-com-publico-animado-e-vista-de-frente-para-a-folia-na-barra\/\" \/>\n<meta property=\"og:site_name\" content=\"Bahia Economica\" \/>\n<meta property=\"article:publisher\" content=\"https:\/\/www.facebook.com\/bahiaeconomica\" \/>\n<meta property=\"article:published_time\" content=\"2026-02-13T18:01:50+00:00\" \/>\n<meta property=\"article:modified_time\" content=\"2026-02-13T23:26:50+00:00\" \/>\n<meta property=\"og:image\" content=\"https:\/\/bahiaeconomica.com.br\/wp\/wp-content\/uploads\/2026\/02\/WhatsApp-Image-2026-02-13-at-15.15.53.jpeg\" \/>\n\t<meta property=\"og:image:width\" content=\"1320\" \/>\n\t<meta property=\"og:image:height\" content=\"960\" \/>\n\t<meta property=\"og:image:type\" content=\"image\/jpeg\" \/>\n<meta name=\"author\" content=\"JP\" \/>\n<meta name=\"twitter:card\" content=\"summary_large_image\" \/>\n<meta name=\"twitter:label1\" content=\"Escrito por\" \/>\n\t<meta name=\"twitter:data1\" content=\"JP\" \/>\n\t<meta name=\"twitter:label2\" content=\"Est. tempo de leitura\" \/>\n\t<meta name=\"twitter:data2\" content=\"2 minutos\" \/>\n<script type=\"application\/ld+json\" class=\"yoast-schema-graph\">{\"@context\":\"https:\/\/schema.org\",\"@graph\":[{\"@type\":\"Article\",\"@id\":\"https:\/\/bahiaeconomica.com.br\/wp\/2026\/02\/13\/varanda-da-barra-abre-oficialmente-o-carnaval-2026-com-publico-animado-e-vista-de-frente-para-a-folia-na-barra\/#article\",\"isPartOf\":{\"@id\":\"https:\/\/bahiaeconomica.com.br\/wp\/2026\/02\/13\/varanda-da-barra-abre-oficialmente-o-carnaval-2026-com-publico-animado-e-vista-de-frente-para-a-folia-na-barra\/\"},\"author\":{\"name\":\"JP\",\"@id\":\"https:\/\/bahiaeconomica.com.br\/wp\/#\/schema\/person\/c86d3a3f8960425a0f9d0e5245991f4e\"},\"headline\":\"VARANDA DA BARRA ABRE OFICIALMENTE O CARNAVAL 2026 COM P\u00daBLICO ANIMADO E VISTA DE FRENTE PARA A FOLIA NA BARRA\",\"datePublished\":\"2026-02-13T18:01:50+00:00\",\"dateModified\":\"2026-02-13T23:26:50+00:00\",\"mainEntityOfPage\":{\"@id\":\"https:\/\/bahiaeconomica.com.br\/wp\/2026\/02\/13\/varanda-da-barra-abre-oficialmente-o-carnaval-2026-com-publico-animado-e-vista-de-frente-para-a-folia-na-barra\/\"},\"wordCount\":300,\"publisher\":{\"@id\":\"https:\/\/bahiaeconomica.com.br\/wp\/#organization\"},\"articleSection\":[\"ECONOMIA \/ POL\u00cdTICA\"],\"inLanguage\":\"pt-BR\"},{\"@type\":\"WebPage\",\"@id\":\"https:\/\/bahiaeconomica.com.br\/wp\/2026\/02\/13\/varanda-da-barra-abre-oficialmente-o-carnaval-2026-com-publico-animado-e-vista-de-frente-para-a-folia-na-barra\/\",\"url\":\"https:\/\/bahiaeconomica.com.br\/wp\/2026\/02\/13\/varanda-da-barra-abre-oficialmente-o-carnaval-2026-com-publico-animado-e-vista-de-frente-para-a-folia-na-barra\/\",\"name\":\"VARANDA DA BARRA ABRE OFICIALMENTE O CARNAVAL 2026 COM P\u00daBLICO ANIMADO E VISTA DE FRENTE PARA A FOLIA NA BARRA - Bahia Economica\",\"isPartOf\":{\"@id\":\"https:\/\/bahiaeconomica.com.br\/wp\/#website\"},\"datePublished\":\"2026-02-13T18:01:50+00:00\",\"dateModified\":\"2026-02-13T23:26:50+00:00\",\"description\":\"O maior portal de Economia da Bahia ECONOMIA \/ POL\u00cdTICA Bahia Economica O Camarote Varanda da Barra abriu oficialmente o Carnaval 2026 reunindo\",\"breadcrumb\":{\"@id\":\"https:\/\/bahiaeconomica.com.br\/wp\/2026\/02\/13\/varanda-da-barra-abre-oficialmente-o-carnaval-2026-com-publico-animado-e-vista-de-frente-para-a-folia-na-barra\/#breadcrumb\"},\"inLanguage\":\"pt-BR\",\"potentialAction\":[{\"@type\":\"ReadAction\",\"target\":[\"https:\/\/bahiaeconomica.com.br\/wp\/2026\/02\/13\/varanda-da-barra-abre-oficialmente-o-carnaval-2026-com-publico-animado-e-vista-de-frente-para-a-folia-na-barra\/\"]}]},{\"@type\":\"BreadcrumbList\",\"@id\":\"https:\/\/bahiaeconomica.com.br\/wp\/2026\/02\/13\/varanda-da-barra-abre-oficialmente-o-carnaval-2026-com-publico-animado-e-vista-de-frente-para-a-folia-na-barra\/#breadcrumb\",\"itemListElement\":[{\"@type\":\"ListItem\",\"position\":1,\"name\":\"In\u00edcio\",\"item\":\"https:\/\/bahiaeconomica.com.br\/wp\/\"},{\"@type\":\"ListItem\",\"position\":2,\"name\":\"VARANDA DA BARRA ABRE OFICIALMENTE O CARNAVAL 2026 COM P\u00daBLICO ANIMADO E VISTA DE FRENTE PARA A FOLIA NA BARRA\"}]},{\"@type\":\"WebSite\",\"@id\":\"https:\/\/bahiaeconomica.com.br\/wp\/#website\",\"url\":\"https:\/\/bahiaeconomica.com.br\/wp\/\",\"name\":\"Bahia Economica\",\"description\":\"O maior portal de Economia da Bahia\",\"publisher\":{\"@id\":\"https:\/\/bahiaeconomica.com.br\/wp\/#organization\"},\"potentialAction\":[{\"@type\":\"SearchAction\",\"target\":{\"@type\":\"EntryPoint\",\"urlTemplate\":\"https:\/\/bahiaeconomica.com.br\/wp\/?s={search_term_string}\"},\"query-input\":\"required name=search_term_string\"}],\"inLanguage\":\"pt-BR\"},{\"@type\":\"Organization\",\"@id\":\"https:\/\/bahiaeconomica.com.br\/wp\/#organization\",\"name\":\"Bahia Econ\u00f4mica\",\"url\":\"https:\/\/bahiaeconomica.com.br\/wp\/\",\"logo\":{\"@type\":\"ImageObject\",\"inLanguage\":\"pt-BR\",\"@id\":\"https:\/\/bahiaeconomica.com.br\/wp\/#\/schema\/logo\/image\/\",\"url\":\"https:\/\/bahiaeconomica.com.br\/wp\/wp-content\/uploads\/2020\/12\/cropped-BE.png\",\"contentUrl\":\"https:\/\/bahiaeconomica.com.br\/wp\/wp-content\/uploads\/2020\/12\/cropped-BE.png\",\"width\":512,\"height\":512,\"caption\":\"Bahia Econ\u00f4mica\"},\"image\":{\"@id\":\"https:\/\/bahiaeconomica.com.br\/wp\/#\/schema\/logo\/image\/\"},\"sameAs\":[\"https:\/\/www.facebook.com\/bahiaeconomica\"]},{\"@type\":\"Person\",\"@id\":\"https:\/\/bahiaeconomica.com.br\/wp\/#\/schema\/person\/c86d3a3f8960425a0f9d0e5245991f4e\",\"name\":\"JP\",\"sameAs\":[\"https:\/\/bahiaeconomica.com.br\/wp\/beta\/\"],\"url\":\"https:\/\/bahiaeconomica.com.br\/wp\/author\/jp\/\"}]}<\/script>\n<!-- \/ Yoast SEO plugin. -->","yoast_head_json":{"title":"VARANDA DA BARRA ABRE OFICIALMENTE O CARNAVAL 2026 COM P\u00daBLICO ANIMADO E VISTA DE FRENTE PARA A FOLIA NA BARRA - Bahia Economica","description":"O maior portal de Economia da Bahia ECONOMIA \/ POL\u00cdTICA Bahia Economica O Camarote Varanda da Barra abriu oficialmente o Carnaval 2026 reunindo","robots":{"index":"index","follow":"follow","max-snippet":"max-snippet:-1","max-image-preview":"max-image-preview:large","max-video-preview":"max-video-preview:-1"},"canonical":"https:\/\/bahiaeconomica.com.br\/wp\/2026\/02\/13\/varanda-da-barra-abre-oficialmente-o-carnaval-2026-com-publico-animado-e-vista-de-frente-para-a-folia-na-barra\/","og_locale":"pt_BR","og_type":"article","og_title":"VARANDA DA BARRA ABRE OFICIALMENTE O CARNAVAL 2026 COM P\u00daBLICO ANIMADO E VISTA DE FRENTE PARA A FOLIA NA BARRA - Bahia Economica","og_description":"O maior portal de Economia da Bahia ECONOMIA \/ POL\u00cdTICA Bahia Economica O Camarote Varanda da Barra abriu oficialmente o Carnaval 2026 reunindo","og_url":"https:\/\/bahiaeconomica.com.br\/wp\/2026\/02\/13\/varanda-da-barra-abre-oficialmente-o-carnaval-2026-com-publico-animado-e-vista-de-frente-para-a-folia-na-barra\/","og_site_name":"Bahia Economica","article_publisher":"https:\/\/www.facebook.com\/bahiaeconomica","article_published_time":"2026-02-13T18:01:50+00:00","article_modified_time":"2026-02-13T23:26:50+00:00","og_image":[{"width":1320,"height":960,"url":"https:\/\/bahiaeconomica.com.br\/wp\/wp-content\/uploads\/2026\/02\/WhatsApp-Image-2026-02-13-at-15.15.53.jpeg","type":"image\/jpeg"}],"author":"JP","twitter_card":"summary_large_image","twitter_misc":{"Escrito por":"JP","Est. tempo de leitura":"2 minutos"},"schema":{"@context":"https:\/\/schema.org","@graph":[{"@type":"Article","@id":"https:\/\/bahiaeconomica.com.br\/wp\/2026\/02\/13\/varanda-da-barra-abre-oficialmente-o-carnaval-2026-com-publico-animado-e-vista-de-frente-para-a-folia-na-barra\/#article","isPartOf":{"@id":"https:\/\/bahiaeconomica.com.br\/wp\/2026\/02\/13\/varanda-da-barra-abre-oficialmente-o-carnaval-2026-com-publico-animado-e-vista-de-frente-para-a-folia-na-barra\/"},"author":{"name":"JP","@id":"https:\/\/bahiaeconomica.com.br\/wp\/#\/schema\/person\/c86d3a3f8960425a0f9d0e5245991f4e"},"headline":"VARANDA DA BARRA ABRE OFICIALMENTE O CARNAVAL 2026 COM P\u00daBLICO ANIMADO E VISTA DE FRENTE PARA A FOLIA NA BARRA","datePublished":"2026-02-13T18:01:50+00:00","dateModified":"2026-02-13T23:26:50+00:00","mainEntityOfPage":{"@id":"https:\/\/bahiaeconomica.com.br\/wp\/2026\/02\/13\/varanda-da-barra-abre-oficialmente-o-carnaval-2026-com-publico-animado-e-vista-de-frente-para-a-folia-na-barra\/"},"wordCount":300,"publisher":{"@id":"https:\/\/bahiaeconomica.com.br\/wp\/#organization"},"articleSection":["ECONOMIA \/ POL\u00cdTICA"],"inLanguage":"pt-BR"},{"@type":"WebPage","@id":"https:\/\/bahiaeconomica.com.br\/wp\/2026\/02\/13\/varanda-da-barra-abre-oficialmente-o-carnaval-2026-com-publico-animado-e-vista-de-frente-para-a-folia-na-barra\/","url":"https:\/\/bahiaeconomica.com.br\/wp\/2026\/02\/13\/varanda-da-barra-abre-oficialmente-o-carnaval-2026-com-publico-animado-e-vista-de-frente-para-a-folia-na-barra\/","name":"VARANDA DA BARRA ABRE OFICIALMENTE O CARNAVAL 2026 COM P\u00daBLICO ANIMADO E VISTA DE FRENTE PARA A FOLIA NA BARRA - Bahia Economica","isPartOf":{"@id":"https:\/\/bahiaeconomica.com.br\/wp\/#website"},"datePublished":"2026-02-13T18:01:50+00:00","dateModified":"2026-02-13T23:26:50+00:00","description":"O maior portal de Economia da Bahia ECONOMIA \/ POL\u00cdTICA Bahia Economica O Camarote Varanda da Barra abriu oficialmente o Carnaval 2026 reunindo","breadcrumb":{"@id":"https:\/\/bahiaeconomica.com.br\/wp\/2026\/02\/13\/varanda-da-barra-abre-oficialmente-o-carnaval-2026-com-publico-animado-e-vista-de-frente-para-a-folia-na-barra\/#breadcrumb"},"inLanguage":"pt-BR","potentialAction":[{"@type":"ReadAction","target":["https:\/\/bahiaeconomica.com.br\/wp\/2026\/02\/13\/varanda-da-barra-abre-oficialmente-o-carnaval-2026-com-publico-animado-e-vista-de-frente-para-a-folia-na-barra\/"]}]},{"@type":"BreadcrumbList","@id":"https:\/\/bahiaeconomica.com.br\/wp\/2026\/02\/13\/varanda-da-barra-abre-oficialmente-o-carnaval-2026-com-publico-animado-e-vista-de-frente-para-a-folia-na-barra\/#breadcrumb","itemListElement":[{"@type":"ListItem","position":1,"name":"In\u00edcio","item":"https:\/\/bahiaeconomica.com.br\/wp\/"},{"@type":"ListItem","position":2,"name":"VARANDA DA BARRA ABRE OFICIALMENTE O CARNAVAL 2026 COM P\u00daBLICO ANIMADO E VISTA DE FRENTE PARA A FOLIA NA BARRA"}]},{"@type":"WebSite","@id":"https:\/\/bahiaeconomica.com.br\/wp\/#website","url":"https:\/\/bahiaeconomica.com.br\/wp\/","name":"Bahia Economica","description":"O maior portal de Economia da Bahia","publisher":{"@id":"https:\/\/bahiaeconomica.com.br\/wp\/#organization"},"potentialAction":[{"@type":"SearchAction","target":{"@type":"EntryPoint","urlTemplate":"https:\/\/bahiaeconomica.com.br\/wp\/?s={search_term_string}"},"query-input":"required name=search_term_string"}],"inLanguage":"pt-BR"},{"@type":"Organization","@id":"https:\/\/bahiaeconomica.com.br\/wp\/#organization","name":"Bahia Econ\u00f4mica","url":"https:\/\/bahiaeconomica.com.br\/wp\/","logo":{"@type":"ImageObject","inLanguage":"pt-BR","@id":"https:\/\/bahiaeconomica.com.br\/wp\/#\/schema\/logo\/image\/","url":"https:\/\/bahiaeconomica.com.br\/wp\/wp-content\/uploads\/2020\/12\/cropped-BE.png","contentUrl":"https:\/\/bahiaeconomica.com.br\/wp\/wp-content\/uploads\/2020\/12\/cropped-BE.png","width":512,"height":512,"caption":"Bahia Econ\u00f4mica"},"image":{"@id":"https:\/\/bahiaeconomica.com.br\/wp\/#\/schema\/logo\/image\/"},"sameAs":["https:\/\/www.facebook.com\/bahiaeconomica"]},{"@type":"Person","@id":"https:\/\/bahiaeconomica.com.br\/wp\/#\/schema\/person\/c86d3a3f8960425a0f9d0e5245991f4e","name":"JP","sameAs":["https:\/\/bahiaeconomica.com.br\/wp\/beta\/"],"url":"https:\/\/bahiaeconomica.com.br\/wp\/author\/jp\/"}]}},"views":32,"_links":{"self":[{"href":"https:\/\/bahiaeconomica.com.br\/wp\/wp-json\/wp\/v2\/posts\/974630"}],"collection":[{"href":"https:\/\/bahiaeconomica.com.br\/wp\/wp-json\/wp\/v2\/posts"}],"about":[{"href":"https:\/\/bahiaeconomica.com.br\/wp\/wp-json\/wp\/v2\/types\/post"}],"author":[{"embeddable":true,"href":"https:\/\/bahiaeconomica.com.br\/wp\/wp-json\/wp\/v2\/users\/8"}],"replies":[{"embeddable":true,"href":"https:\/\/bahiaeconomica.com.br\/wp\/wp-json\/wp\/v2\/comments?post=974630"}],"version-history":[{"count":1,"href":"https:\/\/bahiaeconomica.com.br\/wp\/wp-json\/wp\/v2\/posts\/974630\/revisions"}],"predecessor-version":[{"id":974632,"href":"https:\/\/bahiaeconomica.com.br\/wp\/wp-json\/wp\/v2\/posts\/974630\/revisions\/974632"}],"wp:featuredmedia":[{"embeddable":true,"href":"https:\/\/bahiaeconomica.com.br\/wp\/wp-json\/wp\/v2\/media\/974631"}],"wp:attachment":[{"href":"https:\/\/bahiaeconomica.com.br\/wp\/wp-json\/wp\/v2\/media?parent=974630"}],"wp:term":[{"taxonomy":"category","embeddable":true,"href":"https:\/\/bahiaeconomica.com.br\/wp\/wp-json\/wp\/v2\/categories?post=974630"},{"taxonomy":"post_tag","embeddable":true,"href":"https:\/\/bahiaeconomica.com.br\/wp\/wp-json\/wp\/v2\/tags?post=974630"}],"curies":[{"name":"wp","href":"https:\/\/api.w.org\/{rel}","templated":true}]}}