{"id":974009,"date":"2026-02-11T15:00:37","date_gmt":"2026-02-11T18:00:37","guid":{"rendered":"https:\/\/bahiaeconomica.com.br\/wp\/?p=974009"},"modified":"2026-02-11T20:53:27","modified_gmt":"2026-02-11T23:53:27","slug":"geraldinho-participa-do-sudesb-folia-e-reforca-o-esporte-como-instrumento-de-inclusao-no-carnaval-da-bahia","status":"publish","type":"post","link":"https:\/\/bahiaeconomica.com.br\/wp\/2026\/02\/11\/geraldinho-participa-do-sudesb-folia-e-reforca-o-esporte-como-instrumento-de-inclusao-no-carnaval-da-bahia\/","title":{"rendered":"GERALDINHO PARTICIPA DO SUDESB FOLIA E REFOR\u00c7A O ESPORTE COMO INSTRUMENTO DE INCLUS\u00c3O NO CARNAVAL DA BAHIA"},"content":{"rendered":"<p>O vice-governador da Bahia e coordenador do Carnaval 2026, Geraldinho, participou nesta quarta-feira (11) da quinta edi\u00e7\u00e3o do Sudesb Folia, realizada na Ch\u00e1cara Baluarte, no Santo Ant\u00f4nio Al\u00e9m do Carmo. O evento reuniu atletas, dirigentes, gestores, parlamentares e benefici\u00e1rios de projetos sociais e amantes do esporte em um grande momento de confraterniza\u00e7\u00e3o que antecede oficialmente a folia momesca.<\/p>\n<p>Promovido pela Superintend\u00eancia dos Desportos do Estado da Bahia (Sudesb), o encontro integrou a programa\u00e7\u00e3o do Governo do Estado para o Carnaval e destacou o esporte como ferramenta de inclus\u00e3o social, cidadania e fortalecimento de v\u00ednculos comunit\u00e1rios.<\/p>\n<p>Durante o evento, Geraldinho ressaltou a import\u00e2ncia da iniciativa para valorizar quem constr\u00f3i o esporte baiano ao longo de todo o ano. \u201cO Governo da Bahia \u00e9 o que mais investe em esporte no pa\u00eds e a Sudesb Folia \u00e9 a festa do nosso esporte. \u00c9 o momento de celebrar atletas, crian\u00e7as, idosos, federa\u00e7\u00f5es, projetos sociais e todos que fazem o esporte crescer no nosso estado. O Carnaval tamb\u00e9m \u00e9 espa\u00e7o de inclus\u00e3o, solidariedade e reconhecimento de quem transforma vidas por meio do esporte\u201d, afirmou.<\/p>\n<p>A programa\u00e7\u00e3o reuniu participantes de projetos como Nata\u00e7\u00e3o em Rede, Esporte por Toda Parte, Esta\u00e7\u00e3o Gin\u00e1stica, N\u00facleos de Lutas e Combates, Capoeira, Projeto Pedal, Dragon Boat, Casa da Gin\u00e1stica da Bahia, entre outros. O p\u00fablico diverso, que vai da inicia\u00e7\u00e3o esportiva \u00e0 melhor idade, mostrou a capilaridade das pol\u00edticas p\u00fablicas estaduais na \u00e1rea.<\/p>\n<p>Al\u00e9m da celebra\u00e7\u00e3o, o bloco teve car\u00e1ter solid\u00e1rio: para receber a camisa oficial, os participantes doaram um quilo de alimento n\u00e3o perec\u00edvel, que ser\u00e1 destinado \u00e0 campanha Bahia Sem Fome.<\/p>\n<p>Com apresenta\u00e7\u00f5es de bandas carnavalescas e percuss\u00e3o, estrutura com acessibilidade, seguran\u00e7a, ambul\u00e2ncia e distribui\u00e7\u00e3o de \u00e1gua, o Sudesb Folia reafirmou o compromisso do Governo do Estado em promover um Carnaval organizado, participativo e socialmente respons\u00e1vel. A iniciativa contou com a participa\u00e7\u00e3o do secret\u00e1rio da Setre, Augusto Vasconcelos,\u00a0 e do diretor-geral da Sudesb, Vicente Neto.<\/p>\n<p>Foto: Carlos Alberto<\/p>\n","protected":false},"excerpt":{"rendered":"<p>O vice-governador da Bahia e coordenador do Carnaval 2026, Geraldinho, participou nesta quarta-feira (11) da quinta edi\u00e7\u00e3o do Sudesb Folia, realizada na Ch\u00e1cara Baluarte, no Santo Ant\u00f4nio Al\u00e9m do Carmo. O evento reuniu atletas, dirigentes, gestores, parlamentares e benefici\u00e1rios de projetos sociais e amantes do esporte em um grande momento de confraterniza\u00e7\u00e3o que antecede oficialmente [&hellip;]<\/p>\n","protected":false},"author":8,"featured_media":974010,"comment_status":"closed","ping_status":"closed","sticky":false,"template":"","format":"standard","meta":[],"categories":[14601],"tags":[],"acf":[],"yoast_head":"<!-- This site is optimized with the Yoast SEO plugin v20.8 - https:\/\/yoast.com\/wordpress\/plugins\/seo\/ -->\n<title>GERALDINHO PARTICIPA DO SUDESB FOLIA E REFOR\u00c7A O ESPORTE COMO INSTRUMENTO DE INCLUS\u00c3O NO CARNAVAL DA BAHIA - Bahia Economica<\/title>\n<meta name=\"description\" content=\"O maior portal de Economia da Bahia Pol\u00edtica Bahia Economica\" \/>\n<meta name=\"robots\" content=\"index, follow, max-snippet:-1, max-image-preview:large, max-video-preview:-1\" \/>\n<link rel=\"canonical\" href=\"https:\/\/bahiaeconomica.com.br\/wp\/2026\/02\/11\/geraldinho-participa-do-sudesb-folia-e-reforca-o-esporte-como-instrumento-de-inclusao-no-carnaval-da-bahia\/\" \/>\n<meta property=\"og:locale\" content=\"pt_BR\" \/>\n<meta property=\"og:type\" content=\"article\" \/>\n<meta property=\"og:title\" content=\"GERALDINHO PARTICIPA DO SUDESB FOLIA E REFOR\u00c7A O ESPORTE COMO INSTRUMENTO DE INCLUS\u00c3O NO CARNAVAL DA BAHIA - Bahia Economica\" \/>\n<meta property=\"og:description\" content=\"O maior portal de Economia da Bahia Pol\u00edtica Bahia Economica\" \/>\n<meta property=\"og:url\" content=\"https:\/\/bahiaeconomica.com.br\/wp\/2026\/02\/11\/geraldinho-participa-do-sudesb-folia-e-reforca-o-esporte-como-instrumento-de-inclusao-no-carnaval-da-bahia\/\" \/>\n<meta property=\"og:site_name\" content=\"Bahia Economica\" \/>\n<meta property=\"article:publisher\" content=\"https:\/\/www.facebook.com\/bahiaeconomica\" \/>\n<meta property=\"article:published_time\" content=\"2026-02-11T18:00:37+00:00\" \/>\n<meta property=\"article:modified_time\" content=\"2026-02-11T23:53:27+00:00\" \/>\n<meta property=\"og:image\" content=\"https:\/\/bahiaeconomica.com.br\/wp\/wp-content\/uploads\/2026\/02\/WhatsApp-Image-2026-02-11-at-18.46.20.jpeg\" \/>\n\t<meta property=\"og:image:width\" content=\"1280\" \/>\n\t<meta property=\"og:image:height\" content=\"879\" \/>\n\t<meta property=\"og:image:type\" content=\"image\/jpeg\" \/>\n<meta name=\"author\" content=\"JP\" \/>\n<meta name=\"twitter:card\" content=\"summary_large_image\" \/>\n<meta name=\"twitter:label1\" content=\"Escrito por\" \/>\n\t<meta name=\"twitter:data1\" content=\"JP\" \/>\n\t<meta name=\"twitter:label2\" content=\"Est. tempo de leitura\" \/>\n\t<meta name=\"twitter:data2\" content=\"2 minutos\" \/>\n<script type=\"application\/ld+json\" class=\"yoast-schema-graph\">{\"@context\":\"https:\/\/schema.org\",\"@graph\":[{\"@type\":\"Article\",\"@id\":\"https:\/\/bahiaeconomica.com.br\/wp\/2026\/02\/11\/geraldinho-participa-do-sudesb-folia-e-reforca-o-esporte-como-instrumento-de-inclusao-no-carnaval-da-bahia\/#article\",\"isPartOf\":{\"@id\":\"https:\/\/bahiaeconomica.com.br\/wp\/2026\/02\/11\/geraldinho-participa-do-sudesb-folia-e-reforca-o-esporte-como-instrumento-de-inclusao-no-carnaval-da-bahia\/\"},\"author\":{\"name\":\"JP\",\"@id\":\"https:\/\/bahiaeconomica.com.br\/wp\/#\/schema\/person\/c86d3a3f8960425a0f9d0e5245991f4e\"},\"headline\":\"GERALDINHO PARTICIPA DO SUDESB FOLIA E REFOR\u00c7A O ESPORTE COMO INSTRUMENTO DE INCLUS\u00c3O NO CARNAVAL DA BAHIA\",\"datePublished\":\"2026-02-11T18:00:37+00:00\",\"dateModified\":\"2026-02-11T23:53:27+00:00\",\"mainEntityOfPage\":{\"@id\":\"https:\/\/bahiaeconomica.com.br\/wp\/2026\/02\/11\/geraldinho-participa-do-sudesb-folia-e-reforca-o-esporte-como-instrumento-de-inclusao-no-carnaval-da-bahia\/\"},\"wordCount\":374,\"publisher\":{\"@id\":\"https:\/\/bahiaeconomica.com.br\/wp\/#organization\"},\"articleSection\":[\"Pol\u00edtica\"],\"inLanguage\":\"pt-BR\"},{\"@type\":\"WebPage\",\"@id\":\"https:\/\/bahiaeconomica.com.br\/wp\/2026\/02\/11\/geraldinho-participa-do-sudesb-folia-e-reforca-o-esporte-como-instrumento-de-inclusao-no-carnaval-da-bahia\/\",\"url\":\"https:\/\/bahiaeconomica.com.br\/wp\/2026\/02\/11\/geraldinho-participa-do-sudesb-folia-e-reforca-o-esporte-como-instrumento-de-inclusao-no-carnaval-da-bahia\/\",\"name\":\"GERALDINHO PARTICIPA DO SUDESB FOLIA E REFOR\u00c7A O ESPORTE COMO INSTRUMENTO DE INCLUS\u00c3O NO CARNAVAL DA BAHIA - Bahia Economica\",\"isPartOf\":{\"@id\":\"https:\/\/bahiaeconomica.com.br\/wp\/#website\"},\"datePublished\":\"2026-02-11T18:00:37+00:00\",\"dateModified\":\"2026-02-11T23:53:27+00:00\",\"description\":\"O maior portal de Economia da Bahia Pol\u00edtica Bahia Economica\",\"breadcrumb\":{\"@id\":\"https:\/\/bahiaeconomica.com.br\/wp\/2026\/02\/11\/geraldinho-participa-do-sudesb-folia-e-reforca-o-esporte-como-instrumento-de-inclusao-no-carnaval-da-bahia\/#breadcrumb\"},\"inLanguage\":\"pt-BR\",\"potentialAction\":[{\"@type\":\"ReadAction\",\"target\":[\"https:\/\/bahiaeconomica.com.br\/wp\/2026\/02\/11\/geraldinho-participa-do-sudesb-folia-e-reforca-o-esporte-como-instrumento-de-inclusao-no-carnaval-da-bahia\/\"]}]},{\"@type\":\"BreadcrumbList\",\"@id\":\"https:\/\/bahiaeconomica.com.br\/wp\/2026\/02\/11\/geraldinho-participa-do-sudesb-folia-e-reforca-o-esporte-como-instrumento-de-inclusao-no-carnaval-da-bahia\/#breadcrumb\",\"itemListElement\":[{\"@type\":\"ListItem\",\"position\":1,\"name\":\"In\u00edcio\",\"item\":\"https:\/\/bahiaeconomica.com.br\/wp\/\"},{\"@type\":\"ListItem\",\"position\":2,\"name\":\"GERALDINHO PARTICIPA DO SUDESB FOLIA E REFOR\u00c7A O ESPORTE COMO INSTRUMENTO DE INCLUS\u00c3O NO CARNAVAL DA BAHIA\"}]},{\"@type\":\"WebSite\",\"@id\":\"https:\/\/bahiaeconomica.com.br\/wp\/#website\",\"url\":\"https:\/\/bahiaeconomica.com.br\/wp\/\",\"name\":\"Bahia Economica\",\"description\":\"O maior portal de Economia da Bahia\",\"publisher\":{\"@id\":\"https:\/\/bahiaeconomica.com.br\/wp\/#organization\"},\"potentialAction\":[{\"@type\":\"SearchAction\",\"target\":{\"@type\":\"EntryPoint\",\"urlTemplate\":\"https:\/\/bahiaeconomica.com.br\/wp\/?s={search_term_string}\"},\"query-input\":\"required name=search_term_string\"}],\"inLanguage\":\"pt-BR\"},{\"@type\":\"Organization\",\"@id\":\"https:\/\/bahiaeconomica.com.br\/wp\/#organization\",\"name\":\"Bahia Econ\u00f4mica\",\"url\":\"https:\/\/bahiaeconomica.com.br\/wp\/\",\"logo\":{\"@type\":\"ImageObject\",\"inLanguage\":\"pt-BR\",\"@id\":\"https:\/\/bahiaeconomica.com.br\/wp\/#\/schema\/logo\/image\/\",\"url\":\"https:\/\/bahiaeconomica.com.br\/wp\/wp-content\/uploads\/2020\/12\/cropped-BE.png\",\"contentUrl\":\"https:\/\/bahiaeconomica.com.br\/wp\/wp-content\/uploads\/2020\/12\/cropped-BE.png\",\"width\":512,\"height\":512,\"caption\":\"Bahia Econ\u00f4mica\"},\"image\":{\"@id\":\"https:\/\/bahiaeconomica.com.br\/wp\/#\/schema\/logo\/image\/\"},\"sameAs\":[\"https:\/\/www.facebook.com\/bahiaeconomica\"]},{\"@type\":\"Person\",\"@id\":\"https:\/\/bahiaeconomica.com.br\/wp\/#\/schema\/person\/c86d3a3f8960425a0f9d0e5245991f4e\",\"name\":\"JP\",\"sameAs\":[\"https:\/\/bahiaeconomica.com.br\/wp\/beta\/\"],\"url\":\"https:\/\/bahiaeconomica.com.br\/wp\/author\/jp\/\"}]}<\/script>\n<!-- \/ Yoast SEO plugin. -->","yoast_head_json":{"title":"GERALDINHO PARTICIPA DO SUDESB FOLIA E REFOR\u00c7A O ESPORTE COMO INSTRUMENTO DE INCLUS\u00c3O NO CARNAVAL DA BAHIA - Bahia Economica","description":"O maior portal de Economia da Bahia Pol\u00edtica Bahia Economica","robots":{"index":"index","follow":"follow","max-snippet":"max-snippet:-1","max-image-preview":"max-image-preview:large","max-video-preview":"max-video-preview:-1"},"canonical":"https:\/\/bahiaeconomica.com.br\/wp\/2026\/02\/11\/geraldinho-participa-do-sudesb-folia-e-reforca-o-esporte-como-instrumento-de-inclusao-no-carnaval-da-bahia\/","og_locale":"pt_BR","og_type":"article","og_title":"GERALDINHO PARTICIPA DO SUDESB FOLIA E REFOR\u00c7A O ESPORTE COMO INSTRUMENTO DE INCLUS\u00c3O NO CARNAVAL DA BAHIA - Bahia Economica","og_description":"O maior portal de Economia da Bahia Pol\u00edtica Bahia Economica","og_url":"https:\/\/bahiaeconomica.com.br\/wp\/2026\/02\/11\/geraldinho-participa-do-sudesb-folia-e-reforca-o-esporte-como-instrumento-de-inclusao-no-carnaval-da-bahia\/","og_site_name":"Bahia Economica","article_publisher":"https:\/\/www.facebook.com\/bahiaeconomica","article_published_time":"2026-02-11T18:00:37+00:00","article_modified_time":"2026-02-11T23:53:27+00:00","og_image":[{"width":1280,"height":879,"url":"https:\/\/bahiaeconomica.com.br\/wp\/wp-content\/uploads\/2026\/02\/WhatsApp-Image-2026-02-11-at-18.46.20.jpeg","type":"image\/jpeg"}],"author":"JP","twitter_card":"summary_large_image","twitter_misc":{"Escrito por":"JP","Est. tempo de leitura":"2 minutos"},"schema":{"@context":"https:\/\/schema.org","@graph":[{"@type":"Article","@id":"https:\/\/bahiaeconomica.com.br\/wp\/2026\/02\/11\/geraldinho-participa-do-sudesb-folia-e-reforca-o-esporte-como-instrumento-de-inclusao-no-carnaval-da-bahia\/#article","isPartOf":{"@id":"https:\/\/bahiaeconomica.com.br\/wp\/2026\/02\/11\/geraldinho-participa-do-sudesb-folia-e-reforca-o-esporte-como-instrumento-de-inclusao-no-carnaval-da-bahia\/"},"author":{"name":"JP","@id":"https:\/\/bahiaeconomica.com.br\/wp\/#\/schema\/person\/c86d3a3f8960425a0f9d0e5245991f4e"},"headline":"GERALDINHO PARTICIPA DO SUDESB FOLIA E REFOR\u00c7A O ESPORTE COMO INSTRUMENTO DE INCLUS\u00c3O NO CARNAVAL DA BAHIA","datePublished":"2026-02-11T18:00:37+00:00","dateModified":"2026-02-11T23:53:27+00:00","mainEntityOfPage":{"@id":"https:\/\/bahiaeconomica.com.br\/wp\/2026\/02\/11\/geraldinho-participa-do-sudesb-folia-e-reforca-o-esporte-como-instrumento-de-inclusao-no-carnaval-da-bahia\/"},"wordCount":374,"publisher":{"@id":"https:\/\/bahiaeconomica.com.br\/wp\/#organization"},"articleSection":["Pol\u00edtica"],"inLanguage":"pt-BR"},{"@type":"WebPage","@id":"https:\/\/bahiaeconomica.com.br\/wp\/2026\/02\/11\/geraldinho-participa-do-sudesb-folia-e-reforca-o-esporte-como-instrumento-de-inclusao-no-carnaval-da-bahia\/","url":"https:\/\/bahiaeconomica.com.br\/wp\/2026\/02\/11\/geraldinho-participa-do-sudesb-folia-e-reforca-o-esporte-como-instrumento-de-inclusao-no-carnaval-da-bahia\/","name":"GERALDINHO PARTICIPA DO SUDESB FOLIA E REFOR\u00c7A O ESPORTE COMO INSTRUMENTO DE INCLUS\u00c3O NO CARNAVAL DA BAHIA - Bahia Economica","isPartOf":{"@id":"https:\/\/bahiaeconomica.com.br\/wp\/#website"},"datePublished":"2026-02-11T18:00:37+00:00","dateModified":"2026-02-11T23:53:27+00:00","description":"O maior portal de Economia da Bahia Pol\u00edtica Bahia Economica","breadcrumb":{"@id":"https:\/\/bahiaeconomica.com.br\/wp\/2026\/02\/11\/geraldinho-participa-do-sudesb-folia-e-reforca-o-esporte-como-instrumento-de-inclusao-no-carnaval-da-bahia\/#breadcrumb"},"inLanguage":"pt-BR","potentialAction":[{"@type":"ReadAction","target":["https:\/\/bahiaeconomica.com.br\/wp\/2026\/02\/11\/geraldinho-participa-do-sudesb-folia-e-reforca-o-esporte-como-instrumento-de-inclusao-no-carnaval-da-bahia\/"]}]},{"@type":"BreadcrumbList","@id":"https:\/\/bahiaeconomica.com.br\/wp\/2026\/02\/11\/geraldinho-participa-do-sudesb-folia-e-reforca-o-esporte-como-instrumento-de-inclusao-no-carnaval-da-bahia\/#breadcrumb","itemListElement":[{"@type":"ListItem","position":1,"name":"In\u00edcio","item":"https:\/\/bahiaeconomica.com.br\/wp\/"},{"@type":"ListItem","position":2,"name":"GERALDINHO PARTICIPA DO SUDESB FOLIA E REFOR\u00c7A O ESPORTE COMO INSTRUMENTO DE INCLUS\u00c3O NO CARNAVAL DA BAHIA"}]},{"@type":"WebSite","@id":"https:\/\/bahiaeconomica.com.br\/wp\/#website","url":"https:\/\/bahiaeconomica.com.br\/wp\/","name":"Bahia Economica","description":"O maior portal de Economia da Bahia","publisher":{"@id":"https:\/\/bahiaeconomica.com.br\/wp\/#organization"},"potentialAction":[{"@type":"SearchAction","target":{"@type":"EntryPoint","urlTemplate":"https:\/\/bahiaeconomica.com.br\/wp\/?s={search_term_string}"},"query-input":"required name=search_term_string"}],"inLanguage":"pt-BR"},{"@type":"Organization","@id":"https:\/\/bahiaeconomica.com.br\/wp\/#organization","name":"Bahia Econ\u00f4mica","url":"https:\/\/bahiaeconomica.com.br\/wp\/","logo":{"@type":"ImageObject","inLanguage":"pt-BR","@id":"https:\/\/bahiaeconomica.com.br\/wp\/#\/schema\/logo\/image\/","url":"https:\/\/bahiaeconomica.com.br\/wp\/wp-content\/uploads\/2020\/12\/cropped-BE.png","contentUrl":"https:\/\/bahiaeconomica.com.br\/wp\/wp-content\/uploads\/2020\/12\/cropped-BE.png","width":512,"height":512,"caption":"Bahia Econ\u00f4mica"},"image":{"@id":"https:\/\/bahiaeconomica.com.br\/wp\/#\/schema\/logo\/image\/"},"sameAs":["https:\/\/www.facebook.com\/bahiaeconomica"]},{"@type":"Person","@id":"https:\/\/bahiaeconomica.com.br\/wp\/#\/schema\/person\/c86d3a3f8960425a0f9d0e5245991f4e","name":"JP","sameAs":["https:\/\/bahiaeconomica.com.br\/wp\/beta\/"],"url":"https:\/\/bahiaeconomica.com.br\/wp\/author\/jp\/"}]}},"views":3,"_links":{"self":[{"href":"https:\/\/bahiaeconomica.com.br\/wp\/wp-json\/wp\/v2\/posts\/974009"}],"collection":[{"href":"https:\/\/bahiaeconomica.com.br\/wp\/wp-json\/wp\/v2\/posts"}],"about":[{"href":"https:\/\/bahiaeconomica.com.br\/wp\/wp-json\/wp\/v2\/types\/post"}],"author":[{"embeddable":true,"href":"https:\/\/bahiaeconomica.com.br\/wp\/wp-json\/wp\/v2\/users\/8"}],"replies":[{"embeddable":true,"href":"https:\/\/bahiaeconomica.com.br\/wp\/wp-json\/wp\/v2\/comments?post=974009"}],"version-history":[{"count":1,"href":"https:\/\/bahiaeconomica.com.br\/wp\/wp-json\/wp\/v2\/posts\/974009\/revisions"}],"predecessor-version":[{"id":974011,"href":"https:\/\/bahiaeconomica.com.br\/wp\/wp-json\/wp\/v2\/posts\/974009\/revisions\/974011"}],"wp:featuredmedia":[{"embeddable":true,"href":"https:\/\/bahiaeconomica.com.br\/wp\/wp-json\/wp\/v2\/media\/974010"}],"wp:attachment":[{"href":"https:\/\/bahiaeconomica.com.br\/wp\/wp-json\/wp\/v2\/media?parent=974009"}],"wp:term":[{"taxonomy":"category","embeddable":true,"href":"https:\/\/bahiaeconomica.com.br\/wp\/wp-json\/wp\/v2\/categories?post=974009"},{"taxonomy":"post_tag","embeddable":true,"href":"https:\/\/bahiaeconomica.com.br\/wp\/wp-json\/wp\/v2\/tags?post=974009"}],"curies":[{"name":"wp","href":"https:\/\/api.w.org\/{rel}","templated":true}]}}