{"id":973498,"date":"2026-02-10T11:20:45","date_gmt":"2026-02-10T14:20:45","guid":{"rendered":"https:\/\/bahiaeconomica.com.br\/wp\/?p=973498"},"modified":"2026-02-10T13:33:15","modified_gmt":"2026-02-10T16:33:15","slug":"as-conversas-com-o-senador-angelo-coronel-estao-evoluindo-bem-diz-acm-neto-em-feira-de-santana","status":"publish","type":"post","link":"https:\/\/bahiaeconomica.com.br\/wp\/2026\/02\/10\/as-conversas-com-o-senador-angelo-coronel-estao-evoluindo-bem-diz-acm-neto-em-feira-de-santana\/","title":{"rendered":"\u201dAS CONVERSAS COM O SENADOR ANGELO CORONEL EST\u00c3O EVOLUINDO BEM\u201d, DIZ ACM NETO EM FEIRA DE SANTANA"},"content":{"rendered":"<p>Pr\u00e9-candidato ao governo da Bahia pelo Uni\u00e3o Brasil, ACM Neto afirmou na noite desta segunda-feira (9), em Feira de Santana, que as conversas com o senador Angelo Coronel \u201cj\u00e1 come\u00e7aram e est\u00e3o evoluindo bem\u201d. \u201cEssas conversas come\u00e7aram na semana passada, logo depois que o senador anunciou o seu afastamento da base do governo. Eu tinha colocado essa pr\u00e9-condi\u00e7\u00e3o para o di\u00e1logo. Ent\u00e3o, estamos conversando. Claro que agora vem Carnaval, est\u00e1 todo mundo com mobilizado em torno da festa, mas nossa expectativa \u00e9 que ainda em fevereiro a gente tenha condi\u00e7\u00f5es de anunciar essa alian\u00e7a, assim como informar por qual partido o senador dever\u00e1 disputar as elei\u00e7\u00f5es deste ano\u201d, disse o ex-prefeito de Salvador, momentos antes de participar, no distrito de Humildes, de mais uma edi\u00e7\u00e3o da tradicional Lavagem da Lenha, manifesta\u00e7\u00e3o cultural e religiosa que integra os festejos em homenagem \u00e0 padroeira Nossa Senhora dos Humildes.<\/p>\n<p>Ao lado do prefeito de Feira de Santana, Jos\u00e9 Ronaldo, do ex-ministro Jo\u00e3o Roma, de prefeitos, vereadores e lideran\u00e7as pol\u00edticas da regi\u00e3o, ACM Neto voltou a falar sobre o perfil que espera do vice em sua chapa. \u201cPara mim, o perfil ideal \u00e9 que seja algu\u00e9m com grande representatividade no interior, que seja nascido no interior ou que tenha grande representatividade no interior, algu\u00e9m que possua capacidade de articula\u00e7\u00e3o pol\u00edtica, que conhe\u00e7a a Bahia e que esteja disposto ou disposta a trabalhar pelo nosso Estado\u201d.<\/p>\n<p>ACM Neto afirmou que os partidos que comp\u00f5em a base da oposi\u00e7\u00e3o t\u00eam op\u00e7\u00f5es para a defini\u00e7\u00e3o do vice. \u201cTemos algumas op\u00e7\u00f5es que s\u00e3o avaliadas, que s\u00e3o consideradas e, no momento adequado, ainda no m\u00eas de mar\u00e7o, n\u00f3s vamos anunciar a chapa completa. Ent\u00e3o, o meu desejo \u00e9 que, antes do dia 4 de abril, que \u00e9 quando se encerra o prazo das filia\u00e7\u00f5es partid\u00e1rias para quem vai disputar a elei\u00e7\u00e3o de 2026, a gente tenha uma chapa completa para apresentar aos Bahia\u201d.<\/p>\n<p>Perguntado se o \u201cnome do interior\u201d seria o prefeito Jos\u00e9 Ronaldo, Neto elogiou o gestor da segunda maior cidade da Bahia. \u201cEu tenho sido perguntado v\u00e1rias vezes sobre a possibilidade de Jos\u00e9 Ronaldo. Como disse v\u00e1rias vezes, ele (Jos\u00e9 Ronaldo) \u00e9 um nome que tem for\u00e7a pol\u00edtica, densidade eleitoral, que representa Feira de Santana, a regi\u00e3o e o interior da Bahia. Ent\u00e3o, \u00e9 claro que Jos\u00e9 Ronaldo que tem de ser considerado em qualquer avalia\u00e7\u00e3o para o interior. Existe da parte dele, eu tenho certeza, uma preocupa\u00e7\u00e3o principal com Feira de Santana. Ent\u00e3o, Jos\u00e9 Ronaldo n\u00e3o faria nenhum movimento, se n\u00e3o for o desejo da popula\u00e7\u00e3o de Feira, eu acho que a hip\u00f3tese dele figurar na chapa estaria diretamente relacionada \u00e0 compreens\u00e3o e isso \u00e9 bom para a Feira, o que seria o desejo da vontade da popula\u00e7\u00e3o de Feira. Ent\u00e3o, \u00e9 claro que o nome dele \u00e9 um nome forte\u201d, concluiu Neto.<\/p>\n","protected":false},"excerpt":{"rendered":"<p>Pr\u00e9-candidato ao governo da Bahia pelo Uni\u00e3o Brasil, ACM Neto afirmou na noite desta segunda-feira (9), em Feira de Santana, que as conversas com o senador Angelo Coronel \u201cj\u00e1 come\u00e7aram e est\u00e3o evoluindo bem\u201d. \u201cEssas conversas come\u00e7aram na semana passada, logo depois que o senador anunciou o seu afastamento da base do governo. Eu tinha [&hellip;]<\/p>\n","protected":false},"author":8,"featured_media":973499,"comment_status":"closed","ping_status":"closed","sticky":false,"template":"","format":"standard","meta":[],"categories":[14601],"tags":[167,52,11965],"acf":[],"yoast_head":"<!-- This site is optimized with the Yoast SEO plugin v20.8 - https:\/\/yoast.com\/wordpress\/plugins\/seo\/ -->\n<title>\u201dAS CONVERSAS COM O SENADOR ANGELO CORONEL EST\u00c3O EVOLUINDO BEM\u201d, DIZ ACM NETO EM FEIRA DE SANTANA - Bahia Economica<\/title>\n<meta name=\"description\" content=\"O maior portal de Economia da Bahia Pol\u00edtica Bahia Economica Pr\u00e9-candidato ao governo da Bahia pelo Uni\u00e3o Brasil\" \/>\n<meta name=\"robots\" content=\"index, follow, max-snippet:-1, max-image-preview:large, max-video-preview:-1\" \/>\n<link rel=\"canonical\" href=\"https:\/\/bahiaeconomica.com.br\/wp\/2026\/02\/10\/as-conversas-com-o-senador-angelo-coronel-estao-evoluindo-bem-diz-acm-neto-em-feira-de-santana\/\" \/>\n<meta property=\"og:locale\" content=\"pt_BR\" \/>\n<meta property=\"og:type\" content=\"article\" \/>\n<meta property=\"og:title\" content=\"\u201dAS CONVERSAS COM O SENADOR ANGELO CORONEL EST\u00c3O EVOLUINDO BEM\u201d, DIZ ACM NETO EM FEIRA DE SANTANA - Bahia Economica\" \/>\n<meta property=\"og:description\" content=\"O maior portal de Economia da Bahia Pol\u00edtica Bahia Economica Pr\u00e9-candidato ao governo da Bahia pelo Uni\u00e3o Brasil\" \/>\n<meta property=\"og:url\" content=\"https:\/\/bahiaeconomica.com.br\/wp\/2026\/02\/10\/as-conversas-com-o-senador-angelo-coronel-estao-evoluindo-bem-diz-acm-neto-em-feira-de-santana\/\" \/>\n<meta property=\"og:site_name\" content=\"Bahia Economica\" \/>\n<meta property=\"article:publisher\" content=\"https:\/\/www.facebook.com\/bahiaeconomica\" \/>\n<meta property=\"article:published_time\" content=\"2026-02-10T14:20:45+00:00\" \/>\n<meta property=\"article:modified_time\" content=\"2026-02-10T16:33:15+00:00\" \/>\n<meta property=\"og:image\" content=\"https:\/\/bahiaeconomica.com.br\/wp\/wp-content\/uploads\/2026\/02\/WhatsApp-Image-2026-02-09-at-19.47.56.jpeg\" \/>\n\t<meta property=\"og:image:width\" content=\"1600\" \/>\n\t<meta property=\"og:image:height\" content=\"1519\" \/>\n\t<meta property=\"og:image:type\" content=\"image\/jpeg\" \/>\n<meta name=\"author\" content=\"JP\" \/>\n<meta name=\"twitter:card\" content=\"summary_large_image\" \/>\n<meta name=\"twitter:label1\" content=\"Escrito por\" \/>\n\t<meta name=\"twitter:data1\" content=\"JP\" \/>\n\t<meta name=\"twitter:label2\" content=\"Est. tempo de leitura\" \/>\n\t<meta name=\"twitter:data2\" content=\"3 minutos\" \/>\n<script type=\"application\/ld+json\" class=\"yoast-schema-graph\">{\"@context\":\"https:\/\/schema.org\",\"@graph\":[{\"@type\":\"Article\",\"@id\":\"https:\/\/bahiaeconomica.com.br\/wp\/2026\/02\/10\/as-conversas-com-o-senador-angelo-coronel-estao-evoluindo-bem-diz-acm-neto-em-feira-de-santana\/#article\",\"isPartOf\":{\"@id\":\"https:\/\/bahiaeconomica.com.br\/wp\/2026\/02\/10\/as-conversas-com-o-senador-angelo-coronel-estao-evoluindo-bem-diz-acm-neto-em-feira-de-santana\/\"},\"author\":{\"name\":\"JP\",\"@id\":\"https:\/\/bahiaeconomica.com.br\/wp\/#\/schema\/person\/c86d3a3f8960425a0f9d0e5245991f4e\"},\"headline\":\"\u201dAS CONVERSAS COM O SENADOR ANGELO CORONEL EST\u00c3O EVOLUINDO BEM\u201d, DIZ ACM NETO EM FEIRA DE SANTANA\",\"datePublished\":\"2026-02-10T14:20:45+00:00\",\"dateModified\":\"2026-02-10T16:33:15+00:00\",\"mainEntityOfPage\":{\"@id\":\"https:\/\/bahiaeconomica.com.br\/wp\/2026\/02\/10\/as-conversas-com-o-senador-angelo-coronel-estao-evoluindo-bem-diz-acm-neto-em-feira-de-santana\/\"},\"wordCount\":525,\"publisher\":{\"@id\":\"https:\/\/bahiaeconomica.com.br\/wp\/#organization\"},\"keywords\":[\"ACM Neto\",\"Brasil\",\"econmia\"],\"articleSection\":[\"Pol\u00edtica\"],\"inLanguage\":\"pt-BR\"},{\"@type\":\"WebPage\",\"@id\":\"https:\/\/bahiaeconomica.com.br\/wp\/2026\/02\/10\/as-conversas-com-o-senador-angelo-coronel-estao-evoluindo-bem-diz-acm-neto-em-feira-de-santana\/\",\"url\":\"https:\/\/bahiaeconomica.com.br\/wp\/2026\/02\/10\/as-conversas-com-o-senador-angelo-coronel-estao-evoluindo-bem-diz-acm-neto-em-feira-de-santana\/\",\"name\":\"\u201dAS CONVERSAS COM O SENADOR ANGELO CORONEL EST\u00c3O EVOLUINDO BEM\u201d, DIZ ACM NETO EM FEIRA DE SANTANA - Bahia Economica\",\"isPartOf\":{\"@id\":\"https:\/\/bahiaeconomica.com.br\/wp\/#website\"},\"datePublished\":\"2026-02-10T14:20:45+00:00\",\"dateModified\":\"2026-02-10T16:33:15+00:00\",\"description\":\"O maior portal de Economia da Bahia Pol\u00edtica Bahia Economica Pr\u00e9-candidato ao governo da Bahia pelo Uni\u00e3o Brasil\",\"breadcrumb\":{\"@id\":\"https:\/\/bahiaeconomica.com.br\/wp\/2026\/02\/10\/as-conversas-com-o-senador-angelo-coronel-estao-evoluindo-bem-diz-acm-neto-em-feira-de-santana\/#breadcrumb\"},\"inLanguage\":\"pt-BR\",\"potentialAction\":[{\"@type\":\"ReadAction\",\"target\":[\"https:\/\/bahiaeconomica.com.br\/wp\/2026\/02\/10\/as-conversas-com-o-senador-angelo-coronel-estao-evoluindo-bem-diz-acm-neto-em-feira-de-santana\/\"]}]},{\"@type\":\"BreadcrumbList\",\"@id\":\"https:\/\/bahiaeconomica.com.br\/wp\/2026\/02\/10\/as-conversas-com-o-senador-angelo-coronel-estao-evoluindo-bem-diz-acm-neto-em-feira-de-santana\/#breadcrumb\",\"itemListElement\":[{\"@type\":\"ListItem\",\"position\":1,\"name\":\"In\u00edcio\",\"item\":\"https:\/\/bahiaeconomica.com.br\/wp\/\"},{\"@type\":\"ListItem\",\"position\":2,\"name\":\"\u201dAS CONVERSAS COM O SENADOR ANGELO CORONEL EST\u00c3O EVOLUINDO BEM\u201d, DIZ ACM NETO EM FEIRA DE SANTANA\"}]},{\"@type\":\"WebSite\",\"@id\":\"https:\/\/bahiaeconomica.com.br\/wp\/#website\",\"url\":\"https:\/\/bahiaeconomica.com.br\/wp\/\",\"name\":\"Bahia Economica\",\"description\":\"O maior portal de Economia da Bahia\",\"publisher\":{\"@id\":\"https:\/\/bahiaeconomica.com.br\/wp\/#organization\"},\"potentialAction\":[{\"@type\":\"SearchAction\",\"target\":{\"@type\":\"EntryPoint\",\"urlTemplate\":\"https:\/\/bahiaeconomica.com.br\/wp\/?s={search_term_string}\"},\"query-input\":\"required name=search_term_string\"}],\"inLanguage\":\"pt-BR\"},{\"@type\":\"Organization\",\"@id\":\"https:\/\/bahiaeconomica.com.br\/wp\/#organization\",\"name\":\"Bahia Econ\u00f4mica\",\"url\":\"https:\/\/bahiaeconomica.com.br\/wp\/\",\"logo\":{\"@type\":\"ImageObject\",\"inLanguage\":\"pt-BR\",\"@id\":\"https:\/\/bahiaeconomica.com.br\/wp\/#\/schema\/logo\/image\/\",\"url\":\"https:\/\/bahiaeconomica.com.br\/wp\/wp-content\/uploads\/2020\/12\/cropped-BE.png\",\"contentUrl\":\"https:\/\/bahiaeconomica.com.br\/wp\/wp-content\/uploads\/2020\/12\/cropped-BE.png\",\"width\":512,\"height\":512,\"caption\":\"Bahia Econ\u00f4mica\"},\"image\":{\"@id\":\"https:\/\/bahiaeconomica.com.br\/wp\/#\/schema\/logo\/image\/\"},\"sameAs\":[\"https:\/\/www.facebook.com\/bahiaeconomica\"]},{\"@type\":\"Person\",\"@id\":\"https:\/\/bahiaeconomica.com.br\/wp\/#\/schema\/person\/c86d3a3f8960425a0f9d0e5245991f4e\",\"name\":\"JP\",\"sameAs\":[\"https:\/\/bahiaeconomica.com.br\/wp\/beta\/\"],\"url\":\"https:\/\/bahiaeconomica.com.br\/wp\/author\/jp\/\"}]}<\/script>\n<!-- \/ Yoast SEO plugin. -->","yoast_head_json":{"title":"\u201dAS CONVERSAS COM O SENADOR ANGELO CORONEL EST\u00c3O EVOLUINDO BEM\u201d, DIZ ACM NETO EM FEIRA DE SANTANA - Bahia Economica","description":"O maior portal de Economia da Bahia Pol\u00edtica Bahia Economica Pr\u00e9-candidato ao governo da Bahia pelo Uni\u00e3o Brasil","robots":{"index":"index","follow":"follow","max-snippet":"max-snippet:-1","max-image-preview":"max-image-preview:large","max-video-preview":"max-video-preview:-1"},"canonical":"https:\/\/bahiaeconomica.com.br\/wp\/2026\/02\/10\/as-conversas-com-o-senador-angelo-coronel-estao-evoluindo-bem-diz-acm-neto-em-feira-de-santana\/","og_locale":"pt_BR","og_type":"article","og_title":"\u201dAS CONVERSAS COM O SENADOR ANGELO CORONEL EST\u00c3O EVOLUINDO BEM\u201d, DIZ ACM NETO EM FEIRA DE SANTANA - Bahia Economica","og_description":"O maior portal de Economia da Bahia Pol\u00edtica Bahia Economica Pr\u00e9-candidato ao governo da Bahia pelo Uni\u00e3o Brasil","og_url":"https:\/\/bahiaeconomica.com.br\/wp\/2026\/02\/10\/as-conversas-com-o-senador-angelo-coronel-estao-evoluindo-bem-diz-acm-neto-em-feira-de-santana\/","og_site_name":"Bahia Economica","article_publisher":"https:\/\/www.facebook.com\/bahiaeconomica","article_published_time":"2026-02-10T14:20:45+00:00","article_modified_time":"2026-02-10T16:33:15+00:00","og_image":[{"width":1600,"height":1519,"url":"https:\/\/bahiaeconomica.com.br\/wp\/wp-content\/uploads\/2026\/02\/WhatsApp-Image-2026-02-09-at-19.47.56.jpeg","type":"image\/jpeg"}],"author":"JP","twitter_card":"summary_large_image","twitter_misc":{"Escrito por":"JP","Est. tempo de leitura":"3 minutos"},"schema":{"@context":"https:\/\/schema.org","@graph":[{"@type":"Article","@id":"https:\/\/bahiaeconomica.com.br\/wp\/2026\/02\/10\/as-conversas-com-o-senador-angelo-coronel-estao-evoluindo-bem-diz-acm-neto-em-feira-de-santana\/#article","isPartOf":{"@id":"https:\/\/bahiaeconomica.com.br\/wp\/2026\/02\/10\/as-conversas-com-o-senador-angelo-coronel-estao-evoluindo-bem-diz-acm-neto-em-feira-de-santana\/"},"author":{"name":"JP","@id":"https:\/\/bahiaeconomica.com.br\/wp\/#\/schema\/person\/c86d3a3f8960425a0f9d0e5245991f4e"},"headline":"\u201dAS CONVERSAS COM O SENADOR ANGELO CORONEL EST\u00c3O EVOLUINDO BEM\u201d, DIZ ACM NETO EM FEIRA DE SANTANA","datePublished":"2026-02-10T14:20:45+00:00","dateModified":"2026-02-10T16:33:15+00:00","mainEntityOfPage":{"@id":"https:\/\/bahiaeconomica.com.br\/wp\/2026\/02\/10\/as-conversas-com-o-senador-angelo-coronel-estao-evoluindo-bem-diz-acm-neto-em-feira-de-santana\/"},"wordCount":525,"publisher":{"@id":"https:\/\/bahiaeconomica.com.br\/wp\/#organization"},"keywords":["ACM Neto","Brasil","econmia"],"articleSection":["Pol\u00edtica"],"inLanguage":"pt-BR"},{"@type":"WebPage","@id":"https:\/\/bahiaeconomica.com.br\/wp\/2026\/02\/10\/as-conversas-com-o-senador-angelo-coronel-estao-evoluindo-bem-diz-acm-neto-em-feira-de-santana\/","url":"https:\/\/bahiaeconomica.com.br\/wp\/2026\/02\/10\/as-conversas-com-o-senador-angelo-coronel-estao-evoluindo-bem-diz-acm-neto-em-feira-de-santana\/","name":"\u201dAS CONVERSAS COM O SENADOR ANGELO CORONEL EST\u00c3O EVOLUINDO BEM\u201d, DIZ ACM NETO EM FEIRA DE SANTANA - Bahia Economica","isPartOf":{"@id":"https:\/\/bahiaeconomica.com.br\/wp\/#website"},"datePublished":"2026-02-10T14:20:45+00:00","dateModified":"2026-02-10T16:33:15+00:00","description":"O maior portal de Economia da Bahia Pol\u00edtica Bahia Economica Pr\u00e9-candidato ao governo da Bahia pelo Uni\u00e3o Brasil","breadcrumb":{"@id":"https:\/\/bahiaeconomica.com.br\/wp\/2026\/02\/10\/as-conversas-com-o-senador-angelo-coronel-estao-evoluindo-bem-diz-acm-neto-em-feira-de-santana\/#breadcrumb"},"inLanguage":"pt-BR","potentialAction":[{"@type":"ReadAction","target":["https:\/\/bahiaeconomica.com.br\/wp\/2026\/02\/10\/as-conversas-com-o-senador-angelo-coronel-estao-evoluindo-bem-diz-acm-neto-em-feira-de-santana\/"]}]},{"@type":"BreadcrumbList","@id":"https:\/\/bahiaeconomica.com.br\/wp\/2026\/02\/10\/as-conversas-com-o-senador-angelo-coronel-estao-evoluindo-bem-diz-acm-neto-em-feira-de-santana\/#breadcrumb","itemListElement":[{"@type":"ListItem","position":1,"name":"In\u00edcio","item":"https:\/\/bahiaeconomica.com.br\/wp\/"},{"@type":"ListItem","position":2,"name":"\u201dAS CONVERSAS COM O SENADOR ANGELO CORONEL EST\u00c3O EVOLUINDO BEM\u201d, DIZ ACM NETO EM FEIRA DE SANTANA"}]},{"@type":"WebSite","@id":"https:\/\/bahiaeconomica.com.br\/wp\/#website","url":"https:\/\/bahiaeconomica.com.br\/wp\/","name":"Bahia Economica","description":"O maior portal de Economia da Bahia","publisher":{"@id":"https:\/\/bahiaeconomica.com.br\/wp\/#organization"},"potentialAction":[{"@type":"SearchAction","target":{"@type":"EntryPoint","urlTemplate":"https:\/\/bahiaeconomica.com.br\/wp\/?s={search_term_string}"},"query-input":"required name=search_term_string"}],"inLanguage":"pt-BR"},{"@type":"Organization","@id":"https:\/\/bahiaeconomica.com.br\/wp\/#organization","name":"Bahia Econ\u00f4mica","url":"https:\/\/bahiaeconomica.com.br\/wp\/","logo":{"@type":"ImageObject","inLanguage":"pt-BR","@id":"https:\/\/bahiaeconomica.com.br\/wp\/#\/schema\/logo\/image\/","url":"https:\/\/bahiaeconomica.com.br\/wp\/wp-content\/uploads\/2020\/12\/cropped-BE.png","contentUrl":"https:\/\/bahiaeconomica.com.br\/wp\/wp-content\/uploads\/2020\/12\/cropped-BE.png","width":512,"height":512,"caption":"Bahia Econ\u00f4mica"},"image":{"@id":"https:\/\/bahiaeconomica.com.br\/wp\/#\/schema\/logo\/image\/"},"sameAs":["https:\/\/www.facebook.com\/bahiaeconomica"]},{"@type":"Person","@id":"https:\/\/bahiaeconomica.com.br\/wp\/#\/schema\/person\/c86d3a3f8960425a0f9d0e5245991f4e","name":"JP","sameAs":["https:\/\/bahiaeconomica.com.br\/wp\/beta\/"],"url":"https:\/\/bahiaeconomica.com.br\/wp\/author\/jp\/"}]}},"views":47,"_links":{"self":[{"href":"https:\/\/bahiaeconomica.com.br\/wp\/wp-json\/wp\/v2\/posts\/973498"}],"collection":[{"href":"https:\/\/bahiaeconomica.com.br\/wp\/wp-json\/wp\/v2\/posts"}],"about":[{"href":"https:\/\/bahiaeconomica.com.br\/wp\/wp-json\/wp\/v2\/types\/post"}],"author":[{"embeddable":true,"href":"https:\/\/bahiaeconomica.com.br\/wp\/wp-json\/wp\/v2\/users\/8"}],"replies":[{"embeddable":true,"href":"https:\/\/bahiaeconomica.com.br\/wp\/wp-json\/wp\/v2\/comments?post=973498"}],"version-history":[{"count":1,"href":"https:\/\/bahiaeconomica.com.br\/wp\/wp-json\/wp\/v2\/posts\/973498\/revisions"}],"predecessor-version":[{"id":973500,"href":"https:\/\/bahiaeconomica.com.br\/wp\/wp-json\/wp\/v2\/posts\/973498\/revisions\/973500"}],"wp:featuredmedia":[{"embeddable":true,"href":"https:\/\/bahiaeconomica.com.br\/wp\/wp-json\/wp\/v2\/media\/973499"}],"wp:attachment":[{"href":"https:\/\/bahiaeconomica.com.br\/wp\/wp-json\/wp\/v2\/media?parent=973498"}],"wp:term":[{"taxonomy":"category","embeddable":true,"href":"https:\/\/bahiaeconomica.com.br\/wp\/wp-json\/wp\/v2\/categories?post=973498"},{"taxonomy":"post_tag","embeddable":true,"href":"https:\/\/bahiaeconomica.com.br\/wp\/wp-json\/wp\/v2\/tags?post=973498"}],"curies":[{"name":"wp","href":"https:\/\/api.w.org\/{rel}","templated":true}]}}