{"id":970567,"date":"2026-01-28T15:46:52","date_gmt":"2026-01-28T18:46:52","guid":{"rendered":"https:\/\/bahiaeconomica.com.br\/wp\/?p=970567"},"modified":"2026-01-28T15:46:52","modified_gmt":"2026-01-28T18:46:52","slug":"mp-ba-recebe-denuncia-sobre-participacao-de-crianca-em-show-de-ivete-sangalo","status":"publish","type":"post","link":"https:\/\/bahiaeconomica.com.br\/wp\/2026\/01\/28\/mp-ba-recebe-denuncia-sobre-participacao-de-crianca-em-show-de-ivete-sangalo\/","title":{"rendered":"MP-BA RECEBE DEN\u00daNCIA SOBRE PARTICIPA\u00c7\u00c3O DE CRIAN\u00c7A EM SHOW DE IVETE SANGALO"},"content":{"rendered":"<p data-start=\"255\" data-end=\"549\">O Minist\u00e9rio P\u00fablico da Bahia (MP-BA) confirmou o recebimento de uma den\u00fancia relacionada \u00e0 participa\u00e7\u00e3o de uma crian\u00e7a em um show da cantora Ivete Sangalo. Durante a apresenta\u00e7\u00e3o, a menor subiu ao palco para cantar e dan\u00e7ar a m\u00fasica <em data-start=\"489\" data-end=\"503\">\u201cVampirinha\u201d<\/em>, aposta da artista para o Carnaval deste ano.<\/p>\n<p data-start=\"551\" data-end=\"876\">De acordo com o MP-BA, a representa\u00e7\u00e3o tem car\u00e1ter preliminar e pode ser apresentada por qualquer cidad\u00e3o. Esse tipo de manifesta\u00e7\u00e3o tem como objetivo reunir informa\u00e7\u00f5es iniciais sobre o caso, cabendo ao \u00f3rg\u00e3o avaliar se h\u00e1 elementos suficientes para a abertura de uma investiga\u00e7\u00e3o formal e eventual ado\u00e7\u00e3o de medidas legais.<\/p>\n<p data-start=\"878\" data-end=\"1192\">Em nota, o Minist\u00e9rio P\u00fablico informou que apura todas as situa\u00e7\u00f5es que envolvem poss\u00edveis viola\u00e7\u00f5es aos direitos de crian\u00e7as e adolescentes. Conforme determina a legisla\u00e7\u00e3o brasileira, procedimentos dessa natureza tramitam sob sigilo, justamente para preservar a identidade e a integridade dos menores envolvidos.<\/p>\n<p data-start=\"1194\" data-end=\"1394\">Imagens do momento em que a crian\u00e7a canta e dan\u00e7a ao lado de Ivete Sangalo circulam amplamente nas redes sociais. At\u00e9 o momento, n\u00e3o h\u00e1 confirma\u00e7\u00e3o oficial sobre o local exato onde ocorreu o epis\u00f3dio.<\/p>\n<p data-start=\"1396\" data-end=\"1692\">A m\u00fasica <em data-start=\"1405\" data-end=\"1419\">\u201cVampirinha\u201d<\/em> foi apresentada ao p\u00fablico pela primeira vez durante o Festival Virada Salvador, em 31 de dezembro de 2025, e lan\u00e7ada oficialmente nas plataformas de streaming em 12 de janeiro. A can\u00e7\u00e3o \u00e9 assinada por Samir Trindade, Luciano Chaves, JnrBeats e pela pr\u00f3pria Ivete Sangalo.<\/p>\n<p data-start=\"1396\" data-end=\"1692\">Foto: Reprodu\u00e7\u00e3o\/ Instagram<\/p>\n","protected":false},"excerpt":{"rendered":"<p>O Minist\u00e9rio P\u00fablico da Bahia (MP-BA) confirmou o recebimento de uma den\u00fancia relacionada \u00e0 participa\u00e7\u00e3o de uma crian\u00e7a em um show da cantora Ivete Sangalo. Durante a apresenta\u00e7\u00e3o, a menor subiu ao palco para cantar e dan\u00e7ar a m\u00fasica \u201cVampirinha\u201d, aposta da artista para o Carnaval deste ano. De acordo com o MP-BA, a representa\u00e7\u00e3o [&hellip;]<\/p>\n","protected":false},"author":24,"featured_media":970569,"comment_status":"closed","ping_status":"closed","sticky":false,"template":"","format":"standard","meta":[],"categories":[4],"tags":[43397,1305,3071],"acf":[],"yoast_head":"<!-- This site is optimized with the Yoast SEO plugin v20.8 - https:\/\/yoast.com\/wordpress\/plugins\/seo\/ -->\n<title>MP-BA RECEBE DEN\u00daNCIA SOBRE PARTICIPA\u00c7\u00c3O DE CRIAN\u00c7A EM SHOW DE IVETE SANGALO - Bahia Economica O Minist\u00e9rio P\u00fablico da Bahia (MP-BA) confirmou o recebimento de uma den\u00fancia relacionada \u00e0 participa\u00e7\u00e3o de uma crian\u00e7a em um show da cantora Ivete Sangalo.<\/title>\n<meta name=\"description\" content=\"O maior portal de Economia da Bahia ENTRETENIMENTO Bahia Economica O Minist\u00e9rio P\u00fablico da Bahia (MP-BA) confirmou o recebimento de uma den\u00fancia relacionada \u00e0 participa\u00e7\u00e3o de uma crian\u00e7a em um show da cantora Ivete Sangalo.\" \/>\n<meta name=\"robots\" content=\"index, follow, max-snippet:-1, max-image-preview:large, max-video-preview:-1\" \/>\n<link rel=\"canonical\" href=\"https:\/\/bahiaeconomica.com.br\/wp\/2026\/01\/28\/mp-ba-recebe-denuncia-sobre-participacao-de-crianca-em-show-de-ivete-sangalo\/\" \/>\n<meta property=\"og:locale\" content=\"pt_BR\" \/>\n<meta property=\"og:type\" content=\"article\" \/>\n<meta property=\"og:title\" content=\"MP-BA RECEBE DEN\u00daNCIA SOBRE PARTICIPA\u00c7\u00c3O DE CRIAN\u00c7A EM SHOW DE IVETE SANGALO - Bahia Economica O Minist\u00e9rio P\u00fablico da Bahia (MP-BA) confirmou o recebimento de uma den\u00fancia relacionada \u00e0 participa\u00e7\u00e3o de uma crian\u00e7a em um show da cantora Ivete Sangalo.\" \/>\n<meta property=\"og:description\" content=\"O maior portal de Economia da Bahia ENTRETENIMENTO Bahia Economica O Minist\u00e9rio P\u00fablico da Bahia (MP-BA) confirmou o recebimento de uma den\u00fancia relacionada \u00e0 participa\u00e7\u00e3o de uma crian\u00e7a em um show da cantora Ivete Sangalo.\" \/>\n<meta property=\"og:url\" content=\"https:\/\/bahiaeconomica.com.br\/wp\/2026\/01\/28\/mp-ba-recebe-denuncia-sobre-participacao-de-crianca-em-show-de-ivete-sangalo\/\" \/>\n<meta property=\"og:site_name\" content=\"Bahia Economica\" \/>\n<meta property=\"article:publisher\" content=\"https:\/\/www.facebook.com\/bahiaeconomica\" \/>\n<meta property=\"article:published_time\" content=\"2026-01-28T18:46:52+00:00\" \/>\n<meta property=\"og:image\" content=\"https:\/\/bahiaeconomica.com.br\/wp\/wp-content\/uploads\/2026\/01\/vampirinha-fas-mobilizam-todos-fantasiados-vampiro-show-ivete.jpg\" \/>\n\t<meta property=\"og:image:width\" content=\"1200\" \/>\n\t<meta property=\"og:image:height\" content=\"902\" \/>\n\t<meta property=\"og:image:type\" content=\"image\/jpeg\" \/>\n<meta name=\"author\" content=\"VICTOR OLIVEIRA\" \/>\n<meta name=\"twitter:card\" content=\"summary_large_image\" \/>\n<meta name=\"twitter:label1\" content=\"Escrito por\" \/>\n\t<meta name=\"twitter:data1\" content=\"VICTOR OLIVEIRA\" \/>\n\t<meta name=\"twitter:label2\" content=\"Est. tempo de leitura\" \/>\n\t<meta name=\"twitter:data2\" content=\"2 minutos\" \/>\n<script type=\"application\/ld+json\" class=\"yoast-schema-graph\">{\"@context\":\"https:\/\/schema.org\",\"@graph\":[{\"@type\":\"Article\",\"@id\":\"https:\/\/bahiaeconomica.com.br\/wp\/2026\/01\/28\/mp-ba-recebe-denuncia-sobre-participacao-de-crianca-em-show-de-ivete-sangalo\/#article\",\"isPartOf\":{\"@id\":\"https:\/\/bahiaeconomica.com.br\/wp\/2026\/01\/28\/mp-ba-recebe-denuncia-sobre-participacao-de-crianca-em-show-de-ivete-sangalo\/\"},\"author\":{\"name\":\"VICTOR OLIVEIRA\",\"@id\":\"https:\/\/bahiaeconomica.com.br\/wp\/#\/schema\/person\/a17956d0e1112b626f403fb06b8129a9\"},\"headline\":\"MP-BA RECEBE DEN\u00daNCIA SOBRE PARTICIPA\u00c7\u00c3O DE CRIAN\u00c7A EM SHOW DE IVETE SANGALO\",\"datePublished\":\"2026-01-28T18:46:52+00:00\",\"dateModified\":\"2026-01-28T18:46:52+00:00\",\"mainEntityOfPage\":{\"@id\":\"https:\/\/bahiaeconomica.com.br\/wp\/2026\/01\/28\/mp-ba-recebe-denuncia-sobre-participacao-de-crianca-em-show-de-ivete-sangalo\/\"},\"wordCount\":271,\"publisher\":{\"@id\":\"https:\/\/bahiaeconomica.com.br\/wp\/#organization\"},\"keywords\":[\"crina\u00e7a\",\"ivete\",\"MP-BA\"],\"articleSection\":[\"ENTRETENIMENTO\"],\"inLanguage\":\"pt-BR\"},{\"@type\":\"WebPage\",\"@id\":\"https:\/\/bahiaeconomica.com.br\/wp\/2026\/01\/28\/mp-ba-recebe-denuncia-sobre-participacao-de-crianca-em-show-de-ivete-sangalo\/\",\"url\":\"https:\/\/bahiaeconomica.com.br\/wp\/2026\/01\/28\/mp-ba-recebe-denuncia-sobre-participacao-de-crianca-em-show-de-ivete-sangalo\/\",\"name\":\"MP-BA RECEBE DEN\u00daNCIA SOBRE PARTICIPA\u00c7\u00c3O DE CRIAN\u00c7A EM SHOW DE IVETE SANGALO - Bahia Economica O Minist\u00e9rio P\u00fablico da Bahia (MP-BA) confirmou o recebimento de uma den\u00fancia relacionada \u00e0 participa\u00e7\u00e3o de uma crian\u00e7a em um show da cantora Ivete Sangalo.\",\"isPartOf\":{\"@id\":\"https:\/\/bahiaeconomica.com.br\/wp\/#website\"},\"datePublished\":\"2026-01-28T18:46:52+00:00\",\"dateModified\":\"2026-01-28T18:46:52+00:00\",\"description\":\"O maior portal de Economia da Bahia ENTRETENIMENTO Bahia Economica O Minist\u00e9rio P\u00fablico da Bahia (MP-BA) confirmou o recebimento de uma den\u00fancia relacionada \u00e0 participa\u00e7\u00e3o de uma crian\u00e7a em um show da cantora Ivete Sangalo.\",\"breadcrumb\":{\"@id\":\"https:\/\/bahiaeconomica.com.br\/wp\/2026\/01\/28\/mp-ba-recebe-denuncia-sobre-participacao-de-crianca-em-show-de-ivete-sangalo\/#breadcrumb\"},\"inLanguage\":\"pt-BR\",\"potentialAction\":[{\"@type\":\"ReadAction\",\"target\":[\"https:\/\/bahiaeconomica.com.br\/wp\/2026\/01\/28\/mp-ba-recebe-denuncia-sobre-participacao-de-crianca-em-show-de-ivete-sangalo\/\"]}]},{\"@type\":\"BreadcrumbList\",\"@id\":\"https:\/\/bahiaeconomica.com.br\/wp\/2026\/01\/28\/mp-ba-recebe-denuncia-sobre-participacao-de-crianca-em-show-de-ivete-sangalo\/#breadcrumb\",\"itemListElement\":[{\"@type\":\"ListItem\",\"position\":1,\"name\":\"In\u00edcio\",\"item\":\"https:\/\/bahiaeconomica.com.br\/wp\/\"},{\"@type\":\"ListItem\",\"position\":2,\"name\":\"MP-BA RECEBE DEN\u00daNCIA SOBRE PARTICIPA\u00c7\u00c3O DE CRIAN\u00c7A EM SHOW DE IVETE SANGALO\"}]},{\"@type\":\"WebSite\",\"@id\":\"https:\/\/bahiaeconomica.com.br\/wp\/#website\",\"url\":\"https:\/\/bahiaeconomica.com.br\/wp\/\",\"name\":\"Bahia Economica\",\"description\":\"O maior portal de Economia da Bahia\",\"publisher\":{\"@id\":\"https:\/\/bahiaeconomica.com.br\/wp\/#organization\"},\"potentialAction\":[{\"@type\":\"SearchAction\",\"target\":{\"@type\":\"EntryPoint\",\"urlTemplate\":\"https:\/\/bahiaeconomica.com.br\/wp\/?s={search_term_string}\"},\"query-input\":\"required name=search_term_string\"}],\"inLanguage\":\"pt-BR\"},{\"@type\":\"Organization\",\"@id\":\"https:\/\/bahiaeconomica.com.br\/wp\/#organization\",\"name\":\"Bahia Econ\u00f4mica\",\"url\":\"https:\/\/bahiaeconomica.com.br\/wp\/\",\"logo\":{\"@type\":\"ImageObject\",\"inLanguage\":\"pt-BR\",\"@id\":\"https:\/\/bahiaeconomica.com.br\/wp\/#\/schema\/logo\/image\/\",\"url\":\"https:\/\/bahiaeconomica.com.br\/wp\/wp-content\/uploads\/2020\/12\/cropped-BE.png\",\"contentUrl\":\"https:\/\/bahiaeconomica.com.br\/wp\/wp-content\/uploads\/2020\/12\/cropped-BE.png\",\"width\":512,\"height\":512,\"caption\":\"Bahia Econ\u00f4mica\"},\"image\":{\"@id\":\"https:\/\/bahiaeconomica.com.br\/wp\/#\/schema\/logo\/image\/\"},\"sameAs\":[\"https:\/\/www.facebook.com\/bahiaeconomica\"]},{\"@type\":\"Person\",\"@id\":\"https:\/\/bahiaeconomica.com.br\/wp\/#\/schema\/person\/a17956d0e1112b626f403fb06b8129a9\",\"name\":\"VICTOR OLIVEIRA\",\"sameAs\":[\"http:\/\/www.bahiaeconomica.com.br\"],\"url\":\"https:\/\/bahiaeconomica.com.br\/wp\/author\/victor-oliveira\/\"}]}<\/script>\n<!-- \/ Yoast SEO plugin. -->","yoast_head_json":{"title":"MP-BA RECEBE DEN\u00daNCIA SOBRE PARTICIPA\u00c7\u00c3O DE CRIAN\u00c7A EM SHOW DE IVETE SANGALO - Bahia Economica O Minist\u00e9rio P\u00fablico da Bahia (MP-BA) confirmou o recebimento de uma den\u00fancia relacionada \u00e0 participa\u00e7\u00e3o de uma crian\u00e7a em um show da cantora Ivete Sangalo.","description":"O maior portal de Economia da Bahia ENTRETENIMENTO Bahia Economica O Minist\u00e9rio P\u00fablico da Bahia (MP-BA) confirmou o recebimento de uma den\u00fancia relacionada \u00e0 participa\u00e7\u00e3o de uma crian\u00e7a em um show da cantora Ivete Sangalo.","robots":{"index":"index","follow":"follow","max-snippet":"max-snippet:-1","max-image-preview":"max-image-preview:large","max-video-preview":"max-video-preview:-1"},"canonical":"https:\/\/bahiaeconomica.com.br\/wp\/2026\/01\/28\/mp-ba-recebe-denuncia-sobre-participacao-de-crianca-em-show-de-ivete-sangalo\/","og_locale":"pt_BR","og_type":"article","og_title":"MP-BA RECEBE DEN\u00daNCIA SOBRE PARTICIPA\u00c7\u00c3O DE CRIAN\u00c7A EM SHOW DE IVETE SANGALO - Bahia Economica O Minist\u00e9rio P\u00fablico da Bahia (MP-BA) confirmou o recebimento de uma den\u00fancia relacionada \u00e0 participa\u00e7\u00e3o de uma crian\u00e7a em um show da cantora Ivete Sangalo.","og_description":"O maior portal de Economia da Bahia ENTRETENIMENTO Bahia Economica O Minist\u00e9rio P\u00fablico da Bahia (MP-BA) confirmou o recebimento de uma den\u00fancia relacionada \u00e0 participa\u00e7\u00e3o de uma crian\u00e7a em um show da cantora Ivete Sangalo.","og_url":"https:\/\/bahiaeconomica.com.br\/wp\/2026\/01\/28\/mp-ba-recebe-denuncia-sobre-participacao-de-crianca-em-show-de-ivete-sangalo\/","og_site_name":"Bahia Economica","article_publisher":"https:\/\/www.facebook.com\/bahiaeconomica","article_published_time":"2026-01-28T18:46:52+00:00","og_image":[{"width":1200,"height":902,"url":"https:\/\/bahiaeconomica.com.br\/wp\/wp-content\/uploads\/2026\/01\/vampirinha-fas-mobilizam-todos-fantasiados-vampiro-show-ivete.jpg","type":"image\/jpeg"}],"author":"VICTOR OLIVEIRA","twitter_card":"summary_large_image","twitter_misc":{"Escrito por":"VICTOR OLIVEIRA","Est. tempo de leitura":"2 minutos"},"schema":{"@context":"https:\/\/schema.org","@graph":[{"@type":"Article","@id":"https:\/\/bahiaeconomica.com.br\/wp\/2026\/01\/28\/mp-ba-recebe-denuncia-sobre-participacao-de-crianca-em-show-de-ivete-sangalo\/#article","isPartOf":{"@id":"https:\/\/bahiaeconomica.com.br\/wp\/2026\/01\/28\/mp-ba-recebe-denuncia-sobre-participacao-de-crianca-em-show-de-ivete-sangalo\/"},"author":{"name":"VICTOR OLIVEIRA","@id":"https:\/\/bahiaeconomica.com.br\/wp\/#\/schema\/person\/a17956d0e1112b626f403fb06b8129a9"},"headline":"MP-BA RECEBE DEN\u00daNCIA SOBRE PARTICIPA\u00c7\u00c3O DE CRIAN\u00c7A EM SHOW DE IVETE SANGALO","datePublished":"2026-01-28T18:46:52+00:00","dateModified":"2026-01-28T18:46:52+00:00","mainEntityOfPage":{"@id":"https:\/\/bahiaeconomica.com.br\/wp\/2026\/01\/28\/mp-ba-recebe-denuncia-sobre-participacao-de-crianca-em-show-de-ivete-sangalo\/"},"wordCount":271,"publisher":{"@id":"https:\/\/bahiaeconomica.com.br\/wp\/#organization"},"keywords":["crina\u00e7a","ivete","MP-BA"],"articleSection":["ENTRETENIMENTO"],"inLanguage":"pt-BR"},{"@type":"WebPage","@id":"https:\/\/bahiaeconomica.com.br\/wp\/2026\/01\/28\/mp-ba-recebe-denuncia-sobre-participacao-de-crianca-em-show-de-ivete-sangalo\/","url":"https:\/\/bahiaeconomica.com.br\/wp\/2026\/01\/28\/mp-ba-recebe-denuncia-sobre-participacao-de-crianca-em-show-de-ivete-sangalo\/","name":"MP-BA RECEBE DEN\u00daNCIA SOBRE PARTICIPA\u00c7\u00c3O DE CRIAN\u00c7A EM SHOW DE IVETE SANGALO - Bahia Economica O Minist\u00e9rio P\u00fablico da Bahia (MP-BA) confirmou o recebimento de uma den\u00fancia relacionada \u00e0 participa\u00e7\u00e3o de uma crian\u00e7a em um show da cantora Ivete Sangalo.","isPartOf":{"@id":"https:\/\/bahiaeconomica.com.br\/wp\/#website"},"datePublished":"2026-01-28T18:46:52+00:00","dateModified":"2026-01-28T18:46:52+00:00","description":"O maior portal de Economia da Bahia ENTRETENIMENTO Bahia Economica O Minist\u00e9rio P\u00fablico da Bahia (MP-BA) confirmou o recebimento de uma den\u00fancia relacionada \u00e0 participa\u00e7\u00e3o de uma crian\u00e7a em um show da cantora Ivete Sangalo.","breadcrumb":{"@id":"https:\/\/bahiaeconomica.com.br\/wp\/2026\/01\/28\/mp-ba-recebe-denuncia-sobre-participacao-de-crianca-em-show-de-ivete-sangalo\/#breadcrumb"},"inLanguage":"pt-BR","potentialAction":[{"@type":"ReadAction","target":["https:\/\/bahiaeconomica.com.br\/wp\/2026\/01\/28\/mp-ba-recebe-denuncia-sobre-participacao-de-crianca-em-show-de-ivete-sangalo\/"]}]},{"@type":"BreadcrumbList","@id":"https:\/\/bahiaeconomica.com.br\/wp\/2026\/01\/28\/mp-ba-recebe-denuncia-sobre-participacao-de-crianca-em-show-de-ivete-sangalo\/#breadcrumb","itemListElement":[{"@type":"ListItem","position":1,"name":"In\u00edcio","item":"https:\/\/bahiaeconomica.com.br\/wp\/"},{"@type":"ListItem","position":2,"name":"MP-BA RECEBE DEN\u00daNCIA SOBRE PARTICIPA\u00c7\u00c3O DE CRIAN\u00c7A EM SHOW DE IVETE SANGALO"}]},{"@type":"WebSite","@id":"https:\/\/bahiaeconomica.com.br\/wp\/#website","url":"https:\/\/bahiaeconomica.com.br\/wp\/","name":"Bahia Economica","description":"O maior portal de Economia da Bahia","publisher":{"@id":"https:\/\/bahiaeconomica.com.br\/wp\/#organization"},"potentialAction":[{"@type":"SearchAction","target":{"@type":"EntryPoint","urlTemplate":"https:\/\/bahiaeconomica.com.br\/wp\/?s={search_term_string}"},"query-input":"required name=search_term_string"}],"inLanguage":"pt-BR"},{"@type":"Organization","@id":"https:\/\/bahiaeconomica.com.br\/wp\/#organization","name":"Bahia Econ\u00f4mica","url":"https:\/\/bahiaeconomica.com.br\/wp\/","logo":{"@type":"ImageObject","inLanguage":"pt-BR","@id":"https:\/\/bahiaeconomica.com.br\/wp\/#\/schema\/logo\/image\/","url":"https:\/\/bahiaeconomica.com.br\/wp\/wp-content\/uploads\/2020\/12\/cropped-BE.png","contentUrl":"https:\/\/bahiaeconomica.com.br\/wp\/wp-content\/uploads\/2020\/12\/cropped-BE.png","width":512,"height":512,"caption":"Bahia Econ\u00f4mica"},"image":{"@id":"https:\/\/bahiaeconomica.com.br\/wp\/#\/schema\/logo\/image\/"},"sameAs":["https:\/\/www.facebook.com\/bahiaeconomica"]},{"@type":"Person","@id":"https:\/\/bahiaeconomica.com.br\/wp\/#\/schema\/person\/a17956d0e1112b626f403fb06b8129a9","name":"VICTOR OLIVEIRA","sameAs":["http:\/\/www.bahiaeconomica.com.br"],"url":"https:\/\/bahiaeconomica.com.br\/wp\/author\/victor-oliveira\/"}]}},"views":44,"_links":{"self":[{"href":"https:\/\/bahiaeconomica.com.br\/wp\/wp-json\/wp\/v2\/posts\/970567"}],"collection":[{"href":"https:\/\/bahiaeconomica.com.br\/wp\/wp-json\/wp\/v2\/posts"}],"about":[{"href":"https:\/\/bahiaeconomica.com.br\/wp\/wp-json\/wp\/v2\/types\/post"}],"author":[{"embeddable":true,"href":"https:\/\/bahiaeconomica.com.br\/wp\/wp-json\/wp\/v2\/users\/24"}],"replies":[{"embeddable":true,"href":"https:\/\/bahiaeconomica.com.br\/wp\/wp-json\/wp\/v2\/comments?post=970567"}],"version-history":[{"count":1,"href":"https:\/\/bahiaeconomica.com.br\/wp\/wp-json\/wp\/v2\/posts\/970567\/revisions"}],"predecessor-version":[{"id":970570,"href":"https:\/\/bahiaeconomica.com.br\/wp\/wp-json\/wp\/v2\/posts\/970567\/revisions\/970570"}],"wp:featuredmedia":[{"embeddable":true,"href":"https:\/\/bahiaeconomica.com.br\/wp\/wp-json\/wp\/v2\/media\/970569"}],"wp:attachment":[{"href":"https:\/\/bahiaeconomica.com.br\/wp\/wp-json\/wp\/v2\/media?parent=970567"}],"wp:term":[{"taxonomy":"category","embeddable":true,"href":"https:\/\/bahiaeconomica.com.br\/wp\/wp-json\/wp\/v2\/categories?post=970567"},{"taxonomy":"post_tag","embeddable":true,"href":"https:\/\/bahiaeconomica.com.br\/wp\/wp-json\/wp\/v2\/tags?post=970567"}],"curies":[{"name":"wp","href":"https:\/\/api.w.org\/{rel}","templated":true}]}}