{"id":970510,"date":"2026-01-28T14:59:56","date_gmt":"2026-01-28T17:59:56","guid":{"rendered":"https:\/\/bahiaeconomica.com.br\/wp\/?p=970510"},"modified":"2026-01-28T13:37:36","modified_gmt":"2026-01-28T16:37:36","slug":"capacitacao-sobre-vendas-e-atendimento-a-clientes-reune-4-mil-ambulantes-credenciados-para-festa-de-iemanja-e-carnaval","status":"publish","type":"post","link":"https:\/\/bahiaeconomica.com.br\/wp\/2026\/01\/28\/capacitacao-sobre-vendas-e-atendimento-a-clientes-reune-4-mil-ambulantes-credenciados-para-festa-de-iemanja-e-carnaval\/","title":{"rendered":"CAPACITA\u00c7\u00c3O SOBRE VENDAS E ATENDIMENTO A CLIENTES RE\u00daNE 4 MIL AMBULANTES CREDENCIADOS PARA FESTA DE IEMANJ\u00c1 E CARNAVAL"},"content":{"rendered":"<p>Os 4 mil ambulantes credenciados para atuar na Festa de Iemanj\u00e1 e no Carnaval de Salvador 2026 participam, nesta quarta-feira (28), de um curso de capacita\u00e7\u00e3o profissional promovido pela Prefeitura, por meio da Secretaria Municipal de Ordem P\u00fablica (Semop), na Arena A Tarde, localizada na Avenida Tancredo Neves.<\/p>\n<p>A atividade \u00e9 obrigat\u00f3ria e oferece orienta\u00e7\u00f5es sobre vendas, atendimento ao cliente, pr\u00e1ticas sanit\u00e1rias, descarte de res\u00edduos e cumprimento das normas dos eventos. Durante o encontro, tamb\u00e9m s\u00e3o distribu\u00eddas cartilhas informativas e vouchers para retirada dos kits de trabalho, que incluem isopor, cadeado e sombreiro, al\u00e9m de itens pessoais como camisa com prote\u00e7\u00e3o UV, protetor solar e capa de chuva.<\/p>\n<p>Al\u00e9m do poder p\u00fablico municipal, a capacita\u00e7\u00e3o conta com a presen\u00e7a do Minist\u00e9rio P\u00fablico da Bahia e da Defensoria P\u00fablica da Bahia, dentro do Pacto Intergovernamental de Promo\u00e7\u00e3o do Trabalho Decente, do Empreendedorismo e do Desenvolvimento Econ\u00f4mico, constru\u00eddo pela Prefeitura.<\/p>\n<p>Para participar, os ambulantes devem apresentar documento oficial com foto e comparecer conforme a inicial do primeiro nome. Aqueles cujos nomes come\u00e7am com as letras de A a J foram atendidos pela manh\u00e3, das 8h \u00e0s 12h. J\u00e1 os nomes iniciados de K a Z devem comparecer das 14h \u00e0s 18h. O n\u00e3o comparecimento acarreta exclus\u00e3o autom\u00e1tica do credenciamento.<\/p>\n<p>Ambulante h\u00e1 30 anos, Ana Rita de C\u00e1ssia da Silva Melo, que trabalha na regi\u00e3o de Ondina, destacou a import\u00e2ncia da capacita\u00e7\u00e3o. \u201cAcho \u00f3timo. \u00c9 um momento fundamental para a gente aprender como lidar com a mercadoria, o que vender, como tratar nosso cliente. Junto com essa aula maravilhosa, a gente ainda teve acesso aos t\u00edquetes para pegar os kits e recebeu orienta\u00e7\u00f5es sobre banheiro, sa\u00fade, alimenta\u00e7\u00e3o e transporte. A gente sai daqui j\u00e1 sabendo onde est\u00e1 tudo e como vai funcionar toda a festa\u201d, pontuou.<\/p>\n<p>Vendedora desde 2011, Mara Pereira, de 48 anos, tamb\u00e9m comentou sobre os benef\u00edcios oferecidos pela Prefeitura aos ambulantes desde o Festival Virada Salvador. \u201cEst\u00e1 tudo muito bom desde o Ano Novo. Vamos trabalhar no Carnaval contando com restaurante popular, passagens de \u00f4nibus e lugar para deixar nossos filhos. Nunca cuidaram t\u00e3o bem da gente\u201d, afirmou.<\/p>\n<p>Acompanhando de perto a atividade, o secret\u00e1rio da Semop, D\u00e9cio Martins, refor\u00e7ou que o momento da capacita\u00e7\u00e3o \u00e9 fundamental para que os ambulantes tirem d\u00favidas e recebam todas as informa\u00e7\u00f5es sobre benef\u00edcios e sobre como melhor executar o trabalho.<\/p>\n<p>\u201cTodas as a\u00e7\u00f5es est\u00e3o sendo realizadas para que essas pessoas sejam tratadas com o respeito que merecem. \u00c9 o Carnaval da paz e da dignidade. Vamos repetir o modelo de sucesso do Festival. Estamos empenhados em levar cada vez mais benef\u00edcios para nossos ambulantes\u201d, destacou.<\/p>\n<p>Cuidado com as mulheres \u2013 De acordo com dados da Semop, 70% do total de ambulantes s\u00e3o mulheres. Presente na atividade, a diretora da Secretaria de Pol\u00edticas para Inf\u00e2ncia, Mulher e Juventude (SPMJ), Fernanda Cerqueira, explicou sobre as a\u00e7\u00f5es do programa Alerta Salvador antes e durante as festas populares. A campanha fortalece as pol\u00edticas de combate \u00e0 viol\u00eancia contra as mulheres e busca fazer do Carnaval um espa\u00e7o de respeito.<\/p>\n<p>\u201cNosso trabalho em conjunto visa a erradica\u00e7\u00e3o da viol\u00eancia. E, no Carnaval, \u00e9 superimportante falar sobre preven\u00e7\u00e3o, rede de apoio e acolhimento, caso alguma mulher se sinta violentada. Sabemos que a maioria aqui \u00e9 mulher, ent\u00e3o \u00e9 extremamente oportuno trazer essa capacita\u00e7\u00e3o, dizendo que a rua \u00e9 nossa, a rua \u00e9 delas, e que trabalhamos incansavelmente para promover um Carnaval livre de qualquer forma de viol\u00eancia\u201d, destacou a diretora, que participou da a\u00e7\u00e3o de distribui\u00e7\u00e3o de ventarolas informativas.<\/p>\n<p>O material informativo traz informa\u00e7\u00f5es sobre o n\u00famero do Bot\u00e3o Lil\u00e1s, que disponibiliza o WhatsApp (71) 98791-3420, para que todas as soteropolitanas v\u00edtimas possam solicitar ajuda \u00e0s autoridades em tempo real.<\/p>\n<p>Al\u00e9m das orienta\u00e7\u00f5es para o combate \u00e0 viol\u00eancia, as ambulantes tamb\u00e9m foram informadas sobre o funcionamento do Programa Salvador Acolhe durante o Carnaval. Durante a fala, Cerqueira detalhou o trabalho que ser\u00e1 realizado em institui\u00e7\u00f5es espalhadas pr\u00f3ximas aos circuitos da festa, oferecendo acolhimento integral, 24 horas, para crian\u00e7as e adolescentes de 0 a 17 anos.<\/p>\n<p>Entrega dos kits \u2013 A distribui\u00e7\u00e3o dos kits para a Festa de Iemanj\u00e1 ser\u00e1 realizada nesta sexta-feira (30), na Travessa Lydio de Mesquita, n\u00ba 30, no Rio Vermelho. J\u00e1 o material para quem trabalhar\u00e1 no Carnaval, no Circuito Dod\u00f4, ser\u00e1 entregue nos dias 4, 5 e 6, na Rua Afonso Celso, n\u00ba 329, na Barra. Aqueles que atuar\u00e3o no Circuito Osmar (Campo Grande) poder\u00e3o retirar seus kits nos dias 7 e 8, na Rua Ara\u00fajo Pinho, s\/n, no Canela.<\/p>\n<p>Fotos: Bruno Concha\/ Secom PMS<\/p>\n","protected":false},"excerpt":{"rendered":"<p>Os 4 mil ambulantes credenciados para atuar na Festa de Iemanj\u00e1 e no Carnaval de Salvador 2026 participam, nesta quarta-feira (28), de um curso de capacita\u00e7\u00e3o profissional promovido pela Prefeitura, por meio da Secretaria Municipal de Ordem P\u00fablica (Semop), na Arena A Tarde, localizada na Avenida Tancredo Neves. A atividade \u00e9 obrigat\u00f3ria e oferece orienta\u00e7\u00f5es [&hellip;]<\/p>\n","protected":false},"author":8,"featured_media":970511,"comment_status":"closed","ping_status":"closed","sticky":false,"template":"","format":"standard","meta":[],"categories":[14,3,5],"tags":[52,748,213],"acf":[],"yoast_head":"<!-- This site is optimized with the Yoast SEO plugin v20.8 - https:\/\/yoast.com\/wordpress\/plugins\/seo\/ -->\n<title>CAPACITA\u00c7\u00c3O SOBRE VENDAS E ATENDIMENTO A CLIENTES RE\u00daNE 4 MIL AMBULANTES CREDENCIADOS PARA FESTA DE IEMANJ\u00c1 E CARNAVAL - Bahia Economica<\/title>\n<meta name=\"description\" content=\"O maior portal de Economia da Bahia DESTAQUE DO DIA, ECONOMIA \/ POL\u00cdTICA, MUNIC\u00cdPIOS Bahia Economica Os 4 mil ambulantes credenciados para atuar na Festa de Iemanj\u00e1 e no Carnaval\" \/>\n<meta name=\"robots\" content=\"index, follow, max-snippet:-1, max-image-preview:large, max-video-preview:-1\" \/>\n<link rel=\"canonical\" href=\"https:\/\/bahiaeconomica.com.br\/wp\/2026\/01\/28\/capacitacao-sobre-vendas-e-atendimento-a-clientes-reune-4-mil-ambulantes-credenciados-para-festa-de-iemanja-e-carnaval\/\" \/>\n<meta property=\"og:locale\" content=\"pt_BR\" \/>\n<meta property=\"og:type\" content=\"article\" \/>\n<meta property=\"og:title\" content=\"CAPACITA\u00c7\u00c3O SOBRE VENDAS E ATENDIMENTO A CLIENTES RE\u00daNE 4 MIL AMBULANTES CREDENCIADOS PARA FESTA DE IEMANJ\u00c1 E CARNAVAL - Bahia Economica\" \/>\n<meta property=\"og:description\" content=\"O maior portal de Economia da Bahia DESTAQUE DO DIA, ECONOMIA \/ POL\u00cdTICA, MUNIC\u00cdPIOS Bahia Economica Os 4 mil ambulantes credenciados para atuar na Festa de Iemanj\u00e1 e no Carnaval\" \/>\n<meta property=\"og:url\" content=\"https:\/\/bahiaeconomica.com.br\/wp\/2026\/01\/28\/capacitacao-sobre-vendas-e-atendimento-a-clientes-reune-4-mil-ambulantes-credenciados-para-festa-de-iemanja-e-carnaval\/\" \/>\n<meta property=\"og:site_name\" content=\"Bahia Economica\" \/>\n<meta property=\"article:publisher\" content=\"https:\/\/www.facebook.com\/bahiaeconomica\" \/>\n<meta property=\"article:published_time\" content=\"2026-01-28T17:59:56+00:00\" \/>\n<meta property=\"article:modified_time\" content=\"2026-01-28T16:37:36+00:00\" \/>\n<meta property=\"og:image\" content=\"https:\/\/bahiaeconomica.com.br\/wp\/wp-content\/uploads\/2026\/01\/WhatsApp-Image-2026-01-28-at-13.27.33.jpeg\" \/>\n\t<meta property=\"og:image:width\" content=\"1600\" \/>\n\t<meta property=\"og:image:height\" content=\"1066\" \/>\n\t<meta property=\"og:image:type\" content=\"image\/jpeg\" \/>\n<meta name=\"author\" content=\"JP\" \/>\n<meta name=\"twitter:card\" content=\"summary_large_image\" \/>\n<meta name=\"twitter:label1\" content=\"Escrito por\" \/>\n\t<meta name=\"twitter:data1\" content=\"JP\" \/>\n\t<meta name=\"twitter:label2\" content=\"Est. tempo de leitura\" \/>\n\t<meta name=\"twitter:data2\" content=\"5 minutos\" \/>\n<script type=\"application\/ld+json\" class=\"yoast-schema-graph\">{\"@context\":\"https:\/\/schema.org\",\"@graph\":[{\"@type\":\"Article\",\"@id\":\"https:\/\/bahiaeconomica.com.br\/wp\/2026\/01\/28\/capacitacao-sobre-vendas-e-atendimento-a-clientes-reune-4-mil-ambulantes-credenciados-para-festa-de-iemanja-e-carnaval\/#article\",\"isPartOf\":{\"@id\":\"https:\/\/bahiaeconomica.com.br\/wp\/2026\/01\/28\/capacitacao-sobre-vendas-e-atendimento-a-clientes-reune-4-mil-ambulantes-credenciados-para-festa-de-iemanja-e-carnaval\/\"},\"author\":{\"name\":\"JP\",\"@id\":\"https:\/\/bahiaeconomica.com.br\/wp\/#\/schema\/person\/c86d3a3f8960425a0f9d0e5245991f4e\"},\"headline\":\"CAPACITA\u00c7\u00c3O SOBRE VENDAS E ATENDIMENTO A CLIENTES RE\u00daNE 4 MIL AMBULANTES CREDENCIADOS PARA FESTA DE IEMANJ\u00c1 E CARNAVAL\",\"datePublished\":\"2026-01-28T17:59:56+00:00\",\"dateModified\":\"2026-01-28T16:37:36+00:00\",\"mainEntityOfPage\":{\"@id\":\"https:\/\/bahiaeconomica.com.br\/wp\/2026\/01\/28\/capacitacao-sobre-vendas-e-atendimento-a-clientes-reune-4-mil-ambulantes-credenciados-para-festa-de-iemanja-e-carnaval\/\"},\"wordCount\":816,\"publisher\":{\"@id\":\"https:\/\/bahiaeconomica.com.br\/wp\/#organization\"},\"keywords\":[\"Brasil\",\"capacita\u00e7\u00e3o\",\"Economia\"],\"articleSection\":[\"DESTAQUE DO DIA\",\"ECONOMIA \/ POL\u00cdTICA\",\"MUNIC\u00cdPIOS\"],\"inLanguage\":\"pt-BR\"},{\"@type\":\"WebPage\",\"@id\":\"https:\/\/bahiaeconomica.com.br\/wp\/2026\/01\/28\/capacitacao-sobre-vendas-e-atendimento-a-clientes-reune-4-mil-ambulantes-credenciados-para-festa-de-iemanja-e-carnaval\/\",\"url\":\"https:\/\/bahiaeconomica.com.br\/wp\/2026\/01\/28\/capacitacao-sobre-vendas-e-atendimento-a-clientes-reune-4-mil-ambulantes-credenciados-para-festa-de-iemanja-e-carnaval\/\",\"name\":\"CAPACITA\u00c7\u00c3O SOBRE VENDAS E ATENDIMENTO A CLIENTES RE\u00daNE 4 MIL AMBULANTES CREDENCIADOS PARA FESTA DE IEMANJ\u00c1 E CARNAVAL - Bahia Economica\",\"isPartOf\":{\"@id\":\"https:\/\/bahiaeconomica.com.br\/wp\/#website\"},\"datePublished\":\"2026-01-28T17:59:56+00:00\",\"dateModified\":\"2026-01-28T16:37:36+00:00\",\"description\":\"O maior portal de Economia da Bahia DESTAQUE DO DIA, ECONOMIA \/ POL\u00cdTICA, MUNIC\u00cdPIOS Bahia Economica Os 4 mil ambulantes credenciados para atuar na Festa de Iemanj\u00e1 e no Carnaval\",\"breadcrumb\":{\"@id\":\"https:\/\/bahiaeconomica.com.br\/wp\/2026\/01\/28\/capacitacao-sobre-vendas-e-atendimento-a-clientes-reune-4-mil-ambulantes-credenciados-para-festa-de-iemanja-e-carnaval\/#breadcrumb\"},\"inLanguage\":\"pt-BR\",\"potentialAction\":[{\"@type\":\"ReadAction\",\"target\":[\"https:\/\/bahiaeconomica.com.br\/wp\/2026\/01\/28\/capacitacao-sobre-vendas-e-atendimento-a-clientes-reune-4-mil-ambulantes-credenciados-para-festa-de-iemanja-e-carnaval\/\"]}]},{\"@type\":\"BreadcrumbList\",\"@id\":\"https:\/\/bahiaeconomica.com.br\/wp\/2026\/01\/28\/capacitacao-sobre-vendas-e-atendimento-a-clientes-reune-4-mil-ambulantes-credenciados-para-festa-de-iemanja-e-carnaval\/#breadcrumb\",\"itemListElement\":[{\"@type\":\"ListItem\",\"position\":1,\"name\":\"In\u00edcio\",\"item\":\"https:\/\/bahiaeconomica.com.br\/wp\/\"},{\"@type\":\"ListItem\",\"position\":2,\"name\":\"CAPACITA\u00c7\u00c3O SOBRE VENDAS E ATENDIMENTO A CLIENTES RE\u00daNE 4 MIL AMBULANTES CREDENCIADOS PARA FESTA DE IEMANJ\u00c1 E CARNAVAL\"}]},{\"@type\":\"WebSite\",\"@id\":\"https:\/\/bahiaeconomica.com.br\/wp\/#website\",\"url\":\"https:\/\/bahiaeconomica.com.br\/wp\/\",\"name\":\"Bahia Economica\",\"description\":\"O maior portal de Economia da Bahia\",\"publisher\":{\"@id\":\"https:\/\/bahiaeconomica.com.br\/wp\/#organization\"},\"potentialAction\":[{\"@type\":\"SearchAction\",\"target\":{\"@type\":\"EntryPoint\",\"urlTemplate\":\"https:\/\/bahiaeconomica.com.br\/wp\/?s={search_term_string}\"},\"query-input\":\"required name=search_term_string\"}],\"inLanguage\":\"pt-BR\"},{\"@type\":\"Organization\",\"@id\":\"https:\/\/bahiaeconomica.com.br\/wp\/#organization\",\"name\":\"Bahia Econ\u00f4mica\",\"url\":\"https:\/\/bahiaeconomica.com.br\/wp\/\",\"logo\":{\"@type\":\"ImageObject\",\"inLanguage\":\"pt-BR\",\"@id\":\"https:\/\/bahiaeconomica.com.br\/wp\/#\/schema\/logo\/image\/\",\"url\":\"https:\/\/bahiaeconomica.com.br\/wp\/wp-content\/uploads\/2020\/12\/cropped-BE.png\",\"contentUrl\":\"https:\/\/bahiaeconomica.com.br\/wp\/wp-content\/uploads\/2020\/12\/cropped-BE.png\",\"width\":512,\"height\":512,\"caption\":\"Bahia Econ\u00f4mica\"},\"image\":{\"@id\":\"https:\/\/bahiaeconomica.com.br\/wp\/#\/schema\/logo\/image\/\"},\"sameAs\":[\"https:\/\/www.facebook.com\/bahiaeconomica\"]},{\"@type\":\"Person\",\"@id\":\"https:\/\/bahiaeconomica.com.br\/wp\/#\/schema\/person\/c86d3a3f8960425a0f9d0e5245991f4e\",\"name\":\"JP\",\"sameAs\":[\"https:\/\/bahiaeconomica.com.br\/wp\/beta\/\"],\"url\":\"https:\/\/bahiaeconomica.com.br\/wp\/author\/jp\/\"}]}<\/script>\n<!-- \/ Yoast SEO plugin. -->","yoast_head_json":{"title":"CAPACITA\u00c7\u00c3O SOBRE VENDAS E ATENDIMENTO A CLIENTES RE\u00daNE 4 MIL AMBULANTES CREDENCIADOS PARA FESTA DE IEMANJ\u00c1 E CARNAVAL - Bahia Economica","description":"O maior portal de Economia da Bahia DESTAQUE DO DIA, ECONOMIA \/ POL\u00cdTICA, MUNIC\u00cdPIOS Bahia Economica Os 4 mil ambulantes credenciados para atuar na Festa de Iemanj\u00e1 e no Carnaval","robots":{"index":"index","follow":"follow","max-snippet":"max-snippet:-1","max-image-preview":"max-image-preview:large","max-video-preview":"max-video-preview:-1"},"canonical":"https:\/\/bahiaeconomica.com.br\/wp\/2026\/01\/28\/capacitacao-sobre-vendas-e-atendimento-a-clientes-reune-4-mil-ambulantes-credenciados-para-festa-de-iemanja-e-carnaval\/","og_locale":"pt_BR","og_type":"article","og_title":"CAPACITA\u00c7\u00c3O SOBRE VENDAS E ATENDIMENTO A CLIENTES RE\u00daNE 4 MIL AMBULANTES CREDENCIADOS PARA FESTA DE IEMANJ\u00c1 E CARNAVAL - Bahia Economica","og_description":"O maior portal de Economia da Bahia DESTAQUE DO DIA, ECONOMIA \/ POL\u00cdTICA, MUNIC\u00cdPIOS Bahia Economica Os 4 mil ambulantes credenciados para atuar na Festa de Iemanj\u00e1 e no Carnaval","og_url":"https:\/\/bahiaeconomica.com.br\/wp\/2026\/01\/28\/capacitacao-sobre-vendas-e-atendimento-a-clientes-reune-4-mil-ambulantes-credenciados-para-festa-de-iemanja-e-carnaval\/","og_site_name":"Bahia Economica","article_publisher":"https:\/\/www.facebook.com\/bahiaeconomica","article_published_time":"2026-01-28T17:59:56+00:00","article_modified_time":"2026-01-28T16:37:36+00:00","og_image":[{"width":1600,"height":1066,"url":"https:\/\/bahiaeconomica.com.br\/wp\/wp-content\/uploads\/2026\/01\/WhatsApp-Image-2026-01-28-at-13.27.33.jpeg","type":"image\/jpeg"}],"author":"JP","twitter_card":"summary_large_image","twitter_misc":{"Escrito por":"JP","Est. tempo de leitura":"5 minutos"},"schema":{"@context":"https:\/\/schema.org","@graph":[{"@type":"Article","@id":"https:\/\/bahiaeconomica.com.br\/wp\/2026\/01\/28\/capacitacao-sobre-vendas-e-atendimento-a-clientes-reune-4-mil-ambulantes-credenciados-para-festa-de-iemanja-e-carnaval\/#article","isPartOf":{"@id":"https:\/\/bahiaeconomica.com.br\/wp\/2026\/01\/28\/capacitacao-sobre-vendas-e-atendimento-a-clientes-reune-4-mil-ambulantes-credenciados-para-festa-de-iemanja-e-carnaval\/"},"author":{"name":"JP","@id":"https:\/\/bahiaeconomica.com.br\/wp\/#\/schema\/person\/c86d3a3f8960425a0f9d0e5245991f4e"},"headline":"CAPACITA\u00c7\u00c3O SOBRE VENDAS E ATENDIMENTO A CLIENTES RE\u00daNE 4 MIL AMBULANTES CREDENCIADOS PARA FESTA DE IEMANJ\u00c1 E CARNAVAL","datePublished":"2026-01-28T17:59:56+00:00","dateModified":"2026-01-28T16:37:36+00:00","mainEntityOfPage":{"@id":"https:\/\/bahiaeconomica.com.br\/wp\/2026\/01\/28\/capacitacao-sobre-vendas-e-atendimento-a-clientes-reune-4-mil-ambulantes-credenciados-para-festa-de-iemanja-e-carnaval\/"},"wordCount":816,"publisher":{"@id":"https:\/\/bahiaeconomica.com.br\/wp\/#organization"},"keywords":["Brasil","capacita\u00e7\u00e3o","Economia"],"articleSection":["DESTAQUE DO DIA","ECONOMIA \/ POL\u00cdTICA","MUNIC\u00cdPIOS"],"inLanguage":"pt-BR"},{"@type":"WebPage","@id":"https:\/\/bahiaeconomica.com.br\/wp\/2026\/01\/28\/capacitacao-sobre-vendas-e-atendimento-a-clientes-reune-4-mil-ambulantes-credenciados-para-festa-de-iemanja-e-carnaval\/","url":"https:\/\/bahiaeconomica.com.br\/wp\/2026\/01\/28\/capacitacao-sobre-vendas-e-atendimento-a-clientes-reune-4-mil-ambulantes-credenciados-para-festa-de-iemanja-e-carnaval\/","name":"CAPACITA\u00c7\u00c3O SOBRE VENDAS E ATENDIMENTO A CLIENTES RE\u00daNE 4 MIL AMBULANTES CREDENCIADOS PARA FESTA DE IEMANJ\u00c1 E CARNAVAL - Bahia Economica","isPartOf":{"@id":"https:\/\/bahiaeconomica.com.br\/wp\/#website"},"datePublished":"2026-01-28T17:59:56+00:00","dateModified":"2026-01-28T16:37:36+00:00","description":"O maior portal de Economia da Bahia DESTAQUE DO DIA, ECONOMIA \/ POL\u00cdTICA, MUNIC\u00cdPIOS Bahia Economica Os 4 mil ambulantes credenciados para atuar na Festa de Iemanj\u00e1 e no Carnaval","breadcrumb":{"@id":"https:\/\/bahiaeconomica.com.br\/wp\/2026\/01\/28\/capacitacao-sobre-vendas-e-atendimento-a-clientes-reune-4-mil-ambulantes-credenciados-para-festa-de-iemanja-e-carnaval\/#breadcrumb"},"inLanguage":"pt-BR","potentialAction":[{"@type":"ReadAction","target":["https:\/\/bahiaeconomica.com.br\/wp\/2026\/01\/28\/capacitacao-sobre-vendas-e-atendimento-a-clientes-reune-4-mil-ambulantes-credenciados-para-festa-de-iemanja-e-carnaval\/"]}]},{"@type":"BreadcrumbList","@id":"https:\/\/bahiaeconomica.com.br\/wp\/2026\/01\/28\/capacitacao-sobre-vendas-e-atendimento-a-clientes-reune-4-mil-ambulantes-credenciados-para-festa-de-iemanja-e-carnaval\/#breadcrumb","itemListElement":[{"@type":"ListItem","position":1,"name":"In\u00edcio","item":"https:\/\/bahiaeconomica.com.br\/wp\/"},{"@type":"ListItem","position":2,"name":"CAPACITA\u00c7\u00c3O SOBRE VENDAS E ATENDIMENTO A CLIENTES RE\u00daNE 4 MIL AMBULANTES CREDENCIADOS PARA FESTA DE IEMANJ\u00c1 E CARNAVAL"}]},{"@type":"WebSite","@id":"https:\/\/bahiaeconomica.com.br\/wp\/#website","url":"https:\/\/bahiaeconomica.com.br\/wp\/","name":"Bahia Economica","description":"O maior portal de Economia da Bahia","publisher":{"@id":"https:\/\/bahiaeconomica.com.br\/wp\/#organization"},"potentialAction":[{"@type":"SearchAction","target":{"@type":"EntryPoint","urlTemplate":"https:\/\/bahiaeconomica.com.br\/wp\/?s={search_term_string}"},"query-input":"required name=search_term_string"}],"inLanguage":"pt-BR"},{"@type":"Organization","@id":"https:\/\/bahiaeconomica.com.br\/wp\/#organization","name":"Bahia Econ\u00f4mica","url":"https:\/\/bahiaeconomica.com.br\/wp\/","logo":{"@type":"ImageObject","inLanguage":"pt-BR","@id":"https:\/\/bahiaeconomica.com.br\/wp\/#\/schema\/logo\/image\/","url":"https:\/\/bahiaeconomica.com.br\/wp\/wp-content\/uploads\/2020\/12\/cropped-BE.png","contentUrl":"https:\/\/bahiaeconomica.com.br\/wp\/wp-content\/uploads\/2020\/12\/cropped-BE.png","width":512,"height":512,"caption":"Bahia Econ\u00f4mica"},"image":{"@id":"https:\/\/bahiaeconomica.com.br\/wp\/#\/schema\/logo\/image\/"},"sameAs":["https:\/\/www.facebook.com\/bahiaeconomica"]},{"@type":"Person","@id":"https:\/\/bahiaeconomica.com.br\/wp\/#\/schema\/person\/c86d3a3f8960425a0f9d0e5245991f4e","name":"JP","sameAs":["https:\/\/bahiaeconomica.com.br\/wp\/beta\/"],"url":"https:\/\/bahiaeconomica.com.br\/wp\/author\/jp\/"}]}},"views":16,"_links":{"self":[{"href":"https:\/\/bahiaeconomica.com.br\/wp\/wp-json\/wp\/v2\/posts\/970510"}],"collection":[{"href":"https:\/\/bahiaeconomica.com.br\/wp\/wp-json\/wp\/v2\/posts"}],"about":[{"href":"https:\/\/bahiaeconomica.com.br\/wp\/wp-json\/wp\/v2\/types\/post"}],"author":[{"embeddable":true,"href":"https:\/\/bahiaeconomica.com.br\/wp\/wp-json\/wp\/v2\/users\/8"}],"replies":[{"embeddable":true,"href":"https:\/\/bahiaeconomica.com.br\/wp\/wp-json\/wp\/v2\/comments?post=970510"}],"version-history":[{"count":1,"href":"https:\/\/bahiaeconomica.com.br\/wp\/wp-json\/wp\/v2\/posts\/970510\/revisions"}],"predecessor-version":[{"id":970512,"href":"https:\/\/bahiaeconomica.com.br\/wp\/wp-json\/wp\/v2\/posts\/970510\/revisions\/970512"}],"wp:featuredmedia":[{"embeddable":true,"href":"https:\/\/bahiaeconomica.com.br\/wp\/wp-json\/wp\/v2\/media\/970511"}],"wp:attachment":[{"href":"https:\/\/bahiaeconomica.com.br\/wp\/wp-json\/wp\/v2\/media?parent=970510"}],"wp:term":[{"taxonomy":"category","embeddable":true,"href":"https:\/\/bahiaeconomica.com.br\/wp\/wp-json\/wp\/v2\/categories?post=970510"},{"taxonomy":"post_tag","embeddable":true,"href":"https:\/\/bahiaeconomica.com.br\/wp\/wp-json\/wp\/v2\/tags?post=970510"}],"curies":[{"name":"wp","href":"https:\/\/api.w.org\/{rel}","templated":true}]}}