{"id":970503,"date":"2026-01-28T13:52:33","date_gmt":"2026-01-28T16:52:33","guid":{"rendered":"https:\/\/bahiaeconomica.com.br\/wp\/?p=970503"},"modified":"2026-01-28T13:27:32","modified_gmt":"2026-01-28T16:27:32","slug":"alckmin-conversa-por-telefone-com-vice-presidente-da-china","status":"publish","type":"post","link":"https:\/\/bahiaeconomica.com.br\/wp\/2026\/01\/28\/alckmin-conversa-por-telefone-com-vice-presidente-da-china\/","title":{"rendered":"ALCKMIN CONVERSA POR TELEFONE COM VICE-PRESIDENTE DA CHINA"},"content":{"rendered":"<p>O presidente interino do Brasil, Geraldo Alckmin, manifestou, ao vice-presidente da Rep\u00fablica Popular da China, Han Zheng, preocupa\u00e7\u00e3o com rela\u00e7\u00e3o \u00e0s salvaguardas aplicadas pelo pa\u00eds asi\u00e1tico\u00a0\u00e0 carne bovina produzida no Brasil. Os dois tiveram uma conversa telef\u00f4nica de aproximadamente 30 minutos\u00a0nesta quarta-feira (28).<\/p>\n<p>Desde o dia 1\u00ba de janeiro, est\u00e3o em vigor salvaguardas da China a suas importa\u00e7\u00f5es de carne bovina, o que inclui produtos do Brasil\u00a0e outros pa\u00edses, como Austr\u00e1lia e Estados Unidos. A medida tem previs\u00e3o de durar tr\u00eas anos. Na rela\u00e7\u00e3o com o Brasil, a previs\u00e3o inicial \u00e9 a de aplicar uma sobretaxa de 55% \u00e0s carnes que ultrapassarem a cota anual de 1,1 milh\u00e3o de toneladas.<\/p>\n<p>Salvaguardas s\u00e3o instrumentos de defesa comercial, aplicados em situa\u00e7\u00f5es espec\u00edficas a produtos importados. Em geral, com o objetivo de proteger ou preservar algum setor da economia.<\/p>\n<p>Vice-presidente, Alckmin ocupa a fun\u00e7\u00e3o de presidente interino nesta quarta-feira com\u00a0a viagem do presidente Lula para o Panam\u00e1, onde participa do F\u00f3rum Econ\u00f4mico Internacional da Am\u00e9rica Latina e Caribe.<\/p>\n<p><strong>Relev\u00e2ncia da pecu\u00e1ria<\/strong><br \/>\nNa conversa, Alckmin, que \u00e9 tamb\u00e9m ministro do Desenvolvimento, Ind\u00fastria, Com\u00e9rcio e Servi\u00e7os, ressaltou a relev\u00e2ncia da pecu\u00e1ria para a economia brasileira, bem como a import\u00e2ncia do setor aos olhos do governo federal.<\/p>\n<p>De acordo com o Planalto, os dois falaram tamb\u00e9m sobre investimentos, em especial nas \u00e1reas de infraestrutura, tecnologia, inova\u00e7\u00e3o e sustentabilidade.<\/p>\n<p>Durante a liga\u00e7\u00e3o telef\u00f4nica, Alckmin e Zheng destacaram o crescimento de 8,2% da corrente de com\u00e9rcio bilateral em 2025, \u201cque alcan\u00e7ou novo recorde anual de US$ 171 bilh\u00f5es, e reafirmaram o compromisso m\u00fatuo de preservar o di\u00e1logo com vistas \u00e0 amplia\u00e7\u00e3o e diversifica\u00e7\u00e3o das rela\u00e7\u00f5es comerciais entre Brasil e China\u201d.<\/p>\n<p>Ao final da conversa, o presidente interino convidou Han Zheng a visitar o Brasil durante a pr\u00f3xima reuni\u00e3o da Comiss\u00e3o Sino-Brasileira de Alto N\u00edvel de Concerta\u00e7\u00e3o e Coopera\u00e7\u00e3o (COSBAN), em data ainda a ser confirmada.<\/p>\n<p>(Ag\u00eancia Brasil)<\/p>\n<p>Foto: \u00a0Rafa Neddermeyer\/Ag\u00eancia Brasil<\/p>\n","protected":false},"excerpt":{"rendered":"<p>O presidente interino do Brasil, Geraldo Alckmin, manifestou, ao vice-presidente da Rep\u00fablica Popular da China, Han Zheng, preocupa\u00e7\u00e3o com rela\u00e7\u00e3o \u00e0s salvaguardas aplicadas pelo pa\u00eds asi\u00e1tico\u00a0\u00e0 carne bovina produzida no Brasil. Os dois tiveram uma conversa telef\u00f4nica de aproximadamente 30 minutos\u00a0nesta quarta-feira (28). Desde o dia 1\u00ba de janeiro, est\u00e3o em vigor salvaguardas da China [&hellip;]<\/p>\n","protected":false},"author":20,"featured_media":970504,"comment_status":"closed","ping_status":"closed","sticky":false,"template":"","format":"standard","meta":[],"categories":[14601],"tags":[1528,750,1178,1405],"acf":[],"yoast_head":"<!-- This site is optimized with the Yoast SEO plugin v20.8 - https:\/\/yoast.com\/wordpress\/plugins\/seo\/ -->\n<title>ALCKMIN CONVERSA POR TELEFONE COM VICE-PRESIDENTE DA CHINA - Bahia Economica<\/title>\n<meta name=\"description\" content=\"O maior portal de Economia da Bahia Pol\u00edtica Bahia Economica\" \/>\n<meta name=\"robots\" content=\"index, follow, max-snippet:-1, max-image-preview:large, max-video-preview:-1\" \/>\n<link rel=\"canonical\" href=\"https:\/\/bahiaeconomica.com.br\/wp\/2026\/01\/28\/alckmin-conversa-por-telefone-com-vice-presidente-da-china\/\" \/>\n<meta property=\"og:locale\" content=\"pt_BR\" \/>\n<meta property=\"og:type\" content=\"article\" \/>\n<meta property=\"og:title\" content=\"ALCKMIN CONVERSA POR TELEFONE COM VICE-PRESIDENTE DA CHINA - Bahia Economica\" \/>\n<meta property=\"og:description\" content=\"O maior portal de Economia da Bahia Pol\u00edtica Bahia Economica\" \/>\n<meta property=\"og:url\" content=\"https:\/\/bahiaeconomica.com.br\/wp\/2026\/01\/28\/alckmin-conversa-por-telefone-com-vice-presidente-da-china\/\" \/>\n<meta property=\"og:site_name\" content=\"Bahia Economica\" \/>\n<meta property=\"article:publisher\" content=\"https:\/\/www.facebook.com\/bahiaeconomica\" \/>\n<meta property=\"article:published_time\" content=\"2026-01-28T16:52:33+00:00\" \/>\n<meta property=\"article:modified_time\" content=\"2026-01-28T16:27:32+00:00\" \/>\n<meta property=\"og:image\" content=\"https:\/\/bahiaeconomica.com.br\/wp\/wp-content\/uploads\/2026\/01\/raf0555_0.webp\" \/>\n\t<meta property=\"og:image:width\" content=\"1170\" \/>\n\t<meta property=\"og:image:height\" content=\"700\" \/>\n\t<meta property=\"og:image:type\" content=\"image\/webp\" \/>\n<meta name=\"author\" content=\"BRUNA CARVALHO\" \/>\n<meta name=\"twitter:card\" content=\"summary_large_image\" \/>\n<meta name=\"twitter:label1\" content=\"Escrito por\" \/>\n\t<meta name=\"twitter:data1\" content=\"BRUNA CARVALHO\" \/>\n\t<meta name=\"twitter:label2\" content=\"Est. tempo de leitura\" \/>\n\t<meta name=\"twitter:data2\" content=\"2 minutos\" \/>\n<script type=\"application\/ld+json\" class=\"yoast-schema-graph\">{\"@context\":\"https:\/\/schema.org\",\"@graph\":[{\"@type\":\"Article\",\"@id\":\"https:\/\/bahiaeconomica.com.br\/wp\/2026\/01\/28\/alckmin-conversa-por-telefone-com-vice-presidente-da-china\/#article\",\"isPartOf\":{\"@id\":\"https:\/\/bahiaeconomica.com.br\/wp\/2026\/01\/28\/alckmin-conversa-por-telefone-com-vice-presidente-da-china\/\"},\"author\":{\"name\":\"BRUNA CARVALHO\",\"@id\":\"https:\/\/bahiaeconomica.com.br\/wp\/#\/schema\/person\/9310b0e591f5979f6f99773eac5804e6\"},\"headline\":\"ALCKMIN CONVERSA POR TELEFONE COM VICE-PRESIDENTE DA CHINA\",\"datePublished\":\"2026-01-28T16:52:33+00:00\",\"dateModified\":\"2026-01-28T16:27:32+00:00\",\"mainEntityOfPage\":{\"@id\":\"https:\/\/bahiaeconomica.com.br\/wp\/2026\/01\/28\/alckmin-conversa-por-telefone-com-vice-presidente-da-china\/\"},\"wordCount\":365,\"publisher\":{\"@id\":\"https:\/\/bahiaeconomica.com.br\/wp\/#organization\"},\"keywords\":[\"alckmin\",\"China\",\"conversa\",\"vice-presidente\"],\"articleSection\":[\"Pol\u00edtica\"],\"inLanguage\":\"pt-BR\"},{\"@type\":\"WebPage\",\"@id\":\"https:\/\/bahiaeconomica.com.br\/wp\/2026\/01\/28\/alckmin-conversa-por-telefone-com-vice-presidente-da-china\/\",\"url\":\"https:\/\/bahiaeconomica.com.br\/wp\/2026\/01\/28\/alckmin-conversa-por-telefone-com-vice-presidente-da-china\/\",\"name\":\"ALCKMIN CONVERSA POR TELEFONE COM VICE-PRESIDENTE DA CHINA - Bahia Economica\",\"isPartOf\":{\"@id\":\"https:\/\/bahiaeconomica.com.br\/wp\/#website\"},\"datePublished\":\"2026-01-28T16:52:33+00:00\",\"dateModified\":\"2026-01-28T16:27:32+00:00\",\"description\":\"O maior portal de Economia da Bahia Pol\u00edtica Bahia Economica\",\"breadcrumb\":{\"@id\":\"https:\/\/bahiaeconomica.com.br\/wp\/2026\/01\/28\/alckmin-conversa-por-telefone-com-vice-presidente-da-china\/#breadcrumb\"},\"inLanguage\":\"pt-BR\",\"potentialAction\":[{\"@type\":\"ReadAction\",\"target\":[\"https:\/\/bahiaeconomica.com.br\/wp\/2026\/01\/28\/alckmin-conversa-por-telefone-com-vice-presidente-da-china\/\"]}]},{\"@type\":\"BreadcrumbList\",\"@id\":\"https:\/\/bahiaeconomica.com.br\/wp\/2026\/01\/28\/alckmin-conversa-por-telefone-com-vice-presidente-da-china\/#breadcrumb\",\"itemListElement\":[{\"@type\":\"ListItem\",\"position\":1,\"name\":\"In\u00edcio\",\"item\":\"https:\/\/bahiaeconomica.com.br\/wp\/\"},{\"@type\":\"ListItem\",\"position\":2,\"name\":\"ALCKMIN CONVERSA POR TELEFONE COM VICE-PRESIDENTE DA CHINA\"}]},{\"@type\":\"WebSite\",\"@id\":\"https:\/\/bahiaeconomica.com.br\/wp\/#website\",\"url\":\"https:\/\/bahiaeconomica.com.br\/wp\/\",\"name\":\"Bahia Economica\",\"description\":\"O maior portal de Economia da Bahia\",\"publisher\":{\"@id\":\"https:\/\/bahiaeconomica.com.br\/wp\/#organization\"},\"potentialAction\":[{\"@type\":\"SearchAction\",\"target\":{\"@type\":\"EntryPoint\",\"urlTemplate\":\"https:\/\/bahiaeconomica.com.br\/wp\/?s={search_term_string}\"},\"query-input\":\"required name=search_term_string\"}],\"inLanguage\":\"pt-BR\"},{\"@type\":\"Organization\",\"@id\":\"https:\/\/bahiaeconomica.com.br\/wp\/#organization\",\"name\":\"Bahia Econ\u00f4mica\",\"url\":\"https:\/\/bahiaeconomica.com.br\/wp\/\",\"logo\":{\"@type\":\"ImageObject\",\"inLanguage\":\"pt-BR\",\"@id\":\"https:\/\/bahiaeconomica.com.br\/wp\/#\/schema\/logo\/image\/\",\"url\":\"https:\/\/bahiaeconomica.com.br\/wp\/wp-content\/uploads\/2020\/12\/cropped-BE.png\",\"contentUrl\":\"https:\/\/bahiaeconomica.com.br\/wp\/wp-content\/uploads\/2020\/12\/cropped-BE.png\",\"width\":512,\"height\":512,\"caption\":\"Bahia Econ\u00f4mica\"},\"image\":{\"@id\":\"https:\/\/bahiaeconomica.com.br\/wp\/#\/schema\/logo\/image\/\"},\"sameAs\":[\"https:\/\/www.facebook.com\/bahiaeconomica\"]},{\"@type\":\"Person\",\"@id\":\"https:\/\/bahiaeconomica.com.br\/wp\/#\/schema\/person\/9310b0e591f5979f6f99773eac5804e6\",\"name\":\"BRUNA CARVALHO\",\"sameAs\":[\"http:\/\/www.bahiaeconomica.com.br\"],\"url\":\"https:\/\/bahiaeconomica.com.br\/wp\/author\/bruna\/\"}]}<\/script>\n<!-- \/ Yoast SEO plugin. -->","yoast_head_json":{"title":"ALCKMIN CONVERSA POR TELEFONE COM VICE-PRESIDENTE DA CHINA - Bahia Economica","description":"O maior portal de Economia da Bahia Pol\u00edtica Bahia Economica","robots":{"index":"index","follow":"follow","max-snippet":"max-snippet:-1","max-image-preview":"max-image-preview:large","max-video-preview":"max-video-preview:-1"},"canonical":"https:\/\/bahiaeconomica.com.br\/wp\/2026\/01\/28\/alckmin-conversa-por-telefone-com-vice-presidente-da-china\/","og_locale":"pt_BR","og_type":"article","og_title":"ALCKMIN CONVERSA POR TELEFONE COM VICE-PRESIDENTE DA CHINA - Bahia Economica","og_description":"O maior portal de Economia da Bahia Pol\u00edtica Bahia Economica","og_url":"https:\/\/bahiaeconomica.com.br\/wp\/2026\/01\/28\/alckmin-conversa-por-telefone-com-vice-presidente-da-china\/","og_site_name":"Bahia Economica","article_publisher":"https:\/\/www.facebook.com\/bahiaeconomica","article_published_time":"2026-01-28T16:52:33+00:00","article_modified_time":"2026-01-28T16:27:32+00:00","og_image":[{"width":1170,"height":700,"url":"https:\/\/bahiaeconomica.com.br\/wp\/wp-content\/uploads\/2026\/01\/raf0555_0.webp","type":"image\/webp"}],"author":"BRUNA CARVALHO","twitter_card":"summary_large_image","twitter_misc":{"Escrito por":"BRUNA CARVALHO","Est. tempo de leitura":"2 minutos"},"schema":{"@context":"https:\/\/schema.org","@graph":[{"@type":"Article","@id":"https:\/\/bahiaeconomica.com.br\/wp\/2026\/01\/28\/alckmin-conversa-por-telefone-com-vice-presidente-da-china\/#article","isPartOf":{"@id":"https:\/\/bahiaeconomica.com.br\/wp\/2026\/01\/28\/alckmin-conversa-por-telefone-com-vice-presidente-da-china\/"},"author":{"name":"BRUNA CARVALHO","@id":"https:\/\/bahiaeconomica.com.br\/wp\/#\/schema\/person\/9310b0e591f5979f6f99773eac5804e6"},"headline":"ALCKMIN CONVERSA POR TELEFONE COM VICE-PRESIDENTE DA CHINA","datePublished":"2026-01-28T16:52:33+00:00","dateModified":"2026-01-28T16:27:32+00:00","mainEntityOfPage":{"@id":"https:\/\/bahiaeconomica.com.br\/wp\/2026\/01\/28\/alckmin-conversa-por-telefone-com-vice-presidente-da-china\/"},"wordCount":365,"publisher":{"@id":"https:\/\/bahiaeconomica.com.br\/wp\/#organization"},"keywords":["alckmin","China","conversa","vice-presidente"],"articleSection":["Pol\u00edtica"],"inLanguage":"pt-BR"},{"@type":"WebPage","@id":"https:\/\/bahiaeconomica.com.br\/wp\/2026\/01\/28\/alckmin-conversa-por-telefone-com-vice-presidente-da-china\/","url":"https:\/\/bahiaeconomica.com.br\/wp\/2026\/01\/28\/alckmin-conversa-por-telefone-com-vice-presidente-da-china\/","name":"ALCKMIN CONVERSA POR TELEFONE COM VICE-PRESIDENTE DA CHINA - Bahia Economica","isPartOf":{"@id":"https:\/\/bahiaeconomica.com.br\/wp\/#website"},"datePublished":"2026-01-28T16:52:33+00:00","dateModified":"2026-01-28T16:27:32+00:00","description":"O maior portal de Economia da Bahia Pol\u00edtica Bahia Economica","breadcrumb":{"@id":"https:\/\/bahiaeconomica.com.br\/wp\/2026\/01\/28\/alckmin-conversa-por-telefone-com-vice-presidente-da-china\/#breadcrumb"},"inLanguage":"pt-BR","potentialAction":[{"@type":"ReadAction","target":["https:\/\/bahiaeconomica.com.br\/wp\/2026\/01\/28\/alckmin-conversa-por-telefone-com-vice-presidente-da-china\/"]}]},{"@type":"BreadcrumbList","@id":"https:\/\/bahiaeconomica.com.br\/wp\/2026\/01\/28\/alckmin-conversa-por-telefone-com-vice-presidente-da-china\/#breadcrumb","itemListElement":[{"@type":"ListItem","position":1,"name":"In\u00edcio","item":"https:\/\/bahiaeconomica.com.br\/wp\/"},{"@type":"ListItem","position":2,"name":"ALCKMIN CONVERSA POR TELEFONE COM VICE-PRESIDENTE DA CHINA"}]},{"@type":"WebSite","@id":"https:\/\/bahiaeconomica.com.br\/wp\/#website","url":"https:\/\/bahiaeconomica.com.br\/wp\/","name":"Bahia Economica","description":"O maior portal de Economia da Bahia","publisher":{"@id":"https:\/\/bahiaeconomica.com.br\/wp\/#organization"},"potentialAction":[{"@type":"SearchAction","target":{"@type":"EntryPoint","urlTemplate":"https:\/\/bahiaeconomica.com.br\/wp\/?s={search_term_string}"},"query-input":"required name=search_term_string"}],"inLanguage":"pt-BR"},{"@type":"Organization","@id":"https:\/\/bahiaeconomica.com.br\/wp\/#organization","name":"Bahia Econ\u00f4mica","url":"https:\/\/bahiaeconomica.com.br\/wp\/","logo":{"@type":"ImageObject","inLanguage":"pt-BR","@id":"https:\/\/bahiaeconomica.com.br\/wp\/#\/schema\/logo\/image\/","url":"https:\/\/bahiaeconomica.com.br\/wp\/wp-content\/uploads\/2020\/12\/cropped-BE.png","contentUrl":"https:\/\/bahiaeconomica.com.br\/wp\/wp-content\/uploads\/2020\/12\/cropped-BE.png","width":512,"height":512,"caption":"Bahia Econ\u00f4mica"},"image":{"@id":"https:\/\/bahiaeconomica.com.br\/wp\/#\/schema\/logo\/image\/"},"sameAs":["https:\/\/www.facebook.com\/bahiaeconomica"]},{"@type":"Person","@id":"https:\/\/bahiaeconomica.com.br\/wp\/#\/schema\/person\/9310b0e591f5979f6f99773eac5804e6","name":"BRUNA CARVALHO","sameAs":["http:\/\/www.bahiaeconomica.com.br"],"url":"https:\/\/bahiaeconomica.com.br\/wp\/author\/bruna\/"}]}},"views":10,"_links":{"self":[{"href":"https:\/\/bahiaeconomica.com.br\/wp\/wp-json\/wp\/v2\/posts\/970503"}],"collection":[{"href":"https:\/\/bahiaeconomica.com.br\/wp\/wp-json\/wp\/v2\/posts"}],"about":[{"href":"https:\/\/bahiaeconomica.com.br\/wp\/wp-json\/wp\/v2\/types\/post"}],"author":[{"embeddable":true,"href":"https:\/\/bahiaeconomica.com.br\/wp\/wp-json\/wp\/v2\/users\/20"}],"replies":[{"embeddable":true,"href":"https:\/\/bahiaeconomica.com.br\/wp\/wp-json\/wp\/v2\/comments?post=970503"}],"version-history":[{"count":1,"href":"https:\/\/bahiaeconomica.com.br\/wp\/wp-json\/wp\/v2\/posts\/970503\/revisions"}],"predecessor-version":[{"id":970509,"href":"https:\/\/bahiaeconomica.com.br\/wp\/wp-json\/wp\/v2\/posts\/970503\/revisions\/970509"}],"wp:featuredmedia":[{"embeddable":true,"href":"https:\/\/bahiaeconomica.com.br\/wp\/wp-json\/wp\/v2\/media\/970504"}],"wp:attachment":[{"href":"https:\/\/bahiaeconomica.com.br\/wp\/wp-json\/wp\/v2\/media?parent=970503"}],"wp:term":[{"taxonomy":"category","embeddable":true,"href":"https:\/\/bahiaeconomica.com.br\/wp\/wp-json\/wp\/v2\/categories?post=970503"},{"taxonomy":"post_tag","embeddable":true,"href":"https:\/\/bahiaeconomica.com.br\/wp\/wp-json\/wp\/v2\/tags?post=970503"}],"curies":[{"name":"wp","href":"https:\/\/api.w.org\/{rel}","templated":true}]}}