{"id":970372,"date":"2026-01-28T08:40:54","date_gmt":"2026-01-28T11:40:54","guid":{"rendered":"https:\/\/bahiaeconomica.com.br\/wp\/?p=970372"},"modified":"2026-01-28T08:30:00","modified_gmt":"2026-01-28T11:30:00","slug":"transito-de-salvador-sera-alterado-para-festas-na-proxima-semana","status":"publish","type":"post","link":"https:\/\/bahiaeconomica.com.br\/wp\/2026\/01\/28\/transito-de-salvador-sera-alterado-para-festas-na-proxima-semana\/","title":{"rendered":"TR\u00c2NSITO DE SALVADOR SER\u00c1 ALTERADO PARA FESTAS NA PR\u00d3XIMA SEMANA"},"content":{"rendered":"<p>O tr\u00e2nsito de Salvador sofrer\u00e1 mudan\u00e7as na pr\u00f3xima semana. De acordo com informa\u00e7\u00f5es divulgadas no Di\u00e1rio Oficial do Munic\u00edpio (DOM) desta ter\u00e7a-feira, 27, algumas vias ser\u00e3o interditadas com barreiras.<\/p>\n<p>A mudan\u00e7a ser\u00e1 feita nos percursos que passam pelos bairros do Rio Vermelho, Piat\u00e3 e Itapu\u00e3, devido a Festa de Iemanj\u00e1, no dia 2 de fevereiro, e da Lavagem de Itapu\u00e3, que acontece no dia 5 de fevereiro.<\/p>\n<p>As altera\u00e7\u00f5es come\u00e7am a partir da noite de domingo, 1, e seguem at\u00e9 o dia 3 de fevereiro no Rio Vermelho e em Itapu\u00e3 elas permanecem durante todo dia 5, at\u00e9 a madrugada.<\/p>\n<p>Confira a lista de mudan\u00e7as:<\/p>\n<p>Festa de Iemanj\u00e1<\/p>\n<p>A partir das 19h do domingo, 1\u00ba, haver\u00e1 interdi\u00e7\u00e3o progressiva de uma faixa de tr\u00e1fego, causando com impactos na Avenida Presidente Costa e Silva, Avenida Centen\u00e1rio e Avenida Vasco da Gama. A partir das 23h30 do mesmo dia, haver\u00e1 interdi\u00e7\u00e3o no fluxo de ve\u00edculos na Avenida Vasco da Gama, na faixa esquerda da via que margeia o Dique, no trecho compreendido entre o im\u00f3vel n\u00ba 1049 (casa branca) e a loja Ninja Motos<\/p>\n<p>Os ve\u00edculos ser\u00e3o proibidos de estacionar das 20h do domingo \u00e0s 6h da ter\u00e7a-feira nas seguintes vias:<\/p>\n<p>Avenida Oce\u00e2nica, no trecho compreendido entre o Restaurante Sukiyaki e a sa\u00edda da Travessa Bartholomeu de Gusm\u00e3o; Rua Almirante Barroso, na Pra\u00e7a Marechal Arist\u00f3teles de Souza Dantas; Travessa Bartholomeu de Gusm\u00e3o; Rua Eurycles de Mattos; Rua da Paci\u00eancia; Travessa Prudente de Moraes; Largo de Santana; Rua Guedes Cabral; Rua Borges dos Reis; Rua Almerinda Dutra; Rua Jo\u00e3o Gomes; Rua Conselheiro Pedro Luiz; Largo da Mariquita; Avenida Cardeal da Silva, no trecho compreendido entre a Rua Almirante Barroso e a Rua Jos\u00e9 Taboada Vidal; Rua Vieira Lopes, nos dois trechos compreendidos entre a Cl\u00ednica AMO e a Rua Potiguares; Rua Odilon Santos; Rua do Meio; Travessa Bas\u00edlio de Magalh\u00e3es; Pra\u00e7a Brigadeiro Faria Rocha; Rua Marqu\u00eas de Monte Santo, no trecho entre a Pra\u00e7a Brigadeiro Faria Rocha e a Rua Barro Vermelho; Rua Dr. Ant\u00f4nio Queiroz Muniz; Rua Barro Vermelho; Rua do Mirante; Rua Oswaldo Cruz; Rua Professor Francisco da Concei\u00e7\u00e3o Menezes; Rua Nelson Gallo; Rua Archibaldo Baleeiro; Avenida Juracy Magalh\u00e3es J\u00fanior \/ Rua do Canal, em ambos os lados, no trecho entre a Rua Oswaldo Cruz e a Rua Potiguares; e Rua Belmonte, at\u00e9 a interse\u00e7\u00e3o com a Rua Marac\u00e1s.<\/p>\n<p>J\u00e1 entre \u00e0s 22h do dia 1\u00ba e 23h do dia 2, as seguintes vias ser\u00e3o interditadas:<\/p>\n<p>Rua da Paci\u00eancia, Travessa Prudente de Moraes, Largo de Santana, Rua Guedes Cabral, Rua Borges dos Reis, Rua Almerinda Dutra, Rua Jo\u00e3o Gomes, Rua Conselheiro Pedro Luiz, Largo da Mariquita, Avenida Cardeal da Silva, no trecho compreendido entre a Rua Almirante Barroso e a Rua Jos\u00e9 Taboada Vidal; Rua Vieira Lopes, nos dois trechos compreendidos entre a Cl\u00ednica AMO e a Rua Potiguares; Rua Odilon Santos, Rua do Meio, Rua Potiguares, Travessa Bas\u00edlio de Magalh\u00e3es, Pra\u00e7a Brigadeiro Faria Rocha, Rua Marqu\u00eas de Monte Santo, Rua Dr. Ant\u00f4nio Queiroz Muniz, Rua Barro Vermelho, Rua do Mirante, Rua Oswaldo Cruz e Avenida Juracy Magalh\u00e3es J\u00fanior, no trecho compreendido entre a Rua Oswaldo Cruz e a Rua Potiguares.<\/p>\n<p>Instala\u00e7\u00e3o de barreiras fixas, a partir das 20h:<\/p>\n<p>BF 01 &#8211; Rua Odilon Santos \/ Tv. Bas\u00edlio de Magalh\u00e3es;<\/p>\n<p>BF 02 &#8211; Rua Oswaldo Cruz \/ Rua Nelson Galo \/ entrada Rua Archibaldo Baleeiro;<\/p>\n<p>BF 03 &#8211; Rua Oswaldo Cruz \/ Sa\u00edda Rua Archibaldo Baleeiro;<\/p>\n<p>BF 04 &#8211; Rua Oswaldo Cruz \/ Tv. Bas\u00edlio de Magalh\u00e3es;<\/p>\n<p>BF 05 &#8211; Rua Oswaldo Cruz \/ Rua Potiguares;<\/p>\n<p>BF 06 &#8211; Largo da Mariquita \/ Av. Juracy Magalh\u00e3es Junior;<\/p>\n<p>BF 07 &#8211; Rua Ilh\u00e9us \/ Rua Vieira Lopes;<\/p>\n<p>BF 08 &#8211; Rua Conselheiro Pedro Luiz \/ Rua Vieira Lopes;<\/p>\n<p>BF 09 &#8211; Rua Conselheiro Pedro Luiz \/ Rua Canavieiras;<\/p>\n<p>BF 10 &#8211; Rua Conselheiro Pedro Luiz \/ Rua Alagoinhas;<\/p>\n<p>BF 11 &#8211; Rua Conselheiro Pedro Luiz \/ Rua Jos\u00e9 Taboada Vidal;<\/p>\n<p>BF 12 &#8211; Rua Conselheiro Pedro Luiz \/ retorno Rua Lucaia (canalizar o sentido Rua Lucaia);<\/p>\n<p>BF 13 &#8211; Av. Vasco da Gama \/ Av. Anita Garibaldi;<\/p>\n<p>BF 14 &#8211; Rua Lucaia retorno sob o complexo Rei Pel\u00e9 (se necess\u00e1rio);<\/p>\n<p>BF 15 &#8211; Rua Jo\u00e3o Gomes \/ Av. Cardeal da Silva;<\/p>\n<p>BF 16 &#8211; Rua da Paci\u00eancia \/ Tv. Prudente de Mor\u00e3es;<\/p>\n<p>BF 17 &#8211; Rua da Paci\u00eancia \/ Tv. Lydio Mesquita;<\/p>\n<p>BF 18 &#8211; Rua da Paci\u00eancia \/ Rua Almirante Barroso;<\/p>\n<p>BF 19 &#8211; Pra\u00e7a Marechal Arist\u00f3teles de Souza Dantas \/ Rua Alexandre de Gusm\u00e3o \/ Rua Almirante Barroso (minipalco);<\/p>\n<p>BF 20 &#8211; Av. Oce\u00e2nica \/ Rua da Paci\u00eancia (curva da Paci\u00eancia).<\/p>\n<p>Instala\u00e7\u00e3o de Barreiras Semifixas (BSF), a partir das 22h:<\/p>\n<p>BSF 01 &#8211; Rua Odilon Santos \/ Rua Monte Conselho;<\/p>\n<p>BSF 02 &#8211; Av. Cardeal da Silva \/ Tv. Prudente de Moraes;<\/p>\n<p>BSF 03 &#8211; Rua Almirante Barroso \/ Rua Odorico Odilon.<\/p>\n<p>O tr\u00e1fego ainda ser\u00e1 desviado em trechos da Avenida Oce\u00e2nica, Avenida Cardeal da Silva, Rua Oswaldo Cruz e Rua Conselheiro Pedro Luiz. O cruzamento da Avenida Cardeal da Silva com a Rua Coronel Jos\u00e9 Galdino de Souza ficar\u00e1 liberado apenas para \u00f4nibus, caminh\u00f5es e ve\u00edculos com mais de 6,5 metros de comprimento.<\/p>\n<p>Sentido duplo de tr\u00e1fego de ve\u00edculos, das 22h do dia 1\u00b0 \u00e0s 23h do dia 2, nas seguintes vias:<\/p>\n<p>Rua Nelson Gallo, Rua Archibaldo Baleeiro, Rua Marqu\u00eas de Monte Santo (no trecho compreendido entre a Rua Doutor Ant\u00f4nio Queiroz Muniz e a Rua Odilon Santos), Rua Odilon Santos (no trecho compreendido entre a Rua Monte Conselho e a Rua Marqu\u00eas de Monte Santo).<\/p>\n<p>Permiss\u00e3o de estacionamento de ve\u00edculos, na Av. Juracy Magalh\u00e3es Junior \/ Rua do Canal, apenas nos seguintes trechos:<\/p>\n<p>Ap\u00f3s a Rua Potiguares (Pontilh\u00e3o), sentido Shopping da Bahia, lado esquerdo da via ao longo do meio fio; Ap\u00f3s o Italo`s Food at\u00e9 a Pra\u00e7a Marqu\u00eas P\u00f4rto (Rua Juazeiro), no lado direito da via, sentido Rua Vieira Lopes.<\/p>\n<p>Instala\u00e7\u00e3o de Barreiras M\u00f3veis (BM), a partir das 6h do dia 2:<\/p>\n<p>BM 01 &#8211; Rua Oswaldo Cruz \/ Pra\u00e7a dos Capoeiristas;<\/p>\n<p>BM 02 &#8211; Rua Oswaldo Cruz \/ Rua Doutor Ant\u00f4nio Queiroz Muniz;<\/p>\n<p>BM 03 &#8211; Rua Marqu\u00eas de Monte Santo (in\u00edcio da m\u00e3o dupla);<\/p>\n<p>BM 04 &#8211; Rua Odilon Santos \/ Pra\u00e7a Brigadeiro Faria Rocha;<\/p>\n<p>BM 05 &#8211; Av. Juracy Magalh\u00e3es Junior \/ Rua Potiguares;<\/p>\n<p>BM 06 &#8211; Av. Juracy Magalh\u00e3es Junior (1\u00ba retorno);<\/p>\n<p>BM 07 &#8211; Av. Juracy Magalh\u00e3es Junior \/ Rua Vieira Lopes;<\/p>\n<p>BM 08 &#8211; Rua Conselheiro Pedro Luiz \/ Rua Ilh\u00e9us;<\/p>\n<p>BM 09 &#8211; Rua Conselheiro Pedro Luiz \/ Rua Lucaia;<\/p>\n<p>BM 10 &#8211; Av. Vasco da Gama \/ Av. Anita Garibaldi;<\/p>\n<p>BM 11 &#8211; Av. Cardeal da Silva \/ Rua Almirante Barroso;<\/p>\n<p>BM 12 &#8211; Av. Cardeal da Silva \/ Rua Cel. Jos\u00e9 Galdino de Souza (SEMOB);<\/p>\n<p>BM 13 &#8211; Rua da Paci\u00eancia \/ Rua Eurycles de Mattos.<\/p>\n<p>A opera\u00e7\u00e3o de carga e descarga nas vias interditadas ser\u00e1 permitida exclusivamente entre 0h e 8h do dia 2 de fevereiro.<\/p>\n<p>Lavagem de Itapu\u00e3<\/p>\n<p>A partir da meia-noite, haver\u00e1 proibi\u00e7\u00e3o de estacionamento na Rua Iemanj\u00e1, em Piat\u00e3, e na Rua Paulo Afonso Baqueiro, em Nova Bras\u00edlia de Itapu\u00e3. Na madrugada ser\u00e3o instaladas barreiras fixas em cruzamentos das avenidas Oct\u00e1vio Mangabeira e Dorival Caymmi, al\u00e9m de ruas do entorno da Pra\u00e7a Dorival Caymmi.<\/p>\n<p>Instala\u00e7\u00e3o de Barreiras Fixas (BF), a partir de 00h do dia 5 de fevereiro:<\/p>\n<p>BF 01 &#8211; Av. Oct\u00e1vio Mangabeira \/ Sa\u00edda do Estacionamento da Pra\u00e7a de Piat\u00e3;<\/p>\n<p>BF 02 &#8211; Av. Oct\u00e1vio Mangabeira \/ Rua Arist\u00f3teles da Costa Leal;<\/p>\n<p>BF 03 &#8211; Av. Oct\u00e1vio Mangabeira \/ Rua Jo\u00e3o da Silva R\u00eago;<\/p>\n<p>BF 04 &#8211; Av. Oct\u00e1vio Mangabeira \/ Pirambeba;<\/p>\n<p>BF 05 &#8211; Av. Oct\u00e1vio Mangabeira \/ Rua Albacora;<\/p>\n<p>BF 06 &#8211; Av. Oct\u00e1vio Mangabeira \/ Rua Sargento Renato Santos;<\/p>\n<p>BF 07 &#8211; Av. Oct\u00e1vio Mangabeira \/ Rua Beijupir\u00e1;<\/p>\n<p>BF 08 &#8211; Av. Oct\u00e1vio Mangabeira \/ Rua Palame;<\/p>\n<p>BF 09 &#8211; Av. Dorival Caymmi \/ Rua Genebaldo Figueredo &#8211; Hiper Boi;<\/p>\n<p>BF 10 &#8211; Av. Dorival Caymmi \/ Acesso a Rua Santo Amaro;<\/p>\n<p>BF 11 &#8211; Pra\u00e7a Dorival Caymmi \/ Rua Aristides M\u00edlton &#8211; Farm\u00e1cia Universal;<\/p>\n<p>BF 12 &#8211; Pra\u00e7a Dorival Caymmi \/ Rua do Tamarineiro &#8211; Ao lado da Igreja;<\/p>\n<p>BF 13 &#8211; Travessa Dorival Caymmi \/ Rua do Tamarineiro &#8211; Atr\u00e1s da Igreja;<\/p>\n<p>BF 14 &#8211; Rua Jo\u00e3o Peixe \/ Rua Aristides M\u00edlton;<\/p>\n<p>BF 15 &#8211; Rua Gravat\u00e1 \/ Travessa Genebaldo Figueiredo;<\/p>\n<p>BF 16 &#8211; Rua do Tamarineiro \/ Ladeira do Abaet\u00e9;<\/p>\n<p>BF 17 &#8211; Rua Aristides M\u00edlton \/ Pra\u00e7a Dorival Caymmi &#8211; A\u00e7a\u00ed Fruit Show.<\/p>\n<p>Instala\u00e7\u00e3o de Barreiras Semifixas (BSF):<\/p>\n<p>BSF 01 &#8211; Av. Dorival Caymmi \/ Rua 7 de Setembro de Itapu\u00e3;<\/p>\n<p>BSF 02 &#8211; Rua Aristides M\u00edlton \/ Ladeira do Abaet\u00e9;<\/p>\n<p>Instala\u00e7\u00e3o de Barreiras M\u00f3veis (BM):<\/p>\n<p>BM 01 &#8211; Av. Oct\u00e1vio Mangabeira \/ retorno sentido Av. Orlando Gomes &#8211; em frente ao Cond. Sol e Mar\u00e9);<\/p>\n<p>BM 02 &#8211; Av. Oct\u00e1vio Mangabeira \/ Entrada da Rua Iemanj\u00e1 (ap\u00f3s o Atacad\u00e3o);<\/p>\n<p>BM 03 &#8211; Rotat\u00f3ria da Av. Dorival Caymmi pr\u00f3ximo ao Banco do Brasil.<\/p>\n<p>Entre 6h e 19h, o tr\u00e1fego de ve\u00edculos ser\u00e1 proibido em trechos da Avenida Oct\u00e1vio Mangabeira, Pra\u00e7a da Sereia, Avenida Dorival Caymmi e Rua Aristides M\u00edlton. A Rua Iemanj\u00e1 tamb\u00e9m ter\u00e1 sentido \u00fanico e um trecho da Avenida Oct\u00e1vio Mangabeira funcionar\u00e1 em sentido duplo, no sentido Pituba.<\/p>\n<p>Devido \u00e0s mudan\u00e7as, os motoristas dever\u00e3o utilizar rotas alternativas, como as avenidas Paralela (Lu\u00eds Viana), Orlando Gomes, Oct\u00e1vio Mangabeira e Dorival Caymmi, dependendo do sentido do deslocamento.<\/p>\n<p>Entre 19h e 22h, haver\u00e1 uma proibi\u00e7\u00e3o de tr\u00e1fego e estacionamento em ruas do entorno da Pra\u00e7a Dorival Caymmi, com desvios espec\u00edficos para acesso a bairros e loteamentos da regi\u00e3o, tais como: Rua Aristides M\u00edlton, Pra\u00e7a Dorival Caymmi, Rua Genebaldo Figueiredo, Rua Jo\u00e3o do Peixe e Rua Arnaldo Francelino;<\/p>\n<p>Os ve\u00edculos que optarem pelo trecho interditado, com destino \u00e0 Rua Professor Souza Brito, Jardim Encantamento, Loteamento Pedra do Sal, Alameda da Praia e adjac\u00eancias, dever\u00e3o optar pela: Av. Dorival Caymmi, Rua Paulo Afonso Baqueiro, Ladeira do Mirante do Abaet\u00e9, Largo do Abaet\u00e9 e Ladeira do Abaet\u00e9.<\/p>\n<p>J\u00e1 os autom\u00f3veis que vierem da Rua Professor Souza Brito, com destino \u00e0 Nova Bras\u00edlia de Itapu\u00e3, ter\u00e3o como op\u00e7\u00e3o de tr\u00e1fego: Ladeira do Abaet\u00e9, Largo do Abaet\u00e9, Ladeira do Mirante, Rua Paulo Afonso Baqueiro e Av. Dorival Caymmi.<\/p>\n<p>&nbsp;<\/p>\n<p>Foto: Ilustrativa | Freepik<\/p>\n<p>&nbsp;<\/p>\n<p>&nbsp;<\/p>\n<p>&nbsp;<\/p>\n","protected":false},"excerpt":{"rendered":"<p>O tr\u00e2nsito de Salvador sofrer\u00e1 mudan\u00e7as na pr\u00f3xima semana. De acordo com informa\u00e7\u00f5es divulgadas no Di\u00e1rio Oficial do Munic\u00edpio (DOM) desta ter\u00e7a-feira, 27, algumas vias ser\u00e3o interditadas com barreiras. A mudan\u00e7a ser\u00e1 feita nos percursos que passam pelos bairros do Rio Vermelho, Piat\u00e3 e Itapu\u00e3, devido a Festa de Iemanj\u00e1, no dia 2 de fevereiro, [&hellip;]<\/p>\n","protected":false},"author":8,"featured_media":970373,"comment_status":"closed","ping_status":"closed","sticky":false,"template":"","format":"standard","meta":[],"categories":[3],"tags":[36997,43384,370,2803],"acf":[],"yoast_head":"<!-- This site is optimized with the Yoast SEO plugin v20.8 - https:\/\/yoast.com\/wordpress\/plugins\/seo\/ -->\n<title>TR\u00c2NSITO DE SALVADOR SER\u00c1 ALTERADO PARA FESTAS NA PR\u00d3XIMA SEMANA - Bahia Economica<\/title>\n<meta name=\"description\" content=\"O maior portal de Economia da Bahia ECONOMIA \/ POL\u00cdTICA Bahia Economica O tr\u00e2nsito de Salvador sofrer\u00e1 mudan\u00e7as na pr\u00f3xima semana.\" \/>\n<meta name=\"robots\" content=\"index, follow, max-snippet:-1, max-image-preview:large, max-video-preview:-1\" \/>\n<link rel=\"canonical\" href=\"https:\/\/bahiaeconomica.com.br\/wp\/2026\/01\/28\/transito-de-salvador-sera-alterado-para-festas-na-proxima-semana\/\" \/>\n<meta property=\"og:locale\" content=\"pt_BR\" \/>\n<meta property=\"og:type\" content=\"article\" \/>\n<meta property=\"og:title\" content=\"TR\u00c2NSITO DE SALVADOR SER\u00c1 ALTERADO PARA FESTAS NA PR\u00d3XIMA SEMANA - Bahia Economica\" \/>\n<meta property=\"og:description\" content=\"O maior portal de Economia da Bahia ECONOMIA \/ POL\u00cdTICA Bahia Economica O tr\u00e2nsito de Salvador sofrer\u00e1 mudan\u00e7as na pr\u00f3xima semana.\" \/>\n<meta property=\"og:url\" content=\"https:\/\/bahiaeconomica.com.br\/wp\/2026\/01\/28\/transito-de-salvador-sera-alterado-para-festas-na-proxima-semana\/\" \/>\n<meta property=\"og:site_name\" content=\"Bahia Economica\" \/>\n<meta property=\"article:publisher\" content=\"https:\/\/www.facebook.com\/bahiaeconomica\" \/>\n<meta property=\"article:published_time\" content=\"2026-01-28T11:40:54+00:00\" \/>\n<meta property=\"article:modified_time\" content=\"2026-01-28T11:30:00+00:00\" \/>\n<meta property=\"og:image\" content=\"https:\/\/bahiaeconomica.com.br\/wp\/wp-content\/uploads\/2026\/01\/Nova-regra-vai-mudar-o-transito-de-todo-o-Brasil-e0136663700202510311402-ScaleDownProportional.webp\" \/>\n\t<meta property=\"og:image:width\" content=\"1152\" \/>\n\t<meta property=\"og:image:height\" content=\"720\" \/>\n\t<meta property=\"og:image:type\" content=\"image\/webp\" \/>\n<meta name=\"author\" content=\"JP\" \/>\n<meta name=\"twitter:card\" content=\"summary_large_image\" \/>\n<meta name=\"twitter:label1\" content=\"Escrito por\" \/>\n\t<meta name=\"twitter:data1\" content=\"JP\" \/>\n\t<meta name=\"twitter:label2\" content=\"Est. tempo de leitura\" \/>\n\t<meta name=\"twitter:data2\" content=\"10 minutos\" \/>\n<script type=\"application\/ld+json\" class=\"yoast-schema-graph\">{\"@context\":\"https:\/\/schema.org\",\"@graph\":[{\"@type\":\"Article\",\"@id\":\"https:\/\/bahiaeconomica.com.br\/wp\/2026\/01\/28\/transito-de-salvador-sera-alterado-para-festas-na-proxima-semana\/#article\",\"isPartOf\":{\"@id\":\"https:\/\/bahiaeconomica.com.br\/wp\/2026\/01\/28\/transito-de-salvador-sera-alterado-para-festas-na-proxima-semana\/\"},\"author\":{\"name\":\"JP\",\"@id\":\"https:\/\/bahiaeconomica.com.br\/wp\/#\/schema\/person\/c86d3a3f8960425a0f9d0e5245991f4e\"},\"headline\":\"TR\u00c2NSITO DE SALVADOR SER\u00c1 ALTERADO PARA FESTAS NA PR\u00d3XIMA SEMANA\",\"datePublished\":\"2026-01-28T11:40:54+00:00\",\"dateModified\":\"2026-01-28T11:30:00+00:00\",\"mainEntityOfPage\":{\"@id\":\"https:\/\/bahiaeconomica.com.br\/wp\/2026\/01\/28\/transito-de-salvador-sera-alterado-para-festas-na-proxima-semana\/\"},\"wordCount\":1752,\"publisher\":{\"@id\":\"https:\/\/bahiaeconomica.com.br\/wp\/#organization\"},\"keywords\":[\"de Itapu\u00e3\",\"festa de Iemanj\u00e1 Iemanj\u00e1\",\"Itapu\u00e3\",\"lavagem\"],\"articleSection\":[\"ECONOMIA \/ POL\u00cdTICA\"],\"inLanguage\":\"pt-BR\"},{\"@type\":\"WebPage\",\"@id\":\"https:\/\/bahiaeconomica.com.br\/wp\/2026\/01\/28\/transito-de-salvador-sera-alterado-para-festas-na-proxima-semana\/\",\"url\":\"https:\/\/bahiaeconomica.com.br\/wp\/2026\/01\/28\/transito-de-salvador-sera-alterado-para-festas-na-proxima-semana\/\",\"name\":\"TR\u00c2NSITO DE SALVADOR SER\u00c1 ALTERADO PARA FESTAS NA PR\u00d3XIMA SEMANA - Bahia Economica\",\"isPartOf\":{\"@id\":\"https:\/\/bahiaeconomica.com.br\/wp\/#website\"},\"datePublished\":\"2026-01-28T11:40:54+00:00\",\"dateModified\":\"2026-01-28T11:30:00+00:00\",\"description\":\"O maior portal de Economia da Bahia ECONOMIA \/ POL\u00cdTICA Bahia Economica O tr\u00e2nsito de Salvador sofrer\u00e1 mudan\u00e7as na pr\u00f3xima semana.\",\"breadcrumb\":{\"@id\":\"https:\/\/bahiaeconomica.com.br\/wp\/2026\/01\/28\/transito-de-salvador-sera-alterado-para-festas-na-proxima-semana\/#breadcrumb\"},\"inLanguage\":\"pt-BR\",\"potentialAction\":[{\"@type\":\"ReadAction\",\"target\":[\"https:\/\/bahiaeconomica.com.br\/wp\/2026\/01\/28\/transito-de-salvador-sera-alterado-para-festas-na-proxima-semana\/\"]}]},{\"@type\":\"BreadcrumbList\",\"@id\":\"https:\/\/bahiaeconomica.com.br\/wp\/2026\/01\/28\/transito-de-salvador-sera-alterado-para-festas-na-proxima-semana\/#breadcrumb\",\"itemListElement\":[{\"@type\":\"ListItem\",\"position\":1,\"name\":\"In\u00edcio\",\"item\":\"https:\/\/bahiaeconomica.com.br\/wp\/\"},{\"@type\":\"ListItem\",\"position\":2,\"name\":\"TR\u00c2NSITO DE SALVADOR SER\u00c1 ALTERADO PARA FESTAS NA PR\u00d3XIMA SEMANA\"}]},{\"@type\":\"WebSite\",\"@id\":\"https:\/\/bahiaeconomica.com.br\/wp\/#website\",\"url\":\"https:\/\/bahiaeconomica.com.br\/wp\/\",\"name\":\"Bahia Economica\",\"description\":\"O maior portal de Economia da Bahia\",\"publisher\":{\"@id\":\"https:\/\/bahiaeconomica.com.br\/wp\/#organization\"},\"potentialAction\":[{\"@type\":\"SearchAction\",\"target\":{\"@type\":\"EntryPoint\",\"urlTemplate\":\"https:\/\/bahiaeconomica.com.br\/wp\/?s={search_term_string}\"},\"query-input\":\"required name=search_term_string\"}],\"inLanguage\":\"pt-BR\"},{\"@type\":\"Organization\",\"@id\":\"https:\/\/bahiaeconomica.com.br\/wp\/#organization\",\"name\":\"Bahia Econ\u00f4mica\",\"url\":\"https:\/\/bahiaeconomica.com.br\/wp\/\",\"logo\":{\"@type\":\"ImageObject\",\"inLanguage\":\"pt-BR\",\"@id\":\"https:\/\/bahiaeconomica.com.br\/wp\/#\/schema\/logo\/image\/\",\"url\":\"https:\/\/bahiaeconomica.com.br\/wp\/wp-content\/uploads\/2020\/12\/cropped-BE.png\",\"contentUrl\":\"https:\/\/bahiaeconomica.com.br\/wp\/wp-content\/uploads\/2020\/12\/cropped-BE.png\",\"width\":512,\"height\":512,\"caption\":\"Bahia Econ\u00f4mica\"},\"image\":{\"@id\":\"https:\/\/bahiaeconomica.com.br\/wp\/#\/schema\/logo\/image\/\"},\"sameAs\":[\"https:\/\/www.facebook.com\/bahiaeconomica\"]},{\"@type\":\"Person\",\"@id\":\"https:\/\/bahiaeconomica.com.br\/wp\/#\/schema\/person\/c86d3a3f8960425a0f9d0e5245991f4e\",\"name\":\"JP\",\"sameAs\":[\"https:\/\/bahiaeconomica.com.br\/wp\/beta\/\"],\"url\":\"https:\/\/bahiaeconomica.com.br\/wp\/author\/jp\/\"}]}<\/script>\n<!-- \/ Yoast SEO plugin. -->","yoast_head_json":{"title":"TR\u00c2NSITO DE SALVADOR SER\u00c1 ALTERADO PARA FESTAS NA PR\u00d3XIMA SEMANA - Bahia Economica","description":"O maior portal de Economia da Bahia ECONOMIA \/ POL\u00cdTICA Bahia Economica O tr\u00e2nsito de Salvador sofrer\u00e1 mudan\u00e7as na pr\u00f3xima semana.","robots":{"index":"index","follow":"follow","max-snippet":"max-snippet:-1","max-image-preview":"max-image-preview:large","max-video-preview":"max-video-preview:-1"},"canonical":"https:\/\/bahiaeconomica.com.br\/wp\/2026\/01\/28\/transito-de-salvador-sera-alterado-para-festas-na-proxima-semana\/","og_locale":"pt_BR","og_type":"article","og_title":"TR\u00c2NSITO DE SALVADOR SER\u00c1 ALTERADO PARA FESTAS NA PR\u00d3XIMA SEMANA - Bahia Economica","og_description":"O maior portal de Economia da Bahia ECONOMIA \/ POL\u00cdTICA Bahia Economica O tr\u00e2nsito de Salvador sofrer\u00e1 mudan\u00e7as na pr\u00f3xima semana.","og_url":"https:\/\/bahiaeconomica.com.br\/wp\/2026\/01\/28\/transito-de-salvador-sera-alterado-para-festas-na-proxima-semana\/","og_site_name":"Bahia Economica","article_publisher":"https:\/\/www.facebook.com\/bahiaeconomica","article_published_time":"2026-01-28T11:40:54+00:00","article_modified_time":"2026-01-28T11:30:00+00:00","og_image":[{"width":1152,"height":720,"url":"https:\/\/bahiaeconomica.com.br\/wp\/wp-content\/uploads\/2026\/01\/Nova-regra-vai-mudar-o-transito-de-todo-o-Brasil-e0136663700202510311402-ScaleDownProportional.webp","type":"image\/webp"}],"author":"JP","twitter_card":"summary_large_image","twitter_misc":{"Escrito por":"JP","Est. tempo de leitura":"10 minutos"},"schema":{"@context":"https:\/\/schema.org","@graph":[{"@type":"Article","@id":"https:\/\/bahiaeconomica.com.br\/wp\/2026\/01\/28\/transito-de-salvador-sera-alterado-para-festas-na-proxima-semana\/#article","isPartOf":{"@id":"https:\/\/bahiaeconomica.com.br\/wp\/2026\/01\/28\/transito-de-salvador-sera-alterado-para-festas-na-proxima-semana\/"},"author":{"name":"JP","@id":"https:\/\/bahiaeconomica.com.br\/wp\/#\/schema\/person\/c86d3a3f8960425a0f9d0e5245991f4e"},"headline":"TR\u00c2NSITO DE SALVADOR SER\u00c1 ALTERADO PARA FESTAS NA PR\u00d3XIMA SEMANA","datePublished":"2026-01-28T11:40:54+00:00","dateModified":"2026-01-28T11:30:00+00:00","mainEntityOfPage":{"@id":"https:\/\/bahiaeconomica.com.br\/wp\/2026\/01\/28\/transito-de-salvador-sera-alterado-para-festas-na-proxima-semana\/"},"wordCount":1752,"publisher":{"@id":"https:\/\/bahiaeconomica.com.br\/wp\/#organization"},"keywords":["de Itapu\u00e3","festa de Iemanj\u00e1 Iemanj\u00e1","Itapu\u00e3","lavagem"],"articleSection":["ECONOMIA \/ POL\u00cdTICA"],"inLanguage":"pt-BR"},{"@type":"WebPage","@id":"https:\/\/bahiaeconomica.com.br\/wp\/2026\/01\/28\/transito-de-salvador-sera-alterado-para-festas-na-proxima-semana\/","url":"https:\/\/bahiaeconomica.com.br\/wp\/2026\/01\/28\/transito-de-salvador-sera-alterado-para-festas-na-proxima-semana\/","name":"TR\u00c2NSITO DE SALVADOR SER\u00c1 ALTERADO PARA FESTAS NA PR\u00d3XIMA SEMANA - Bahia Economica","isPartOf":{"@id":"https:\/\/bahiaeconomica.com.br\/wp\/#website"},"datePublished":"2026-01-28T11:40:54+00:00","dateModified":"2026-01-28T11:30:00+00:00","description":"O maior portal de Economia da Bahia ECONOMIA \/ POL\u00cdTICA Bahia Economica O tr\u00e2nsito de Salvador sofrer\u00e1 mudan\u00e7as na pr\u00f3xima semana.","breadcrumb":{"@id":"https:\/\/bahiaeconomica.com.br\/wp\/2026\/01\/28\/transito-de-salvador-sera-alterado-para-festas-na-proxima-semana\/#breadcrumb"},"inLanguage":"pt-BR","potentialAction":[{"@type":"ReadAction","target":["https:\/\/bahiaeconomica.com.br\/wp\/2026\/01\/28\/transito-de-salvador-sera-alterado-para-festas-na-proxima-semana\/"]}]},{"@type":"BreadcrumbList","@id":"https:\/\/bahiaeconomica.com.br\/wp\/2026\/01\/28\/transito-de-salvador-sera-alterado-para-festas-na-proxima-semana\/#breadcrumb","itemListElement":[{"@type":"ListItem","position":1,"name":"In\u00edcio","item":"https:\/\/bahiaeconomica.com.br\/wp\/"},{"@type":"ListItem","position":2,"name":"TR\u00c2NSITO DE SALVADOR SER\u00c1 ALTERADO PARA FESTAS NA PR\u00d3XIMA SEMANA"}]},{"@type":"WebSite","@id":"https:\/\/bahiaeconomica.com.br\/wp\/#website","url":"https:\/\/bahiaeconomica.com.br\/wp\/","name":"Bahia Economica","description":"O maior portal de Economia da Bahia","publisher":{"@id":"https:\/\/bahiaeconomica.com.br\/wp\/#organization"},"potentialAction":[{"@type":"SearchAction","target":{"@type":"EntryPoint","urlTemplate":"https:\/\/bahiaeconomica.com.br\/wp\/?s={search_term_string}"},"query-input":"required name=search_term_string"}],"inLanguage":"pt-BR"},{"@type":"Organization","@id":"https:\/\/bahiaeconomica.com.br\/wp\/#organization","name":"Bahia Econ\u00f4mica","url":"https:\/\/bahiaeconomica.com.br\/wp\/","logo":{"@type":"ImageObject","inLanguage":"pt-BR","@id":"https:\/\/bahiaeconomica.com.br\/wp\/#\/schema\/logo\/image\/","url":"https:\/\/bahiaeconomica.com.br\/wp\/wp-content\/uploads\/2020\/12\/cropped-BE.png","contentUrl":"https:\/\/bahiaeconomica.com.br\/wp\/wp-content\/uploads\/2020\/12\/cropped-BE.png","width":512,"height":512,"caption":"Bahia Econ\u00f4mica"},"image":{"@id":"https:\/\/bahiaeconomica.com.br\/wp\/#\/schema\/logo\/image\/"},"sameAs":["https:\/\/www.facebook.com\/bahiaeconomica"]},{"@type":"Person","@id":"https:\/\/bahiaeconomica.com.br\/wp\/#\/schema\/person\/c86d3a3f8960425a0f9d0e5245991f4e","name":"JP","sameAs":["https:\/\/bahiaeconomica.com.br\/wp\/beta\/"],"url":"https:\/\/bahiaeconomica.com.br\/wp\/author\/jp\/"}]}},"views":68,"_links":{"self":[{"href":"https:\/\/bahiaeconomica.com.br\/wp\/wp-json\/wp\/v2\/posts\/970372"}],"collection":[{"href":"https:\/\/bahiaeconomica.com.br\/wp\/wp-json\/wp\/v2\/posts"}],"about":[{"href":"https:\/\/bahiaeconomica.com.br\/wp\/wp-json\/wp\/v2\/types\/post"}],"author":[{"embeddable":true,"href":"https:\/\/bahiaeconomica.com.br\/wp\/wp-json\/wp\/v2\/users\/8"}],"replies":[{"embeddable":true,"href":"https:\/\/bahiaeconomica.com.br\/wp\/wp-json\/wp\/v2\/comments?post=970372"}],"version-history":[{"count":1,"href":"https:\/\/bahiaeconomica.com.br\/wp\/wp-json\/wp\/v2\/posts\/970372\/revisions"}],"predecessor-version":[{"id":970374,"href":"https:\/\/bahiaeconomica.com.br\/wp\/wp-json\/wp\/v2\/posts\/970372\/revisions\/970374"}],"wp:featuredmedia":[{"embeddable":true,"href":"https:\/\/bahiaeconomica.com.br\/wp\/wp-json\/wp\/v2\/media\/970373"}],"wp:attachment":[{"href":"https:\/\/bahiaeconomica.com.br\/wp\/wp-json\/wp\/v2\/media?parent=970372"}],"wp:term":[{"taxonomy":"category","embeddable":true,"href":"https:\/\/bahiaeconomica.com.br\/wp\/wp-json\/wp\/v2\/categories?post=970372"},{"taxonomy":"post_tag","embeddable":true,"href":"https:\/\/bahiaeconomica.com.br\/wp\/wp-json\/wp\/v2\/tags?post=970372"}],"curies":[{"name":"wp","href":"https:\/\/api.w.org\/{rel}","templated":true}]}}