{"id":970303,"date":"2026-01-27T18:59:26","date_gmt":"2026-01-27T21:59:26","guid":{"rendered":"https:\/\/bahiaeconomica.com.br\/wp\/?p=970303"},"modified":"2026-01-27T18:46:08","modified_gmt":"2026-01-27T21:46:08","slug":"vlt-de-salvador-governo-inicia-instalacao-de-trilhos-no-trecho-paripe-aguas-claras-confira","status":"publish","type":"post","link":"https:\/\/bahiaeconomica.com.br\/wp\/2026\/01\/27\/vlt-de-salvador-governo-inicia-instalacao-de-trilhos-no-trecho-paripe-aguas-claras-confira\/","title":{"rendered":"VLT DE SALVADOR: GOVERNO INICIA INSTALA\u00c7\u00c3O DE TRILHOS NO TRECHO PARIPE-\u00c1GUAS CLARAS; CONFIRA"},"content":{"rendered":"<p>O governador Jer\u00f4nimo Rodrigues visitou, nesta ter\u00e7a-feira (27), o canteiro de obras do VLT de Salvador e acompanhou o in\u00edcio da implanta\u00e7\u00e3o da via permanente no Trecho 2 do sistema, com o assentamento dos primeiros metros de trilhos definitivos. O avan\u00e7o marca uma fase-chave do projeto, representando a transi\u00e7\u00e3o das frentes de obras civis para a configura\u00e7\u00e3o final do modal ferrovi\u00e1rio.<\/p>\n<h3 data-start=\"606\" data-end=\"648\">Avan\u00e7o das obras e chegada dos trens<\/h3>\n<p data-start=\"649\" data-end=\"1103\">Durante a visita, Jer\u00f4nimo Rodrigues destacou a evolu\u00e7\u00e3o do projeto e a chegada dos primeiros trens que integrar\u00e3o o sistema.<br data-start=\"774\" data-end=\"777\" \/>\u201cJ\u00e1 temos dois trens em Salvador e, ao longo de 2026, outros quase 20 trens v\u00e3o chegar para que possamos realizar os testes e colocar o VLT em funcionamento. A obra segue em ritmo acelerado, com tecnologia, responsabilidade ambiental e di\u00e1logo com a popula\u00e7\u00e3o, garantindo um sistema de mobilidade moderno e seguro\u201d, afirmou.<\/p>\n<p data-start=\"1105\" data-end=\"1380\">O Trecho 2 iniciou a instala\u00e7\u00e3o de 200 metros de via definitiva, em pista dupla, divididos em quatro segmentos de 50 metros. Os trabalhos seguem uma sequ\u00eancia t\u00e9cnica detalhada, incluindo a montagem de placas de concreto pr\u00e9-moldadas e o posicionamento dos trilhos.<\/p>\n<p data-start=\"1382\" data-end=\"1437\">A execu\u00e7\u00e3o do VLT est\u00e1 estruturada em tr\u00eas lotes:<\/p>\n<ul>\n<li data-start=\"1440\" data-end=\"1466\">Lote 1: R$ 801,4 milh\u00f5es<\/li>\n<li data-start=\"1469\" data-end=\"1493\">Lote 2: R$ 395 milh\u00f5es<\/li>\n<li data-start=\"1496\" data-end=\"1521\">Lote 3: R$ 19,1 milh\u00f5es<\/li>\n<\/ul>\n<p data-start=\"1523\" data-end=\"1753\">Segundo o presidente da Companhia de Transportes do Estado da Bahia (CTB), Eracy Lafuente, o in\u00edcio da via permanente comprova o avan\u00e7o concreto do empreendimento e refor\u00e7a o compromisso com planejamento e rigor t\u00e9cnico.<\/p>\n<p data-start=\"1755\" data-end=\"2091\">A secret\u00e1ria de Desenvolvimento Urbano, Jusmari Oliveira, destacou que essa fase prepara o Trecho 2 para etapas seguintes, como a implanta\u00e7\u00e3o dos sistemas, testes operacionais e a futura entrada em funcionamento do VLT. \u201cCada avan\u00e7o nos aproxima de um transporte mais eficiente, integrado e sustent\u00e1vel para a popula\u00e7\u00e3o\u201d, afirmou.<\/p>\n<p data-start=\"2093\" data-end=\"2117\"><strong>Situa\u00e7\u00e3o das obras<\/strong><\/p>\n<p data-start=\"2118\" data-end=\"2664\">No Trecho 1, mais de 50% das obras foram conclu\u00eddas, com 21 km de via permanente implantados e 4 km energizados entre a Cal\u00e7ada e o Lobato. O P\u00e1tio de Manuten\u00e7\u00e3o da Cal\u00e7ada encontra-se em est\u00e1gio avan\u00e7ado, enquanto o P\u00e1tio de Periperi continua em execu\u00e7\u00e3o. Tamb\u00e9m est\u00e3o em andamento a revitaliza\u00e7\u00e3o da Esta\u00e7\u00e3o Cal\u00e7ada, a constru\u00e7\u00e3o de paradas, da Unidade de Beneficiamento de Pescados em S\u00e3o Jo\u00e3o do Cabrito, e do Mercado S\u00e3o Br\u00e1s do Sub\u00farbio, em Plataforma, al\u00e9m de interven\u00e7\u00f5es de macrodrenagem e recupera\u00e7\u00e3o da Ponte de S\u00e3o Jo\u00e3o.<\/p>\n<p data-start=\"2666\" data-end=\"3069\">No Trecho 2, al\u00e9m do in\u00edcio da via permanente, seguem a duplica\u00e7\u00e3o da BA-528 (Estrada do Derba), a constru\u00e7\u00e3o do viaduto sobre a BR-324 e a implanta\u00e7\u00e3o da Passagem Inferior do Hospital do Sub\u00farbio. A requalifica\u00e7\u00e3o da Estrada do Derba, corredor estrat\u00e9gico para mobilidade urbana e escoamento de cargas ao Porto de Salvador, tem previs\u00e3o de entrega para o segundo semestre de 2026.<\/p>\n<p data-start=\"2666\" data-end=\"3069\">Foto: Thuane Maria\/GOVBA<\/p>\n","protected":false},"excerpt":{"rendered":"<p>O governador Jer\u00f4nimo Rodrigues visitou, nesta ter\u00e7a-feira (27), o canteiro de obras do VLT de Salvador e acompanhou o in\u00edcio da implanta\u00e7\u00e3o da via permanente no Trecho 2 do sistema, com o assentamento dos primeiros metros de trilhos definitivos. O avan\u00e7o marca uma fase-chave do projeto, representando a transi\u00e7\u00e3o das frentes de obras civis para [&hellip;]<\/p>\n","protected":false},"author":24,"featured_media":970304,"comment_status":"closed","ping_status":"closed","sticky":false,"template":"","format":"standard","meta":[],"categories":[14,5],"tags":[14387,2054,3045,2315],"acf":[],"yoast_head":"<!-- This site is optimized with the Yoast SEO plugin v20.8 - https:\/\/yoast.com\/wordpress\/plugins\/seo\/ -->\n<title>VLT DE SALVADOR: GOVERNO INICIA INSTALA\u00c7\u00c3O DE TRILHOS NO TRECHO PARIPE-\u00c1GUAS CLARAS; CONFIRA - Bahia Economica O governador Jer\u00f4nimo Rodrigues visitou, nesta ter\u00e7a-feira (27), o canteiro de obras do VLT de Salvador e acompanhou o in\u00edcio da implanta\u00e7\u00e3o da via permanente no Trecho 2 do sistema, com o assentamento dos primeiros metros de trilhos definitivos.<\/title>\n<meta name=\"description\" content=\"O maior portal de Economia da Bahia DESTAQUE DO DIA, MUNIC\u00cdPIOS Bahia Economica O governador Jer\u00f4nimo Rodrigues visitou, nesta ter\u00e7a-feira (27), o canteiro de obras do VLT de Salvador e acompanhou o in\u00edcio da implanta\u00e7\u00e3o da via permanente no Trecho 2 do sistema, com o assentamento dos primeiros metros de trilhos definitivos.\" \/>\n<meta name=\"robots\" content=\"index, follow, max-snippet:-1, max-image-preview:large, max-video-preview:-1\" \/>\n<link rel=\"canonical\" href=\"https:\/\/bahiaeconomica.com.br\/wp\/2026\/01\/27\/vlt-de-salvador-governo-inicia-instalacao-de-trilhos-no-trecho-paripe-aguas-claras-confira\/\" \/>\n<meta property=\"og:locale\" content=\"pt_BR\" \/>\n<meta property=\"og:type\" content=\"article\" \/>\n<meta property=\"og:title\" content=\"VLT DE SALVADOR: GOVERNO INICIA INSTALA\u00c7\u00c3O DE TRILHOS NO TRECHO PARIPE-\u00c1GUAS CLARAS; CONFIRA - Bahia Economica O governador Jer\u00f4nimo Rodrigues visitou, nesta ter\u00e7a-feira (27), o canteiro de obras do VLT de Salvador e acompanhou o in\u00edcio da implanta\u00e7\u00e3o da via permanente no Trecho 2 do sistema, com o assentamento dos primeiros metros de trilhos definitivos.\" \/>\n<meta property=\"og:description\" content=\"O maior portal de Economia da Bahia DESTAQUE DO DIA, MUNIC\u00cdPIOS Bahia Economica O governador Jer\u00f4nimo Rodrigues visitou, nesta ter\u00e7a-feira (27), o canteiro de obras do VLT de Salvador e acompanhou o in\u00edcio da implanta\u00e7\u00e3o da via permanente no Trecho 2 do sistema, com o assentamento dos primeiros metros de trilhos definitivos.\" \/>\n<meta property=\"og:url\" content=\"https:\/\/bahiaeconomica.com.br\/wp\/2026\/01\/27\/vlt-de-salvador-governo-inicia-instalacao-de-trilhos-no-trecho-paripe-aguas-claras-confira\/\" \/>\n<meta property=\"og:site_name\" content=\"Bahia Economica\" \/>\n<meta property=\"article:publisher\" content=\"https:\/\/www.facebook.com\/bahiaeconomica\" \/>\n<meta property=\"article:published_time\" content=\"2026-01-27T21:59:26+00:00\" \/>\n<meta property=\"article:modified_time\" content=\"2026-01-27T21:46:08+00:00\" \/>\n<meta property=\"og:image\" content=\"https:\/\/bahiaeconomica.com.br\/wp\/wp-content\/uploads\/2026\/01\/176857vlt-de-salvador-governo-inicia-instalacao-de-trilhos-no-trecho-paripe-aguas-claras-3.jpg\" \/>\n\t<meta property=\"og:image:width\" content=\"1600\" \/>\n\t<meta property=\"og:image:height\" content=\"752\" \/>\n\t<meta property=\"og:image:type\" content=\"image\/jpeg\" \/>\n<meta name=\"author\" content=\"VICTOR OLIVEIRA\" \/>\n<meta name=\"twitter:card\" content=\"summary_large_image\" \/>\n<meta name=\"twitter:label1\" content=\"Escrito por\" \/>\n\t<meta name=\"twitter:data1\" content=\"VICTOR OLIVEIRA\" \/>\n\t<meta name=\"twitter:label2\" content=\"Est. tempo de leitura\" \/>\n\t<meta name=\"twitter:data2\" content=\"3 minutos\" \/>\n<script type=\"application\/ld+json\" class=\"yoast-schema-graph\">{\"@context\":\"https:\/\/schema.org\",\"@graph\":[{\"@type\":\"Article\",\"@id\":\"https:\/\/bahiaeconomica.com.br\/wp\/2026\/01\/27\/vlt-de-salvador-governo-inicia-instalacao-de-trilhos-no-trecho-paripe-aguas-claras-confira\/#article\",\"isPartOf\":{\"@id\":\"https:\/\/bahiaeconomica.com.br\/wp\/2026\/01\/27\/vlt-de-salvador-governo-inicia-instalacao-de-trilhos-no-trecho-paripe-aguas-claras-confira\/\"},\"author\":{\"name\":\"VICTOR OLIVEIRA\",\"@id\":\"https:\/\/bahiaeconomica.com.br\/wp\/#\/schema\/person\/a17956d0e1112b626f403fb06b8129a9\"},\"headline\":\"VLT DE SALVADOR: GOVERNO INICIA INSTALA\u00c7\u00c3O DE TRILHOS NO TRECHO PARIPE-\u00c1GUAS CLARAS; CONFIRA\",\"datePublished\":\"2026-01-27T21:59:26+00:00\",\"dateModified\":\"2026-01-27T21:46:08+00:00\",\"mainEntityOfPage\":{\"@id\":\"https:\/\/bahiaeconomica.com.br\/wp\/2026\/01\/27\/vlt-de-salvador-governo-inicia-instalacao-de-trilhos-no-trecho-paripe-aguas-claras-confira\/\"},\"wordCount\":513,\"publisher\":{\"@id\":\"https:\/\/bahiaeconomica.com.br\/wp\/#organization\"},\"keywords\":[\"\u00c1guas Claras\",\"paripe\",\"trecho\",\"vlt\"],\"articleSection\":[\"DESTAQUE DO DIA\",\"MUNIC\u00cdPIOS\"],\"inLanguage\":\"pt-BR\"},{\"@type\":\"WebPage\",\"@id\":\"https:\/\/bahiaeconomica.com.br\/wp\/2026\/01\/27\/vlt-de-salvador-governo-inicia-instalacao-de-trilhos-no-trecho-paripe-aguas-claras-confira\/\",\"url\":\"https:\/\/bahiaeconomica.com.br\/wp\/2026\/01\/27\/vlt-de-salvador-governo-inicia-instalacao-de-trilhos-no-trecho-paripe-aguas-claras-confira\/\",\"name\":\"VLT DE SALVADOR: GOVERNO INICIA INSTALA\u00c7\u00c3O DE TRILHOS NO TRECHO PARIPE-\u00c1GUAS CLARAS; CONFIRA - Bahia Economica O governador Jer\u00f4nimo Rodrigues visitou, nesta ter\u00e7a-feira (27), o canteiro de obras do VLT de Salvador e acompanhou o in\u00edcio da implanta\u00e7\u00e3o da via permanente no Trecho 2 do sistema, com o assentamento dos primeiros metros de trilhos definitivos.\",\"isPartOf\":{\"@id\":\"https:\/\/bahiaeconomica.com.br\/wp\/#website\"},\"datePublished\":\"2026-01-27T21:59:26+00:00\",\"dateModified\":\"2026-01-27T21:46:08+00:00\",\"description\":\"O maior portal de Economia da Bahia DESTAQUE DO DIA, MUNIC\u00cdPIOS Bahia Economica O governador Jer\u00f4nimo Rodrigues visitou, nesta ter\u00e7a-feira (27), o canteiro de obras do VLT de Salvador e acompanhou o in\u00edcio da implanta\u00e7\u00e3o da via permanente no Trecho 2 do sistema, com o assentamento dos primeiros metros de trilhos definitivos.\",\"breadcrumb\":{\"@id\":\"https:\/\/bahiaeconomica.com.br\/wp\/2026\/01\/27\/vlt-de-salvador-governo-inicia-instalacao-de-trilhos-no-trecho-paripe-aguas-claras-confira\/#breadcrumb\"},\"inLanguage\":\"pt-BR\",\"potentialAction\":[{\"@type\":\"ReadAction\",\"target\":[\"https:\/\/bahiaeconomica.com.br\/wp\/2026\/01\/27\/vlt-de-salvador-governo-inicia-instalacao-de-trilhos-no-trecho-paripe-aguas-claras-confira\/\"]}]},{\"@type\":\"BreadcrumbList\",\"@id\":\"https:\/\/bahiaeconomica.com.br\/wp\/2026\/01\/27\/vlt-de-salvador-governo-inicia-instalacao-de-trilhos-no-trecho-paripe-aguas-claras-confira\/#breadcrumb\",\"itemListElement\":[{\"@type\":\"ListItem\",\"position\":1,\"name\":\"In\u00edcio\",\"item\":\"https:\/\/bahiaeconomica.com.br\/wp\/\"},{\"@type\":\"ListItem\",\"position\":2,\"name\":\"VLT DE SALVADOR: GOVERNO INICIA INSTALA\u00c7\u00c3O DE TRILHOS NO TRECHO PARIPE-\u00c1GUAS CLARAS; CONFIRA\"}]},{\"@type\":\"WebSite\",\"@id\":\"https:\/\/bahiaeconomica.com.br\/wp\/#website\",\"url\":\"https:\/\/bahiaeconomica.com.br\/wp\/\",\"name\":\"Bahia Economica\",\"description\":\"O maior portal de Economia da Bahia\",\"publisher\":{\"@id\":\"https:\/\/bahiaeconomica.com.br\/wp\/#organization\"},\"potentialAction\":[{\"@type\":\"SearchAction\",\"target\":{\"@type\":\"EntryPoint\",\"urlTemplate\":\"https:\/\/bahiaeconomica.com.br\/wp\/?s={search_term_string}\"},\"query-input\":\"required name=search_term_string\"}],\"inLanguage\":\"pt-BR\"},{\"@type\":\"Organization\",\"@id\":\"https:\/\/bahiaeconomica.com.br\/wp\/#organization\",\"name\":\"Bahia Econ\u00f4mica\",\"url\":\"https:\/\/bahiaeconomica.com.br\/wp\/\",\"logo\":{\"@type\":\"ImageObject\",\"inLanguage\":\"pt-BR\",\"@id\":\"https:\/\/bahiaeconomica.com.br\/wp\/#\/schema\/logo\/image\/\",\"url\":\"https:\/\/bahiaeconomica.com.br\/wp\/wp-content\/uploads\/2020\/12\/cropped-BE.png\",\"contentUrl\":\"https:\/\/bahiaeconomica.com.br\/wp\/wp-content\/uploads\/2020\/12\/cropped-BE.png\",\"width\":512,\"height\":512,\"caption\":\"Bahia Econ\u00f4mica\"},\"image\":{\"@id\":\"https:\/\/bahiaeconomica.com.br\/wp\/#\/schema\/logo\/image\/\"},\"sameAs\":[\"https:\/\/www.facebook.com\/bahiaeconomica\"]},{\"@type\":\"Person\",\"@id\":\"https:\/\/bahiaeconomica.com.br\/wp\/#\/schema\/person\/a17956d0e1112b626f403fb06b8129a9\",\"name\":\"VICTOR OLIVEIRA\",\"sameAs\":[\"http:\/\/www.bahiaeconomica.com.br\"],\"url\":\"https:\/\/bahiaeconomica.com.br\/wp\/author\/victor-oliveira\/\"}]}<\/script>\n<!-- \/ Yoast SEO plugin. -->","yoast_head_json":{"title":"VLT DE SALVADOR: GOVERNO INICIA INSTALA\u00c7\u00c3O DE TRILHOS NO TRECHO PARIPE-\u00c1GUAS CLARAS; CONFIRA - Bahia Economica O governador Jer\u00f4nimo Rodrigues visitou, nesta ter\u00e7a-feira (27), o canteiro de obras do VLT de Salvador e acompanhou o in\u00edcio da implanta\u00e7\u00e3o da via permanente no Trecho 2 do sistema, com o assentamento dos primeiros metros de trilhos definitivos.","description":"O maior portal de Economia da Bahia DESTAQUE DO DIA, MUNIC\u00cdPIOS Bahia Economica O governador Jer\u00f4nimo Rodrigues visitou, nesta ter\u00e7a-feira (27), o canteiro de obras do VLT de Salvador e acompanhou o in\u00edcio da implanta\u00e7\u00e3o da via permanente no Trecho 2 do sistema, com o assentamento dos primeiros metros de trilhos definitivos.","robots":{"index":"index","follow":"follow","max-snippet":"max-snippet:-1","max-image-preview":"max-image-preview:large","max-video-preview":"max-video-preview:-1"},"canonical":"https:\/\/bahiaeconomica.com.br\/wp\/2026\/01\/27\/vlt-de-salvador-governo-inicia-instalacao-de-trilhos-no-trecho-paripe-aguas-claras-confira\/","og_locale":"pt_BR","og_type":"article","og_title":"VLT DE SALVADOR: GOVERNO INICIA INSTALA\u00c7\u00c3O DE TRILHOS NO TRECHO PARIPE-\u00c1GUAS CLARAS; CONFIRA - Bahia Economica O governador Jer\u00f4nimo Rodrigues visitou, nesta ter\u00e7a-feira (27), o canteiro de obras do VLT de Salvador e acompanhou o in\u00edcio da implanta\u00e7\u00e3o da via permanente no Trecho 2 do sistema, com o assentamento dos primeiros metros de trilhos definitivos.","og_description":"O maior portal de Economia da Bahia DESTAQUE DO DIA, MUNIC\u00cdPIOS Bahia Economica O governador Jer\u00f4nimo Rodrigues visitou, nesta ter\u00e7a-feira (27), o canteiro de obras do VLT de Salvador e acompanhou o in\u00edcio da implanta\u00e7\u00e3o da via permanente no Trecho 2 do sistema, com o assentamento dos primeiros metros de trilhos definitivos.","og_url":"https:\/\/bahiaeconomica.com.br\/wp\/2026\/01\/27\/vlt-de-salvador-governo-inicia-instalacao-de-trilhos-no-trecho-paripe-aguas-claras-confira\/","og_site_name":"Bahia Economica","article_publisher":"https:\/\/www.facebook.com\/bahiaeconomica","article_published_time":"2026-01-27T21:59:26+00:00","article_modified_time":"2026-01-27T21:46:08+00:00","og_image":[{"width":1600,"height":752,"url":"https:\/\/bahiaeconomica.com.br\/wp\/wp-content\/uploads\/2026\/01\/176857vlt-de-salvador-governo-inicia-instalacao-de-trilhos-no-trecho-paripe-aguas-claras-3.jpg","type":"image\/jpeg"}],"author":"VICTOR OLIVEIRA","twitter_card":"summary_large_image","twitter_misc":{"Escrito por":"VICTOR OLIVEIRA","Est. tempo de leitura":"3 minutos"},"schema":{"@context":"https:\/\/schema.org","@graph":[{"@type":"Article","@id":"https:\/\/bahiaeconomica.com.br\/wp\/2026\/01\/27\/vlt-de-salvador-governo-inicia-instalacao-de-trilhos-no-trecho-paripe-aguas-claras-confira\/#article","isPartOf":{"@id":"https:\/\/bahiaeconomica.com.br\/wp\/2026\/01\/27\/vlt-de-salvador-governo-inicia-instalacao-de-trilhos-no-trecho-paripe-aguas-claras-confira\/"},"author":{"name":"VICTOR OLIVEIRA","@id":"https:\/\/bahiaeconomica.com.br\/wp\/#\/schema\/person\/a17956d0e1112b626f403fb06b8129a9"},"headline":"VLT DE SALVADOR: GOVERNO INICIA INSTALA\u00c7\u00c3O DE TRILHOS NO TRECHO PARIPE-\u00c1GUAS CLARAS; CONFIRA","datePublished":"2026-01-27T21:59:26+00:00","dateModified":"2026-01-27T21:46:08+00:00","mainEntityOfPage":{"@id":"https:\/\/bahiaeconomica.com.br\/wp\/2026\/01\/27\/vlt-de-salvador-governo-inicia-instalacao-de-trilhos-no-trecho-paripe-aguas-claras-confira\/"},"wordCount":513,"publisher":{"@id":"https:\/\/bahiaeconomica.com.br\/wp\/#organization"},"keywords":["\u00c1guas Claras","paripe","trecho","vlt"],"articleSection":["DESTAQUE DO DIA","MUNIC\u00cdPIOS"],"inLanguage":"pt-BR"},{"@type":"WebPage","@id":"https:\/\/bahiaeconomica.com.br\/wp\/2026\/01\/27\/vlt-de-salvador-governo-inicia-instalacao-de-trilhos-no-trecho-paripe-aguas-claras-confira\/","url":"https:\/\/bahiaeconomica.com.br\/wp\/2026\/01\/27\/vlt-de-salvador-governo-inicia-instalacao-de-trilhos-no-trecho-paripe-aguas-claras-confira\/","name":"VLT DE SALVADOR: GOVERNO INICIA INSTALA\u00c7\u00c3O DE TRILHOS NO TRECHO PARIPE-\u00c1GUAS CLARAS; CONFIRA - Bahia Economica O governador Jer\u00f4nimo Rodrigues visitou, nesta ter\u00e7a-feira (27), o canteiro de obras do VLT de Salvador e acompanhou o in\u00edcio da implanta\u00e7\u00e3o da via permanente no Trecho 2 do sistema, com o assentamento dos primeiros metros de trilhos definitivos.","isPartOf":{"@id":"https:\/\/bahiaeconomica.com.br\/wp\/#website"},"datePublished":"2026-01-27T21:59:26+00:00","dateModified":"2026-01-27T21:46:08+00:00","description":"O maior portal de Economia da Bahia DESTAQUE DO DIA, MUNIC\u00cdPIOS Bahia Economica O governador Jer\u00f4nimo Rodrigues visitou, nesta ter\u00e7a-feira (27), o canteiro de obras do VLT de Salvador e acompanhou o in\u00edcio da implanta\u00e7\u00e3o da via permanente no Trecho 2 do sistema, com o assentamento dos primeiros metros de trilhos definitivos.","breadcrumb":{"@id":"https:\/\/bahiaeconomica.com.br\/wp\/2026\/01\/27\/vlt-de-salvador-governo-inicia-instalacao-de-trilhos-no-trecho-paripe-aguas-claras-confira\/#breadcrumb"},"inLanguage":"pt-BR","potentialAction":[{"@type":"ReadAction","target":["https:\/\/bahiaeconomica.com.br\/wp\/2026\/01\/27\/vlt-de-salvador-governo-inicia-instalacao-de-trilhos-no-trecho-paripe-aguas-claras-confira\/"]}]},{"@type":"BreadcrumbList","@id":"https:\/\/bahiaeconomica.com.br\/wp\/2026\/01\/27\/vlt-de-salvador-governo-inicia-instalacao-de-trilhos-no-trecho-paripe-aguas-claras-confira\/#breadcrumb","itemListElement":[{"@type":"ListItem","position":1,"name":"In\u00edcio","item":"https:\/\/bahiaeconomica.com.br\/wp\/"},{"@type":"ListItem","position":2,"name":"VLT DE SALVADOR: GOVERNO INICIA INSTALA\u00c7\u00c3O DE TRILHOS NO TRECHO PARIPE-\u00c1GUAS CLARAS; CONFIRA"}]},{"@type":"WebSite","@id":"https:\/\/bahiaeconomica.com.br\/wp\/#website","url":"https:\/\/bahiaeconomica.com.br\/wp\/","name":"Bahia Economica","description":"O maior portal de Economia da Bahia","publisher":{"@id":"https:\/\/bahiaeconomica.com.br\/wp\/#organization"},"potentialAction":[{"@type":"SearchAction","target":{"@type":"EntryPoint","urlTemplate":"https:\/\/bahiaeconomica.com.br\/wp\/?s={search_term_string}"},"query-input":"required name=search_term_string"}],"inLanguage":"pt-BR"},{"@type":"Organization","@id":"https:\/\/bahiaeconomica.com.br\/wp\/#organization","name":"Bahia Econ\u00f4mica","url":"https:\/\/bahiaeconomica.com.br\/wp\/","logo":{"@type":"ImageObject","inLanguage":"pt-BR","@id":"https:\/\/bahiaeconomica.com.br\/wp\/#\/schema\/logo\/image\/","url":"https:\/\/bahiaeconomica.com.br\/wp\/wp-content\/uploads\/2020\/12\/cropped-BE.png","contentUrl":"https:\/\/bahiaeconomica.com.br\/wp\/wp-content\/uploads\/2020\/12\/cropped-BE.png","width":512,"height":512,"caption":"Bahia Econ\u00f4mica"},"image":{"@id":"https:\/\/bahiaeconomica.com.br\/wp\/#\/schema\/logo\/image\/"},"sameAs":["https:\/\/www.facebook.com\/bahiaeconomica"]},{"@type":"Person","@id":"https:\/\/bahiaeconomica.com.br\/wp\/#\/schema\/person\/a17956d0e1112b626f403fb06b8129a9","name":"VICTOR OLIVEIRA","sameAs":["http:\/\/www.bahiaeconomica.com.br"],"url":"https:\/\/bahiaeconomica.com.br\/wp\/author\/victor-oliveira\/"}]}},"views":178,"_links":{"self":[{"href":"https:\/\/bahiaeconomica.com.br\/wp\/wp-json\/wp\/v2\/posts\/970303"}],"collection":[{"href":"https:\/\/bahiaeconomica.com.br\/wp\/wp-json\/wp\/v2\/posts"}],"about":[{"href":"https:\/\/bahiaeconomica.com.br\/wp\/wp-json\/wp\/v2\/types\/post"}],"author":[{"embeddable":true,"href":"https:\/\/bahiaeconomica.com.br\/wp\/wp-json\/wp\/v2\/users\/24"}],"replies":[{"embeddable":true,"href":"https:\/\/bahiaeconomica.com.br\/wp\/wp-json\/wp\/v2\/comments?post=970303"}],"version-history":[{"count":1,"href":"https:\/\/bahiaeconomica.com.br\/wp\/wp-json\/wp\/v2\/posts\/970303\/revisions"}],"predecessor-version":[{"id":970305,"href":"https:\/\/bahiaeconomica.com.br\/wp\/wp-json\/wp\/v2\/posts\/970303\/revisions\/970305"}],"wp:featuredmedia":[{"embeddable":true,"href":"https:\/\/bahiaeconomica.com.br\/wp\/wp-json\/wp\/v2\/media\/970304"}],"wp:attachment":[{"href":"https:\/\/bahiaeconomica.com.br\/wp\/wp-json\/wp\/v2\/media?parent=970303"}],"wp:term":[{"taxonomy":"category","embeddable":true,"href":"https:\/\/bahiaeconomica.com.br\/wp\/wp-json\/wp\/v2\/categories?post=970303"},{"taxonomy":"post_tag","embeddable":true,"href":"https:\/\/bahiaeconomica.com.br\/wp\/wp-json\/wp\/v2\/tags?post=970303"}],"curies":[{"name":"wp","href":"https:\/\/api.w.org\/{rel}","templated":true}]}}