{"id":970272,"date":"2026-01-27T07:05:03","date_gmt":"2026-01-27T10:05:03","guid":{"rendered":"https:\/\/bahiaeconomica.com.br\/wp\/?p=970272"},"modified":"2026-01-29T07:17:13","modified_gmt":"2026-01-29T10:17:13","slug":"simm-oferece-434-vagas-para-esta-quarta-feira-28","status":"publish","type":"post","link":"https:\/\/bahiaeconomica.com.br\/wp\/2026\/01\/27\/simm-oferece-434-vagas-para-esta-quarta-feira-28\/","title":{"rendered":"SIMM OFERECE 434 VAGAS PARA ESTA QUARTA-FEIRA (28)"},"content":{"rendered":"<p>O Servi\u00e7o Municipal de Intermedia\u00e7\u00e3o de M\u00e3o de Obra (Simm) oferece 434 vagas de emprego e est\u00e1gio em Salvador para esta quarta-feira (28). Os candidatos dever\u00e3o acessar o site http:\/\/salvadordigital.salvador.ba.gov.br para agendar o atendimento, a partir das 17h. Em caso de defici\u00eancia visual, os candidatos devem entrar em contato pelo n\u00famero (71) 3202-2005 para fazer o agendamento.<\/p>\n<p>O atendimento est\u00e1 sendo realizado de forma h\u00edbrida, ou seja, de forma presencial e remota, via WhatsApp \u2013 a escolha \u00e9 no momento do agendamento. No caso das vagas que exigem experi\u00eancia, o tempo de servi\u00e7o deve ser comprovado em carteira de trabalho.<\/p>\n<p><strong>VAGAS:<\/strong><\/p>\n<p><strong>Pintor de obras<br \/>\n<\/strong>\u00a0Requisitos: Ensino fundamental completo, 6 meses de experi\u00eancia.<br \/>\nSal\u00e1rio: A combinar + benef\u00edcios<br \/>\n10 vagas<\/p>\n<p>&nbsp;<\/p>\n<p><strong>Auxiliar de Limpeza Pesada<br \/>\n<\/strong>\u00a0Requisitos: Ensino m\u00e9dio completo, 6 meses de experi\u00eancia, requisitos imprescind\u00edveis: ter carteira de reservista ou carta de dispensa, ter disponibilidade de hor\u00e1rio e para pegar peso, f\u00e1cil acesso ao bairro do Rio Vermelho<br \/>\nSal\u00e1rio: R$1.625,09 + benef\u00edcios<br \/>\n4 vagas<\/p>\n<p>&nbsp;<\/p>\n<p><strong>Repositor (se\u00e7\u00e3o de a\u00e7ougue)<br \/>\n<\/strong>\u00a0Requisitos: Ensino m\u00e9dio completo, 3 meses de experi\u00eancia.<br \/>\nSal\u00e1rio: R$1.703,44 + benef\u00edcios<br \/>\n3 vagas<\/p>\n<p>&nbsp;<\/p>\n<p><strong>Repositor (se\u00e7\u00e3o de mercearia)<br \/>\n<\/strong>\u00a0Requisitos: Ensino m\u00e9dio completo, 3 meses de experi\u00eancia.<br \/>\nSal\u00e1rio: R$1.703,44 + benef\u00edcios<br \/>\n4 vagas<\/p>\n<p>&nbsp;<\/p>\n<p><strong>Gar\u00e7om<br \/>\n<\/strong>\u00a0Requisitos: Ensino fundamental completo, 6 meses de experi\u00eancia<br \/>\nSal\u00e1rio: A combinar + benef\u00edcios<br \/>\n2 vagas<\/p>\n<p>&nbsp;<\/p>\n<p><strong>Professor de s\u00e9ries iniciais &#8211; G1 \u00e0 G5 (vaga exclusiva para o Programa Simm Mulher)<br \/>\n<\/strong>\u00a0Requisitos: Ensino superior incompleto em pedagogia (estar cursando a partir do 4\u00ba semestre), 3 meses experi\u00eancia, ter conhecimento com pacote office.<br \/>\nSal\u00e1rio: A combinar + benef\u00edcios<br \/>\n1 vaga<\/p>\n<p>&nbsp;<\/p>\n<p><strong>Repositor de mercadorias<br \/>\n<\/strong>\u00a0Requisitos: Ensino m\u00e9dio completo, 3 meses de experi\u00eancia.<br \/>\nSal\u00e1rio: A combinar + benef\u00edcios<br \/>\n1 vaga<\/p>\n<p>&nbsp;<\/p>\n<p><strong>Fiscal de preven\u00e7\u00e3o e perdas<br \/>\n<\/strong>\u00a0Requisitos: Ensino m\u00e9dio completo, 3 meses de experi\u00eancia.<br \/>\nSal\u00e1rio: A combinar + benef\u00edcios<br \/>\n1 vaga<\/p>\n<p>&nbsp;<\/p>\n<p><strong>Cont\u00ednuo<br \/>\n<\/strong>\u00a0Requisitos: Ensino fundamental completo, 3 meses de experi\u00eancia, vaga zoneada para moradores da regi\u00e3o da Suburbana, Cal\u00e7ada ou Cidade baixa.<br \/>\nSal\u00e1rio: A combinar + benef\u00edcios<br \/>\n1 vaga<\/p>\n<p>&nbsp;<\/p>\n<p><strong>Camareira<br \/>\n<\/strong>\u00a0Requisitos: Ensino fundamental completo, 3 meses de experi\u00eancia, vaga zoneada para moradores da regi\u00e3o da Suburbana, Cal\u00e7ada ou Cidade baixa.<br \/>\nSal\u00e1rio: A combinar + benef\u00edcios<br \/>\n1 vaga<\/p>\n<p>&nbsp;<\/p>\n<p><strong>T\u00e9cnico em nutri\u00e7\u00e3o (Vaga tempor\u00e1ria 60 dias)<br \/>\n<\/strong>\u00a0Requisitos: Ensino m\u00e9dio completo, 6 meses de experi\u00eancia, imprescind\u00edvel ter curso t\u00e9cnico de nutri\u00e7\u00e3o.<br \/>\nSal\u00e1rio: R$2.491,72 + benef\u00edcios<br \/>\n1 vaga<\/p>\n<p>&nbsp;<\/p>\n<p><strong>Patisseiro<br \/>\n<\/strong>\u00a0Requisitos: Ensino m\u00e9dio completo, 6 meses de experi\u00eancia<br \/>\nSal\u00e1rio: R$1.655,50 + benef\u00edcios<br \/>\n1 vaga<\/p>\n<p>&nbsp;<\/p>\n<p><strong>Gar\u00e7om<br \/>\n<\/strong>\u00a0Requisitos: Ensino m\u00e9dio completo, 6 meses de experi\u00eancia<br \/>\nSal\u00e1rio: R$1.621,00 + benef\u00edcios<br \/>\n2 vagas<\/p>\n<p>&nbsp;<\/p>\n<p><strong>Auxiliar de cozinha<br \/>\n<\/strong>\u00a0Requisitos: Ensino m\u00e9dio completo, 6 meses de experi\u00eancia<br \/>\nSal\u00e1rio: R$1.621,00 + benef\u00edcios<br \/>\n2 vagas<\/p>\n<p>&nbsp;<\/p>\n<p><strong>Ajudante de A\u00e7ougue<br \/>\n<\/strong>\u00a0Requisitos: Ensino m\u00e9dio completo, 6 meses de experi\u00eancia<br \/>\nSal\u00e1rio: A combinar + benef\u00edcios<br \/>\n1 vaga<\/p>\n<p>&nbsp;<\/p>\n<p><strong>Conferente de log\u00edstica<br \/>\n<\/strong>\u00a0Requisitos: Ensino m\u00e9dio completo, 3 meses de experi\u00eancia, imprescind\u00edvel ter atuado com pe\u00e7as automotivas.<br \/>\nSal\u00e1rio: A combinar + benef\u00edcios<br \/>\n1 vaga<\/p>\n<p>&nbsp;<\/p>\n<p><strong>T\u00e9cnico em eletr\u00f4nica<br \/>\n<\/strong>\u00a0Requisitos: Ensino m\u00e9dio completo, 3 meses de experi\u00eancia, imprescind\u00edvel ter curso em eletrot\u00e9cnica e disponibilidade de hor\u00e1rio.<br \/>\nSal\u00e1rio: R$3.064,00 + benef\u00edcios<br \/>\n2 vagas<\/p>\n<p>&nbsp;<\/p>\n<p><strong>Promotor de vendas &#8211; (vaga tempor\u00e1ria de 15 dias exclusiva para o programa Simm Mulher)<br \/>\n<\/strong>\u00a0Requisitos: Ensino m\u00e9dio completo, 6 meses de experi\u00eancia.<br \/>\nSal\u00e1rio: A combinar + benef\u00edcios<br \/>\n2 vagas<\/p>\n<p>&nbsp;<\/p>\n<p><strong>Padeiro<br \/>\n<\/strong>\u00a0Requisitos: Ensino m\u00e9dio completo, 6 meses de experi\u00eancia, requisitos imprescind\u00edveis: ter carteira de reservista ou carta de dispensa, disponibilidade para trabalhar tarde\/noite e f\u00e1cil acesso ao bairro da Pituba<br \/>\nSal\u00e1rio: R$2.230,20 + benef\u00edcios<br \/>\n2 vagas<\/p>\n<p>&nbsp;<\/p>\n<p><strong>Preparador de Ve\u00edculos<br \/>\n<\/strong>\u00a0Requisitos: Ensino m\u00e9dio completo, 6 meses de experi\u00eancia, ter CNH B<br \/>\nSal\u00e1rio: R$1.997,68 + benef\u00edcios<br \/>\n1 vaga<\/p>\n<p>&nbsp;<\/p>\n<p><strong>Auxiliar de Log\u00edstica (vaga de Jovem Aprendiz)<br \/>\n<\/strong>\u00a0Requisitos: Ensino m\u00e9dio completo, sem experi\u00eancia, requisitos imprescind\u00edveis: ter carteira de reservista ou carta de dispensa, disponibilidade para carregar peso e Conforme a Lei do Aprendizado faixa et\u00e1ria 18 a 22 anos<br \/>\nSal\u00e1rio: Bolsa: a combinar + transporte<br \/>\n3 vagas<\/p>\n<p>&nbsp;<\/p>\n<p><strong>Conferente de Log\u00edstica (vaga de est\u00e1gio e do programa Simm Mulher)<br \/>\n<\/strong>\u00a0Requisitos: Ensino superior incompleto em Administra\u00e7\u00e3o ou Log\u00edstica (estar cursando a partir do 1\u00ba semestre pela manh\u00e3), sem experi\u00eancia, ter conhecimento com pacote office<br \/>\nSal\u00e1rio: Bolsa a combinar + benef\u00edcios<br \/>\n5 vagas<\/p>\n<p>&nbsp;<\/p>\n<p><strong>Ajudante de Carga e Descarga (vaga exclusiva para primeiro emprego)<br \/>\n<\/strong>\u00a0Requisitos: Ensino fundamental completo, sem experi\u00eancia, requisitos imprescind\u00edveis: ter carteira de reservista ou atestado de dispensa e carteira limpa<br \/>\nSal\u00e1rio: A combinar + benef\u00edcios<br \/>\n10 vagas<\/p>\n<p>&nbsp;<\/p>\n<p><strong>Pedreiro<br \/>\n<\/strong>\u00a0Requisitos: Ensino fundamental completo, 6 meses experi\u00eancia<br \/>\nSal\u00e1rio: A combinar + benef\u00edcios<br \/>\n1 vaga<\/p>\n<p>&nbsp;<\/p>\n<p><strong>Ajudante de mec\u00e2nico<br \/>\n<\/strong>\u00a0Requisitos: Ensino m\u00e9dio completo, sem experi\u00eancia, imprescind\u00edvel possuir CNH B, e disponibilidade para realizar viagens e trabalhos aos finais de semana e feriados<br \/>\nSal\u00e1rio: A combinar + benef\u00edcios<br \/>\n2 vagas<\/p>\n<p>&nbsp;<\/p>\n<p><strong>Saladeiro<br \/>\n<\/strong>\u00a0Requisitos: Ensino fundamental completo, 6 meses de experi\u00eancia<br \/>\nSal\u00e1rio: R$1.621,00 + benef\u00edcios<br \/>\n1 vaga<\/p>\n<p>&nbsp;<\/p>\n<p><strong>Auxiliar de Vendas (vaga exclusiva para o Programa Simm Mulher)<br \/>\n<\/strong>\u00a0Requisitos: Ensino m\u00e9dio completo, 6 meses de experi\u00eancia, requisitos imprescind\u00edveis: Ter experi\u00eancia em vendas em atacado de alimentos e conhecimento de pacote office<br \/>\nSal\u00e1rio: R$2.431,50 + benef\u00edcios<br \/>\n1 vaga<\/p>\n<p>&nbsp;<\/p>\n<p><strong>Camareira<br \/>\n<\/strong>\u00a0Requisitos: Ensino m\u00e9dio completo, 6 meses de experi\u00eancia.<br \/>\nSal\u00e1rio: A combinar + benef\u00edcios<br \/>\n1 vaga<\/p>\n<p>&nbsp;<\/p>\n<p><strong>Instrutor de academia (vaga de est\u00e1gio)<br \/>\n<\/strong>\u00a0Requisitos: Ensino superior incompleto bacharelado em Educa\u00e7\u00e3o F\u00edsica (estar cursando a partir 3\u00ba semestre), sem experi\u00eancia.<br \/>\nSal\u00e1rio: Bolsa: R$600,00 + transporte<br \/>\n10 vagas<\/p>\n<p>&nbsp;<\/p>\n<p><strong>Instrutor de academia<br \/>\n<\/strong>\u00a0Requisitos: Ensino superior completo bacharelado em Educa\u00e7\u00e3o F\u00edsica, 6 meses de experi\u00eancia, ter o CREF atualizado.<br \/>\nSal\u00e1rio: A combinar + benef\u00edcios<br \/>\n2 vagas<\/p>\n<p>&nbsp;<\/p>\n<p><strong>Padeiro<br \/>\n<\/strong>\u00a0Requisitos: Ensino m\u00e9dio completo, 6 meses de experi\u00eancia.<br \/>\nSal\u00e1rio: A combinar + benef\u00edcios<br \/>\n2 vagas<\/p>\n<p>&nbsp;<\/p>\n<p><strong>Auxiliar de a\u00e7ougue<br \/>\n<\/strong>\u00a0Requisitos: Ensino m\u00e9dio completo, 6 meses de experi\u00eancia.<br \/>\nSal\u00e1rio: A combinar + benef\u00edcios<br \/>\n6 vagas<\/p>\n<p>&nbsp;<\/p>\n<p><strong>T\u00e9cnico de Telefonia<br \/>\n<\/strong>\u00a0Requisitos: Ensino m\u00e9dio completo, 6 meses de experi\u00eancia, conhecimento em Iphone. Desej\u00e1vel curso de manuten\u00e7\u00e3o de placas e em troca de vidro.<br \/>\nSal\u00e1rio: R$1.621,00 + benef\u00edcios<br \/>\n2 vagas<\/p>\n<p>&nbsp;<\/p>\n<p><strong>Atendente de A\u00e7aiteria<br \/>\n<\/strong>\u00a0Requisitos: Ensino m\u00e9dio completo, 6 meses de experi\u00eancia, ter disponibilidade para trabalhar fechamento de loja<br \/>\nSal\u00e1rio: A combinar + benef\u00edcios<br \/>\n2 vagas<\/p>\n<p>&nbsp;<\/p>\n<p><strong>Pedreiro Ceramista e Alvenaria<br \/>\n<\/strong>\u00a0Requisitos: Ensino fundamental completo, 6 meses de experi\u00eancia, imprescind\u00edvel ter habilidade em assentamento de pisos.<br \/>\nSal\u00e1rio: A combinar + benef\u00edcios<br \/>\n5 vagas<\/p>\n<p>&nbsp;<\/p>\n<p><strong>Operador de Caixa (vaga de est\u00e1gio)<br \/>\n<\/strong>\u00a0Requisitos: Ensino m\u00e9dio incompleto (estar cursando 2\u00ba ano a noite), sem experi\u00eancia, ter carteira de reservista ou atestado de dispensa<br \/>\nSal\u00e1rio: Bolsa: 650,00 + transporte<br \/>\n1 vaga<\/p>\n<p>&nbsp;<\/p>\n<p><strong>Ajudante pr\u00e1tico<br \/>\n<\/strong>\u00a0Requisitos: Ensino fundamental completo, 6 meses de experi\u00eancia. Imprescind\u00edvel ter carteira de reservista ou atestado de dispensa. Desej\u00e1vel possuir CNH B<br \/>\nSal\u00e1rio: A combinar + benef\u00edcios<br \/>\n2 vagas<\/p>\n<p>&nbsp;<\/p>\n<p><strong>Pedreiro<br \/>\n<\/strong>\u00a0Requisitos: Ensino fundamental completo, 6 meses de experi\u00eancia, imprescind\u00edvel possuir reservista ou atestado de dispensa<br \/>\nSal\u00e1rio: A combinar + benef\u00edcios<br \/>\n2 vagas<\/p>\n<p>&nbsp;<\/p>\n<p><strong>Atendente de Delivery<br \/>\n<\/strong>\u00a0Requisitos: Ensino m\u00e9dio completo, 6 meses de experi\u00eancia, requisitos imprescind\u00edveis: ter carteira de reservista ou atestado de dispensa e disponibilidade para trabalhar tarde\/noite<br \/>\nSal\u00e1rio: R$1.650,00 + benef\u00edcios<br \/>\n4 vagas<\/p>\n<p>&nbsp;<\/p>\n<p><strong>Sushiman<br \/>\n<\/strong>\u00a0Requisitos: Ensino m\u00e9dio completo, 6 meses de experi\u00eancia, ter disponibilidade para trabalhar tarde\/noite<br \/>\nSal\u00e1rio: R$2.200,00 + benef\u00edcios<br \/>\n4 vagas<\/p>\n<p>&nbsp;<\/p>\n<p><strong>Analista de Financeiro<br \/>\n<\/strong>\u00a0Requisitos: Ensino superior completo em Administra\u00e7\u00e3o, 6 meses de experi\u00eancia, requisitos imprescind\u00edveis: ter experi\u00eancia nas \u00e1reas: financeira e cont\u00e1bil de empresa de grande porte e Conhecimento de Excel intermedi\u00e1rio<br \/>\nSal\u00e1rio: A combinar + benef\u00edcios<br \/>\n1 vaga<\/p>\n<p>&nbsp;<\/p>\n<p><strong>Supervisor de Recrutamento e Sele\u00e7\u00e3o<br \/>\n<\/strong>\u00a0Requisitos: Ensino superior completo em Administra\u00e7\u00e3o, 6 meses de experi\u00eancia, requisitos imprescind\u00edveis: ter experi\u00eancia na \u00e1rea de logistica em empresa de grande porte e Conhecimento de Excel Avan\u00e7ada<br \/>\nSal\u00e1rio: A combinar + benef\u00edcios<br \/>\n1 vaga<\/p>\n<p>&nbsp;<\/p>\n<p><strong>Assistente de Departamento de Pessoal<br \/>\n<\/strong>\u00a0Requisitos: Ensino superior completo em Administra\u00e7\u00e3o, 6 meses de experi\u00eancia, requisitos imprescind\u00edveis: ter experi\u00eancia com gest\u00e3o de benef\u00edcios em empresa de grande porte e Conhecimento de Excel<br \/>\nSal\u00e1rio: A combinar + benef\u00edcios<br \/>\n1 vaga<\/p>\n<p>&nbsp;<\/p>\n<p><strong>Supervisor de Loja (vaga exclusiva para o Programa Simm Mulher)<br \/>\n<\/strong>\u00a0Requisitos: Ensino superior completo em Administra\u00e7\u00e3o, 6 meses de experi\u00eancia ter disponibilidade para trabalhar tarde\/noite<br \/>\nSal\u00e1rio: R$1.800,00 + benef\u00edcios<br \/>\n1 vaga<\/p>\n<p>&nbsp;<\/p>\n<p><strong>Costureira (Vaga tempor\u00e1ria de 10 Dias)<br \/>\n<\/strong>\u00a0Requisitos: Ensino fundamental completo, 3 meses de experi\u00eancia, imprescind\u00edvel ter experi\u00eancia em Customiza\u00e7\u00e3o de abadas.<br \/>\nSal\u00e1rio: A combinar + benef\u00edcios<br \/>\n8 vagas<\/p>\n<p>&nbsp;<\/p>\n<p><strong>Operador de telemarketing para atendimento em Libras<br \/>\n<\/strong>\u00a0Requisitos: Ensino m\u00e9dio completo, sem experi\u00eancia, imprescind\u00edvel conhecimento em inform\u00e1tica intermedi\u00e1ria, boa digita\u00e7\u00e3o e dom\u00ednio em LIBRAS.<br \/>\nSal\u00e1rio: A combinar + benef\u00edcios<br \/>\n2 vagas<\/p>\n<p>&nbsp;<\/p>\n<p><strong>Auxiliar de Cozinha<br \/>\n<\/strong>\u00a0Requisitos: Ensino m\u00e9dio completo, 6 meses de experi\u00eancia, requisitos imprescind\u00edveis: ter disponibilidade de hor\u00e1rio e para trabalhar no Corredor da Vit\u00f3ria<br \/>\nSal\u00e1rio: R$1.543,00 + benef\u00edcios<br \/>\n4 vagas<\/p>\n<p>&nbsp;<\/p>\n<p><strong>Gar\u00e7om<br \/>\n<\/strong>\u00a0Requisitos: Ensino m\u00e9dio completo, 6 meses de experi\u00eancia, requisitos imprescind\u00edveis: ter disponibilidade de hor\u00e1rio e para trabalhar no Corredor da Vit\u00f3ria<br \/>\nSal\u00e1rio: R$1.543,00 + benef\u00edcios<br \/>\n3 vagas<\/p>\n<p>&nbsp;<\/p>\n<p><strong>Operador de telemarketing ativo e receptivo<br \/>\n<\/strong>\u00a0Requisitos: Ensino m\u00e9dio completo, sem experi\u00eancia, ter boa dic\u00e7\u00e3o e inform\u00e1tica b\u00e1sica.<br \/>\nSal\u00e1rio: A combinar + benef\u00edcios<br \/>\n280 vagas<\/p>\n<p>&nbsp;<\/p>\n<p><strong>Auxiliar de higieniza\u00e7\u00e3o hospitalar (vaga exclusiva para pessoas com defici\u00eancia)<br \/>\n<\/strong>\u00a0Requisitos: Ensino m\u00e9dio completo, 6 meses de experi\u00eancia<br \/>\nSal\u00e1rio: R$1.655,50 + benef\u00edcios<br \/>\n2 vagas<\/p>\n<p>&nbsp;<\/p>\n<p><strong>Auxiliar administrativo (vaga exclusiva para pessoas com defici\u00eancia)<br \/>\n<\/strong>\u00a0Requisitos: Ensino m\u00e9dio completo, 6 meses de experi\u00eancia, imprescind\u00edvel ter conhecimento no pacote office.<br \/>\nSal\u00e1rio: R$1.655,50 + benef\u00edcios<br \/>\n2 vagas<\/p>\n<p>&nbsp;<\/p>\n<p><strong>Atendente Balconista de Farm\u00e1cia J\u00fanior (vaga exclusiva para pessoas com defici\u00eancia)<br \/>\n<\/strong>\u00a0Requisitos: Ensino m\u00e9dio completo, sem experi\u00eancia, requisitos imprescind\u00edveis: ter carteira limpa, conhecimento de inform\u00e1tica e disponibilidade para trabalhar tarde\/noite<br \/>\nSal\u00e1rio: A combinar + benef\u00edcios<br \/>\n5 vagas<\/p>\n<p>&nbsp;<\/p>\n<p><strong>Fiscal de Loja (vaga exclusiva para pessoas com defici\u00eancia)<br \/>\n<\/strong>\u00a0Requisitos: Ensino m\u00e9dio completo, sem experi\u00eancia<br \/>\nSal\u00e1rio: A combinar + benef\u00edcios<br \/>\n3 vagas<\/p>\n<p>&nbsp;<\/p>\n<p><strong>Auxiliar de Estoque (vaga exclusiva para pessoas com defici\u00eancia)<br \/>\n<\/strong>\u00a0Requisitos: Ensino m\u00e9dio completo, sem experi\u00eancia, ter disponibilidade de hor\u00e1rio<br \/>\nSal\u00e1rio: A combinar + benef\u00edcios<br \/>\n2 vagas<\/p>\n<p>&nbsp;<\/p>\n<p><strong>Recepcionista Secret\u00e1ria (vaga exclusiva para pessoas com defici\u00eancia)<br \/>\n<\/strong>\u00a0Requisitos: Ensino m\u00e9dio completo, 6 meses de experi\u00eancia<br \/>\nSal\u00e1rio: R$1.621,00 + benef\u00edcios<br \/>\n2 vagas<\/p>\n<p>&nbsp;<\/p>\n<p><strong>Auxiliar de Limpeza (vaga exclusiva para pessoas com defici\u00eancia)<br \/>\n<\/strong>\u00a0Requisitos: Ensino m\u00e9dio completo, 6 meses de experi\u00eancia<br \/>\nSal\u00e1rio: R$1.621,00 + benef\u00edcios<br \/>\n2 vagas<\/p>\n<p>&nbsp;<\/p>\n<p><strong>Auxiliar de Limpeza (vaga exclusiva para pessoas com defici\u00eancia)<br \/>\n<\/strong>\u00a0Requisitos: Ensino m\u00e9dio completo, 6 meses de experi\u00eancia<br \/>\nSal\u00e1rio: A combinar + benef\u00edcios<br \/>\n3 vagas<\/p>\n<p>&nbsp;<\/p>\n<p><strong>Auxiliar de apoio e estrutura escolar (vaga exclusiva para pessoas com defici\u00eancia)<br \/>\n<\/strong>\u00a0Requisitos: Ensino m\u00e9dio completo, 6 meses de experi\u00eancia<br \/>\nSal\u00e1rio: A combinar + benef\u00edcios<br \/>\n2 vagas<\/p>\n<p>&nbsp;<\/p>\n<p><strong>Revisor de L\u00edngua Portuguesa (vaga exclusiva para pessoas com defici\u00eancia)<br \/>\n<\/strong>\u00a0Requisitos: Ensino superior completo em Letras, 6 meses de experi\u00eancia, requisitos imprescind\u00edveis: ter dom\u00ednio da nova ortografia e regras da ABNT. Desej\u00e1vel p\u00f3s-gradua\u00e7\u00e3o na \u00e1rea<br \/>\nSal\u00e1rio: A combinar + benef\u00edcios<br \/>\n1 vaga<\/p>\n<p>&nbsp;<\/p>\n","protected":false},"excerpt":{"rendered":"<p>O Servi\u00e7o Municipal de Intermedia\u00e7\u00e3o de M\u00e3o de Obra (Simm) oferece 434 vagas de emprego e est\u00e1gio em Salvador para esta quarta-feira (28). Os candidatos dever\u00e3o acessar o site http:\/\/salvadordigital.salvador.ba.gov.br para agendar o atendimento, a partir das 17h. Em caso de defici\u00eancia visual, os candidatos devem entrar em contato pelo n\u00famero (71) 3202-2005 para fazer [&hellip;]<\/p>\n","protected":false},"author":24,"featured_media":846363,"comment_status":"closed","ping_status":"closed","sticky":false,"template":"","format":"standard","meta":[],"categories":[8],"tags":[174,1174,1013],"acf":[],"yoast_head":"<!-- This site is optimized with the Yoast SEO plugin v20.8 - https:\/\/yoast.com\/wordpress\/plugins\/seo\/ -->\n<title>SIMM OFERECE 434 VAGAS PARA ESTA QUARTA-FEIRA (28) - Bahia Economica O Servi\u00e7o Municipal de Intermedia\u00e7\u00e3o de M\u00e3o de Obra (Simm) oferece 434 vagas de emprego e est\u00e1gio em Salvador para esta quarta-feira (28).<\/title>\n<meta name=\"description\" content=\"O maior portal de Economia da Bahia EMPREGOS \/ CONCURSOS Bahia Economica O Servi\u00e7o Municipal de Intermedia\u00e7\u00e3o de M\u00e3o de Obra (Simm) oferece 434 vagas de emprego e est\u00e1gio em Salvador para esta quarta-feira (28).\" \/>\n<meta name=\"robots\" content=\"index, follow, max-snippet:-1, max-image-preview:large, max-video-preview:-1\" \/>\n<link rel=\"canonical\" href=\"https:\/\/bahiaeconomica.com.br\/wp\/2026\/01\/27\/simm-oferece-434-vagas-para-esta-quarta-feira-28\/\" \/>\n<meta property=\"og:locale\" content=\"pt_BR\" \/>\n<meta property=\"og:type\" content=\"article\" \/>\n<meta property=\"og:title\" content=\"SIMM OFERECE 434 VAGAS PARA ESTA QUARTA-FEIRA (28) - Bahia Economica O Servi\u00e7o Municipal de Intermedia\u00e7\u00e3o de M\u00e3o de Obra (Simm) oferece 434 vagas de emprego e est\u00e1gio em Salvador para esta quarta-feira (28).\" \/>\n<meta property=\"og:description\" content=\"O maior portal de Economia da Bahia EMPREGOS \/ CONCURSOS Bahia Economica O Servi\u00e7o Municipal de Intermedia\u00e7\u00e3o de M\u00e3o de Obra (Simm) oferece 434 vagas de emprego e est\u00e1gio em Salvador para esta quarta-feira (28).\" \/>\n<meta property=\"og:url\" content=\"https:\/\/bahiaeconomica.com.br\/wp\/2026\/01\/27\/simm-oferece-434-vagas-para-esta-quarta-feira-28\/\" \/>\n<meta property=\"og:site_name\" content=\"Bahia Economica\" \/>\n<meta property=\"article:publisher\" content=\"https:\/\/www.facebook.com\/bahiaeconomica\" \/>\n<meta property=\"article:published_time\" content=\"2026-01-27T10:05:03+00:00\" \/>\n<meta property=\"article:modified_time\" content=\"2026-01-29T10:17:13+00:00\" \/>\n<meta property=\"og:image\" content=\"https:\/\/bahiaeconomica.com.br\/wp\/wp-content\/uploads\/2024\/09\/SIMM-e-SineBahia-oferecem-298-vagas-para-Salvador-0031895000202405141826-9-1-1024x614-1-768x461-1.webp\" \/>\n\t<meta property=\"og:image:width\" content=\"768\" \/>\n\t<meta property=\"og:image:height\" content=\"461\" \/>\n\t<meta property=\"og:image:type\" content=\"image\/webp\" \/>\n<meta name=\"author\" content=\"VICTOR OLIVEIRA\" \/>\n<meta name=\"twitter:card\" content=\"summary_large_image\" \/>\n<meta name=\"twitter:label1\" content=\"Escrito por\" \/>\n\t<meta name=\"twitter:data1\" content=\"VICTOR OLIVEIRA\" \/>\n\t<meta name=\"twitter:label2\" content=\"Est. tempo de leitura\" \/>\n\t<meta name=\"twitter:data2\" content=\"10 minutos\" \/>\n<script type=\"application\/ld+json\" class=\"yoast-schema-graph\">{\"@context\":\"https:\/\/schema.org\",\"@graph\":[{\"@type\":\"Article\",\"@id\":\"https:\/\/bahiaeconomica.com.br\/wp\/2026\/01\/27\/simm-oferece-434-vagas-para-esta-quarta-feira-28\/#article\",\"isPartOf\":{\"@id\":\"https:\/\/bahiaeconomica.com.br\/wp\/2026\/01\/27\/simm-oferece-434-vagas-para-esta-quarta-feira-28\/\"},\"author\":{\"name\":\"VICTOR OLIVEIRA\",\"@id\":\"https:\/\/bahiaeconomica.com.br\/wp\/#\/schema\/person\/a17956d0e1112b626f403fb06b8129a9\"},\"headline\":\"SIMM OFERECE 434 VAGAS PARA ESTA QUARTA-FEIRA (28)\",\"datePublished\":\"2026-01-27T10:05:03+00:00\",\"dateModified\":\"2026-01-29T10:17:13+00:00\",\"mainEntityOfPage\":{\"@id\":\"https:\/\/bahiaeconomica.com.br\/wp\/2026\/01\/27\/simm-oferece-434-vagas-para-esta-quarta-feira-28\/\"},\"wordCount\":1936,\"publisher\":{\"@id\":\"https:\/\/bahiaeconomica.com.br\/wp\/#organization\"},\"keywords\":[\"emprego\",\"simm\",\"vagas\"],\"articleSection\":[\"EMPREGOS \/ CONCURSOS\"],\"inLanguage\":\"pt-BR\"},{\"@type\":\"WebPage\",\"@id\":\"https:\/\/bahiaeconomica.com.br\/wp\/2026\/01\/27\/simm-oferece-434-vagas-para-esta-quarta-feira-28\/\",\"url\":\"https:\/\/bahiaeconomica.com.br\/wp\/2026\/01\/27\/simm-oferece-434-vagas-para-esta-quarta-feira-28\/\",\"name\":\"SIMM OFERECE 434 VAGAS PARA ESTA QUARTA-FEIRA (28) - Bahia Economica O Servi\u00e7o Municipal de Intermedia\u00e7\u00e3o de M\u00e3o de Obra (Simm) oferece 434 vagas de emprego e est\u00e1gio em Salvador para esta quarta-feira (28).\",\"isPartOf\":{\"@id\":\"https:\/\/bahiaeconomica.com.br\/wp\/#website\"},\"datePublished\":\"2026-01-27T10:05:03+00:00\",\"dateModified\":\"2026-01-29T10:17:13+00:00\",\"description\":\"O maior portal de Economia da Bahia EMPREGOS \/ CONCURSOS Bahia Economica O Servi\u00e7o Municipal de Intermedia\u00e7\u00e3o de M\u00e3o de Obra (Simm) oferece 434 vagas de emprego e est\u00e1gio em Salvador para esta quarta-feira (28).\",\"breadcrumb\":{\"@id\":\"https:\/\/bahiaeconomica.com.br\/wp\/2026\/01\/27\/simm-oferece-434-vagas-para-esta-quarta-feira-28\/#breadcrumb\"},\"inLanguage\":\"pt-BR\",\"potentialAction\":[{\"@type\":\"ReadAction\",\"target\":[\"https:\/\/bahiaeconomica.com.br\/wp\/2026\/01\/27\/simm-oferece-434-vagas-para-esta-quarta-feira-28\/\"]}]},{\"@type\":\"BreadcrumbList\",\"@id\":\"https:\/\/bahiaeconomica.com.br\/wp\/2026\/01\/27\/simm-oferece-434-vagas-para-esta-quarta-feira-28\/#breadcrumb\",\"itemListElement\":[{\"@type\":\"ListItem\",\"position\":1,\"name\":\"In\u00edcio\",\"item\":\"https:\/\/bahiaeconomica.com.br\/wp\/\"},{\"@type\":\"ListItem\",\"position\":2,\"name\":\"SIMM OFERECE 434 VAGAS PARA ESTA QUARTA-FEIRA (28)\"}]},{\"@type\":\"WebSite\",\"@id\":\"https:\/\/bahiaeconomica.com.br\/wp\/#website\",\"url\":\"https:\/\/bahiaeconomica.com.br\/wp\/\",\"name\":\"Bahia Economica\",\"description\":\"O maior portal de Economia da Bahia\",\"publisher\":{\"@id\":\"https:\/\/bahiaeconomica.com.br\/wp\/#organization\"},\"potentialAction\":[{\"@type\":\"SearchAction\",\"target\":{\"@type\":\"EntryPoint\",\"urlTemplate\":\"https:\/\/bahiaeconomica.com.br\/wp\/?s={search_term_string}\"},\"query-input\":\"required name=search_term_string\"}],\"inLanguage\":\"pt-BR\"},{\"@type\":\"Organization\",\"@id\":\"https:\/\/bahiaeconomica.com.br\/wp\/#organization\",\"name\":\"Bahia Econ\u00f4mica\",\"url\":\"https:\/\/bahiaeconomica.com.br\/wp\/\",\"logo\":{\"@type\":\"ImageObject\",\"inLanguage\":\"pt-BR\",\"@id\":\"https:\/\/bahiaeconomica.com.br\/wp\/#\/schema\/logo\/image\/\",\"url\":\"https:\/\/bahiaeconomica.com.br\/wp\/wp-content\/uploads\/2020\/12\/cropped-BE.png\",\"contentUrl\":\"https:\/\/bahiaeconomica.com.br\/wp\/wp-content\/uploads\/2020\/12\/cropped-BE.png\",\"width\":512,\"height\":512,\"caption\":\"Bahia Econ\u00f4mica\"},\"image\":{\"@id\":\"https:\/\/bahiaeconomica.com.br\/wp\/#\/schema\/logo\/image\/\"},\"sameAs\":[\"https:\/\/www.facebook.com\/bahiaeconomica\"]},{\"@type\":\"Person\",\"@id\":\"https:\/\/bahiaeconomica.com.br\/wp\/#\/schema\/person\/a17956d0e1112b626f403fb06b8129a9\",\"name\":\"VICTOR OLIVEIRA\",\"sameAs\":[\"http:\/\/www.bahiaeconomica.com.br\"],\"url\":\"https:\/\/bahiaeconomica.com.br\/wp\/author\/victor-oliveira\/\"}]}<\/script>\n<!-- \/ Yoast SEO plugin. -->","yoast_head_json":{"title":"SIMM OFERECE 434 VAGAS PARA ESTA QUARTA-FEIRA (28) - Bahia Economica O Servi\u00e7o Municipal de Intermedia\u00e7\u00e3o de M\u00e3o de Obra (Simm) oferece 434 vagas de emprego e est\u00e1gio em Salvador para esta quarta-feira (28).","description":"O maior portal de Economia da Bahia EMPREGOS \/ CONCURSOS Bahia Economica O Servi\u00e7o Municipal de Intermedia\u00e7\u00e3o de M\u00e3o de Obra (Simm) oferece 434 vagas de emprego e est\u00e1gio em Salvador para esta quarta-feira (28).","robots":{"index":"index","follow":"follow","max-snippet":"max-snippet:-1","max-image-preview":"max-image-preview:large","max-video-preview":"max-video-preview:-1"},"canonical":"https:\/\/bahiaeconomica.com.br\/wp\/2026\/01\/27\/simm-oferece-434-vagas-para-esta-quarta-feira-28\/","og_locale":"pt_BR","og_type":"article","og_title":"SIMM OFERECE 434 VAGAS PARA ESTA QUARTA-FEIRA (28) - Bahia Economica O Servi\u00e7o Municipal de Intermedia\u00e7\u00e3o de M\u00e3o de Obra (Simm) oferece 434 vagas de emprego e est\u00e1gio em Salvador para esta quarta-feira (28).","og_description":"O maior portal de Economia da Bahia EMPREGOS \/ CONCURSOS Bahia Economica O Servi\u00e7o Municipal de Intermedia\u00e7\u00e3o de M\u00e3o de Obra (Simm) oferece 434 vagas de emprego e est\u00e1gio em Salvador para esta quarta-feira (28).","og_url":"https:\/\/bahiaeconomica.com.br\/wp\/2026\/01\/27\/simm-oferece-434-vagas-para-esta-quarta-feira-28\/","og_site_name":"Bahia Economica","article_publisher":"https:\/\/www.facebook.com\/bahiaeconomica","article_published_time":"2026-01-27T10:05:03+00:00","article_modified_time":"2026-01-29T10:17:13+00:00","og_image":[{"width":768,"height":461,"url":"https:\/\/bahiaeconomica.com.br\/wp\/wp-content\/uploads\/2024\/09\/SIMM-e-SineBahia-oferecem-298-vagas-para-Salvador-0031895000202405141826-9-1-1024x614-1-768x461-1.webp","type":"image\/webp"}],"author":"VICTOR OLIVEIRA","twitter_card":"summary_large_image","twitter_misc":{"Escrito por":"VICTOR OLIVEIRA","Est. tempo de leitura":"10 minutos"},"schema":{"@context":"https:\/\/schema.org","@graph":[{"@type":"Article","@id":"https:\/\/bahiaeconomica.com.br\/wp\/2026\/01\/27\/simm-oferece-434-vagas-para-esta-quarta-feira-28\/#article","isPartOf":{"@id":"https:\/\/bahiaeconomica.com.br\/wp\/2026\/01\/27\/simm-oferece-434-vagas-para-esta-quarta-feira-28\/"},"author":{"name":"VICTOR OLIVEIRA","@id":"https:\/\/bahiaeconomica.com.br\/wp\/#\/schema\/person\/a17956d0e1112b626f403fb06b8129a9"},"headline":"SIMM OFERECE 434 VAGAS PARA ESTA QUARTA-FEIRA (28)","datePublished":"2026-01-27T10:05:03+00:00","dateModified":"2026-01-29T10:17:13+00:00","mainEntityOfPage":{"@id":"https:\/\/bahiaeconomica.com.br\/wp\/2026\/01\/27\/simm-oferece-434-vagas-para-esta-quarta-feira-28\/"},"wordCount":1936,"publisher":{"@id":"https:\/\/bahiaeconomica.com.br\/wp\/#organization"},"keywords":["emprego","simm","vagas"],"articleSection":["EMPREGOS \/ CONCURSOS"],"inLanguage":"pt-BR"},{"@type":"WebPage","@id":"https:\/\/bahiaeconomica.com.br\/wp\/2026\/01\/27\/simm-oferece-434-vagas-para-esta-quarta-feira-28\/","url":"https:\/\/bahiaeconomica.com.br\/wp\/2026\/01\/27\/simm-oferece-434-vagas-para-esta-quarta-feira-28\/","name":"SIMM OFERECE 434 VAGAS PARA ESTA QUARTA-FEIRA (28) - Bahia Economica O Servi\u00e7o Municipal de Intermedia\u00e7\u00e3o de M\u00e3o de Obra (Simm) oferece 434 vagas de emprego e est\u00e1gio em Salvador para esta quarta-feira (28).","isPartOf":{"@id":"https:\/\/bahiaeconomica.com.br\/wp\/#website"},"datePublished":"2026-01-27T10:05:03+00:00","dateModified":"2026-01-29T10:17:13+00:00","description":"O maior portal de Economia da Bahia EMPREGOS \/ CONCURSOS Bahia Economica O Servi\u00e7o Municipal de Intermedia\u00e7\u00e3o de M\u00e3o de Obra (Simm) oferece 434 vagas de emprego e est\u00e1gio em Salvador para esta quarta-feira (28).","breadcrumb":{"@id":"https:\/\/bahiaeconomica.com.br\/wp\/2026\/01\/27\/simm-oferece-434-vagas-para-esta-quarta-feira-28\/#breadcrumb"},"inLanguage":"pt-BR","potentialAction":[{"@type":"ReadAction","target":["https:\/\/bahiaeconomica.com.br\/wp\/2026\/01\/27\/simm-oferece-434-vagas-para-esta-quarta-feira-28\/"]}]},{"@type":"BreadcrumbList","@id":"https:\/\/bahiaeconomica.com.br\/wp\/2026\/01\/27\/simm-oferece-434-vagas-para-esta-quarta-feira-28\/#breadcrumb","itemListElement":[{"@type":"ListItem","position":1,"name":"In\u00edcio","item":"https:\/\/bahiaeconomica.com.br\/wp\/"},{"@type":"ListItem","position":2,"name":"SIMM OFERECE 434 VAGAS PARA ESTA QUARTA-FEIRA (28)"}]},{"@type":"WebSite","@id":"https:\/\/bahiaeconomica.com.br\/wp\/#website","url":"https:\/\/bahiaeconomica.com.br\/wp\/","name":"Bahia Economica","description":"O maior portal de Economia da Bahia","publisher":{"@id":"https:\/\/bahiaeconomica.com.br\/wp\/#organization"},"potentialAction":[{"@type":"SearchAction","target":{"@type":"EntryPoint","urlTemplate":"https:\/\/bahiaeconomica.com.br\/wp\/?s={search_term_string}"},"query-input":"required name=search_term_string"}],"inLanguage":"pt-BR"},{"@type":"Organization","@id":"https:\/\/bahiaeconomica.com.br\/wp\/#organization","name":"Bahia Econ\u00f4mica","url":"https:\/\/bahiaeconomica.com.br\/wp\/","logo":{"@type":"ImageObject","inLanguage":"pt-BR","@id":"https:\/\/bahiaeconomica.com.br\/wp\/#\/schema\/logo\/image\/","url":"https:\/\/bahiaeconomica.com.br\/wp\/wp-content\/uploads\/2020\/12\/cropped-BE.png","contentUrl":"https:\/\/bahiaeconomica.com.br\/wp\/wp-content\/uploads\/2020\/12\/cropped-BE.png","width":512,"height":512,"caption":"Bahia Econ\u00f4mica"},"image":{"@id":"https:\/\/bahiaeconomica.com.br\/wp\/#\/schema\/logo\/image\/"},"sameAs":["https:\/\/www.facebook.com\/bahiaeconomica"]},{"@type":"Person","@id":"https:\/\/bahiaeconomica.com.br\/wp\/#\/schema\/person\/a17956d0e1112b626f403fb06b8129a9","name":"VICTOR OLIVEIRA","sameAs":["http:\/\/www.bahiaeconomica.com.br"],"url":"https:\/\/bahiaeconomica.com.br\/wp\/author\/victor-oliveira\/"}]}},"views":765,"_links":{"self":[{"href":"https:\/\/bahiaeconomica.com.br\/wp\/wp-json\/wp\/v2\/posts\/970272"}],"collection":[{"href":"https:\/\/bahiaeconomica.com.br\/wp\/wp-json\/wp\/v2\/posts"}],"about":[{"href":"https:\/\/bahiaeconomica.com.br\/wp\/wp-json\/wp\/v2\/types\/post"}],"author":[{"embeddable":true,"href":"https:\/\/bahiaeconomica.com.br\/wp\/wp-json\/wp\/v2\/users\/24"}],"replies":[{"embeddable":true,"href":"https:\/\/bahiaeconomica.com.br\/wp\/wp-json\/wp\/v2\/comments?post=970272"}],"version-history":[{"count":1,"href":"https:\/\/bahiaeconomica.com.br\/wp\/wp-json\/wp\/v2\/posts\/970272\/revisions"}],"predecessor-version":[{"id":970276,"href":"https:\/\/bahiaeconomica.com.br\/wp\/wp-json\/wp\/v2\/posts\/970272\/revisions\/970276"}],"wp:featuredmedia":[{"embeddable":true,"href":"https:\/\/bahiaeconomica.com.br\/wp\/wp-json\/wp\/v2\/media\/846363"}],"wp:attachment":[{"href":"https:\/\/bahiaeconomica.com.br\/wp\/wp-json\/wp\/v2\/media?parent=970272"}],"wp:term":[{"taxonomy":"category","embeddable":true,"href":"https:\/\/bahiaeconomica.com.br\/wp\/wp-json\/wp\/v2\/categories?post=970272"},{"taxonomy":"post_tag","embeddable":true,"href":"https:\/\/bahiaeconomica.com.br\/wp\/wp-json\/wp\/v2\/tags?post=970272"}],"curies":[{"name":"wp","href":"https:\/\/api.w.org\/{rel}","templated":true}]}}