{"id":970186,"date":"2026-01-27T15:19:10","date_gmt":"2026-01-27T18:19:10","guid":{"rendered":"https:\/\/bahiaeconomica.com.br\/wp\/?p=970186"},"modified":"2026-01-27T15:19:10","modified_gmt":"2026-01-27T18:19:10","slug":"spm-inscreve-para-o-selo-lilas-e-certificara-empresas-que-promovem-a-valorizacao-das-mulheres-no-mundo-do-trabalho","status":"publish","type":"post","link":"https:\/\/bahiaeconomica.com.br\/wp\/2026\/01\/27\/spm-inscreve-para-o-selo-lilas-e-certificara-empresas-que-promovem-a-valorizacao-das-mulheres-no-mundo-do-trabalho\/","title":{"rendered":"SPM INSCREVE PARA O SELO LIL\u00c1S E CERTIFICAR\u00c1 EMPRESAS QUE PROMOVEM A VALORIZA\u00c7\u00c3O DAS MULHERES NO MUNDO DO TRABALHO"},"content":{"rendered":"<p>A Secretaria das Mulheres do Estado (SPM) est\u00e1 com inscri\u00e7\u00f5es abertas para a 3\u00aa edi\u00e7\u00e3o do Selo Lil\u00e1s at\u00e9 o dia 20 de fevereiro pr\u00f3ximo. A certifica\u00e7\u00e3o reconhece empresas p\u00fablicas e privadas, de pequeno, m\u00e9dio e grande porte, al\u00e9m de entidades com ou sem fins lucrativos, e organiza\u00e7\u00f5es que desenvolvem a\u00e7\u00f5es de valoriza\u00e7\u00e3o das mulheres e enfrentamento \u00e0 desigualdade de g\u00eanero no ambiente de trabalho.<\/p>\n<p>A secret\u00e1ria das Mulheres do Estado, Neusa Cadore, disse que o Selo Lil\u00e1s enaltece o protagonismo feminino no mundo do trabalho. &#8220;O Selo Lil\u00e1s \u00e9 uma pol\u00edtica p\u00fablica que demonstra o compromisso do Governo do Estado com a equidade de g\u00eanero e a valoriza\u00e7\u00e3o das mulheres do mundo do trabalho. \u00c9 tamb\u00e9m uma iniciativa que reconhece o esfor\u00e7o das empresas, entidades e organiza\u00e7\u00f5es que promovem ambientes mais igualit\u00e1rios&#8221;, afirmou.<\/p>\n<p>Pesquisas indicam que 80% das mulheres conhecem ou presenciaram situa\u00e7\u00f5es de ass\u00e9dio no trabalho; que as mulheres recebem 19,4% a menos que homens e 25,2% se estiverem em cargos de lideran\u00e7a; e que apenas 37,4% dos cargos gerenciais s\u00e3o ocupados por mulheres.<\/p>\n<p>Entre os crit\u00e9rios para a certifica\u00e7\u00e3o do Selo Lil\u00e1s, as empresas devem comprovar a\u00e7\u00f5es efetivas de valoriza\u00e7\u00e3o das mulheres, como pol\u00edticas antidiscriminat\u00f3rias, promo\u00e7\u00e3o da igualdade salarial, incentivo \u00e0 lideran\u00e7a feminina, cria\u00e7\u00e3o de canais de den\u00fancia contra ass\u00e9dio e ado\u00e7\u00e3o de medidas de apoio \u00e0 maternidade e \u00e0 parentalidade. As organiza\u00e7\u00f5es tamb\u00e9m precisam ter pelo menos 30% de mulheres em seu quadro funcional, distribu\u00eddas em diferentes \u00e1reas, ou apresentar programas que ampliem essa participa\u00e7\u00e3o.<\/p>\n<p>Institu\u00eddo pela Lei Estadual n\u00ba 14.343\/2021 e regulamentado pelo Decreto n\u00ba 22.173\/2023, o Selo Lil\u00e1s tem como objetivo incentivar e reconhecer boas pr\u00e1ticas de promo\u00e7\u00e3o da igualdade de g\u00eanero no mundo do trabalho, fortalecendo o compromisso social das organiza\u00e7\u00f5es com a constru\u00e7\u00e3o de uma sociedade mais justa e equitativa.<\/p>\n<p>Crescimento e impacto &#8211; Com as certifica\u00e7\u00f5es realizadas em 2024 e 2025, o Selo Lil\u00e1s j\u00e1 reconheceu 199 organiza\u00e7\u00f5es distribu\u00eddas em 21 Territ\u00f3rios de Identidade da Bahia, consolidando-se como uma pol\u00edtica p\u00fablica permanente e transformadora.<\/p>\n<p>As inscri\u00e7\u00f5es, que foram prorrogadas, s\u00e3o realizadas exclusivamente pela internet, no site www.selolilas.spm.ba.gov.br.<\/p>\n","protected":false},"excerpt":{"rendered":"<p>A Secretaria das Mulheres do Estado (SPM) est\u00e1 com inscri\u00e7\u00f5es abertas para a 3\u00aa edi\u00e7\u00e3o do Selo Lil\u00e1s at\u00e9 o dia 20 de fevereiro pr\u00f3ximo. A certifica\u00e7\u00e3o reconhece empresas p\u00fablicas e privadas, de pequeno, m\u00e9dio e grande porte, al\u00e9m de entidades com ou sem fins lucrativos, e organiza\u00e7\u00f5es que desenvolvem a\u00e7\u00f5es de valoriza\u00e7\u00e3o das mulheres [&hellip;]<\/p>\n","protected":false},"author":22,"featured_media":970187,"comment_status":"closed","ping_status":"closed","sticky":false,"template":"","format":"standard","meta":[],"categories":[5],"tags":[],"acf":[],"yoast_head":"<!-- This site is optimized with the Yoast SEO plugin v20.8 - https:\/\/yoast.com\/wordpress\/plugins\/seo\/ -->\n<title>SPM INSCREVE PARA O SELO LIL\u00c1S E CERTIFICAR\u00c1 EMPRESAS QUE PROMOVEM A VALORIZA\u00c7\u00c3O DAS MULHERES NO MUNDO DO TRABALHO - Bahia Economica<\/title>\n<meta name=\"description\" content=\"O maior portal de Economia da Bahia MUNIC\u00cdPIOS Bahia Economica\" \/>\n<meta name=\"robots\" content=\"index, follow, max-snippet:-1, max-image-preview:large, max-video-preview:-1\" \/>\n<link rel=\"canonical\" href=\"https:\/\/bahiaeconomica.com.br\/wp\/2026\/01\/27\/spm-inscreve-para-o-selo-lilas-e-certificara-empresas-que-promovem-a-valorizacao-das-mulheres-no-mundo-do-trabalho\/\" \/>\n<meta property=\"og:locale\" content=\"pt_BR\" \/>\n<meta property=\"og:type\" content=\"article\" \/>\n<meta property=\"og:title\" content=\"SPM INSCREVE PARA O SELO LIL\u00c1S E CERTIFICAR\u00c1 EMPRESAS QUE PROMOVEM A VALORIZA\u00c7\u00c3O DAS MULHERES NO MUNDO DO TRABALHO - Bahia Economica\" \/>\n<meta property=\"og:description\" content=\"O maior portal de Economia da Bahia MUNIC\u00cdPIOS Bahia Economica\" \/>\n<meta property=\"og:url\" content=\"https:\/\/bahiaeconomica.com.br\/wp\/2026\/01\/27\/spm-inscreve-para-o-selo-lilas-e-certificara-empresas-que-promovem-a-valorizacao-das-mulheres-no-mundo-do-trabalho\/\" \/>\n<meta property=\"og:site_name\" content=\"Bahia Economica\" \/>\n<meta property=\"article:publisher\" content=\"https:\/\/www.facebook.com\/bahiaeconomica\" \/>\n<meta property=\"article:published_time\" content=\"2026-01-27T18:19:10+00:00\" \/>\n<meta property=\"og:image\" content=\"https:\/\/bahiaeconomica.com.br\/wp\/wp-content\/uploads\/2026\/01\/WhatsApp-Image-2026-01-27-at-14.25.13.jpeg\" \/>\n\t<meta property=\"og:image:width\" content=\"1600\" \/>\n\t<meta property=\"og:image:height\" content=\"1066\" \/>\n\t<meta property=\"og:image:type\" content=\"image\/jpeg\" \/>\n<meta name=\"author\" content=\"Matheus Souza\" \/>\n<meta name=\"twitter:card\" content=\"summary_large_image\" \/>\n<meta name=\"twitter:label1\" content=\"Escrito por\" \/>\n\t<meta name=\"twitter:data1\" content=\"Matheus Souza\" \/>\n\t<meta name=\"twitter:label2\" content=\"Est. tempo de leitura\" \/>\n\t<meta name=\"twitter:data2\" content=\"2 minutos\" \/>\n<script type=\"application\/ld+json\" class=\"yoast-schema-graph\">{\"@context\":\"https:\/\/schema.org\",\"@graph\":[{\"@type\":\"Article\",\"@id\":\"https:\/\/bahiaeconomica.com.br\/wp\/2026\/01\/27\/spm-inscreve-para-o-selo-lilas-e-certificara-empresas-que-promovem-a-valorizacao-das-mulheres-no-mundo-do-trabalho\/#article\",\"isPartOf\":{\"@id\":\"https:\/\/bahiaeconomica.com.br\/wp\/2026\/01\/27\/spm-inscreve-para-o-selo-lilas-e-certificara-empresas-que-promovem-a-valorizacao-das-mulheres-no-mundo-do-trabalho\/\"},\"author\":{\"name\":\"Matheus Souza\",\"@id\":\"https:\/\/bahiaeconomica.com.br\/wp\/#\/schema\/person\/3304d50cfd32353c7d08c39066638997\"},\"headline\":\"SPM INSCREVE PARA O SELO LIL\u00c1S E CERTIFICAR\u00c1 EMPRESAS QUE PROMOVEM A VALORIZA\u00c7\u00c3O DAS MULHERES NO MUNDO DO TRABALHO\",\"datePublished\":\"2026-01-27T18:19:10+00:00\",\"dateModified\":\"2026-01-27T18:19:10+00:00\",\"mainEntityOfPage\":{\"@id\":\"https:\/\/bahiaeconomica.com.br\/wp\/2026\/01\/27\/spm-inscreve-para-o-selo-lilas-e-certificara-empresas-que-promovem-a-valorizacao-das-mulheres-no-mundo-do-trabalho\/\"},\"wordCount\":413,\"publisher\":{\"@id\":\"https:\/\/bahiaeconomica.com.br\/wp\/#organization\"},\"articleSection\":[\"MUNIC\u00cdPIOS\"],\"inLanguage\":\"pt-BR\"},{\"@type\":\"WebPage\",\"@id\":\"https:\/\/bahiaeconomica.com.br\/wp\/2026\/01\/27\/spm-inscreve-para-o-selo-lilas-e-certificara-empresas-que-promovem-a-valorizacao-das-mulheres-no-mundo-do-trabalho\/\",\"url\":\"https:\/\/bahiaeconomica.com.br\/wp\/2026\/01\/27\/spm-inscreve-para-o-selo-lilas-e-certificara-empresas-que-promovem-a-valorizacao-das-mulheres-no-mundo-do-trabalho\/\",\"name\":\"SPM INSCREVE PARA O SELO LIL\u00c1S E CERTIFICAR\u00c1 EMPRESAS QUE PROMOVEM A VALORIZA\u00c7\u00c3O DAS MULHERES NO MUNDO DO TRABALHO - Bahia Economica\",\"isPartOf\":{\"@id\":\"https:\/\/bahiaeconomica.com.br\/wp\/#website\"},\"datePublished\":\"2026-01-27T18:19:10+00:00\",\"dateModified\":\"2026-01-27T18:19:10+00:00\",\"description\":\"O maior portal de Economia da Bahia MUNIC\u00cdPIOS Bahia Economica\",\"breadcrumb\":{\"@id\":\"https:\/\/bahiaeconomica.com.br\/wp\/2026\/01\/27\/spm-inscreve-para-o-selo-lilas-e-certificara-empresas-que-promovem-a-valorizacao-das-mulheres-no-mundo-do-trabalho\/#breadcrumb\"},\"inLanguage\":\"pt-BR\",\"potentialAction\":[{\"@type\":\"ReadAction\",\"target\":[\"https:\/\/bahiaeconomica.com.br\/wp\/2026\/01\/27\/spm-inscreve-para-o-selo-lilas-e-certificara-empresas-que-promovem-a-valorizacao-das-mulheres-no-mundo-do-trabalho\/\"]}]},{\"@type\":\"BreadcrumbList\",\"@id\":\"https:\/\/bahiaeconomica.com.br\/wp\/2026\/01\/27\/spm-inscreve-para-o-selo-lilas-e-certificara-empresas-que-promovem-a-valorizacao-das-mulheres-no-mundo-do-trabalho\/#breadcrumb\",\"itemListElement\":[{\"@type\":\"ListItem\",\"position\":1,\"name\":\"In\u00edcio\",\"item\":\"https:\/\/bahiaeconomica.com.br\/wp\/\"},{\"@type\":\"ListItem\",\"position\":2,\"name\":\"SPM INSCREVE PARA O SELO LIL\u00c1S E CERTIFICAR\u00c1 EMPRESAS QUE PROMOVEM A VALORIZA\u00c7\u00c3O DAS MULHERES NO MUNDO DO TRABALHO\"}]},{\"@type\":\"WebSite\",\"@id\":\"https:\/\/bahiaeconomica.com.br\/wp\/#website\",\"url\":\"https:\/\/bahiaeconomica.com.br\/wp\/\",\"name\":\"Bahia Economica\",\"description\":\"O maior portal de Economia da Bahia\",\"publisher\":{\"@id\":\"https:\/\/bahiaeconomica.com.br\/wp\/#organization\"},\"potentialAction\":[{\"@type\":\"SearchAction\",\"target\":{\"@type\":\"EntryPoint\",\"urlTemplate\":\"https:\/\/bahiaeconomica.com.br\/wp\/?s={search_term_string}\"},\"query-input\":\"required name=search_term_string\"}],\"inLanguage\":\"pt-BR\"},{\"@type\":\"Organization\",\"@id\":\"https:\/\/bahiaeconomica.com.br\/wp\/#organization\",\"name\":\"Bahia Econ\u00f4mica\",\"url\":\"https:\/\/bahiaeconomica.com.br\/wp\/\",\"logo\":{\"@type\":\"ImageObject\",\"inLanguage\":\"pt-BR\",\"@id\":\"https:\/\/bahiaeconomica.com.br\/wp\/#\/schema\/logo\/image\/\",\"url\":\"https:\/\/bahiaeconomica.com.br\/wp\/wp-content\/uploads\/2020\/12\/cropped-BE.png\",\"contentUrl\":\"https:\/\/bahiaeconomica.com.br\/wp\/wp-content\/uploads\/2020\/12\/cropped-BE.png\",\"width\":512,\"height\":512,\"caption\":\"Bahia Econ\u00f4mica\"},\"image\":{\"@id\":\"https:\/\/bahiaeconomica.com.br\/wp\/#\/schema\/logo\/image\/\"},\"sameAs\":[\"https:\/\/www.facebook.com\/bahiaeconomica\"]},{\"@type\":\"Person\",\"@id\":\"https:\/\/bahiaeconomica.com.br\/wp\/#\/schema\/person\/3304d50cfd32353c7d08c39066638997\",\"name\":\"Matheus Souza\",\"sameAs\":[\"http:\/\/www.bahiaeconomica.com.br\"],\"url\":\"https:\/\/bahiaeconomica.com.br\/wp\/author\/matheus-souza\/\"}]}<\/script>\n<!-- \/ Yoast SEO plugin. -->","yoast_head_json":{"title":"SPM INSCREVE PARA O SELO LIL\u00c1S E CERTIFICAR\u00c1 EMPRESAS QUE PROMOVEM A VALORIZA\u00c7\u00c3O DAS MULHERES NO MUNDO DO TRABALHO - Bahia Economica","description":"O maior portal de Economia da Bahia MUNIC\u00cdPIOS Bahia Economica","robots":{"index":"index","follow":"follow","max-snippet":"max-snippet:-1","max-image-preview":"max-image-preview:large","max-video-preview":"max-video-preview:-1"},"canonical":"https:\/\/bahiaeconomica.com.br\/wp\/2026\/01\/27\/spm-inscreve-para-o-selo-lilas-e-certificara-empresas-que-promovem-a-valorizacao-das-mulheres-no-mundo-do-trabalho\/","og_locale":"pt_BR","og_type":"article","og_title":"SPM INSCREVE PARA O SELO LIL\u00c1S E CERTIFICAR\u00c1 EMPRESAS QUE PROMOVEM A VALORIZA\u00c7\u00c3O DAS MULHERES NO MUNDO DO TRABALHO - Bahia Economica","og_description":"O maior portal de Economia da Bahia MUNIC\u00cdPIOS Bahia Economica","og_url":"https:\/\/bahiaeconomica.com.br\/wp\/2026\/01\/27\/spm-inscreve-para-o-selo-lilas-e-certificara-empresas-que-promovem-a-valorizacao-das-mulheres-no-mundo-do-trabalho\/","og_site_name":"Bahia Economica","article_publisher":"https:\/\/www.facebook.com\/bahiaeconomica","article_published_time":"2026-01-27T18:19:10+00:00","og_image":[{"width":1600,"height":1066,"url":"https:\/\/bahiaeconomica.com.br\/wp\/wp-content\/uploads\/2026\/01\/WhatsApp-Image-2026-01-27-at-14.25.13.jpeg","type":"image\/jpeg"}],"author":"Matheus Souza","twitter_card":"summary_large_image","twitter_misc":{"Escrito por":"Matheus Souza","Est. tempo de leitura":"2 minutos"},"schema":{"@context":"https:\/\/schema.org","@graph":[{"@type":"Article","@id":"https:\/\/bahiaeconomica.com.br\/wp\/2026\/01\/27\/spm-inscreve-para-o-selo-lilas-e-certificara-empresas-que-promovem-a-valorizacao-das-mulheres-no-mundo-do-trabalho\/#article","isPartOf":{"@id":"https:\/\/bahiaeconomica.com.br\/wp\/2026\/01\/27\/spm-inscreve-para-o-selo-lilas-e-certificara-empresas-que-promovem-a-valorizacao-das-mulheres-no-mundo-do-trabalho\/"},"author":{"name":"Matheus Souza","@id":"https:\/\/bahiaeconomica.com.br\/wp\/#\/schema\/person\/3304d50cfd32353c7d08c39066638997"},"headline":"SPM INSCREVE PARA O SELO LIL\u00c1S E CERTIFICAR\u00c1 EMPRESAS QUE PROMOVEM A VALORIZA\u00c7\u00c3O DAS MULHERES NO MUNDO DO TRABALHO","datePublished":"2026-01-27T18:19:10+00:00","dateModified":"2026-01-27T18:19:10+00:00","mainEntityOfPage":{"@id":"https:\/\/bahiaeconomica.com.br\/wp\/2026\/01\/27\/spm-inscreve-para-o-selo-lilas-e-certificara-empresas-que-promovem-a-valorizacao-das-mulheres-no-mundo-do-trabalho\/"},"wordCount":413,"publisher":{"@id":"https:\/\/bahiaeconomica.com.br\/wp\/#organization"},"articleSection":["MUNIC\u00cdPIOS"],"inLanguage":"pt-BR"},{"@type":"WebPage","@id":"https:\/\/bahiaeconomica.com.br\/wp\/2026\/01\/27\/spm-inscreve-para-o-selo-lilas-e-certificara-empresas-que-promovem-a-valorizacao-das-mulheres-no-mundo-do-trabalho\/","url":"https:\/\/bahiaeconomica.com.br\/wp\/2026\/01\/27\/spm-inscreve-para-o-selo-lilas-e-certificara-empresas-que-promovem-a-valorizacao-das-mulheres-no-mundo-do-trabalho\/","name":"SPM INSCREVE PARA O SELO LIL\u00c1S E CERTIFICAR\u00c1 EMPRESAS QUE PROMOVEM A VALORIZA\u00c7\u00c3O DAS MULHERES NO MUNDO DO TRABALHO - Bahia Economica","isPartOf":{"@id":"https:\/\/bahiaeconomica.com.br\/wp\/#website"},"datePublished":"2026-01-27T18:19:10+00:00","dateModified":"2026-01-27T18:19:10+00:00","description":"O maior portal de Economia da Bahia MUNIC\u00cdPIOS Bahia Economica","breadcrumb":{"@id":"https:\/\/bahiaeconomica.com.br\/wp\/2026\/01\/27\/spm-inscreve-para-o-selo-lilas-e-certificara-empresas-que-promovem-a-valorizacao-das-mulheres-no-mundo-do-trabalho\/#breadcrumb"},"inLanguage":"pt-BR","potentialAction":[{"@type":"ReadAction","target":["https:\/\/bahiaeconomica.com.br\/wp\/2026\/01\/27\/spm-inscreve-para-o-selo-lilas-e-certificara-empresas-que-promovem-a-valorizacao-das-mulheres-no-mundo-do-trabalho\/"]}]},{"@type":"BreadcrumbList","@id":"https:\/\/bahiaeconomica.com.br\/wp\/2026\/01\/27\/spm-inscreve-para-o-selo-lilas-e-certificara-empresas-que-promovem-a-valorizacao-das-mulheres-no-mundo-do-trabalho\/#breadcrumb","itemListElement":[{"@type":"ListItem","position":1,"name":"In\u00edcio","item":"https:\/\/bahiaeconomica.com.br\/wp\/"},{"@type":"ListItem","position":2,"name":"SPM INSCREVE PARA O SELO LIL\u00c1S E CERTIFICAR\u00c1 EMPRESAS QUE PROMOVEM A VALORIZA\u00c7\u00c3O DAS MULHERES NO MUNDO DO TRABALHO"}]},{"@type":"WebSite","@id":"https:\/\/bahiaeconomica.com.br\/wp\/#website","url":"https:\/\/bahiaeconomica.com.br\/wp\/","name":"Bahia Economica","description":"O maior portal de Economia da Bahia","publisher":{"@id":"https:\/\/bahiaeconomica.com.br\/wp\/#organization"},"potentialAction":[{"@type":"SearchAction","target":{"@type":"EntryPoint","urlTemplate":"https:\/\/bahiaeconomica.com.br\/wp\/?s={search_term_string}"},"query-input":"required name=search_term_string"}],"inLanguage":"pt-BR"},{"@type":"Organization","@id":"https:\/\/bahiaeconomica.com.br\/wp\/#organization","name":"Bahia Econ\u00f4mica","url":"https:\/\/bahiaeconomica.com.br\/wp\/","logo":{"@type":"ImageObject","inLanguage":"pt-BR","@id":"https:\/\/bahiaeconomica.com.br\/wp\/#\/schema\/logo\/image\/","url":"https:\/\/bahiaeconomica.com.br\/wp\/wp-content\/uploads\/2020\/12\/cropped-BE.png","contentUrl":"https:\/\/bahiaeconomica.com.br\/wp\/wp-content\/uploads\/2020\/12\/cropped-BE.png","width":512,"height":512,"caption":"Bahia Econ\u00f4mica"},"image":{"@id":"https:\/\/bahiaeconomica.com.br\/wp\/#\/schema\/logo\/image\/"},"sameAs":["https:\/\/www.facebook.com\/bahiaeconomica"]},{"@type":"Person","@id":"https:\/\/bahiaeconomica.com.br\/wp\/#\/schema\/person\/3304d50cfd32353c7d08c39066638997","name":"Matheus Souza","sameAs":["http:\/\/www.bahiaeconomica.com.br"],"url":"https:\/\/bahiaeconomica.com.br\/wp\/author\/matheus-souza\/"}]}},"views":3,"_links":{"self":[{"href":"https:\/\/bahiaeconomica.com.br\/wp\/wp-json\/wp\/v2\/posts\/970186"}],"collection":[{"href":"https:\/\/bahiaeconomica.com.br\/wp\/wp-json\/wp\/v2\/posts"}],"about":[{"href":"https:\/\/bahiaeconomica.com.br\/wp\/wp-json\/wp\/v2\/types\/post"}],"author":[{"embeddable":true,"href":"https:\/\/bahiaeconomica.com.br\/wp\/wp-json\/wp\/v2\/users\/22"}],"replies":[{"embeddable":true,"href":"https:\/\/bahiaeconomica.com.br\/wp\/wp-json\/wp\/v2\/comments?post=970186"}],"version-history":[{"count":1,"href":"https:\/\/bahiaeconomica.com.br\/wp\/wp-json\/wp\/v2\/posts\/970186\/revisions"}],"predecessor-version":[{"id":970191,"href":"https:\/\/bahiaeconomica.com.br\/wp\/wp-json\/wp\/v2\/posts\/970186\/revisions\/970191"}],"wp:featuredmedia":[{"embeddable":true,"href":"https:\/\/bahiaeconomica.com.br\/wp\/wp-json\/wp\/v2\/media\/970187"}],"wp:attachment":[{"href":"https:\/\/bahiaeconomica.com.br\/wp\/wp-json\/wp\/v2\/media?parent=970186"}],"wp:term":[{"taxonomy":"category","embeddable":true,"href":"https:\/\/bahiaeconomica.com.br\/wp\/wp-json\/wp\/v2\/categories?post=970186"},{"taxonomy":"post_tag","embeddable":true,"href":"https:\/\/bahiaeconomica.com.br\/wp\/wp-json\/wp\/v2\/tags?post=970186"}],"curies":[{"name":"wp","href":"https:\/\/api.w.org\/{rel}","templated":true}]}}