{"id":970180,"date":"2026-01-27T16:20:02","date_gmt":"2026-01-27T19:20:02","guid":{"rendered":"https:\/\/bahiaeconomica.com.br\/wp\/?p=970180"},"modified":"2026-01-27T15:02:58","modified_gmt":"2026-01-27T18:02:58","slug":"contribuintes-do-ipva-tem-mais-duas-semanas-para-aproveitar-desconto-de-15","status":"publish","type":"post","link":"https:\/\/bahiaeconomica.com.br\/wp\/2026\/01\/27\/contribuintes-do-ipva-tem-mais-duas-semanas-para-aproveitar-desconto-de-15\/","title":{"rendered":"CONTRIBUINTES DO IPVA T\u00caM MAIS DUAS SEMANAS PARA APROVEITAR DESCONTO DE 15%"},"content":{"rendered":"<p>Os contribuintes do IPVA na Bahia t\u00eam s\u00f3 mais duas semanas para aproveitar o super desconto de 15% na antecipa\u00e7\u00e3o do imposto, um dos maiores do pa\u00eds. A oportunidade \u00e9 v\u00e1lida para os propriet\u00e1rios de ve\u00edculos que fizerem o pagamento integral do imposto em cota \u00fanica at\u00e9 o dia 10 de fevereiro. As condi\u00e7\u00f5es de pagamento e a tabela do IPVA 2026 est\u00e3o dispon\u00edveis aqui (www.sefaz.ba.gov.br).<\/p>\n<p>O Estado da Bahia tamb\u00e9m amplia as facilidades ao permitir o pagamento do IPVA \u00e0 vista, via Pix, em qualquer institui\u00e7\u00e3o banc\u00e1ria: o licenciamento integrado \u2014 que re\u00fane IPVA, taxa de licenciamento e eventuais multas \u2014 pode ser realizado de forma 100% digital por meio da plataforma ba.gov.br. Para isso, basta acessar a p\u00e1gina, entrar com usu\u00e1rio e senha, e escolher o servi\u00e7o: &#8220;Pagar Licenciamento Cota \u00danica&#8221;. Depois \u00e9 s\u00f3 colocar o n\u00famero do Renavam do ve\u00edculo e gerar o Documento de Arrecada\u00e7\u00e3o Estadual (DAE), que j\u00e1 vem com o c\u00f3digo de barras e o QR Code do pix.<\/p>\n<p>Esse j\u00e1 \u00e9 o terceiro ano em que a modalidade de pagamento \u00e9 adotada pela Secretaria da Fazenda do Estado (Sefaz-Ba), em parceria com o Departamento Estadual de Tr\u00e2nsito (Detran) e a Secretaria da Administra\u00e7\u00e3o (Saeb). Tamb\u00e9m \u00e9 poss\u00edvel acessar o ba.gov.br utilizando usu\u00e1rio e senha do gov.br, plataforma digital unificada do Governo Federal.<\/p>\n<p>Tamb\u00e9m \u00e9 poss\u00edvel quitar o IPVA em uma ag\u00eancia ou caixa eletr\u00f4nico do Banco do Brasil, Bradesco ou Bancoob, com o n\u00famero do Renavam em m\u00e3os, ou utilizar os aplicativos e sites destes bancos pelo smartphone ou computador.<\/p>\n<p><strong>Outras op\u00e7\u00f5es<\/strong><\/p>\n<p>Caso n\u00e3o possa pagar at\u00e9 o dia 10 de fevereiro, o contribuinte tem ainda a op\u00e7\u00e3o de quitar o imposto com 8% de desconto, de acordo com a Sefaz-Ba. Para isso, \u00e9 necess\u00e1rio que fa\u00e7a o pagamento do valor integral do tributo at\u00e9 o dia do vencimento da primeira cota do parcelamento previsto para o seu ve\u00edculo, de acordo com o calend\u00e1rio do IPVA 2026.<\/p>\n<p>O Estado da Bahia manteve tamb\u00e9m a possibilidade de parcelamento em cinco vezes, que pode ser feito conforme o calend\u00e1rio anual, levando em conta o n\u00famero final da placa do ve\u00edculo. Caso a op\u00e7\u00e3o seja parcelar o IPVA, o contribuinte deve se lembrar de que os d\u00e9bitos referentes \u00e0 taxa de licenciamento e a eventuais multas de tr\u00e2nsito dever\u00e3o ser pagos at\u00e9 o prazo final do pagamento em cota \u00fanica ou da quinta parcela do IPVA.<\/p>\n<p>O imposto do exerc\u00edcio atual s\u00f3 poder\u00e1 ser parcelado se o valor do d\u00e9bito for igual ou superior a R$ 120,00. A Sefaz-Ba lembra que a op\u00e7\u00e3o do parcelamento referente a d\u00e9bitos anteriores a 2026 ser\u00e1 admitida apenas caso este pagamento ocorra junto com o do exerc\u00edcio atual.<\/p>\n<p>foto: divulga\u00e7\u00e3o<\/p>\n","protected":false},"excerpt":{"rendered":"<p>Os contribuintes do IPVA na Bahia t\u00eam s\u00f3 mais duas semanas para aproveitar o super desconto de 15% na antecipa\u00e7\u00e3o do imposto, um dos maiores do pa\u00eds. A oportunidade \u00e9 v\u00e1lida para os propriet\u00e1rios de ve\u00edculos que fizerem o pagamento integral do imposto em cota \u00fanica at\u00e9 o dia 10 de fevereiro. As condi\u00e7\u00f5es de [&hellip;]<\/p>\n","protected":false},"author":15,"featured_media":970182,"comment_status":"closed","ping_status":"closed","sticky":false,"template":"","format":"standard","meta":[],"categories":[5],"tags":[],"acf":[],"yoast_head":"<!-- This site is optimized with the Yoast SEO plugin v20.8 - https:\/\/yoast.com\/wordpress\/plugins\/seo\/ -->\n<title>CONTRIBUINTES DO IPVA T\u00caM MAIS DUAS SEMANAS PARA APROVEITAR DESCONTO DE 15% - Bahia Economica<\/title>\n<meta name=\"description\" content=\"O maior portal de Economia da Bahia MUNIC\u00cdPIOS Bahia Economica\" \/>\n<meta name=\"robots\" content=\"index, follow, max-snippet:-1, max-image-preview:large, max-video-preview:-1\" \/>\n<link rel=\"canonical\" href=\"https:\/\/bahiaeconomica.com.br\/wp\/2026\/01\/27\/contribuintes-do-ipva-tem-mais-duas-semanas-para-aproveitar-desconto-de-15\/\" \/>\n<meta property=\"og:locale\" content=\"pt_BR\" \/>\n<meta property=\"og:type\" content=\"article\" \/>\n<meta property=\"og:title\" content=\"CONTRIBUINTES DO IPVA T\u00caM MAIS DUAS SEMANAS PARA APROVEITAR DESCONTO DE 15% - Bahia Economica\" \/>\n<meta property=\"og:description\" content=\"O maior portal de Economia da Bahia MUNIC\u00cdPIOS Bahia Economica\" \/>\n<meta property=\"og:url\" content=\"https:\/\/bahiaeconomica.com.br\/wp\/2026\/01\/27\/contribuintes-do-ipva-tem-mais-duas-semanas-para-aproveitar-desconto-de-15\/\" \/>\n<meta property=\"og:site_name\" content=\"Bahia Economica\" \/>\n<meta property=\"article:publisher\" content=\"https:\/\/www.facebook.com\/bahiaeconomica\" \/>\n<meta property=\"article:published_time\" content=\"2026-01-27T19:20:02+00:00\" \/>\n<meta property=\"article:modified_time\" content=\"2026-01-27T18:02:58+00:00\" \/>\n<meta property=\"og:image\" content=\"https:\/\/bahiaeconomica.com.br\/wp\/wp-content\/uploads\/2026\/01\/Calendario-IPVA-2026.jpeg\" \/>\n\t<meta property=\"og:image:width\" content=\"680\" \/>\n\t<meta property=\"og:image:height\" content=\"360\" \/>\n\t<meta property=\"og:image:type\" content=\"image\/jpeg\" \/>\n<meta name=\"author\" content=\"VICTORIA ISABEL\" \/>\n<meta name=\"twitter:card\" content=\"summary_large_image\" \/>\n<meta name=\"twitter:label1\" content=\"Escrito por\" \/>\n\t<meta name=\"twitter:data1\" content=\"VICTORIA ISABEL\" \/>\n\t<meta name=\"twitter:label2\" content=\"Est. tempo de leitura\" \/>\n\t<meta name=\"twitter:data2\" content=\"3 minutos\" \/>\n<script type=\"application\/ld+json\" class=\"yoast-schema-graph\">{\"@context\":\"https:\/\/schema.org\",\"@graph\":[{\"@type\":\"Article\",\"@id\":\"https:\/\/bahiaeconomica.com.br\/wp\/2026\/01\/27\/contribuintes-do-ipva-tem-mais-duas-semanas-para-aproveitar-desconto-de-15\/#article\",\"isPartOf\":{\"@id\":\"https:\/\/bahiaeconomica.com.br\/wp\/2026\/01\/27\/contribuintes-do-ipva-tem-mais-duas-semanas-para-aproveitar-desconto-de-15\/\"},\"author\":{\"name\":\"VICTORIA ISABEL\",\"@id\":\"https:\/\/bahiaeconomica.com.br\/wp\/#\/schema\/person\/b719ce0fb1c09f3c7a00d9243ced4a6f\"},\"headline\":\"CONTRIBUINTES DO IPVA T\u00caM MAIS DUAS SEMANAS PARA APROVEITAR DESCONTO DE 15%\",\"datePublished\":\"2026-01-27T19:20:02+00:00\",\"dateModified\":\"2026-01-27T18:02:58+00:00\",\"mainEntityOfPage\":{\"@id\":\"https:\/\/bahiaeconomica.com.br\/wp\/2026\/01\/27\/contribuintes-do-ipva-tem-mais-duas-semanas-para-aproveitar-desconto-de-15\/\"},\"wordCount\":503,\"publisher\":{\"@id\":\"https:\/\/bahiaeconomica.com.br\/wp\/#organization\"},\"articleSection\":[\"MUNIC\u00cdPIOS\"],\"inLanguage\":\"pt-BR\"},{\"@type\":\"WebPage\",\"@id\":\"https:\/\/bahiaeconomica.com.br\/wp\/2026\/01\/27\/contribuintes-do-ipva-tem-mais-duas-semanas-para-aproveitar-desconto-de-15\/\",\"url\":\"https:\/\/bahiaeconomica.com.br\/wp\/2026\/01\/27\/contribuintes-do-ipva-tem-mais-duas-semanas-para-aproveitar-desconto-de-15\/\",\"name\":\"CONTRIBUINTES DO IPVA T\u00caM MAIS DUAS SEMANAS PARA APROVEITAR DESCONTO DE 15% - Bahia Economica\",\"isPartOf\":{\"@id\":\"https:\/\/bahiaeconomica.com.br\/wp\/#website\"},\"datePublished\":\"2026-01-27T19:20:02+00:00\",\"dateModified\":\"2026-01-27T18:02:58+00:00\",\"description\":\"O maior portal de Economia da Bahia MUNIC\u00cdPIOS Bahia Economica\",\"breadcrumb\":{\"@id\":\"https:\/\/bahiaeconomica.com.br\/wp\/2026\/01\/27\/contribuintes-do-ipva-tem-mais-duas-semanas-para-aproveitar-desconto-de-15\/#breadcrumb\"},\"inLanguage\":\"pt-BR\",\"potentialAction\":[{\"@type\":\"ReadAction\",\"target\":[\"https:\/\/bahiaeconomica.com.br\/wp\/2026\/01\/27\/contribuintes-do-ipva-tem-mais-duas-semanas-para-aproveitar-desconto-de-15\/\"]}]},{\"@type\":\"BreadcrumbList\",\"@id\":\"https:\/\/bahiaeconomica.com.br\/wp\/2026\/01\/27\/contribuintes-do-ipva-tem-mais-duas-semanas-para-aproveitar-desconto-de-15\/#breadcrumb\",\"itemListElement\":[{\"@type\":\"ListItem\",\"position\":1,\"name\":\"In\u00edcio\",\"item\":\"https:\/\/bahiaeconomica.com.br\/wp\/\"},{\"@type\":\"ListItem\",\"position\":2,\"name\":\"CONTRIBUINTES DO IPVA T\u00caM MAIS DUAS SEMANAS PARA APROVEITAR DESCONTO DE 15%\"}]},{\"@type\":\"WebSite\",\"@id\":\"https:\/\/bahiaeconomica.com.br\/wp\/#website\",\"url\":\"https:\/\/bahiaeconomica.com.br\/wp\/\",\"name\":\"Bahia Economica\",\"description\":\"O maior portal de Economia da Bahia\",\"publisher\":{\"@id\":\"https:\/\/bahiaeconomica.com.br\/wp\/#organization\"},\"potentialAction\":[{\"@type\":\"SearchAction\",\"target\":{\"@type\":\"EntryPoint\",\"urlTemplate\":\"https:\/\/bahiaeconomica.com.br\/wp\/?s={search_term_string}\"},\"query-input\":\"required name=search_term_string\"}],\"inLanguage\":\"pt-BR\"},{\"@type\":\"Organization\",\"@id\":\"https:\/\/bahiaeconomica.com.br\/wp\/#organization\",\"name\":\"Bahia Econ\u00f4mica\",\"url\":\"https:\/\/bahiaeconomica.com.br\/wp\/\",\"logo\":{\"@type\":\"ImageObject\",\"inLanguage\":\"pt-BR\",\"@id\":\"https:\/\/bahiaeconomica.com.br\/wp\/#\/schema\/logo\/image\/\",\"url\":\"https:\/\/bahiaeconomica.com.br\/wp\/wp-content\/uploads\/2020\/12\/cropped-BE.png\",\"contentUrl\":\"https:\/\/bahiaeconomica.com.br\/wp\/wp-content\/uploads\/2020\/12\/cropped-BE.png\",\"width\":512,\"height\":512,\"caption\":\"Bahia Econ\u00f4mica\"},\"image\":{\"@id\":\"https:\/\/bahiaeconomica.com.br\/wp\/#\/schema\/logo\/image\/\"},\"sameAs\":[\"https:\/\/www.facebook.com\/bahiaeconomica\"]},{\"@type\":\"Person\",\"@id\":\"https:\/\/bahiaeconomica.com.br\/wp\/#\/schema\/person\/b719ce0fb1c09f3c7a00d9243ced4a6f\",\"name\":\"VICTORIA ISABEL\",\"sameAs\":[\"http:\/\/www.bahiaeconomica.com.br\"],\"url\":\"https:\/\/bahiaeconomica.com.br\/wp\/author\/victoria-isabel\/\"}]}<\/script>\n<!-- \/ Yoast SEO plugin. -->","yoast_head_json":{"title":"CONTRIBUINTES DO IPVA T\u00caM MAIS DUAS SEMANAS PARA APROVEITAR DESCONTO DE 15% - Bahia Economica","description":"O maior portal de Economia da Bahia MUNIC\u00cdPIOS Bahia Economica","robots":{"index":"index","follow":"follow","max-snippet":"max-snippet:-1","max-image-preview":"max-image-preview:large","max-video-preview":"max-video-preview:-1"},"canonical":"https:\/\/bahiaeconomica.com.br\/wp\/2026\/01\/27\/contribuintes-do-ipva-tem-mais-duas-semanas-para-aproveitar-desconto-de-15\/","og_locale":"pt_BR","og_type":"article","og_title":"CONTRIBUINTES DO IPVA T\u00caM MAIS DUAS SEMANAS PARA APROVEITAR DESCONTO DE 15% - Bahia Economica","og_description":"O maior portal de Economia da Bahia MUNIC\u00cdPIOS Bahia Economica","og_url":"https:\/\/bahiaeconomica.com.br\/wp\/2026\/01\/27\/contribuintes-do-ipva-tem-mais-duas-semanas-para-aproveitar-desconto-de-15\/","og_site_name":"Bahia Economica","article_publisher":"https:\/\/www.facebook.com\/bahiaeconomica","article_published_time":"2026-01-27T19:20:02+00:00","article_modified_time":"2026-01-27T18:02:58+00:00","og_image":[{"width":680,"height":360,"url":"https:\/\/bahiaeconomica.com.br\/wp\/wp-content\/uploads\/2026\/01\/Calendario-IPVA-2026.jpeg","type":"image\/jpeg"}],"author":"VICTORIA ISABEL","twitter_card":"summary_large_image","twitter_misc":{"Escrito por":"VICTORIA ISABEL","Est. tempo de leitura":"3 minutos"},"schema":{"@context":"https:\/\/schema.org","@graph":[{"@type":"Article","@id":"https:\/\/bahiaeconomica.com.br\/wp\/2026\/01\/27\/contribuintes-do-ipva-tem-mais-duas-semanas-para-aproveitar-desconto-de-15\/#article","isPartOf":{"@id":"https:\/\/bahiaeconomica.com.br\/wp\/2026\/01\/27\/contribuintes-do-ipva-tem-mais-duas-semanas-para-aproveitar-desconto-de-15\/"},"author":{"name":"VICTORIA ISABEL","@id":"https:\/\/bahiaeconomica.com.br\/wp\/#\/schema\/person\/b719ce0fb1c09f3c7a00d9243ced4a6f"},"headline":"CONTRIBUINTES DO IPVA T\u00caM MAIS DUAS SEMANAS PARA APROVEITAR DESCONTO DE 15%","datePublished":"2026-01-27T19:20:02+00:00","dateModified":"2026-01-27T18:02:58+00:00","mainEntityOfPage":{"@id":"https:\/\/bahiaeconomica.com.br\/wp\/2026\/01\/27\/contribuintes-do-ipva-tem-mais-duas-semanas-para-aproveitar-desconto-de-15\/"},"wordCount":503,"publisher":{"@id":"https:\/\/bahiaeconomica.com.br\/wp\/#organization"},"articleSection":["MUNIC\u00cdPIOS"],"inLanguage":"pt-BR"},{"@type":"WebPage","@id":"https:\/\/bahiaeconomica.com.br\/wp\/2026\/01\/27\/contribuintes-do-ipva-tem-mais-duas-semanas-para-aproveitar-desconto-de-15\/","url":"https:\/\/bahiaeconomica.com.br\/wp\/2026\/01\/27\/contribuintes-do-ipva-tem-mais-duas-semanas-para-aproveitar-desconto-de-15\/","name":"CONTRIBUINTES DO IPVA T\u00caM MAIS DUAS SEMANAS PARA APROVEITAR DESCONTO DE 15% - Bahia Economica","isPartOf":{"@id":"https:\/\/bahiaeconomica.com.br\/wp\/#website"},"datePublished":"2026-01-27T19:20:02+00:00","dateModified":"2026-01-27T18:02:58+00:00","description":"O maior portal de Economia da Bahia MUNIC\u00cdPIOS Bahia Economica","breadcrumb":{"@id":"https:\/\/bahiaeconomica.com.br\/wp\/2026\/01\/27\/contribuintes-do-ipva-tem-mais-duas-semanas-para-aproveitar-desconto-de-15\/#breadcrumb"},"inLanguage":"pt-BR","potentialAction":[{"@type":"ReadAction","target":["https:\/\/bahiaeconomica.com.br\/wp\/2026\/01\/27\/contribuintes-do-ipva-tem-mais-duas-semanas-para-aproveitar-desconto-de-15\/"]}]},{"@type":"BreadcrumbList","@id":"https:\/\/bahiaeconomica.com.br\/wp\/2026\/01\/27\/contribuintes-do-ipva-tem-mais-duas-semanas-para-aproveitar-desconto-de-15\/#breadcrumb","itemListElement":[{"@type":"ListItem","position":1,"name":"In\u00edcio","item":"https:\/\/bahiaeconomica.com.br\/wp\/"},{"@type":"ListItem","position":2,"name":"CONTRIBUINTES DO IPVA T\u00caM MAIS DUAS SEMANAS PARA APROVEITAR DESCONTO DE 15%"}]},{"@type":"WebSite","@id":"https:\/\/bahiaeconomica.com.br\/wp\/#website","url":"https:\/\/bahiaeconomica.com.br\/wp\/","name":"Bahia Economica","description":"O maior portal de Economia da Bahia","publisher":{"@id":"https:\/\/bahiaeconomica.com.br\/wp\/#organization"},"potentialAction":[{"@type":"SearchAction","target":{"@type":"EntryPoint","urlTemplate":"https:\/\/bahiaeconomica.com.br\/wp\/?s={search_term_string}"},"query-input":"required name=search_term_string"}],"inLanguage":"pt-BR"},{"@type":"Organization","@id":"https:\/\/bahiaeconomica.com.br\/wp\/#organization","name":"Bahia Econ\u00f4mica","url":"https:\/\/bahiaeconomica.com.br\/wp\/","logo":{"@type":"ImageObject","inLanguage":"pt-BR","@id":"https:\/\/bahiaeconomica.com.br\/wp\/#\/schema\/logo\/image\/","url":"https:\/\/bahiaeconomica.com.br\/wp\/wp-content\/uploads\/2020\/12\/cropped-BE.png","contentUrl":"https:\/\/bahiaeconomica.com.br\/wp\/wp-content\/uploads\/2020\/12\/cropped-BE.png","width":512,"height":512,"caption":"Bahia Econ\u00f4mica"},"image":{"@id":"https:\/\/bahiaeconomica.com.br\/wp\/#\/schema\/logo\/image\/"},"sameAs":["https:\/\/www.facebook.com\/bahiaeconomica"]},{"@type":"Person","@id":"https:\/\/bahiaeconomica.com.br\/wp\/#\/schema\/person\/b719ce0fb1c09f3c7a00d9243ced4a6f","name":"VICTORIA ISABEL","sameAs":["http:\/\/www.bahiaeconomica.com.br"],"url":"https:\/\/bahiaeconomica.com.br\/wp\/author\/victoria-isabel\/"}]}},"views":25,"_links":{"self":[{"href":"https:\/\/bahiaeconomica.com.br\/wp\/wp-json\/wp\/v2\/posts\/970180"}],"collection":[{"href":"https:\/\/bahiaeconomica.com.br\/wp\/wp-json\/wp\/v2\/posts"}],"about":[{"href":"https:\/\/bahiaeconomica.com.br\/wp\/wp-json\/wp\/v2\/types\/post"}],"author":[{"embeddable":true,"href":"https:\/\/bahiaeconomica.com.br\/wp\/wp-json\/wp\/v2\/users\/15"}],"replies":[{"embeddable":true,"href":"https:\/\/bahiaeconomica.com.br\/wp\/wp-json\/wp\/v2\/comments?post=970180"}],"version-history":[{"count":1,"href":"https:\/\/bahiaeconomica.com.br\/wp\/wp-json\/wp\/v2\/posts\/970180\/revisions"}],"predecessor-version":[{"id":970184,"href":"https:\/\/bahiaeconomica.com.br\/wp\/wp-json\/wp\/v2\/posts\/970180\/revisions\/970184"}],"wp:featuredmedia":[{"embeddable":true,"href":"https:\/\/bahiaeconomica.com.br\/wp\/wp-json\/wp\/v2\/media\/970182"}],"wp:attachment":[{"href":"https:\/\/bahiaeconomica.com.br\/wp\/wp-json\/wp\/v2\/media?parent=970180"}],"wp:term":[{"taxonomy":"category","embeddable":true,"href":"https:\/\/bahiaeconomica.com.br\/wp\/wp-json\/wp\/v2\/categories?post=970180"},{"taxonomy":"post_tag","embeddable":true,"href":"https:\/\/bahiaeconomica.com.br\/wp\/wp-json\/wp\/v2\/tags?post=970180"}],"curies":[{"name":"wp","href":"https:\/\/api.w.org\/{rel}","templated":true}]}}