{"id":970128,"date":"2026-01-27T15:00:30","date_gmt":"2026-01-27T18:00:30","guid":{"rendered":"https:\/\/bahiaeconomica.com.br\/wp\/?p=970128"},"modified":"2026-01-27T14:34:15","modified_gmt":"2026-01-27T17:34:15","slug":"bahia-avanca-na-transicao-energetica-com-reativacao-de-fabrica-em-jacobina","status":"publish","type":"post","link":"https:\/\/bahiaeconomica.com.br\/wp\/2026\/01\/27\/bahia-avanca-na-transicao-energetica-com-reativacao-de-fabrica-em-jacobina\/","title":{"rendered":"BAHIA AVAN\u00c7A NA TRANSI\u00c7\u00c3O ENERG\u00c9TICA COM REATIVA\u00c7\u00c3O DE F\u00c1BRICA EM JACOBINA"},"content":{"rendered":"<p>O setor de energias renov\u00e1veis da Bahia ganha um importante refor\u00e7o com o an\u00fancio do contrato firmado entre a EDF Renewables e a Goldwind, acordo que consolida o estado como um dos principais polos da cadeia e\u00f3lica no Brasil. A solenidade que oficializou a parceria para a reativa\u00e7\u00e3o da F\u00e1brica de Torres de A\u00e7o, no munic\u00edpio de Jacobina, contou com a presen\u00e7a do governador Jer\u00f4nimo Rodrigues e foi realizada na sede da Goldwind, em Cama\u00e7ari, nesta ter\u00e7a-feira (27). A iniciativa refor\u00e7a o compromisso com a gera\u00e7\u00e3o de empregos, o desenvolvimento industrial e a transi\u00e7\u00e3o energ\u00e9tica da Bahia.<\/p>\n<p>A retomada da unidade industrial em Jacobina representa um impacto direto na economia regional, com a reativa\u00e7\u00e3o da cadeia produtiva ligada \u00e0 fabrica\u00e7\u00e3o de componentes e\u00f3licos e a amplia\u00e7\u00e3o de oportunidades de trabalho. A iniciativa integra um conjunto de investimentos estruturantes que posicionam a Bahia como refer\u00eancia nacional na produ\u00e7\u00e3o de energia limpa.<\/p>\n<p>Durante o an\u00fancio, o governador destacou a relev\u00e2ncia dos investimentos para o futuro energ\u00e9tico do estado. Segundo ele, a atra\u00e7\u00e3o de grandes projetos no setor de renov\u00e1veis fortalece a economia baiana, promove a gera\u00e7\u00e3o de empregos qualificados e contribui de forma decisiva para a agenda de transi\u00e7\u00e3o energ\u00e9tica e desenvolvimento sustent\u00e1vel. &#8220;Agora precisamos garantir que essa energia produzida no nosso semi\u00e1rido, possa ser usada pela ind\u00fastria no pr\u00f3prio semi\u00e1rido. A gera\u00e7\u00e3o de energia renov\u00e1vel, de energia limpa do sol e do vento, garante que a Bahia seja produtora de hidrog\u00eanio verde&#8221;, enfatizou Jer\u00f4nimo, acompanhado pelo vice-governador Geraldo J\u00fanior.<\/p>\n<p>O secret\u00e1rio de Desenvolvimento Econ\u00f4mico, \u00c2ngelo Almeida, ressaltou que a reativa\u00e7\u00e3o da f\u00e1brica de torres e a amplia\u00e7\u00e3o dos investimentos no setor e\u00f3lico demonstram a capacidade da Bahia de atrair projetos estruturantes, com efeitos positivos sobre a ind\u00fastria, a inova\u00e7\u00e3o e a competitividade regional. &#8220;Esta cadeia que interage agora, mostra pra o mundo que aqui n\u00f3s temos um bom ambiente, um bom ecossistema para atrair esses investimentos, nos mais diversos segmentos, desde datacenter at\u00e9 f\u00e1brica de baterias&#8221;, apontou \u00c2ngelo.<\/p>\n<p>O projeto conta com incentivos fiscais formalizados em protocolo de inten\u00e7\u00f5es assinado entre a Goldwind e o Governo da Bahia em mar\u00e7o de 2023 e inclui ainda a implanta\u00e7\u00e3o de um parque de fornecedores de componentes e\u00f3licos, com pelo menos seis empresas do setor, entre elas a Sinoma, j\u00e1 instalada no estado.<\/p>\n<p>Al\u00e9m do avan\u00e7o industrial, o acordo tamb\u00e9m marca um novo cap\u00edtulo em inova\u00e7\u00e3o tecnol\u00f3gica. A Goldwind anunciou parceria com o SENAI Cimatec para a implanta\u00e7\u00e3o do primeiro projeto de Sistema de Armazenamento de Energia em Baterias (BESS) integrado a um aerogerador da empresa. A iniciativa ser\u00e1 instalada no munic\u00edpio baiano de Tanque Novo e representa um marco para o setor el\u00e9trico ao associar gera\u00e7\u00e3o e armazenamento de energia renov\u00e1vel em um mesmo sistema. \u201cA reativa\u00e7\u00e3o dessa f\u00e1brica, com o produto de alta tecnologia, que comp\u00f5em os maiores aerogeradores fabricados no hemisf\u00e9rio sul \u00e9 motivo de alegria para toda comunidade cient\u00edfica, \u00e9 uma parceria extremamente importante\u201d, disse o diretor de Tecnologia e Inova\u00e7\u00e3o do SENAI Cimatec, Luis Breda.<\/p>\n<p>Para o diretor-presidnete da BahiaInvest, Paulo Guimar\u00e3es, a parceria com o SENAI Cimatec tem um significado especial. \u201cIsso \u00e9 muito importante porque significa que n\u00f3s estamos internalizando na Bahia esta tecnologia. Ent\u00e3o, n\u00e3o seremos simplesmente fabricantes diversos ou utilizadores diversos, mas desenvolvedores de tecnologia\u201d, pontuou Guimar\u00e3es.<\/p>\n<p>Unidade Cama\u00e7ari<\/p>\n<p>Em agosto de 2024 a Goldwind inaugurou em Cama\u00e7ari sua f\u00e1brica de aerogeradores para produ\u00e7\u00e3o de energia e\u00f3lica \u2014 a primeira unidade da companhia fora da China. A Bahia foi escolhida ap\u00f3s vencer uma disputa com o Cear\u00e1, em raz\u00e3o das melhores condi\u00e7\u00f5es oferecidas para a instala\u00e7\u00e3o do empreendimento.<\/p>\n<p>Com investimento de R$ 150 milh\u00f5es, a unidade tem capacidade de produ\u00e7\u00e3o de at\u00e9 150 aerogeradores por ano, com pot\u00eancia entre 6,2 e 8,3 MW, patamar superior ao dos equipamentos atualmente produzidos no pa\u00eds. A expectativa \u00e9 que a f\u00e1brica alcance participa\u00e7\u00e3o de 25% a 30% no mercado brasileiro de turbinas e\u00f3licas, gerando cerca de 250 empregos diretos e 750 indiretos.<\/p>\n<p>Fotos: Amanda Erc\u00edlia\/GOVBA<\/p>\n","protected":false},"excerpt":{"rendered":"<p>O setor de energias renov\u00e1veis da Bahia ganha um importante refor\u00e7o com o an\u00fancio do contrato firmado entre a EDF Renewables e a Goldwind, acordo que consolida o estado como um dos principais polos da cadeia e\u00f3lica no Brasil. A solenidade que oficializou a parceria para a reativa\u00e7\u00e3o da F\u00e1brica de Torres de A\u00e7o, no [&hellip;]<\/p>\n","protected":false},"author":8,"featured_media":970130,"comment_status":"closed","ping_status":"closed","sticky":false,"template":"","format":"standard","meta":[],"categories":[14,3],"tags":[52,213,1544],"acf":[],"yoast_head":"<!-- This site is optimized with the Yoast SEO plugin v20.8 - https:\/\/yoast.com\/wordpress\/plugins\/seo\/ -->\n<title>BAHIA AVAN\u00c7A NA TRANSI\u00c7\u00c3O ENERG\u00c9TICA COM REATIVA\u00c7\u00c3O DE F\u00c1BRICA EM JACOBINA - Bahia Economica<\/title>\n<meta name=\"description\" content=\"O maior portal de Economia da Bahia DESTAQUE DO DIA, ECONOMIA \/ POL\u00cdTICA Bahia Economica O setor de energias renov\u00e1veis da Bahia ganha um importante refor\u00e7o com\" \/>\n<meta name=\"robots\" content=\"index, follow, max-snippet:-1, max-image-preview:large, max-video-preview:-1\" \/>\n<link rel=\"canonical\" href=\"https:\/\/bahiaeconomica.com.br\/wp\/2026\/01\/27\/bahia-avanca-na-transicao-energetica-com-reativacao-de-fabrica-em-jacobina\/\" \/>\n<meta property=\"og:locale\" content=\"pt_BR\" \/>\n<meta property=\"og:type\" content=\"article\" \/>\n<meta property=\"og:title\" content=\"BAHIA AVAN\u00c7A NA TRANSI\u00c7\u00c3O ENERG\u00c9TICA COM REATIVA\u00c7\u00c3O DE F\u00c1BRICA EM JACOBINA - Bahia Economica\" \/>\n<meta property=\"og:description\" content=\"O maior portal de Economia da Bahia DESTAQUE DO DIA, ECONOMIA \/ POL\u00cdTICA Bahia Economica O setor de energias renov\u00e1veis da Bahia ganha um importante refor\u00e7o com\" \/>\n<meta property=\"og:url\" content=\"https:\/\/bahiaeconomica.com.br\/wp\/2026\/01\/27\/bahia-avanca-na-transicao-energetica-com-reativacao-de-fabrica-em-jacobina\/\" \/>\n<meta property=\"og:site_name\" content=\"Bahia Economica\" \/>\n<meta property=\"article:publisher\" content=\"https:\/\/www.facebook.com\/bahiaeconomica\" \/>\n<meta property=\"article:published_time\" content=\"2026-01-27T18:00:30+00:00\" \/>\n<meta property=\"article:modified_time\" content=\"2026-01-27T17:34:15+00:00\" \/>\n<meta property=\"og:image\" content=\"https:\/\/bahiaeconomica.com.br\/wp\/wp-content\/uploads\/2026\/01\/WhatsApp-Image-2026-01-27-at-13.28.13.jpeg\" \/>\n\t<meta property=\"og:image:width\" content=\"1600\" \/>\n\t<meta property=\"og:image:height\" content=\"1067\" \/>\n\t<meta property=\"og:image:type\" content=\"image\/jpeg\" \/>\n<meta name=\"author\" content=\"JP\" \/>\n<meta name=\"twitter:card\" content=\"summary_large_image\" \/>\n<meta name=\"twitter:label1\" content=\"Escrito por\" \/>\n\t<meta name=\"twitter:data1\" content=\"JP\" \/>\n\t<meta name=\"twitter:label2\" content=\"Est. tempo de leitura\" \/>\n\t<meta name=\"twitter:data2\" content=\"4 minutos\" \/>\n<script type=\"application\/ld+json\" class=\"yoast-schema-graph\">{\"@context\":\"https:\/\/schema.org\",\"@graph\":[{\"@type\":\"Article\",\"@id\":\"https:\/\/bahiaeconomica.com.br\/wp\/2026\/01\/27\/bahia-avanca-na-transicao-energetica-com-reativacao-de-fabrica-em-jacobina\/#article\",\"isPartOf\":{\"@id\":\"https:\/\/bahiaeconomica.com.br\/wp\/2026\/01\/27\/bahia-avanca-na-transicao-energetica-com-reativacao-de-fabrica-em-jacobina\/\"},\"author\":{\"name\":\"JP\",\"@id\":\"https:\/\/bahiaeconomica.com.br\/wp\/#\/schema\/person\/c86d3a3f8960425a0f9d0e5245991f4e\"},\"headline\":\"BAHIA AVAN\u00c7A NA TRANSI\u00c7\u00c3O ENERG\u00c9TICA COM REATIVA\u00c7\u00c3O DE F\u00c1BRICA EM JACOBINA\",\"datePublished\":\"2026-01-27T18:00:30+00:00\",\"dateModified\":\"2026-01-27T17:34:15+00:00\",\"mainEntityOfPage\":{\"@id\":\"https:\/\/bahiaeconomica.com.br\/wp\/2026\/01\/27\/bahia-avanca-na-transicao-energetica-com-reativacao-de-fabrica-em-jacobina\/\"},\"wordCount\":750,\"publisher\":{\"@id\":\"https:\/\/bahiaeconomica.com.br\/wp\/#organization\"},\"keywords\":[\"Brasil\",\"Economia\",\"jeronimo\"],\"articleSection\":[\"DESTAQUE DO DIA\",\"ECONOMIA \/ POL\u00cdTICA\"],\"inLanguage\":\"pt-BR\"},{\"@type\":\"WebPage\",\"@id\":\"https:\/\/bahiaeconomica.com.br\/wp\/2026\/01\/27\/bahia-avanca-na-transicao-energetica-com-reativacao-de-fabrica-em-jacobina\/\",\"url\":\"https:\/\/bahiaeconomica.com.br\/wp\/2026\/01\/27\/bahia-avanca-na-transicao-energetica-com-reativacao-de-fabrica-em-jacobina\/\",\"name\":\"BAHIA AVAN\u00c7A NA TRANSI\u00c7\u00c3O ENERG\u00c9TICA COM REATIVA\u00c7\u00c3O DE F\u00c1BRICA EM JACOBINA - Bahia Economica\",\"isPartOf\":{\"@id\":\"https:\/\/bahiaeconomica.com.br\/wp\/#website\"},\"datePublished\":\"2026-01-27T18:00:30+00:00\",\"dateModified\":\"2026-01-27T17:34:15+00:00\",\"description\":\"O maior portal de Economia da Bahia DESTAQUE DO DIA, ECONOMIA \/ POL\u00cdTICA Bahia Economica O setor de energias renov\u00e1veis da Bahia ganha um importante refor\u00e7o com\",\"breadcrumb\":{\"@id\":\"https:\/\/bahiaeconomica.com.br\/wp\/2026\/01\/27\/bahia-avanca-na-transicao-energetica-com-reativacao-de-fabrica-em-jacobina\/#breadcrumb\"},\"inLanguage\":\"pt-BR\",\"potentialAction\":[{\"@type\":\"ReadAction\",\"target\":[\"https:\/\/bahiaeconomica.com.br\/wp\/2026\/01\/27\/bahia-avanca-na-transicao-energetica-com-reativacao-de-fabrica-em-jacobina\/\"]}]},{\"@type\":\"BreadcrumbList\",\"@id\":\"https:\/\/bahiaeconomica.com.br\/wp\/2026\/01\/27\/bahia-avanca-na-transicao-energetica-com-reativacao-de-fabrica-em-jacobina\/#breadcrumb\",\"itemListElement\":[{\"@type\":\"ListItem\",\"position\":1,\"name\":\"In\u00edcio\",\"item\":\"https:\/\/bahiaeconomica.com.br\/wp\/\"},{\"@type\":\"ListItem\",\"position\":2,\"name\":\"BAHIA AVAN\u00c7A NA TRANSI\u00c7\u00c3O ENERG\u00c9TICA COM REATIVA\u00c7\u00c3O DE F\u00c1BRICA EM JACOBINA\"}]},{\"@type\":\"WebSite\",\"@id\":\"https:\/\/bahiaeconomica.com.br\/wp\/#website\",\"url\":\"https:\/\/bahiaeconomica.com.br\/wp\/\",\"name\":\"Bahia Economica\",\"description\":\"O maior portal de Economia da Bahia\",\"publisher\":{\"@id\":\"https:\/\/bahiaeconomica.com.br\/wp\/#organization\"},\"potentialAction\":[{\"@type\":\"SearchAction\",\"target\":{\"@type\":\"EntryPoint\",\"urlTemplate\":\"https:\/\/bahiaeconomica.com.br\/wp\/?s={search_term_string}\"},\"query-input\":\"required name=search_term_string\"}],\"inLanguage\":\"pt-BR\"},{\"@type\":\"Organization\",\"@id\":\"https:\/\/bahiaeconomica.com.br\/wp\/#organization\",\"name\":\"Bahia Econ\u00f4mica\",\"url\":\"https:\/\/bahiaeconomica.com.br\/wp\/\",\"logo\":{\"@type\":\"ImageObject\",\"inLanguage\":\"pt-BR\",\"@id\":\"https:\/\/bahiaeconomica.com.br\/wp\/#\/schema\/logo\/image\/\",\"url\":\"https:\/\/bahiaeconomica.com.br\/wp\/wp-content\/uploads\/2020\/12\/cropped-BE.png\",\"contentUrl\":\"https:\/\/bahiaeconomica.com.br\/wp\/wp-content\/uploads\/2020\/12\/cropped-BE.png\",\"width\":512,\"height\":512,\"caption\":\"Bahia Econ\u00f4mica\"},\"image\":{\"@id\":\"https:\/\/bahiaeconomica.com.br\/wp\/#\/schema\/logo\/image\/\"},\"sameAs\":[\"https:\/\/www.facebook.com\/bahiaeconomica\"]},{\"@type\":\"Person\",\"@id\":\"https:\/\/bahiaeconomica.com.br\/wp\/#\/schema\/person\/c86d3a3f8960425a0f9d0e5245991f4e\",\"name\":\"JP\",\"sameAs\":[\"https:\/\/bahiaeconomica.com.br\/wp\/beta\/\"],\"url\":\"https:\/\/bahiaeconomica.com.br\/wp\/author\/jp\/\"}]}<\/script>\n<!-- \/ Yoast SEO plugin. -->","yoast_head_json":{"title":"BAHIA AVAN\u00c7A NA TRANSI\u00c7\u00c3O ENERG\u00c9TICA COM REATIVA\u00c7\u00c3O DE F\u00c1BRICA EM JACOBINA - Bahia Economica","description":"O maior portal de Economia da Bahia DESTAQUE DO DIA, ECONOMIA \/ POL\u00cdTICA Bahia Economica O setor de energias renov\u00e1veis da Bahia ganha um importante refor\u00e7o com","robots":{"index":"index","follow":"follow","max-snippet":"max-snippet:-1","max-image-preview":"max-image-preview:large","max-video-preview":"max-video-preview:-1"},"canonical":"https:\/\/bahiaeconomica.com.br\/wp\/2026\/01\/27\/bahia-avanca-na-transicao-energetica-com-reativacao-de-fabrica-em-jacobina\/","og_locale":"pt_BR","og_type":"article","og_title":"BAHIA AVAN\u00c7A NA TRANSI\u00c7\u00c3O ENERG\u00c9TICA COM REATIVA\u00c7\u00c3O DE F\u00c1BRICA EM JACOBINA - Bahia Economica","og_description":"O maior portal de Economia da Bahia DESTAQUE DO DIA, ECONOMIA \/ POL\u00cdTICA Bahia Economica O setor de energias renov\u00e1veis da Bahia ganha um importante refor\u00e7o com","og_url":"https:\/\/bahiaeconomica.com.br\/wp\/2026\/01\/27\/bahia-avanca-na-transicao-energetica-com-reativacao-de-fabrica-em-jacobina\/","og_site_name":"Bahia Economica","article_publisher":"https:\/\/www.facebook.com\/bahiaeconomica","article_published_time":"2026-01-27T18:00:30+00:00","article_modified_time":"2026-01-27T17:34:15+00:00","og_image":[{"width":1600,"height":1067,"url":"https:\/\/bahiaeconomica.com.br\/wp\/wp-content\/uploads\/2026\/01\/WhatsApp-Image-2026-01-27-at-13.28.13.jpeg","type":"image\/jpeg"}],"author":"JP","twitter_card":"summary_large_image","twitter_misc":{"Escrito por":"JP","Est. tempo de leitura":"4 minutos"},"schema":{"@context":"https:\/\/schema.org","@graph":[{"@type":"Article","@id":"https:\/\/bahiaeconomica.com.br\/wp\/2026\/01\/27\/bahia-avanca-na-transicao-energetica-com-reativacao-de-fabrica-em-jacobina\/#article","isPartOf":{"@id":"https:\/\/bahiaeconomica.com.br\/wp\/2026\/01\/27\/bahia-avanca-na-transicao-energetica-com-reativacao-de-fabrica-em-jacobina\/"},"author":{"name":"JP","@id":"https:\/\/bahiaeconomica.com.br\/wp\/#\/schema\/person\/c86d3a3f8960425a0f9d0e5245991f4e"},"headline":"BAHIA AVAN\u00c7A NA TRANSI\u00c7\u00c3O ENERG\u00c9TICA COM REATIVA\u00c7\u00c3O DE F\u00c1BRICA EM JACOBINA","datePublished":"2026-01-27T18:00:30+00:00","dateModified":"2026-01-27T17:34:15+00:00","mainEntityOfPage":{"@id":"https:\/\/bahiaeconomica.com.br\/wp\/2026\/01\/27\/bahia-avanca-na-transicao-energetica-com-reativacao-de-fabrica-em-jacobina\/"},"wordCount":750,"publisher":{"@id":"https:\/\/bahiaeconomica.com.br\/wp\/#organization"},"keywords":["Brasil","Economia","jeronimo"],"articleSection":["DESTAQUE DO DIA","ECONOMIA \/ POL\u00cdTICA"],"inLanguage":"pt-BR"},{"@type":"WebPage","@id":"https:\/\/bahiaeconomica.com.br\/wp\/2026\/01\/27\/bahia-avanca-na-transicao-energetica-com-reativacao-de-fabrica-em-jacobina\/","url":"https:\/\/bahiaeconomica.com.br\/wp\/2026\/01\/27\/bahia-avanca-na-transicao-energetica-com-reativacao-de-fabrica-em-jacobina\/","name":"BAHIA AVAN\u00c7A NA TRANSI\u00c7\u00c3O ENERG\u00c9TICA COM REATIVA\u00c7\u00c3O DE F\u00c1BRICA EM JACOBINA - Bahia Economica","isPartOf":{"@id":"https:\/\/bahiaeconomica.com.br\/wp\/#website"},"datePublished":"2026-01-27T18:00:30+00:00","dateModified":"2026-01-27T17:34:15+00:00","description":"O maior portal de Economia da Bahia DESTAQUE DO DIA, ECONOMIA \/ POL\u00cdTICA Bahia Economica O setor de energias renov\u00e1veis da Bahia ganha um importante refor\u00e7o com","breadcrumb":{"@id":"https:\/\/bahiaeconomica.com.br\/wp\/2026\/01\/27\/bahia-avanca-na-transicao-energetica-com-reativacao-de-fabrica-em-jacobina\/#breadcrumb"},"inLanguage":"pt-BR","potentialAction":[{"@type":"ReadAction","target":["https:\/\/bahiaeconomica.com.br\/wp\/2026\/01\/27\/bahia-avanca-na-transicao-energetica-com-reativacao-de-fabrica-em-jacobina\/"]}]},{"@type":"BreadcrumbList","@id":"https:\/\/bahiaeconomica.com.br\/wp\/2026\/01\/27\/bahia-avanca-na-transicao-energetica-com-reativacao-de-fabrica-em-jacobina\/#breadcrumb","itemListElement":[{"@type":"ListItem","position":1,"name":"In\u00edcio","item":"https:\/\/bahiaeconomica.com.br\/wp\/"},{"@type":"ListItem","position":2,"name":"BAHIA AVAN\u00c7A NA TRANSI\u00c7\u00c3O ENERG\u00c9TICA COM REATIVA\u00c7\u00c3O DE F\u00c1BRICA EM JACOBINA"}]},{"@type":"WebSite","@id":"https:\/\/bahiaeconomica.com.br\/wp\/#website","url":"https:\/\/bahiaeconomica.com.br\/wp\/","name":"Bahia Economica","description":"O maior portal de Economia da Bahia","publisher":{"@id":"https:\/\/bahiaeconomica.com.br\/wp\/#organization"},"potentialAction":[{"@type":"SearchAction","target":{"@type":"EntryPoint","urlTemplate":"https:\/\/bahiaeconomica.com.br\/wp\/?s={search_term_string}"},"query-input":"required name=search_term_string"}],"inLanguage":"pt-BR"},{"@type":"Organization","@id":"https:\/\/bahiaeconomica.com.br\/wp\/#organization","name":"Bahia Econ\u00f4mica","url":"https:\/\/bahiaeconomica.com.br\/wp\/","logo":{"@type":"ImageObject","inLanguage":"pt-BR","@id":"https:\/\/bahiaeconomica.com.br\/wp\/#\/schema\/logo\/image\/","url":"https:\/\/bahiaeconomica.com.br\/wp\/wp-content\/uploads\/2020\/12\/cropped-BE.png","contentUrl":"https:\/\/bahiaeconomica.com.br\/wp\/wp-content\/uploads\/2020\/12\/cropped-BE.png","width":512,"height":512,"caption":"Bahia Econ\u00f4mica"},"image":{"@id":"https:\/\/bahiaeconomica.com.br\/wp\/#\/schema\/logo\/image\/"},"sameAs":["https:\/\/www.facebook.com\/bahiaeconomica"]},{"@type":"Person","@id":"https:\/\/bahiaeconomica.com.br\/wp\/#\/schema\/person\/c86d3a3f8960425a0f9d0e5245991f4e","name":"JP","sameAs":["https:\/\/bahiaeconomica.com.br\/wp\/beta\/"],"url":"https:\/\/bahiaeconomica.com.br\/wp\/author\/jp\/"}]}},"views":109,"_links":{"self":[{"href":"https:\/\/bahiaeconomica.com.br\/wp\/wp-json\/wp\/v2\/posts\/970128"}],"collection":[{"href":"https:\/\/bahiaeconomica.com.br\/wp\/wp-json\/wp\/v2\/posts"}],"about":[{"href":"https:\/\/bahiaeconomica.com.br\/wp\/wp-json\/wp\/v2\/types\/post"}],"author":[{"embeddable":true,"href":"https:\/\/bahiaeconomica.com.br\/wp\/wp-json\/wp\/v2\/users\/8"}],"replies":[{"embeddable":true,"href":"https:\/\/bahiaeconomica.com.br\/wp\/wp-json\/wp\/v2\/comments?post=970128"}],"version-history":[{"count":1,"href":"https:\/\/bahiaeconomica.com.br\/wp\/wp-json\/wp\/v2\/posts\/970128\/revisions"}],"predecessor-version":[{"id":970131,"href":"https:\/\/bahiaeconomica.com.br\/wp\/wp-json\/wp\/v2\/posts\/970128\/revisions\/970131"}],"wp:featuredmedia":[{"embeddable":true,"href":"https:\/\/bahiaeconomica.com.br\/wp\/wp-json\/wp\/v2\/media\/970130"}],"wp:attachment":[{"href":"https:\/\/bahiaeconomica.com.br\/wp\/wp-json\/wp\/v2\/media?parent=970128"}],"wp:term":[{"taxonomy":"category","embeddable":true,"href":"https:\/\/bahiaeconomica.com.br\/wp\/wp-json\/wp\/v2\/categories?post=970128"},{"taxonomy":"post_tag","embeddable":true,"href":"https:\/\/bahiaeconomica.com.br\/wp\/wp-json\/wp\/v2\/tags?post=970128"}],"curies":[{"name":"wp","href":"https:\/\/api.w.org\/{rel}","templated":true}]}}