{"id":970056,"date":"2026-01-27T10:20:43","date_gmt":"2026-01-27T13:20:43","guid":{"rendered":"https:\/\/bahiaeconomica.com.br\/wp\/?p=970056"},"modified":"2026-01-27T10:33:13","modified_gmt":"2026-01-27T13:33:13","slug":"carnaval-cantores-precisam-ficar-atentos-aos-sinais-e-manter-os-cuidados-com-a-voz-durante-o-periodo-de-festas","status":"publish","type":"post","link":"https:\/\/bahiaeconomica.com.br\/wp\/2026\/01\/27\/carnaval-cantores-precisam-ficar-atentos-aos-sinais-e-manter-os-cuidados-com-a-voz-durante-o-periodo-de-festas\/","title":{"rendered":"CARNAVAL: CANTORES PRECISAM FICAR ATENTOS AOS SINAIS E MANTER OS CUIDADOS COM A VOZ DURANTE O PER\u00cdODO DE FESTAS"},"content":{"rendered":"<p>A contagem regressiva para o Carnaval de Salvador j\u00e1 come\u00e7ou, trazendo com ela a euforia dos ensaios, festas de Ver\u00e3o e uma maratona de apresenta\u00e7\u00f5es que movimenta a cidade. Em meio ao som dos trios el\u00e9tricos e \u00e0 intensa programa\u00e7\u00e3o cultural, especialistas alertam: a voz e a audi\u00e7\u00e3o est\u00e3o entre os sistemas mais exigidos e tamb\u00e9m mais vulner\u00e1veis durante esse per\u00edodo. Enquanto o p\u00fablico se prepara para dias de folia, cantores, m\u00fasicos e outros profissionais da voz enfrentam uma rotina ainda mais intensa, marcada por longas horas de ensaio, apresenta\u00e7\u00f5es consecutivas e exposi\u00e7\u00e3o a altos n\u00edveis de ru\u00eddo. Para atender a essa demanda espec\u00edfica do Carnaval, um servi\u00e7o especializado passa a ser oferecido em Salvador, reunindo a atua\u00e7\u00e3o integrada da fonoaudi\u00f3loga Carolina Pamponet e de dois m\u00e9dicos otorrinolaringologistas, com foco no acompanhamento cont\u00ednuo de cantores de alta performance ao longo da temporada festiva.<\/p>\n<p>Segundo Carolina Pamponet, que atua h\u00e1 mais de 20 anos na prepara\u00e7\u00e3o vocal de artistas e integra o N\u00facleo de Atendimento em Dist\u00farbios da Voz e Comunica\u00e7\u00e3o Humana da Otorrino Center, em Salvador, o per\u00edodo que antecede o Carnaval \u00e9 cr\u00edtico para a sa\u00fade vocal. \u201cA voz \u00e9 um dos principais instrumentos de trabalho de muitos profissionais e, quando n\u00e3o recebe os cuidados necess\u00e1rios, pode sofrer danos importantes. Rouquid\u00e3o persistente, pigarro, perda de extens\u00e3o vocal e fadiga s\u00e3o sinais de alerta que n\u00e3o devem ser ignorados\u201d, explica a fonoaudi\u00f3loga.<\/p>\n<p>\u201cA proposta do acompanhamento especializado nas semanas que antecedem e durante o Carnaval surge justamente para responder a esse cen\u00e1rio de alta exig\u00eancia f\u00edsica e vocal\u201d, justifica Carolina Pamponet, que \u00e9 tamb\u00e9m diretora da Fonoclin, em Feira de Santana (BA). De acordo com ela, a atua\u00e7\u00e3o integrada entre Fonoaudiologia e Otorrinolaringologia permite avalia\u00e7\u00f5es frequentes, orienta\u00e7\u00f5es individualizadas e interven\u00e7\u00f5es r\u00e1pidas, garantindo mais seguran\u00e7a para quem precisa atravessar toda a festa com sa\u00fade e desempenho. E em uma cidade onde a m\u00fasica \u00e9 identidade cultural e motor econ\u00f4mico, o cuidado com a voz e a audi\u00e7\u00e3o deixa de ser apenas uma quest\u00e3o individual e passa a ser um tema de sa\u00fade p\u00fablica, alerta a especialista.<\/p>\n<p>O Ver\u00e3o re\u00fane uma combina\u00e7\u00e3o de fatores que impactam diretamente a laringe: desidrata\u00e7\u00e3o, noites mal dormidas, consumo de bebidas alco\u00f3licas e outras geralmente geladas, choques t\u00e9rmicos causados pelo uso excessivo de ar-condicionado e esfor\u00e7o vocal em ambientes ruidosos. Para minimizar os riscos, os especialistas recomendam hidrata\u00e7\u00e3o constante ao longo do dia, evitar gritos e sussurros, falar em tom confort\u00e1vel, reduzir o consumo de \u00e1lcool e manter pausas de descanso vocal, especialmente ap\u00f3s longos per\u00edodos de uso da voz.<\/p>\n<p>Audi\u00e7\u00e3o tamb\u00e9m pede cuidados<\/p>\n<p>Segundo Carolina Pamponet, al\u00e9m da voz, a audi\u00e7\u00e3o tamb\u00e9m pede aten\u00e7\u00e3o redobrada, pois a exposi\u00e7\u00e3o prolongada ao som intenso dos trios el\u00e9tricos e instrumentos de percuss\u00e3o pode provocar perdas auditivas irrevers\u00edveis. Dados da Sociedade Brasileira de Otologia indicam que sons acima de 85 decib\u00e9is, quando mantidos por v\u00e1rias horas, j\u00e1 s\u00e3o capazes de causar les\u00f5es na c\u00f3clea. Para efeito de compara\u00e7\u00e3o, quem acompanha um trio el\u00e9trico a cerca de 50 metros est\u00e1 exposto a n\u00edveis m\u00ednimos de 96 decib\u00e9is, enquanto quem permanece logo atr\u00e1s do caminh\u00e3o pode receber impactos sonoros em torno de 120 decib\u00e9is.<\/p>\n<p>\u201c\u00c9 fundamental evitar a exposi\u00e7\u00e3o direta \u00e0s caixas de som e reduzir o volume de equipamentos sempre que poss\u00edvel. \u201cMesmo quando o desconforto auditivo desaparece ap\u00f3s a festa, as les\u00f5es podem se manifestar com o tempo, j\u00e1 que o organismo n\u00e3o consegue regenerar as c\u00e9lulas auditivas\u201d, alerta a fonoaudi\u00f3loga.<\/p>\n<p>Para foli\u00f5es, m\u00fasicos e profissionais que trabalham pr\u00f3ximos aos trios, o uso de protetores auriculares \u00e9 uma das principais recomenda\u00e7\u00f5es, pois esses dispositivos reduzem a intensidade do som sem comprometer a percep\u00e7\u00e3o da m\u00fasica. Manter dist\u00e2ncia m\u00ednima das fontes sonoras e evitar o uso prolongado de fones de ouvido em volume elevado tamb\u00e9m s\u00e3o medidas importantes.<\/p>\n<p>(Imagem: Freepik)<\/p>\n<p>(Acervo pessoal)<\/p>\n","protected":false},"excerpt":{"rendered":"<p>A contagem regressiva para o Carnaval de Salvador j\u00e1 come\u00e7ou, trazendo com ela a euforia dos ensaios, festas de Ver\u00e3o e uma maratona de apresenta\u00e7\u00f5es que movimenta a cidade. Em meio ao som dos trios el\u00e9tricos e \u00e0 intensa programa\u00e7\u00e3o cultural, especialistas alertam: a voz e a audi\u00e7\u00e3o est\u00e3o entre os sistemas mais exigidos e [&hellip;]<\/p>\n","protected":false},"author":8,"featured_media":970058,"comment_status":"closed","ping_status":"closed","sticky":false,"template":"","format":"standard","meta":[],"categories":[4],"tags":[52,100,717],"acf":[],"yoast_head":"<!-- This site is optimized with the Yoast SEO plugin v20.8 - https:\/\/yoast.com\/wordpress\/plugins\/seo\/ -->\n<title>CARNAVAL: CANTORES PRECISAM FICAR ATENTOS AOS SINAIS E MANTER OS CUIDADOS COM A VOZ DURANTE O PER\u00cdODO DE FESTAS - Bahia Economica<\/title>\n<meta name=\"description\" content=\"O maior portal de Economia da Bahia ENTRETENIMENTO Bahia Economica\" \/>\n<meta name=\"robots\" content=\"index, follow, max-snippet:-1, max-image-preview:large, max-video-preview:-1\" \/>\n<link rel=\"canonical\" href=\"https:\/\/bahiaeconomica.com.br\/wp\/2026\/01\/27\/carnaval-cantores-precisam-ficar-atentos-aos-sinais-e-manter-os-cuidados-com-a-voz-durante-o-periodo-de-festas\/\" \/>\n<meta property=\"og:locale\" content=\"pt_BR\" \/>\n<meta property=\"og:type\" content=\"article\" \/>\n<meta property=\"og:title\" content=\"CARNAVAL: CANTORES PRECISAM FICAR ATENTOS AOS SINAIS E MANTER OS CUIDADOS COM A VOZ DURANTE O PER\u00cdODO DE FESTAS - Bahia Economica\" \/>\n<meta property=\"og:description\" content=\"O maior portal de Economia da Bahia ENTRETENIMENTO Bahia Economica\" \/>\n<meta property=\"og:url\" content=\"https:\/\/bahiaeconomica.com.br\/wp\/2026\/01\/27\/carnaval-cantores-precisam-ficar-atentos-aos-sinais-e-manter-os-cuidados-com-a-voz-durante-o-periodo-de-festas\/\" \/>\n<meta property=\"og:site_name\" content=\"Bahia Economica\" \/>\n<meta property=\"article:publisher\" content=\"https:\/\/www.facebook.com\/bahiaeconomica\" \/>\n<meta property=\"article:published_time\" content=\"2026-01-27T13:20:43+00:00\" \/>\n<meta property=\"article:modified_time\" content=\"2026-01-27T13:33:13+00:00\" \/>\n<meta property=\"og:image\" content=\"https:\/\/bahiaeconomica.com.br\/wp\/wp-content\/uploads\/2026\/01\/WhatsApp-Image-2026-01-27-at-09.50.56.jpeg\" \/>\n\t<meta property=\"og:image:width\" content=\"1054\" \/>\n\t<meta property=\"og:image:height\" content=\"892\" \/>\n\t<meta property=\"og:image:type\" content=\"image\/jpeg\" \/>\n<meta name=\"author\" content=\"JP\" \/>\n<meta name=\"twitter:card\" content=\"summary_large_image\" \/>\n<meta name=\"twitter:label1\" content=\"Escrito por\" \/>\n\t<meta name=\"twitter:data1\" content=\"JP\" \/>\n\t<meta name=\"twitter:label2\" content=\"Est. tempo de leitura\" \/>\n\t<meta name=\"twitter:data2\" content=\"4 minutos\" \/>\n<script type=\"application\/ld+json\" class=\"yoast-schema-graph\">{\"@context\":\"https:\/\/schema.org\",\"@graph\":[{\"@type\":\"Article\",\"@id\":\"https:\/\/bahiaeconomica.com.br\/wp\/2026\/01\/27\/carnaval-cantores-precisam-ficar-atentos-aos-sinais-e-manter-os-cuidados-com-a-voz-durante-o-periodo-de-festas\/#article\",\"isPartOf\":{\"@id\":\"https:\/\/bahiaeconomica.com.br\/wp\/2026\/01\/27\/carnaval-cantores-precisam-ficar-atentos-aos-sinais-e-manter-os-cuidados-com-a-voz-durante-o-periodo-de-festas\/\"},\"author\":{\"name\":\"JP\",\"@id\":\"https:\/\/bahiaeconomica.com.br\/wp\/#\/schema\/person\/c86d3a3f8960425a0f9d0e5245991f4e\"},\"headline\":\"CARNAVAL: CANTORES PRECISAM FICAR ATENTOS AOS SINAIS E MANTER OS CUIDADOS COM A VOZ DURANTE O PER\u00cdODO DE FESTAS\",\"datePublished\":\"2026-01-27T13:20:43+00:00\",\"dateModified\":\"2026-01-27T13:33:13+00:00\",\"mainEntityOfPage\":{\"@id\":\"https:\/\/bahiaeconomica.com.br\/wp\/2026\/01\/27\/carnaval-cantores-precisam-ficar-atentos-aos-sinais-e-manter-os-cuidados-com-a-voz-durante-o-periodo-de-festas\/\"},\"wordCount\":743,\"publisher\":{\"@id\":\"https:\/\/bahiaeconomica.com.br\/wp\/#organization\"},\"keywords\":[\"Brasil\",\"Pol\u00edtica\",\"show\"],\"articleSection\":[\"ENTRETENIMENTO\"],\"inLanguage\":\"pt-BR\"},{\"@type\":\"WebPage\",\"@id\":\"https:\/\/bahiaeconomica.com.br\/wp\/2026\/01\/27\/carnaval-cantores-precisam-ficar-atentos-aos-sinais-e-manter-os-cuidados-com-a-voz-durante-o-periodo-de-festas\/\",\"url\":\"https:\/\/bahiaeconomica.com.br\/wp\/2026\/01\/27\/carnaval-cantores-precisam-ficar-atentos-aos-sinais-e-manter-os-cuidados-com-a-voz-durante-o-periodo-de-festas\/\",\"name\":\"CARNAVAL: CANTORES PRECISAM FICAR ATENTOS AOS SINAIS E MANTER OS CUIDADOS COM A VOZ DURANTE O PER\u00cdODO DE FESTAS - Bahia Economica\",\"isPartOf\":{\"@id\":\"https:\/\/bahiaeconomica.com.br\/wp\/#website\"},\"datePublished\":\"2026-01-27T13:20:43+00:00\",\"dateModified\":\"2026-01-27T13:33:13+00:00\",\"description\":\"O maior portal de Economia da Bahia ENTRETENIMENTO Bahia Economica\",\"breadcrumb\":{\"@id\":\"https:\/\/bahiaeconomica.com.br\/wp\/2026\/01\/27\/carnaval-cantores-precisam-ficar-atentos-aos-sinais-e-manter-os-cuidados-com-a-voz-durante-o-periodo-de-festas\/#breadcrumb\"},\"inLanguage\":\"pt-BR\",\"potentialAction\":[{\"@type\":\"ReadAction\",\"target\":[\"https:\/\/bahiaeconomica.com.br\/wp\/2026\/01\/27\/carnaval-cantores-precisam-ficar-atentos-aos-sinais-e-manter-os-cuidados-com-a-voz-durante-o-periodo-de-festas\/\"]}]},{\"@type\":\"BreadcrumbList\",\"@id\":\"https:\/\/bahiaeconomica.com.br\/wp\/2026\/01\/27\/carnaval-cantores-precisam-ficar-atentos-aos-sinais-e-manter-os-cuidados-com-a-voz-durante-o-periodo-de-festas\/#breadcrumb\",\"itemListElement\":[{\"@type\":\"ListItem\",\"position\":1,\"name\":\"In\u00edcio\",\"item\":\"https:\/\/bahiaeconomica.com.br\/wp\/\"},{\"@type\":\"ListItem\",\"position\":2,\"name\":\"CARNAVAL: CANTORES PRECISAM FICAR ATENTOS AOS SINAIS E MANTER OS CUIDADOS COM A VOZ DURANTE O PER\u00cdODO DE FESTAS\"}]},{\"@type\":\"WebSite\",\"@id\":\"https:\/\/bahiaeconomica.com.br\/wp\/#website\",\"url\":\"https:\/\/bahiaeconomica.com.br\/wp\/\",\"name\":\"Bahia Economica\",\"description\":\"O maior portal de Economia da Bahia\",\"publisher\":{\"@id\":\"https:\/\/bahiaeconomica.com.br\/wp\/#organization\"},\"potentialAction\":[{\"@type\":\"SearchAction\",\"target\":{\"@type\":\"EntryPoint\",\"urlTemplate\":\"https:\/\/bahiaeconomica.com.br\/wp\/?s={search_term_string}\"},\"query-input\":\"required name=search_term_string\"}],\"inLanguage\":\"pt-BR\"},{\"@type\":\"Organization\",\"@id\":\"https:\/\/bahiaeconomica.com.br\/wp\/#organization\",\"name\":\"Bahia Econ\u00f4mica\",\"url\":\"https:\/\/bahiaeconomica.com.br\/wp\/\",\"logo\":{\"@type\":\"ImageObject\",\"inLanguage\":\"pt-BR\",\"@id\":\"https:\/\/bahiaeconomica.com.br\/wp\/#\/schema\/logo\/image\/\",\"url\":\"https:\/\/bahiaeconomica.com.br\/wp\/wp-content\/uploads\/2020\/12\/cropped-BE.png\",\"contentUrl\":\"https:\/\/bahiaeconomica.com.br\/wp\/wp-content\/uploads\/2020\/12\/cropped-BE.png\",\"width\":512,\"height\":512,\"caption\":\"Bahia Econ\u00f4mica\"},\"image\":{\"@id\":\"https:\/\/bahiaeconomica.com.br\/wp\/#\/schema\/logo\/image\/\"},\"sameAs\":[\"https:\/\/www.facebook.com\/bahiaeconomica\"]},{\"@type\":\"Person\",\"@id\":\"https:\/\/bahiaeconomica.com.br\/wp\/#\/schema\/person\/c86d3a3f8960425a0f9d0e5245991f4e\",\"name\":\"JP\",\"sameAs\":[\"https:\/\/bahiaeconomica.com.br\/wp\/beta\/\"],\"url\":\"https:\/\/bahiaeconomica.com.br\/wp\/author\/jp\/\"}]}<\/script>\n<!-- \/ Yoast SEO plugin. -->","yoast_head_json":{"title":"CARNAVAL: CANTORES PRECISAM FICAR ATENTOS AOS SINAIS E MANTER OS CUIDADOS COM A VOZ DURANTE O PER\u00cdODO DE FESTAS - Bahia Economica","description":"O maior portal de Economia da Bahia ENTRETENIMENTO Bahia Economica","robots":{"index":"index","follow":"follow","max-snippet":"max-snippet:-1","max-image-preview":"max-image-preview:large","max-video-preview":"max-video-preview:-1"},"canonical":"https:\/\/bahiaeconomica.com.br\/wp\/2026\/01\/27\/carnaval-cantores-precisam-ficar-atentos-aos-sinais-e-manter-os-cuidados-com-a-voz-durante-o-periodo-de-festas\/","og_locale":"pt_BR","og_type":"article","og_title":"CARNAVAL: CANTORES PRECISAM FICAR ATENTOS AOS SINAIS E MANTER OS CUIDADOS COM A VOZ DURANTE O PER\u00cdODO DE FESTAS - Bahia Economica","og_description":"O maior portal de Economia da Bahia ENTRETENIMENTO Bahia Economica","og_url":"https:\/\/bahiaeconomica.com.br\/wp\/2026\/01\/27\/carnaval-cantores-precisam-ficar-atentos-aos-sinais-e-manter-os-cuidados-com-a-voz-durante-o-periodo-de-festas\/","og_site_name":"Bahia Economica","article_publisher":"https:\/\/www.facebook.com\/bahiaeconomica","article_published_time":"2026-01-27T13:20:43+00:00","article_modified_time":"2026-01-27T13:33:13+00:00","og_image":[{"width":1054,"height":892,"url":"https:\/\/bahiaeconomica.com.br\/wp\/wp-content\/uploads\/2026\/01\/WhatsApp-Image-2026-01-27-at-09.50.56.jpeg","type":"image\/jpeg"}],"author":"JP","twitter_card":"summary_large_image","twitter_misc":{"Escrito por":"JP","Est. tempo de leitura":"4 minutos"},"schema":{"@context":"https:\/\/schema.org","@graph":[{"@type":"Article","@id":"https:\/\/bahiaeconomica.com.br\/wp\/2026\/01\/27\/carnaval-cantores-precisam-ficar-atentos-aos-sinais-e-manter-os-cuidados-com-a-voz-durante-o-periodo-de-festas\/#article","isPartOf":{"@id":"https:\/\/bahiaeconomica.com.br\/wp\/2026\/01\/27\/carnaval-cantores-precisam-ficar-atentos-aos-sinais-e-manter-os-cuidados-com-a-voz-durante-o-periodo-de-festas\/"},"author":{"name":"JP","@id":"https:\/\/bahiaeconomica.com.br\/wp\/#\/schema\/person\/c86d3a3f8960425a0f9d0e5245991f4e"},"headline":"CARNAVAL: CANTORES PRECISAM FICAR ATENTOS AOS SINAIS E MANTER OS CUIDADOS COM A VOZ DURANTE O PER\u00cdODO DE FESTAS","datePublished":"2026-01-27T13:20:43+00:00","dateModified":"2026-01-27T13:33:13+00:00","mainEntityOfPage":{"@id":"https:\/\/bahiaeconomica.com.br\/wp\/2026\/01\/27\/carnaval-cantores-precisam-ficar-atentos-aos-sinais-e-manter-os-cuidados-com-a-voz-durante-o-periodo-de-festas\/"},"wordCount":743,"publisher":{"@id":"https:\/\/bahiaeconomica.com.br\/wp\/#organization"},"keywords":["Brasil","Pol\u00edtica","show"],"articleSection":["ENTRETENIMENTO"],"inLanguage":"pt-BR"},{"@type":"WebPage","@id":"https:\/\/bahiaeconomica.com.br\/wp\/2026\/01\/27\/carnaval-cantores-precisam-ficar-atentos-aos-sinais-e-manter-os-cuidados-com-a-voz-durante-o-periodo-de-festas\/","url":"https:\/\/bahiaeconomica.com.br\/wp\/2026\/01\/27\/carnaval-cantores-precisam-ficar-atentos-aos-sinais-e-manter-os-cuidados-com-a-voz-durante-o-periodo-de-festas\/","name":"CARNAVAL: CANTORES PRECISAM FICAR ATENTOS AOS SINAIS E MANTER OS CUIDADOS COM A VOZ DURANTE O PER\u00cdODO DE FESTAS - Bahia Economica","isPartOf":{"@id":"https:\/\/bahiaeconomica.com.br\/wp\/#website"},"datePublished":"2026-01-27T13:20:43+00:00","dateModified":"2026-01-27T13:33:13+00:00","description":"O maior portal de Economia da Bahia ENTRETENIMENTO Bahia Economica","breadcrumb":{"@id":"https:\/\/bahiaeconomica.com.br\/wp\/2026\/01\/27\/carnaval-cantores-precisam-ficar-atentos-aos-sinais-e-manter-os-cuidados-com-a-voz-durante-o-periodo-de-festas\/#breadcrumb"},"inLanguage":"pt-BR","potentialAction":[{"@type":"ReadAction","target":["https:\/\/bahiaeconomica.com.br\/wp\/2026\/01\/27\/carnaval-cantores-precisam-ficar-atentos-aos-sinais-e-manter-os-cuidados-com-a-voz-durante-o-periodo-de-festas\/"]}]},{"@type":"BreadcrumbList","@id":"https:\/\/bahiaeconomica.com.br\/wp\/2026\/01\/27\/carnaval-cantores-precisam-ficar-atentos-aos-sinais-e-manter-os-cuidados-com-a-voz-durante-o-periodo-de-festas\/#breadcrumb","itemListElement":[{"@type":"ListItem","position":1,"name":"In\u00edcio","item":"https:\/\/bahiaeconomica.com.br\/wp\/"},{"@type":"ListItem","position":2,"name":"CARNAVAL: CANTORES PRECISAM FICAR ATENTOS AOS SINAIS E MANTER OS CUIDADOS COM A VOZ DURANTE O PER\u00cdODO DE FESTAS"}]},{"@type":"WebSite","@id":"https:\/\/bahiaeconomica.com.br\/wp\/#website","url":"https:\/\/bahiaeconomica.com.br\/wp\/","name":"Bahia Economica","description":"O maior portal de Economia da Bahia","publisher":{"@id":"https:\/\/bahiaeconomica.com.br\/wp\/#organization"},"potentialAction":[{"@type":"SearchAction","target":{"@type":"EntryPoint","urlTemplate":"https:\/\/bahiaeconomica.com.br\/wp\/?s={search_term_string}"},"query-input":"required name=search_term_string"}],"inLanguage":"pt-BR"},{"@type":"Organization","@id":"https:\/\/bahiaeconomica.com.br\/wp\/#organization","name":"Bahia Econ\u00f4mica","url":"https:\/\/bahiaeconomica.com.br\/wp\/","logo":{"@type":"ImageObject","inLanguage":"pt-BR","@id":"https:\/\/bahiaeconomica.com.br\/wp\/#\/schema\/logo\/image\/","url":"https:\/\/bahiaeconomica.com.br\/wp\/wp-content\/uploads\/2020\/12\/cropped-BE.png","contentUrl":"https:\/\/bahiaeconomica.com.br\/wp\/wp-content\/uploads\/2020\/12\/cropped-BE.png","width":512,"height":512,"caption":"Bahia Econ\u00f4mica"},"image":{"@id":"https:\/\/bahiaeconomica.com.br\/wp\/#\/schema\/logo\/image\/"},"sameAs":["https:\/\/www.facebook.com\/bahiaeconomica"]},{"@type":"Person","@id":"https:\/\/bahiaeconomica.com.br\/wp\/#\/schema\/person\/c86d3a3f8960425a0f9d0e5245991f4e","name":"JP","sameAs":["https:\/\/bahiaeconomica.com.br\/wp\/beta\/"],"url":"https:\/\/bahiaeconomica.com.br\/wp\/author\/jp\/"}]}},"views":7,"_links":{"self":[{"href":"https:\/\/bahiaeconomica.com.br\/wp\/wp-json\/wp\/v2\/posts\/970056"}],"collection":[{"href":"https:\/\/bahiaeconomica.com.br\/wp\/wp-json\/wp\/v2\/posts"}],"about":[{"href":"https:\/\/bahiaeconomica.com.br\/wp\/wp-json\/wp\/v2\/types\/post"}],"author":[{"embeddable":true,"href":"https:\/\/bahiaeconomica.com.br\/wp\/wp-json\/wp\/v2\/users\/8"}],"replies":[{"embeddable":true,"href":"https:\/\/bahiaeconomica.com.br\/wp\/wp-json\/wp\/v2\/comments?post=970056"}],"version-history":[{"count":1,"href":"https:\/\/bahiaeconomica.com.br\/wp\/wp-json\/wp\/v2\/posts\/970056\/revisions"}],"predecessor-version":[{"id":970059,"href":"https:\/\/bahiaeconomica.com.br\/wp\/wp-json\/wp\/v2\/posts\/970056\/revisions\/970059"}],"wp:featuredmedia":[{"embeddable":true,"href":"https:\/\/bahiaeconomica.com.br\/wp\/wp-json\/wp\/v2\/media\/970058"}],"wp:attachment":[{"href":"https:\/\/bahiaeconomica.com.br\/wp\/wp-json\/wp\/v2\/media?parent=970056"}],"wp:term":[{"taxonomy":"category","embeddable":true,"href":"https:\/\/bahiaeconomica.com.br\/wp\/wp-json\/wp\/v2\/categories?post=970056"},{"taxonomy":"post_tag","embeddable":true,"href":"https:\/\/bahiaeconomica.com.br\/wp\/wp-json\/wp\/v2\/tags?post=970056"}],"curies":[{"name":"wp","href":"https:\/\/api.w.org\/{rel}","templated":true}]}}