{"id":969810,"date":"2026-01-26T13:32:03","date_gmt":"2026-01-26T16:32:03","guid":{"rendered":"https:\/\/bahiaeconomica.com.br\/wp\/?p=969810"},"modified":"2026-01-26T13:32:03","modified_gmt":"2026-01-26T16:32:03","slug":"comunicacao-em-libras-pode-salvar-vidas-em-atendimentos-de-emergencia","status":"publish","type":"post","link":"https:\/\/bahiaeconomica.com.br\/wp\/2026\/01\/26\/comunicacao-em-libras-pode-salvar-vidas-em-atendimentos-de-emergencia\/","title":{"rendered":"COMUNICA\u00c7\u00c3O EM LIBRAS PODE SALVAR VIDAS EM ATENDIMENTOS DE EMERG\u00caNCIA"},"content":{"rendered":"<p>Emerg\u00eancias m\u00e9dicas exigem respostas r\u00e1pidas e decis\u00f5es precisas. Citando apenas os acidentes de tr\u00e2nsito, o Brasil registrou entre janeiro e agosto de 2025, cerca de 776 mil ocorr\u00eancias, com 13,9 mil \u00f3bitos, segundo dados do Registro Nacional de Sinistros e Estat\u00edsticas de Tr\u00e2nsito (Renaest). Esses eventos incluem situa\u00e7\u00f5es vias p\u00fablicas que causam danos materiais, ferimentos ou mortes. Nestas situa\u00e7\u00f5es, a comunica\u00e7\u00e3o clara pode ser determinante para o desfecho cl\u00ednico do paciente.<\/p>\n<p>Por\u00e9m, o problema comunicacional \u00e9 maior entre deficientes auditivos, que encontram limites para se comunicar com os prestadores de servi\u00e7os de sa\u00fade, gerando poss\u00edveis ru\u00eddos no processo. A falta do atendimento em Libras pode ser um fator crucial para erros de diagn\u00f3sticos, dificuldade para identifica\u00e7\u00e3o das v\u00edtimas e atrasos na resolu\u00e7\u00e3o dos problemas, uma vez que essas pessoas podem ter dificuldades para expressar suas dores e percep\u00e7\u00f5es sobre os acidentes.<\/p>\n<p>Mais de 10 milh\u00f5es de brasileiros t\u00eam algum grau de surdez ou defici\u00eancia auditiva, segundo levantamento do IBGE. Em contrapartida, menos de 0,5% da popula\u00e7\u00e3o domina a linguagem de sinais, que \u00e9 reconhecida mundialmente. \u201cImagine a dificuldade de entender o que aconteceu com a v\u00edtima de um acidente se os profissionais sequer conseguem se comunicar com ela. Essa \u00e9 uma situa\u00e7\u00e3o que infelizmente pode acontecer com algu\u00e9m da nossa comunidade\u201d, esclarece Jos\u00e9 Ara\u00fajo Neto, CEO do <a href=\"https:\/\/www.icom.app\/\"><strong>ICOM<\/strong><\/a>, socialtech brasileira l\u00edder em servi\u00e7os de inclus\u00e3o e comunica\u00e7\u00e3o acess\u00edvel para a comunidade surda.<\/p>\n<p>Segundo o executivo, a aus\u00eancia de comunica\u00e7\u00e3o acess\u00edvel n\u00e3o \u00e9 apenas uma quest\u00e3o de inclus\u00e3o, mas de seguran\u00e7a e qualidade assistencial. Informa\u00e7\u00f5es simples, como hist\u00f3rico m\u00e9dico, uso de medicamentos ou a localiza\u00e7\u00e3o exata da dor, podem fazer toda a diferen\u00e7a em um atendimento emergencial.<\/p>\n<p>\u201cQuando n\u00e3o h\u00e1 comunica\u00e7\u00e3o, o risco de erros aumenta. O paciente pode n\u00e3o conseguir relatar sintomas importantes, e o profissional de sa\u00fade perde dados essenciais para uma avalia\u00e7\u00e3o precisa\u201d, afirma.<\/p>\n<p><strong>Tecnologia para seguran\u00e7a da comunidade surda<\/strong><br \/>\nSolu\u00e7\u00f5es de interpreta\u00e7\u00e3o em Libras em tempo real tornam-se essenciais para ambientes de sa\u00fade que exigem agilidade e precis\u00e3o.<\/p>\n<p>O servi\u00e7o do ICOM pode ser utilizado em hospitais, UPAs, cl\u00ednicas particulares e servi\u00e7os m\u00f3veis de urg\u00eancia que necessitem de comunica\u00e7\u00e3o r\u00e1pida e segura entre profissionais e pacientes surdos. A tecnologia est\u00e1 dispon\u00edvel em todo o pa\u00eds e requer apenas conex\u00e3o com a internet, permitindo que o atendimento acess\u00edvel seja acionado de forma imediata, independentemente da localiza\u00e7\u00e3o.<\/p>\n<p>Para Ara\u00fajo Neto, falar de acessibilidade em situa\u00e7\u00f5es de emerg\u00eancia \u00e9 reconhecer que a comunica\u00e7\u00e3o faz parte do pr\u00f3prio cuidado em sa\u00fade. \u201cGarantir a linguagem de sinais nos atendimentos de urg\u00eancia n\u00e3o \u00e9 um diferencial, \u00e9 uma necessidade. Quando a pessoa surda consegue se comunicar com clareza, reduzimos riscos, evitamos erros e promovemos um atendimento mais humano e eficiente. Em muitos casos, essa comunica\u00e7\u00e3o pode ser determinante para salvar vidas\u201d, conclui.<\/p>\n<p><strong>Sobre o ICOM<\/strong><\/p>\n<p>O ICOM \u00e9 uma socialtech que oferece uma plataforma l\u00edder e pioneira de interpreta\u00e7\u00e3o online em Libras, acessibilizando a comunica\u00e7\u00e3o e o atendimento de empresas e governos com seus consumidores, colaboradores e cidad\u00e3os surdos.<\/p>\n<p>Premiado pela ONU como solu\u00e7\u00e3o de Inova\u00e7\u00e3o P\u00fablica, teve suas ra\u00edzes na AME &#8211; organiza\u00e7\u00e3o da Sociedade Civil, sem fins lucrativos, que desenvolve Tecnologia Assistiva para facilitar a independ\u00eancia das pessoas com defici\u00eancia h\u00e1 mais de 30 anos.<\/p>\n<p>&nbsp;<\/p>\n<p><em>Foto: p\u00edxabay<\/em><\/p>\n","protected":false},"excerpt":{"rendered":"<p>Emerg\u00eancias m\u00e9dicas exigem respostas r\u00e1pidas e decis\u00f5es precisas. Citando apenas os acidentes de tr\u00e2nsito, o Brasil registrou entre janeiro e agosto de 2025, cerca de 776 mil ocorr\u00eancias, com 13,9 mil \u00f3bitos, segundo dados do Registro Nacional de Sinistros e Estat\u00edsticas de Tr\u00e2nsito (Renaest). Esses eventos incluem situa\u00e7\u00f5es vias p\u00fablicas que causam danos materiais, ferimentos [&hellip;]<\/p>\n","protected":false},"author":8,"featured_media":969811,"comment_status":"closed","ping_status":"closed","sticky":false,"template":"","format":"standard","meta":[],"categories":[5],"tags":[52,2505],"acf":[],"yoast_head":"<!-- This site is optimized with the Yoast SEO plugin v20.8 - https:\/\/yoast.com\/wordpress\/plugins\/seo\/ -->\n<title>COMUNICA\u00c7\u00c3O EM LIBRAS PODE SALVAR VIDAS EM ATENDIMENTOS DE EMERG\u00caNCIA - Bahia Economica<\/title>\n<meta name=\"description\" content=\"O maior portal de Economia da Bahia MUNIC\u00cdPIOS Bahia Economica\" \/>\n<meta name=\"robots\" content=\"index, follow, max-snippet:-1, max-image-preview:large, max-video-preview:-1\" \/>\n<link rel=\"canonical\" href=\"https:\/\/bahiaeconomica.com.br\/wp\/2026\/01\/26\/comunicacao-em-libras-pode-salvar-vidas-em-atendimentos-de-emergencia\/\" \/>\n<meta property=\"og:locale\" content=\"pt_BR\" \/>\n<meta property=\"og:type\" content=\"article\" \/>\n<meta property=\"og:title\" content=\"COMUNICA\u00c7\u00c3O EM LIBRAS PODE SALVAR VIDAS EM ATENDIMENTOS DE EMERG\u00caNCIA - Bahia Economica\" \/>\n<meta property=\"og:description\" content=\"O maior portal de Economia da Bahia MUNIC\u00cdPIOS Bahia Economica\" \/>\n<meta property=\"og:url\" content=\"https:\/\/bahiaeconomica.com.br\/wp\/2026\/01\/26\/comunicacao-em-libras-pode-salvar-vidas-em-atendimentos-de-emergencia\/\" \/>\n<meta property=\"og:site_name\" content=\"Bahia Economica\" \/>\n<meta property=\"article:publisher\" content=\"https:\/\/www.facebook.com\/bahiaeconomica\" \/>\n<meta property=\"article:published_time\" content=\"2026-01-26T16:32:03+00:00\" \/>\n<meta property=\"og:image\" content=\"https:\/\/bahiaeconomica.com.br\/wp\/wp-content\/uploads\/2026\/01\/house-1239420_1280.jpg\" \/>\n\t<meta property=\"og:image:width\" content=\"1280\" \/>\n\t<meta property=\"og:image:height\" content=\"1027\" \/>\n\t<meta property=\"og:image:type\" content=\"image\/jpeg\" \/>\n<meta name=\"author\" content=\"JP\" \/>\n<meta name=\"twitter:card\" content=\"summary_large_image\" \/>\n<meta name=\"twitter:label1\" content=\"Escrito por\" \/>\n\t<meta name=\"twitter:data1\" content=\"JP\" \/>\n\t<meta name=\"twitter:label2\" content=\"Est. tempo de leitura\" \/>\n\t<meta name=\"twitter:data2\" content=\"3 minutos\" \/>\n<script type=\"application\/ld+json\" class=\"yoast-schema-graph\">{\"@context\":\"https:\/\/schema.org\",\"@graph\":[{\"@type\":\"Article\",\"@id\":\"https:\/\/bahiaeconomica.com.br\/wp\/2026\/01\/26\/comunicacao-em-libras-pode-salvar-vidas-em-atendimentos-de-emergencia\/#article\",\"isPartOf\":{\"@id\":\"https:\/\/bahiaeconomica.com.br\/wp\/2026\/01\/26\/comunicacao-em-libras-pode-salvar-vidas-em-atendimentos-de-emergencia\/\"},\"author\":{\"name\":\"JP\",\"@id\":\"https:\/\/bahiaeconomica.com.br\/wp\/#\/schema\/person\/c86d3a3f8960425a0f9d0e5245991f4e\"},\"headline\":\"COMUNICA\u00c7\u00c3O EM LIBRAS PODE SALVAR VIDAS EM ATENDIMENTOS DE EMERG\u00caNCIA\",\"datePublished\":\"2026-01-26T16:32:03+00:00\",\"dateModified\":\"2026-01-26T16:32:03+00:00\",\"mainEntityOfPage\":{\"@id\":\"https:\/\/bahiaeconomica.com.br\/wp\/2026\/01\/26\/comunicacao-em-libras-pode-salvar-vidas-em-atendimentos-de-emergencia\/\"},\"wordCount\":626,\"publisher\":{\"@id\":\"https:\/\/bahiaeconomica.com.br\/wp\/#organization\"},\"keywords\":[\"Brasil\",\"contratos\"],\"articleSection\":[\"MUNIC\u00cdPIOS\"],\"inLanguage\":\"pt-BR\"},{\"@type\":\"WebPage\",\"@id\":\"https:\/\/bahiaeconomica.com.br\/wp\/2026\/01\/26\/comunicacao-em-libras-pode-salvar-vidas-em-atendimentos-de-emergencia\/\",\"url\":\"https:\/\/bahiaeconomica.com.br\/wp\/2026\/01\/26\/comunicacao-em-libras-pode-salvar-vidas-em-atendimentos-de-emergencia\/\",\"name\":\"COMUNICA\u00c7\u00c3O EM LIBRAS PODE SALVAR VIDAS EM ATENDIMENTOS DE EMERG\u00caNCIA - Bahia Economica\",\"isPartOf\":{\"@id\":\"https:\/\/bahiaeconomica.com.br\/wp\/#website\"},\"datePublished\":\"2026-01-26T16:32:03+00:00\",\"dateModified\":\"2026-01-26T16:32:03+00:00\",\"description\":\"O maior portal de Economia da Bahia MUNIC\u00cdPIOS Bahia Economica\",\"breadcrumb\":{\"@id\":\"https:\/\/bahiaeconomica.com.br\/wp\/2026\/01\/26\/comunicacao-em-libras-pode-salvar-vidas-em-atendimentos-de-emergencia\/#breadcrumb\"},\"inLanguage\":\"pt-BR\",\"potentialAction\":[{\"@type\":\"ReadAction\",\"target\":[\"https:\/\/bahiaeconomica.com.br\/wp\/2026\/01\/26\/comunicacao-em-libras-pode-salvar-vidas-em-atendimentos-de-emergencia\/\"]}]},{\"@type\":\"BreadcrumbList\",\"@id\":\"https:\/\/bahiaeconomica.com.br\/wp\/2026\/01\/26\/comunicacao-em-libras-pode-salvar-vidas-em-atendimentos-de-emergencia\/#breadcrumb\",\"itemListElement\":[{\"@type\":\"ListItem\",\"position\":1,\"name\":\"In\u00edcio\",\"item\":\"https:\/\/bahiaeconomica.com.br\/wp\/\"},{\"@type\":\"ListItem\",\"position\":2,\"name\":\"COMUNICA\u00c7\u00c3O EM LIBRAS PODE SALVAR VIDAS EM ATENDIMENTOS DE EMERG\u00caNCIA\"}]},{\"@type\":\"WebSite\",\"@id\":\"https:\/\/bahiaeconomica.com.br\/wp\/#website\",\"url\":\"https:\/\/bahiaeconomica.com.br\/wp\/\",\"name\":\"Bahia Economica\",\"description\":\"O maior portal de Economia da Bahia\",\"publisher\":{\"@id\":\"https:\/\/bahiaeconomica.com.br\/wp\/#organization\"},\"potentialAction\":[{\"@type\":\"SearchAction\",\"target\":{\"@type\":\"EntryPoint\",\"urlTemplate\":\"https:\/\/bahiaeconomica.com.br\/wp\/?s={search_term_string}\"},\"query-input\":\"required name=search_term_string\"}],\"inLanguage\":\"pt-BR\"},{\"@type\":\"Organization\",\"@id\":\"https:\/\/bahiaeconomica.com.br\/wp\/#organization\",\"name\":\"Bahia Econ\u00f4mica\",\"url\":\"https:\/\/bahiaeconomica.com.br\/wp\/\",\"logo\":{\"@type\":\"ImageObject\",\"inLanguage\":\"pt-BR\",\"@id\":\"https:\/\/bahiaeconomica.com.br\/wp\/#\/schema\/logo\/image\/\",\"url\":\"https:\/\/bahiaeconomica.com.br\/wp\/wp-content\/uploads\/2020\/12\/cropped-BE.png\",\"contentUrl\":\"https:\/\/bahiaeconomica.com.br\/wp\/wp-content\/uploads\/2020\/12\/cropped-BE.png\",\"width\":512,\"height\":512,\"caption\":\"Bahia Econ\u00f4mica\"},\"image\":{\"@id\":\"https:\/\/bahiaeconomica.com.br\/wp\/#\/schema\/logo\/image\/\"},\"sameAs\":[\"https:\/\/www.facebook.com\/bahiaeconomica\"]},{\"@type\":\"Person\",\"@id\":\"https:\/\/bahiaeconomica.com.br\/wp\/#\/schema\/person\/c86d3a3f8960425a0f9d0e5245991f4e\",\"name\":\"JP\",\"sameAs\":[\"https:\/\/bahiaeconomica.com.br\/wp\/beta\/\"],\"url\":\"https:\/\/bahiaeconomica.com.br\/wp\/author\/jp\/\"}]}<\/script>\n<!-- \/ Yoast SEO plugin. -->","yoast_head_json":{"title":"COMUNICA\u00c7\u00c3O EM LIBRAS PODE SALVAR VIDAS EM ATENDIMENTOS DE EMERG\u00caNCIA - Bahia Economica","description":"O maior portal de Economia da Bahia MUNIC\u00cdPIOS Bahia Economica","robots":{"index":"index","follow":"follow","max-snippet":"max-snippet:-1","max-image-preview":"max-image-preview:large","max-video-preview":"max-video-preview:-1"},"canonical":"https:\/\/bahiaeconomica.com.br\/wp\/2026\/01\/26\/comunicacao-em-libras-pode-salvar-vidas-em-atendimentos-de-emergencia\/","og_locale":"pt_BR","og_type":"article","og_title":"COMUNICA\u00c7\u00c3O EM LIBRAS PODE SALVAR VIDAS EM ATENDIMENTOS DE EMERG\u00caNCIA - Bahia Economica","og_description":"O maior portal de Economia da Bahia MUNIC\u00cdPIOS Bahia Economica","og_url":"https:\/\/bahiaeconomica.com.br\/wp\/2026\/01\/26\/comunicacao-em-libras-pode-salvar-vidas-em-atendimentos-de-emergencia\/","og_site_name":"Bahia Economica","article_publisher":"https:\/\/www.facebook.com\/bahiaeconomica","article_published_time":"2026-01-26T16:32:03+00:00","og_image":[{"width":1280,"height":1027,"url":"https:\/\/bahiaeconomica.com.br\/wp\/wp-content\/uploads\/2026\/01\/house-1239420_1280.jpg","type":"image\/jpeg"}],"author":"JP","twitter_card":"summary_large_image","twitter_misc":{"Escrito por":"JP","Est. tempo de leitura":"3 minutos"},"schema":{"@context":"https:\/\/schema.org","@graph":[{"@type":"Article","@id":"https:\/\/bahiaeconomica.com.br\/wp\/2026\/01\/26\/comunicacao-em-libras-pode-salvar-vidas-em-atendimentos-de-emergencia\/#article","isPartOf":{"@id":"https:\/\/bahiaeconomica.com.br\/wp\/2026\/01\/26\/comunicacao-em-libras-pode-salvar-vidas-em-atendimentos-de-emergencia\/"},"author":{"name":"JP","@id":"https:\/\/bahiaeconomica.com.br\/wp\/#\/schema\/person\/c86d3a3f8960425a0f9d0e5245991f4e"},"headline":"COMUNICA\u00c7\u00c3O EM LIBRAS PODE SALVAR VIDAS EM ATENDIMENTOS DE EMERG\u00caNCIA","datePublished":"2026-01-26T16:32:03+00:00","dateModified":"2026-01-26T16:32:03+00:00","mainEntityOfPage":{"@id":"https:\/\/bahiaeconomica.com.br\/wp\/2026\/01\/26\/comunicacao-em-libras-pode-salvar-vidas-em-atendimentos-de-emergencia\/"},"wordCount":626,"publisher":{"@id":"https:\/\/bahiaeconomica.com.br\/wp\/#organization"},"keywords":["Brasil","contratos"],"articleSection":["MUNIC\u00cdPIOS"],"inLanguage":"pt-BR"},{"@type":"WebPage","@id":"https:\/\/bahiaeconomica.com.br\/wp\/2026\/01\/26\/comunicacao-em-libras-pode-salvar-vidas-em-atendimentos-de-emergencia\/","url":"https:\/\/bahiaeconomica.com.br\/wp\/2026\/01\/26\/comunicacao-em-libras-pode-salvar-vidas-em-atendimentos-de-emergencia\/","name":"COMUNICA\u00c7\u00c3O EM LIBRAS PODE SALVAR VIDAS EM ATENDIMENTOS DE EMERG\u00caNCIA - Bahia Economica","isPartOf":{"@id":"https:\/\/bahiaeconomica.com.br\/wp\/#website"},"datePublished":"2026-01-26T16:32:03+00:00","dateModified":"2026-01-26T16:32:03+00:00","description":"O maior portal de Economia da Bahia MUNIC\u00cdPIOS Bahia Economica","breadcrumb":{"@id":"https:\/\/bahiaeconomica.com.br\/wp\/2026\/01\/26\/comunicacao-em-libras-pode-salvar-vidas-em-atendimentos-de-emergencia\/#breadcrumb"},"inLanguage":"pt-BR","potentialAction":[{"@type":"ReadAction","target":["https:\/\/bahiaeconomica.com.br\/wp\/2026\/01\/26\/comunicacao-em-libras-pode-salvar-vidas-em-atendimentos-de-emergencia\/"]}]},{"@type":"BreadcrumbList","@id":"https:\/\/bahiaeconomica.com.br\/wp\/2026\/01\/26\/comunicacao-em-libras-pode-salvar-vidas-em-atendimentos-de-emergencia\/#breadcrumb","itemListElement":[{"@type":"ListItem","position":1,"name":"In\u00edcio","item":"https:\/\/bahiaeconomica.com.br\/wp\/"},{"@type":"ListItem","position":2,"name":"COMUNICA\u00c7\u00c3O EM LIBRAS PODE SALVAR VIDAS EM ATENDIMENTOS DE EMERG\u00caNCIA"}]},{"@type":"WebSite","@id":"https:\/\/bahiaeconomica.com.br\/wp\/#website","url":"https:\/\/bahiaeconomica.com.br\/wp\/","name":"Bahia Economica","description":"O maior portal de Economia da Bahia","publisher":{"@id":"https:\/\/bahiaeconomica.com.br\/wp\/#organization"},"potentialAction":[{"@type":"SearchAction","target":{"@type":"EntryPoint","urlTemplate":"https:\/\/bahiaeconomica.com.br\/wp\/?s={search_term_string}"},"query-input":"required name=search_term_string"}],"inLanguage":"pt-BR"},{"@type":"Organization","@id":"https:\/\/bahiaeconomica.com.br\/wp\/#organization","name":"Bahia Econ\u00f4mica","url":"https:\/\/bahiaeconomica.com.br\/wp\/","logo":{"@type":"ImageObject","inLanguage":"pt-BR","@id":"https:\/\/bahiaeconomica.com.br\/wp\/#\/schema\/logo\/image\/","url":"https:\/\/bahiaeconomica.com.br\/wp\/wp-content\/uploads\/2020\/12\/cropped-BE.png","contentUrl":"https:\/\/bahiaeconomica.com.br\/wp\/wp-content\/uploads\/2020\/12\/cropped-BE.png","width":512,"height":512,"caption":"Bahia Econ\u00f4mica"},"image":{"@id":"https:\/\/bahiaeconomica.com.br\/wp\/#\/schema\/logo\/image\/"},"sameAs":["https:\/\/www.facebook.com\/bahiaeconomica"]},{"@type":"Person","@id":"https:\/\/bahiaeconomica.com.br\/wp\/#\/schema\/person\/c86d3a3f8960425a0f9d0e5245991f4e","name":"JP","sameAs":["https:\/\/bahiaeconomica.com.br\/wp\/beta\/"],"url":"https:\/\/bahiaeconomica.com.br\/wp\/author\/jp\/"}]}},"views":7,"_links":{"self":[{"href":"https:\/\/bahiaeconomica.com.br\/wp\/wp-json\/wp\/v2\/posts\/969810"}],"collection":[{"href":"https:\/\/bahiaeconomica.com.br\/wp\/wp-json\/wp\/v2\/posts"}],"about":[{"href":"https:\/\/bahiaeconomica.com.br\/wp\/wp-json\/wp\/v2\/types\/post"}],"author":[{"embeddable":true,"href":"https:\/\/bahiaeconomica.com.br\/wp\/wp-json\/wp\/v2\/users\/8"}],"replies":[{"embeddable":true,"href":"https:\/\/bahiaeconomica.com.br\/wp\/wp-json\/wp\/v2\/comments?post=969810"}],"version-history":[{"count":1,"href":"https:\/\/bahiaeconomica.com.br\/wp\/wp-json\/wp\/v2\/posts\/969810\/revisions"}],"predecessor-version":[{"id":969812,"href":"https:\/\/bahiaeconomica.com.br\/wp\/wp-json\/wp\/v2\/posts\/969810\/revisions\/969812"}],"wp:featuredmedia":[{"embeddable":true,"href":"https:\/\/bahiaeconomica.com.br\/wp\/wp-json\/wp\/v2\/media\/969811"}],"wp:attachment":[{"href":"https:\/\/bahiaeconomica.com.br\/wp\/wp-json\/wp\/v2\/media?parent=969810"}],"wp:term":[{"taxonomy":"category","embeddable":true,"href":"https:\/\/bahiaeconomica.com.br\/wp\/wp-json\/wp\/v2\/categories?post=969810"},{"taxonomy":"post_tag","embeddable":true,"href":"https:\/\/bahiaeconomica.com.br\/wp\/wp-json\/wp\/v2\/tags?post=969810"}],"curies":[{"name":"wp","href":"https:\/\/api.w.org\/{rel}","templated":true}]}}