{"id":969730,"date":"2026-01-26T10:23:09","date_gmt":"2026-01-26T13:23:09","guid":{"rendered":"https:\/\/bahiaeconomica.com.br\/wp\/?p=969730"},"modified":"2026-01-26T10:26:05","modified_gmt":"2026-01-26T13:26:05","slug":"vitoria-encaminha-contratacao-de-centroavante-ex-benfica","status":"publish","type":"post","link":"https:\/\/bahiaeconomica.com.br\/wp\/2026\/01\/26\/vitoria-encaminha-contratacao-de-centroavante-ex-benfica\/","title":{"rendered":"VIT\u00d3RIA ENCAMINHA CONTRATA\u00c7\u00c3O DE CENTROAVANTE EX-BENFICA"},"content":{"rendered":"<div class=\"flex flex-col w-full font-normal text-[18px] leading-[30px] text-tw-theme-text-default\">\n<p id=\"paragrafo-251akmaw9l\">O Vit\u00f3ria encaminhou a contrata\u00e7\u00e3o do atacante Pedro Henrique, de 29 anos, para a sequ\u00eancia da temporada 2026. O jogador chega ao Barrad\u00e3o ap\u00f3s atuar pelo Yunnan Yukun, da China, clube que defendeu ao longo de 2025.<\/p>\n<\/div>\n<div class=\"article_mrec_destaque sticky\">\n<div id=\"internas_336x280_01\" data-google-query-id=\"CL-u1JClqZIDFb9ouAQd8okXBA\">\n<p data-start=\"307\" data-end=\"640\">A diretoria rubro-negra v\u00ea em Pedro Henrique um refor\u00e7o para qualificar o setor ofensivo, uma das prioridades nesta janela. O centroavante \u00e9 avaliado internamente como um jogador de boa presen\u00e7a de \u00e1rea, for\u00e7a f\u00edsica e capacidade de finaliza\u00e7\u00e3o, caracter\u00edsticas buscadas pela comiss\u00e3o t\u00e9cnica para aumentar o poder de fogo da equipe.<\/p>\n<p data-start=\"642\" data-end=\"964\">Revelado no futebol europeu, Pedro Henrique acumulou experi\u00eancia fora do pa\u00eds e tamb\u00e9m teve passagens por clubes do futebol brasileiro, o que pesou positivamente na an\u00e1lise do Vit\u00f3ria. O entendimento \u00e9 de que o atleta chega com bagagem suficiente para disputar posi\u00e7\u00e3o e elevar o n\u00edvel do elenco na sequ\u00eancia da temporada.<\/p>\n<p data-start=\"966\" data-end=\"1186\" data-is-last-node=\"\" data-is-only-node=\"\">foto= Cr\u00e9dito: Divulga\u00e7\u00e3o<\/p>\n<\/div>\n<\/div>\n","protected":false},"excerpt":{"rendered":"<p>O Vit\u00f3ria encaminhou a contrata\u00e7\u00e3o do atacante Pedro Henrique, de 29 anos, para a sequ\u00eancia da temporada 2026. O jogador chega ao Barrad\u00e3o ap\u00f3s atuar pelo Yunnan Yukun, da China, clube que defendeu ao longo de 2025. A diretoria rubro-negra v\u00ea em Pedro Henrique um refor\u00e7o para qualificar o setor ofensivo, uma das prioridades nesta [&hellip;]<\/p>\n","protected":false},"author":30,"featured_media":969731,"comment_status":"closed","ping_status":"closed","sticky":false,"template":"","format":"standard","meta":[],"categories":[4486],"tags":[2648,33108,2682,4109],"acf":[],"yoast_head":"<!-- This site is optimized with the Yoast SEO plugin v20.8 - https:\/\/yoast.com\/wordpress\/plugins\/seo\/ -->\n<title>VIT\u00d3RIA ENCAMINHA CONTRATA\u00c7\u00c3O DE CENTROAVANTE EX-BENFICA - Bahia Economica<\/title>\n<meta name=\"description\" content=\"O maior portal de Economia da Bahia Esporte Bahia Economica\" \/>\n<meta name=\"robots\" content=\"index, follow, max-snippet:-1, max-image-preview:large, max-video-preview:-1\" \/>\n<link rel=\"canonical\" href=\"https:\/\/bahiaeconomica.com.br\/wp\/2026\/01\/26\/vitoria-encaminha-contratacao-de-centroavante-ex-benfica\/\" \/>\n<meta property=\"og:locale\" content=\"pt_BR\" \/>\n<meta property=\"og:type\" content=\"article\" \/>\n<meta property=\"og:title\" content=\"VIT\u00d3RIA ENCAMINHA CONTRATA\u00c7\u00c3O DE CENTROAVANTE EX-BENFICA - Bahia Economica\" \/>\n<meta property=\"og:description\" content=\"O maior portal de Economia da Bahia Esporte Bahia Economica\" \/>\n<meta property=\"og:url\" content=\"https:\/\/bahiaeconomica.com.br\/wp\/2026\/01\/26\/vitoria-encaminha-contratacao-de-centroavante-ex-benfica\/\" \/>\n<meta property=\"og:site_name\" content=\"Bahia Economica\" \/>\n<meta property=\"article:publisher\" content=\"https:\/\/www.facebook.com\/bahiaeconomica\" \/>\n<meta property=\"article:published_time\" content=\"2026-01-26T13:23:09+00:00\" \/>\n<meta property=\"article:modified_time\" content=\"2026-01-26T13:26:05+00:00\" \/>\n<meta property=\"og:image\" content=\"https:\/\/bahiaeconomica.com.br\/wp\/wp-content\/uploads\/2026\/01\/pedro-henrique-ja-defendeu-o-benfica-3109957-article.webp\" \/>\n\t<meta property=\"og:image:width\" content=\"600\" \/>\n\t<meta property=\"og:image:height\" content=\"400\" \/>\n\t<meta property=\"og:image:type\" content=\"image\/webp\" \/>\n<meta name=\"author\" content=\"Igor Lima\" \/>\n<meta name=\"twitter:card\" content=\"summary_large_image\" \/>\n<meta name=\"twitter:label1\" content=\"Escrito por\" \/>\n\t<meta name=\"twitter:data1\" content=\"Igor Lima\" \/>\n\t<meta name=\"twitter:label2\" content=\"Est. tempo de leitura\" \/>\n\t<meta name=\"twitter:data2\" content=\"1 minuto\" \/>\n<script type=\"application\/ld+json\" class=\"yoast-schema-graph\">{\"@context\":\"https:\/\/schema.org\",\"@graph\":[{\"@type\":\"Article\",\"@id\":\"https:\/\/bahiaeconomica.com.br\/wp\/2026\/01\/26\/vitoria-encaminha-contratacao-de-centroavante-ex-benfica\/#article\",\"isPartOf\":{\"@id\":\"https:\/\/bahiaeconomica.com.br\/wp\/2026\/01\/26\/vitoria-encaminha-contratacao-de-centroavante-ex-benfica\/\"},\"author\":{\"name\":\"Igor Lima\",\"@id\":\"https:\/\/bahiaeconomica.com.br\/wp\/#\/schema\/person\/23d69cf5269928c69c6577aa8c98e537\"},\"headline\":\"VIT\u00d3RIA ENCAMINHA CONTRATA\u00c7\u00c3O DE CENTROAVANTE EX-BENFICA\",\"datePublished\":\"2026-01-26T13:23:09+00:00\",\"dateModified\":\"2026-01-26T13:26:05+00:00\",\"mainEntityOfPage\":{\"@id\":\"https:\/\/bahiaeconomica.com.br\/wp\/2026\/01\/26\/vitoria-encaminha-contratacao-de-centroavante-ex-benfica\/\"},\"wordCount\":169,\"publisher\":{\"@id\":\"https:\/\/bahiaeconomica.com.br\/wp\/#organization\"},\"keywords\":[\"benfica\",\"Ex\",\"pais\",\"pedro\"],\"articleSection\":[\"Esporte\"],\"inLanguage\":\"pt-BR\"},{\"@type\":\"WebPage\",\"@id\":\"https:\/\/bahiaeconomica.com.br\/wp\/2026\/01\/26\/vitoria-encaminha-contratacao-de-centroavante-ex-benfica\/\",\"url\":\"https:\/\/bahiaeconomica.com.br\/wp\/2026\/01\/26\/vitoria-encaminha-contratacao-de-centroavante-ex-benfica\/\",\"name\":\"VIT\u00d3RIA ENCAMINHA CONTRATA\u00c7\u00c3O DE CENTROAVANTE EX-BENFICA - Bahia Economica\",\"isPartOf\":{\"@id\":\"https:\/\/bahiaeconomica.com.br\/wp\/#website\"},\"datePublished\":\"2026-01-26T13:23:09+00:00\",\"dateModified\":\"2026-01-26T13:26:05+00:00\",\"description\":\"O maior portal de Economia da Bahia Esporte Bahia Economica\",\"breadcrumb\":{\"@id\":\"https:\/\/bahiaeconomica.com.br\/wp\/2026\/01\/26\/vitoria-encaminha-contratacao-de-centroavante-ex-benfica\/#breadcrumb\"},\"inLanguage\":\"pt-BR\",\"potentialAction\":[{\"@type\":\"ReadAction\",\"target\":[\"https:\/\/bahiaeconomica.com.br\/wp\/2026\/01\/26\/vitoria-encaminha-contratacao-de-centroavante-ex-benfica\/\"]}]},{\"@type\":\"BreadcrumbList\",\"@id\":\"https:\/\/bahiaeconomica.com.br\/wp\/2026\/01\/26\/vitoria-encaminha-contratacao-de-centroavante-ex-benfica\/#breadcrumb\",\"itemListElement\":[{\"@type\":\"ListItem\",\"position\":1,\"name\":\"In\u00edcio\",\"item\":\"https:\/\/bahiaeconomica.com.br\/wp\/\"},{\"@type\":\"ListItem\",\"position\":2,\"name\":\"VIT\u00d3RIA ENCAMINHA CONTRATA\u00c7\u00c3O DE CENTROAVANTE EX-BENFICA\"}]},{\"@type\":\"WebSite\",\"@id\":\"https:\/\/bahiaeconomica.com.br\/wp\/#website\",\"url\":\"https:\/\/bahiaeconomica.com.br\/wp\/\",\"name\":\"Bahia Economica\",\"description\":\"O maior portal de Economia da Bahia\",\"publisher\":{\"@id\":\"https:\/\/bahiaeconomica.com.br\/wp\/#organization\"},\"potentialAction\":[{\"@type\":\"SearchAction\",\"target\":{\"@type\":\"EntryPoint\",\"urlTemplate\":\"https:\/\/bahiaeconomica.com.br\/wp\/?s={search_term_string}\"},\"query-input\":\"required name=search_term_string\"}],\"inLanguage\":\"pt-BR\"},{\"@type\":\"Organization\",\"@id\":\"https:\/\/bahiaeconomica.com.br\/wp\/#organization\",\"name\":\"Bahia Econ\u00f4mica\",\"url\":\"https:\/\/bahiaeconomica.com.br\/wp\/\",\"logo\":{\"@type\":\"ImageObject\",\"inLanguage\":\"pt-BR\",\"@id\":\"https:\/\/bahiaeconomica.com.br\/wp\/#\/schema\/logo\/image\/\",\"url\":\"https:\/\/bahiaeconomica.com.br\/wp\/wp-content\/uploads\/2020\/12\/cropped-BE.png\",\"contentUrl\":\"https:\/\/bahiaeconomica.com.br\/wp\/wp-content\/uploads\/2020\/12\/cropped-BE.png\",\"width\":512,\"height\":512,\"caption\":\"Bahia Econ\u00f4mica\"},\"image\":{\"@id\":\"https:\/\/bahiaeconomica.com.br\/wp\/#\/schema\/logo\/image\/\"},\"sameAs\":[\"https:\/\/www.facebook.com\/bahiaeconomica\"]},{\"@type\":\"Person\",\"@id\":\"https:\/\/bahiaeconomica.com.br\/wp\/#\/schema\/person\/23d69cf5269928c69c6577aa8c98e537\",\"name\":\"Igor Lima\",\"sameAs\":[\"http:\/\/www.bahiaeconomica.com.br\"],\"url\":\"https:\/\/bahiaeconomica.com.br\/wp\/author\/igor-lima\/\"}]}<\/script>\n<!-- \/ Yoast SEO plugin. -->","yoast_head_json":{"title":"VIT\u00d3RIA ENCAMINHA CONTRATA\u00c7\u00c3O DE CENTROAVANTE EX-BENFICA - Bahia Economica","description":"O maior portal de Economia da Bahia Esporte Bahia Economica","robots":{"index":"index","follow":"follow","max-snippet":"max-snippet:-1","max-image-preview":"max-image-preview:large","max-video-preview":"max-video-preview:-1"},"canonical":"https:\/\/bahiaeconomica.com.br\/wp\/2026\/01\/26\/vitoria-encaminha-contratacao-de-centroavante-ex-benfica\/","og_locale":"pt_BR","og_type":"article","og_title":"VIT\u00d3RIA ENCAMINHA CONTRATA\u00c7\u00c3O DE CENTROAVANTE EX-BENFICA - Bahia Economica","og_description":"O maior portal de Economia da Bahia Esporte Bahia Economica","og_url":"https:\/\/bahiaeconomica.com.br\/wp\/2026\/01\/26\/vitoria-encaminha-contratacao-de-centroavante-ex-benfica\/","og_site_name":"Bahia Economica","article_publisher":"https:\/\/www.facebook.com\/bahiaeconomica","article_published_time":"2026-01-26T13:23:09+00:00","article_modified_time":"2026-01-26T13:26:05+00:00","og_image":[{"width":600,"height":400,"url":"https:\/\/bahiaeconomica.com.br\/wp\/wp-content\/uploads\/2026\/01\/pedro-henrique-ja-defendeu-o-benfica-3109957-article.webp","type":"image\/webp"}],"author":"Igor Lima","twitter_card":"summary_large_image","twitter_misc":{"Escrito por":"Igor Lima","Est. tempo de leitura":"1 minuto"},"schema":{"@context":"https:\/\/schema.org","@graph":[{"@type":"Article","@id":"https:\/\/bahiaeconomica.com.br\/wp\/2026\/01\/26\/vitoria-encaminha-contratacao-de-centroavante-ex-benfica\/#article","isPartOf":{"@id":"https:\/\/bahiaeconomica.com.br\/wp\/2026\/01\/26\/vitoria-encaminha-contratacao-de-centroavante-ex-benfica\/"},"author":{"name":"Igor Lima","@id":"https:\/\/bahiaeconomica.com.br\/wp\/#\/schema\/person\/23d69cf5269928c69c6577aa8c98e537"},"headline":"VIT\u00d3RIA ENCAMINHA CONTRATA\u00c7\u00c3O DE CENTROAVANTE EX-BENFICA","datePublished":"2026-01-26T13:23:09+00:00","dateModified":"2026-01-26T13:26:05+00:00","mainEntityOfPage":{"@id":"https:\/\/bahiaeconomica.com.br\/wp\/2026\/01\/26\/vitoria-encaminha-contratacao-de-centroavante-ex-benfica\/"},"wordCount":169,"publisher":{"@id":"https:\/\/bahiaeconomica.com.br\/wp\/#organization"},"keywords":["benfica","Ex","pais","pedro"],"articleSection":["Esporte"],"inLanguage":"pt-BR"},{"@type":"WebPage","@id":"https:\/\/bahiaeconomica.com.br\/wp\/2026\/01\/26\/vitoria-encaminha-contratacao-de-centroavante-ex-benfica\/","url":"https:\/\/bahiaeconomica.com.br\/wp\/2026\/01\/26\/vitoria-encaminha-contratacao-de-centroavante-ex-benfica\/","name":"VIT\u00d3RIA ENCAMINHA CONTRATA\u00c7\u00c3O DE CENTROAVANTE EX-BENFICA - Bahia Economica","isPartOf":{"@id":"https:\/\/bahiaeconomica.com.br\/wp\/#website"},"datePublished":"2026-01-26T13:23:09+00:00","dateModified":"2026-01-26T13:26:05+00:00","description":"O maior portal de Economia da Bahia Esporte Bahia Economica","breadcrumb":{"@id":"https:\/\/bahiaeconomica.com.br\/wp\/2026\/01\/26\/vitoria-encaminha-contratacao-de-centroavante-ex-benfica\/#breadcrumb"},"inLanguage":"pt-BR","potentialAction":[{"@type":"ReadAction","target":["https:\/\/bahiaeconomica.com.br\/wp\/2026\/01\/26\/vitoria-encaminha-contratacao-de-centroavante-ex-benfica\/"]}]},{"@type":"BreadcrumbList","@id":"https:\/\/bahiaeconomica.com.br\/wp\/2026\/01\/26\/vitoria-encaminha-contratacao-de-centroavante-ex-benfica\/#breadcrumb","itemListElement":[{"@type":"ListItem","position":1,"name":"In\u00edcio","item":"https:\/\/bahiaeconomica.com.br\/wp\/"},{"@type":"ListItem","position":2,"name":"VIT\u00d3RIA ENCAMINHA CONTRATA\u00c7\u00c3O DE CENTROAVANTE EX-BENFICA"}]},{"@type":"WebSite","@id":"https:\/\/bahiaeconomica.com.br\/wp\/#website","url":"https:\/\/bahiaeconomica.com.br\/wp\/","name":"Bahia Economica","description":"O maior portal de Economia da Bahia","publisher":{"@id":"https:\/\/bahiaeconomica.com.br\/wp\/#organization"},"potentialAction":[{"@type":"SearchAction","target":{"@type":"EntryPoint","urlTemplate":"https:\/\/bahiaeconomica.com.br\/wp\/?s={search_term_string}"},"query-input":"required name=search_term_string"}],"inLanguage":"pt-BR"},{"@type":"Organization","@id":"https:\/\/bahiaeconomica.com.br\/wp\/#organization","name":"Bahia Econ\u00f4mica","url":"https:\/\/bahiaeconomica.com.br\/wp\/","logo":{"@type":"ImageObject","inLanguage":"pt-BR","@id":"https:\/\/bahiaeconomica.com.br\/wp\/#\/schema\/logo\/image\/","url":"https:\/\/bahiaeconomica.com.br\/wp\/wp-content\/uploads\/2020\/12\/cropped-BE.png","contentUrl":"https:\/\/bahiaeconomica.com.br\/wp\/wp-content\/uploads\/2020\/12\/cropped-BE.png","width":512,"height":512,"caption":"Bahia Econ\u00f4mica"},"image":{"@id":"https:\/\/bahiaeconomica.com.br\/wp\/#\/schema\/logo\/image\/"},"sameAs":["https:\/\/www.facebook.com\/bahiaeconomica"]},{"@type":"Person","@id":"https:\/\/bahiaeconomica.com.br\/wp\/#\/schema\/person\/23d69cf5269928c69c6577aa8c98e537","name":"Igor Lima","sameAs":["http:\/\/www.bahiaeconomica.com.br"],"url":"https:\/\/bahiaeconomica.com.br\/wp\/author\/igor-lima\/"}]}},"views":21,"_links":{"self":[{"href":"https:\/\/bahiaeconomica.com.br\/wp\/wp-json\/wp\/v2\/posts\/969730"}],"collection":[{"href":"https:\/\/bahiaeconomica.com.br\/wp\/wp-json\/wp\/v2\/posts"}],"about":[{"href":"https:\/\/bahiaeconomica.com.br\/wp\/wp-json\/wp\/v2\/types\/post"}],"author":[{"embeddable":true,"href":"https:\/\/bahiaeconomica.com.br\/wp\/wp-json\/wp\/v2\/users\/30"}],"replies":[{"embeddable":true,"href":"https:\/\/bahiaeconomica.com.br\/wp\/wp-json\/wp\/v2\/comments?post=969730"}],"version-history":[{"count":2,"href":"https:\/\/bahiaeconomica.com.br\/wp\/wp-json\/wp\/v2\/posts\/969730\/revisions"}],"predecessor-version":[{"id":969733,"href":"https:\/\/bahiaeconomica.com.br\/wp\/wp-json\/wp\/v2\/posts\/969730\/revisions\/969733"}],"wp:featuredmedia":[{"embeddable":true,"href":"https:\/\/bahiaeconomica.com.br\/wp\/wp-json\/wp\/v2\/media\/969731"}],"wp:attachment":[{"href":"https:\/\/bahiaeconomica.com.br\/wp\/wp-json\/wp\/v2\/media?parent=969730"}],"wp:term":[{"taxonomy":"category","embeddable":true,"href":"https:\/\/bahiaeconomica.com.br\/wp\/wp-json\/wp\/v2\/categories?post=969730"},{"taxonomy":"post_tag","embeddable":true,"href":"https:\/\/bahiaeconomica.com.br\/wp\/wp-json\/wp\/v2\/tags?post=969730"}],"curies":[{"name":"wp","href":"https:\/\/api.w.org\/{rel}","templated":true}]}}