{"id":969719,"date":"2026-01-26T10:40:18","date_gmt":"2026-01-26T13:40:18","guid":{"rendered":"https:\/\/bahiaeconomica.com.br\/wp\/?p=969719"},"modified":"2026-01-26T10:10:38","modified_gmt":"2026-01-26T13:10:38","slug":"projeto-abre-mais-de-100-vagas-em-cursos-gratuitos-para-qualificacao-profissional-em-salvador","status":"publish","type":"post","link":"https:\/\/bahiaeconomica.com.br\/wp\/2026\/01\/26\/projeto-abre-mais-de-100-vagas-em-cursos-gratuitos-para-qualificacao-profissional-em-salvador\/","title":{"rendered":"PROJETO ABRE MAIS DE 100 VAGAS EM CURSOS GRATUITOS PARA QUALIFICA\u00c7\u00c3O PROFISSIONAL EM SALVADOR"},"content":{"rendered":"<p>O Projeto Empodera Itapagipe volta a disponibilizar mais de 100 vagas gratuitas para cursos profissionalizantes em Salvador, com foco na qualifica\u00e7\u00e3o e inser\u00e7\u00e3o no mercado de trabalho de jovens e adultos entre 18 e 59 anos.<\/p>\n<p>A iniciativa, desenvolvida pela organiza\u00e7\u00e3o Humana Brasil, oferece capacita\u00e7\u00f5es nas \u00e1reas de Padaria e Confeitaria, Opera\u00e7\u00e3o de Log\u00edstica e Empilhadeira e Mec\u00e2nica de Refrigera\u00e7\u00e3o e Climatiza\u00e7\u00e3o Residencial. As vagas s\u00e3o destinadas a moradores de todos os bairros da capital baiana.<\/p>\n<p>Para participar, \u00e9 necess\u00e1rio ter conclu\u00eddo o ensino m\u00e9dio em escola p\u00fablica. No caso do curso de Log\u00edstica e Empilhadeira, os candidatos tamb\u00e9m devem possuir Carteira Nacional de Habilita\u00e7\u00e3o (CNH) na categoria B.<\/p>\n<p>As aulas ser\u00e3o realizadas de forma presencial a partir de mar\u00e7o, na unidade do SENAI Dendezeiros, no bairro do Bonfim. Al\u00e9m da forma\u00e7\u00e3o t\u00e9cnica, o projeto inclui oficinas de desenvolvimento de habilidades sociais, orienta\u00e7\u00f5es profissionais, elabora\u00e7\u00e3o de curr\u00edculos e prepara\u00e7\u00e3o para entrevistas de emprego.<\/p>\n<p>A pr\u00e9-inscri\u00e7\u00e3o on-line estar\u00e1 dispon\u00edvel entre esta segunda-feira (26) e sexta-feira (30), por meio de <a href=\"https:\/\/forms.gle\/XVaF66TFVCWknjnw7\">formul\u00e1rio virtual<\/a>. Quem n\u00e3o conseguir se inscrever pela internet poder\u00e1 realizar o cadastro presencialmente nos per\u00edodos de 9 a 11 de fevereiro ou de 23 a 27 de fevereiro, das 8h \u00e0s 16h, no SENAI Dendezeiros.<\/p>\n<p>Para a inscri\u00e7\u00e3o presencial, \u00e9 obrigat\u00f3ria a apresenta\u00e7\u00e3o de RG, CPF, comprovantes de escolaridade e de resid\u00eancia. No local, s\u00f3 ser\u00e1 permitida a entrada com cal\u00e7a e sapato fechado.<\/p>\n<p>Os candidatos que realizarem a pr\u00e9-inscri\u00e7\u00e3o on-line ter\u00e3o prioridade na ordem de sele\u00e7\u00e3o e seguir\u00e3o para as etapas de entrega de documentos e entrevista social. Mais informa\u00e7\u00f5es podem ser obtidas pelo WhatsApp do projeto: (71) 98487-3703.<\/p>\n<p>Foto: Divulga\u00e7\u00e3o<\/p>\n","protected":false},"excerpt":{"rendered":"<p>O Projeto Empodera Itapagipe volta a disponibilizar mais de 100 vagas gratuitas para cursos profissionalizantes em Salvador, com foco na qualifica\u00e7\u00e3o e inser\u00e7\u00e3o no mercado de trabalho de jovens e adultos entre 18 e 59 anos. A iniciativa, desenvolvida pela organiza\u00e7\u00e3o Humana Brasil, oferece capacita\u00e7\u00f5es nas \u00e1reas de Padaria e Confeitaria, Opera\u00e7\u00e3o de Log\u00edstica e [&hellip;]<\/p>\n","protected":false},"author":20,"featured_media":969724,"comment_status":"closed","ping_status":"closed","sticky":false,"template":"","format":"standard","meta":[],"categories":[8],"tags":[43345,5202,906,1013],"acf":[],"yoast_head":"<!-- This site is optimized with the Yoast SEO plugin v20.8 - https:\/\/yoast.com\/wordpress\/plugins\/seo\/ -->\n<title>PROJETO ABRE MAIS DE 100 VAGAS EM CURSOS GRATUITOS PARA QUALIFICA\u00c7\u00c3O PROFISSIONAL EM SALVADOR - Bahia Economica<\/title>\n<meta name=\"description\" content=\"O maior portal de Economia da Bahia EMPREGOS \/ CONCURSOS Bahia Economica\" \/>\n<meta name=\"robots\" content=\"index, follow, max-snippet:-1, max-image-preview:large, max-video-preview:-1\" \/>\n<link rel=\"canonical\" href=\"https:\/\/bahiaeconomica.com.br\/wp\/2026\/01\/26\/projeto-abre-mais-de-100-vagas-em-cursos-gratuitos-para-qualificacao-profissional-em-salvador\/\" \/>\n<meta property=\"og:locale\" content=\"pt_BR\" \/>\n<meta property=\"og:type\" content=\"article\" \/>\n<meta property=\"og:title\" content=\"PROJETO ABRE MAIS DE 100 VAGAS EM CURSOS GRATUITOS PARA QUALIFICA\u00c7\u00c3O PROFISSIONAL EM SALVADOR - Bahia Economica\" \/>\n<meta property=\"og:description\" content=\"O maior portal de Economia da Bahia EMPREGOS \/ CONCURSOS Bahia Economica\" \/>\n<meta property=\"og:url\" content=\"https:\/\/bahiaeconomica.com.br\/wp\/2026\/01\/26\/projeto-abre-mais-de-100-vagas-em-cursos-gratuitos-para-qualificacao-profissional-em-salvador\/\" \/>\n<meta property=\"og:site_name\" content=\"Bahia Economica\" \/>\n<meta property=\"article:publisher\" content=\"https:\/\/www.facebook.com\/bahiaeconomica\" \/>\n<meta property=\"article:published_time\" content=\"2026-01-26T13:40:18+00:00\" \/>\n<meta property=\"article:modified_time\" content=\"2026-01-26T13:10:38+00:00\" \/>\n<meta property=\"og:image\" content=\"https:\/\/bahiaeconomica.com.br\/wp\/wp-content\/uploads\/2026\/01\/whatsapp-image-2025-02-04-at-13.02.20.jpg\" \/>\n\t<meta property=\"og:image:width\" content=\"984\" \/>\n\t<meta property=\"og:image:height\" content=\"738\" \/>\n\t<meta property=\"og:image:type\" content=\"image\/jpeg\" \/>\n<meta name=\"author\" content=\"BRUNA CARVALHO\" \/>\n<meta name=\"twitter:card\" content=\"summary_large_image\" \/>\n<meta name=\"twitter:label1\" content=\"Escrito por\" \/>\n\t<meta name=\"twitter:data1\" content=\"BRUNA CARVALHO\" \/>\n\t<meta name=\"twitter:label2\" content=\"Est. tempo de leitura\" \/>\n\t<meta name=\"twitter:data2\" content=\"2 minutos\" \/>\n<script type=\"application\/ld+json\" class=\"yoast-schema-graph\">{\"@context\":\"https:\/\/schema.org\",\"@graph\":[{\"@type\":\"Article\",\"@id\":\"https:\/\/bahiaeconomica.com.br\/wp\/2026\/01\/26\/projeto-abre-mais-de-100-vagas-em-cursos-gratuitos-para-qualificacao-profissional-em-salvador\/#article\",\"isPartOf\":{\"@id\":\"https:\/\/bahiaeconomica.com.br\/wp\/2026\/01\/26\/projeto-abre-mais-de-100-vagas-em-cursos-gratuitos-para-qualificacao-profissional-em-salvador\/\"},\"author\":{\"name\":\"BRUNA CARVALHO\",\"@id\":\"https:\/\/bahiaeconomica.com.br\/wp\/#\/schema\/person\/9310b0e591f5979f6f99773eac5804e6\"},\"headline\":\"PROJETO ABRE MAIS DE 100 VAGAS EM CURSOS GRATUITOS PARA QUALIFICA\u00c7\u00c3O PROFISSIONAL EM SALVADOR\",\"datePublished\":\"2026-01-26T13:40:18+00:00\",\"dateModified\":\"2026-01-26T13:10:38+00:00\",\"mainEntityOfPage\":{\"@id\":\"https:\/\/bahiaeconomica.com.br\/wp\/2026\/01\/26\/projeto-abre-mais-de-100-vagas-em-cursos-gratuitos-para-qualificacao-profissional-em-salvador\/\"},\"wordCount\":317,\"publisher\":{\"@id\":\"https:\/\/bahiaeconomica.com.br\/wp\/#organization\"},\"keywords\":[\"cursosp rofissionalizantes\",\"gratuitas\",\"Senai\",\"vagas\"],\"articleSection\":[\"EMPREGOS \/ CONCURSOS\"],\"inLanguage\":\"pt-BR\"},{\"@type\":\"WebPage\",\"@id\":\"https:\/\/bahiaeconomica.com.br\/wp\/2026\/01\/26\/projeto-abre-mais-de-100-vagas-em-cursos-gratuitos-para-qualificacao-profissional-em-salvador\/\",\"url\":\"https:\/\/bahiaeconomica.com.br\/wp\/2026\/01\/26\/projeto-abre-mais-de-100-vagas-em-cursos-gratuitos-para-qualificacao-profissional-em-salvador\/\",\"name\":\"PROJETO ABRE MAIS DE 100 VAGAS EM CURSOS GRATUITOS PARA QUALIFICA\u00c7\u00c3O PROFISSIONAL EM SALVADOR - Bahia Economica\",\"isPartOf\":{\"@id\":\"https:\/\/bahiaeconomica.com.br\/wp\/#website\"},\"datePublished\":\"2026-01-26T13:40:18+00:00\",\"dateModified\":\"2026-01-26T13:10:38+00:00\",\"description\":\"O maior portal de Economia da Bahia EMPREGOS \/ CONCURSOS Bahia Economica\",\"breadcrumb\":{\"@id\":\"https:\/\/bahiaeconomica.com.br\/wp\/2026\/01\/26\/projeto-abre-mais-de-100-vagas-em-cursos-gratuitos-para-qualificacao-profissional-em-salvador\/#breadcrumb\"},\"inLanguage\":\"pt-BR\",\"potentialAction\":[{\"@type\":\"ReadAction\",\"target\":[\"https:\/\/bahiaeconomica.com.br\/wp\/2026\/01\/26\/projeto-abre-mais-de-100-vagas-em-cursos-gratuitos-para-qualificacao-profissional-em-salvador\/\"]}]},{\"@type\":\"BreadcrumbList\",\"@id\":\"https:\/\/bahiaeconomica.com.br\/wp\/2026\/01\/26\/projeto-abre-mais-de-100-vagas-em-cursos-gratuitos-para-qualificacao-profissional-em-salvador\/#breadcrumb\",\"itemListElement\":[{\"@type\":\"ListItem\",\"position\":1,\"name\":\"In\u00edcio\",\"item\":\"https:\/\/bahiaeconomica.com.br\/wp\/\"},{\"@type\":\"ListItem\",\"position\":2,\"name\":\"PROJETO ABRE MAIS DE 100 VAGAS EM CURSOS GRATUITOS PARA QUALIFICA\u00c7\u00c3O PROFISSIONAL EM SALVADOR\"}]},{\"@type\":\"WebSite\",\"@id\":\"https:\/\/bahiaeconomica.com.br\/wp\/#website\",\"url\":\"https:\/\/bahiaeconomica.com.br\/wp\/\",\"name\":\"Bahia Economica\",\"description\":\"O maior portal de Economia da Bahia\",\"publisher\":{\"@id\":\"https:\/\/bahiaeconomica.com.br\/wp\/#organization\"},\"potentialAction\":[{\"@type\":\"SearchAction\",\"target\":{\"@type\":\"EntryPoint\",\"urlTemplate\":\"https:\/\/bahiaeconomica.com.br\/wp\/?s={search_term_string}\"},\"query-input\":\"required name=search_term_string\"}],\"inLanguage\":\"pt-BR\"},{\"@type\":\"Organization\",\"@id\":\"https:\/\/bahiaeconomica.com.br\/wp\/#organization\",\"name\":\"Bahia Econ\u00f4mica\",\"url\":\"https:\/\/bahiaeconomica.com.br\/wp\/\",\"logo\":{\"@type\":\"ImageObject\",\"inLanguage\":\"pt-BR\",\"@id\":\"https:\/\/bahiaeconomica.com.br\/wp\/#\/schema\/logo\/image\/\",\"url\":\"https:\/\/bahiaeconomica.com.br\/wp\/wp-content\/uploads\/2020\/12\/cropped-BE.png\",\"contentUrl\":\"https:\/\/bahiaeconomica.com.br\/wp\/wp-content\/uploads\/2020\/12\/cropped-BE.png\",\"width\":512,\"height\":512,\"caption\":\"Bahia Econ\u00f4mica\"},\"image\":{\"@id\":\"https:\/\/bahiaeconomica.com.br\/wp\/#\/schema\/logo\/image\/\"},\"sameAs\":[\"https:\/\/www.facebook.com\/bahiaeconomica\"]},{\"@type\":\"Person\",\"@id\":\"https:\/\/bahiaeconomica.com.br\/wp\/#\/schema\/person\/9310b0e591f5979f6f99773eac5804e6\",\"name\":\"BRUNA CARVALHO\",\"sameAs\":[\"http:\/\/www.bahiaeconomica.com.br\"],\"url\":\"https:\/\/bahiaeconomica.com.br\/wp\/author\/bruna\/\"}]}<\/script>\n<!-- \/ Yoast SEO plugin. -->","yoast_head_json":{"title":"PROJETO ABRE MAIS DE 100 VAGAS EM CURSOS GRATUITOS PARA QUALIFICA\u00c7\u00c3O PROFISSIONAL EM SALVADOR - Bahia Economica","description":"O maior portal de Economia da Bahia EMPREGOS \/ CONCURSOS Bahia Economica","robots":{"index":"index","follow":"follow","max-snippet":"max-snippet:-1","max-image-preview":"max-image-preview:large","max-video-preview":"max-video-preview:-1"},"canonical":"https:\/\/bahiaeconomica.com.br\/wp\/2026\/01\/26\/projeto-abre-mais-de-100-vagas-em-cursos-gratuitos-para-qualificacao-profissional-em-salvador\/","og_locale":"pt_BR","og_type":"article","og_title":"PROJETO ABRE MAIS DE 100 VAGAS EM CURSOS GRATUITOS PARA QUALIFICA\u00c7\u00c3O PROFISSIONAL EM SALVADOR - Bahia Economica","og_description":"O maior portal de Economia da Bahia EMPREGOS \/ CONCURSOS Bahia Economica","og_url":"https:\/\/bahiaeconomica.com.br\/wp\/2026\/01\/26\/projeto-abre-mais-de-100-vagas-em-cursos-gratuitos-para-qualificacao-profissional-em-salvador\/","og_site_name":"Bahia Economica","article_publisher":"https:\/\/www.facebook.com\/bahiaeconomica","article_published_time":"2026-01-26T13:40:18+00:00","article_modified_time":"2026-01-26T13:10:38+00:00","og_image":[{"width":984,"height":738,"url":"https:\/\/bahiaeconomica.com.br\/wp\/wp-content\/uploads\/2026\/01\/whatsapp-image-2025-02-04-at-13.02.20.jpg","type":"image\/jpeg"}],"author":"BRUNA CARVALHO","twitter_card":"summary_large_image","twitter_misc":{"Escrito por":"BRUNA CARVALHO","Est. tempo de leitura":"2 minutos"},"schema":{"@context":"https:\/\/schema.org","@graph":[{"@type":"Article","@id":"https:\/\/bahiaeconomica.com.br\/wp\/2026\/01\/26\/projeto-abre-mais-de-100-vagas-em-cursos-gratuitos-para-qualificacao-profissional-em-salvador\/#article","isPartOf":{"@id":"https:\/\/bahiaeconomica.com.br\/wp\/2026\/01\/26\/projeto-abre-mais-de-100-vagas-em-cursos-gratuitos-para-qualificacao-profissional-em-salvador\/"},"author":{"name":"BRUNA CARVALHO","@id":"https:\/\/bahiaeconomica.com.br\/wp\/#\/schema\/person\/9310b0e591f5979f6f99773eac5804e6"},"headline":"PROJETO ABRE MAIS DE 100 VAGAS EM CURSOS GRATUITOS PARA QUALIFICA\u00c7\u00c3O PROFISSIONAL EM SALVADOR","datePublished":"2026-01-26T13:40:18+00:00","dateModified":"2026-01-26T13:10:38+00:00","mainEntityOfPage":{"@id":"https:\/\/bahiaeconomica.com.br\/wp\/2026\/01\/26\/projeto-abre-mais-de-100-vagas-em-cursos-gratuitos-para-qualificacao-profissional-em-salvador\/"},"wordCount":317,"publisher":{"@id":"https:\/\/bahiaeconomica.com.br\/wp\/#organization"},"keywords":["cursosp rofissionalizantes","gratuitas","Senai","vagas"],"articleSection":["EMPREGOS \/ CONCURSOS"],"inLanguage":"pt-BR"},{"@type":"WebPage","@id":"https:\/\/bahiaeconomica.com.br\/wp\/2026\/01\/26\/projeto-abre-mais-de-100-vagas-em-cursos-gratuitos-para-qualificacao-profissional-em-salvador\/","url":"https:\/\/bahiaeconomica.com.br\/wp\/2026\/01\/26\/projeto-abre-mais-de-100-vagas-em-cursos-gratuitos-para-qualificacao-profissional-em-salvador\/","name":"PROJETO ABRE MAIS DE 100 VAGAS EM CURSOS GRATUITOS PARA QUALIFICA\u00c7\u00c3O PROFISSIONAL EM SALVADOR - Bahia Economica","isPartOf":{"@id":"https:\/\/bahiaeconomica.com.br\/wp\/#website"},"datePublished":"2026-01-26T13:40:18+00:00","dateModified":"2026-01-26T13:10:38+00:00","description":"O maior portal de Economia da Bahia EMPREGOS \/ CONCURSOS Bahia Economica","breadcrumb":{"@id":"https:\/\/bahiaeconomica.com.br\/wp\/2026\/01\/26\/projeto-abre-mais-de-100-vagas-em-cursos-gratuitos-para-qualificacao-profissional-em-salvador\/#breadcrumb"},"inLanguage":"pt-BR","potentialAction":[{"@type":"ReadAction","target":["https:\/\/bahiaeconomica.com.br\/wp\/2026\/01\/26\/projeto-abre-mais-de-100-vagas-em-cursos-gratuitos-para-qualificacao-profissional-em-salvador\/"]}]},{"@type":"BreadcrumbList","@id":"https:\/\/bahiaeconomica.com.br\/wp\/2026\/01\/26\/projeto-abre-mais-de-100-vagas-em-cursos-gratuitos-para-qualificacao-profissional-em-salvador\/#breadcrumb","itemListElement":[{"@type":"ListItem","position":1,"name":"In\u00edcio","item":"https:\/\/bahiaeconomica.com.br\/wp\/"},{"@type":"ListItem","position":2,"name":"PROJETO ABRE MAIS DE 100 VAGAS EM CURSOS GRATUITOS PARA QUALIFICA\u00c7\u00c3O PROFISSIONAL EM SALVADOR"}]},{"@type":"WebSite","@id":"https:\/\/bahiaeconomica.com.br\/wp\/#website","url":"https:\/\/bahiaeconomica.com.br\/wp\/","name":"Bahia Economica","description":"O maior portal de Economia da Bahia","publisher":{"@id":"https:\/\/bahiaeconomica.com.br\/wp\/#organization"},"potentialAction":[{"@type":"SearchAction","target":{"@type":"EntryPoint","urlTemplate":"https:\/\/bahiaeconomica.com.br\/wp\/?s={search_term_string}"},"query-input":"required name=search_term_string"}],"inLanguage":"pt-BR"},{"@type":"Organization","@id":"https:\/\/bahiaeconomica.com.br\/wp\/#organization","name":"Bahia Econ\u00f4mica","url":"https:\/\/bahiaeconomica.com.br\/wp\/","logo":{"@type":"ImageObject","inLanguage":"pt-BR","@id":"https:\/\/bahiaeconomica.com.br\/wp\/#\/schema\/logo\/image\/","url":"https:\/\/bahiaeconomica.com.br\/wp\/wp-content\/uploads\/2020\/12\/cropped-BE.png","contentUrl":"https:\/\/bahiaeconomica.com.br\/wp\/wp-content\/uploads\/2020\/12\/cropped-BE.png","width":512,"height":512,"caption":"Bahia Econ\u00f4mica"},"image":{"@id":"https:\/\/bahiaeconomica.com.br\/wp\/#\/schema\/logo\/image\/"},"sameAs":["https:\/\/www.facebook.com\/bahiaeconomica"]},{"@type":"Person","@id":"https:\/\/bahiaeconomica.com.br\/wp\/#\/schema\/person\/9310b0e591f5979f6f99773eac5804e6","name":"BRUNA CARVALHO","sameAs":["http:\/\/www.bahiaeconomica.com.br"],"url":"https:\/\/bahiaeconomica.com.br\/wp\/author\/bruna\/"}]}},"views":111,"_links":{"self":[{"href":"https:\/\/bahiaeconomica.com.br\/wp\/wp-json\/wp\/v2\/posts\/969719"}],"collection":[{"href":"https:\/\/bahiaeconomica.com.br\/wp\/wp-json\/wp\/v2\/posts"}],"about":[{"href":"https:\/\/bahiaeconomica.com.br\/wp\/wp-json\/wp\/v2\/types\/post"}],"author":[{"embeddable":true,"href":"https:\/\/bahiaeconomica.com.br\/wp\/wp-json\/wp\/v2\/users\/20"}],"replies":[{"embeddable":true,"href":"https:\/\/bahiaeconomica.com.br\/wp\/wp-json\/wp\/v2\/comments?post=969719"}],"version-history":[{"count":1,"href":"https:\/\/bahiaeconomica.com.br\/wp\/wp-json\/wp\/v2\/posts\/969719\/revisions"}],"predecessor-version":[{"id":969725,"href":"https:\/\/bahiaeconomica.com.br\/wp\/wp-json\/wp\/v2\/posts\/969719\/revisions\/969725"}],"wp:featuredmedia":[{"embeddable":true,"href":"https:\/\/bahiaeconomica.com.br\/wp\/wp-json\/wp\/v2\/media\/969724"}],"wp:attachment":[{"href":"https:\/\/bahiaeconomica.com.br\/wp\/wp-json\/wp\/v2\/media?parent=969719"}],"wp:term":[{"taxonomy":"category","embeddable":true,"href":"https:\/\/bahiaeconomica.com.br\/wp\/wp-json\/wp\/v2\/categories?post=969719"},{"taxonomy":"post_tag","embeddable":true,"href":"https:\/\/bahiaeconomica.com.br\/wp\/wp-json\/wp\/v2\/tags?post=969719"}],"curies":[{"name":"wp","href":"https:\/\/api.w.org\/{rel}","templated":true}]}}