{"id":969690,"date":"2026-01-26T09:15:02","date_gmt":"2026-01-26T12:15:02","guid":{"rendered":"https:\/\/bahiaeconomica.com.br\/wp\/?p=969690"},"modified":"2026-01-26T08:58:50","modified_gmt":"2026-01-26T11:58:50","slug":"debora-regis-e-criticada-apos-sancionar-lei-contra-cristofobia-em-data-de-combate-a-intolerancia-religiosa","status":"publish","type":"post","link":"https:\/\/bahiaeconomica.com.br\/wp\/2026\/01\/26\/debora-regis-e-criticada-apos-sancionar-lei-contra-cristofobia-em-data-de-combate-a-intolerancia-religiosa\/","title":{"rendered":"D\u00c9BORA R\u00c9GIS \u00c9 CRITICADA AP\u00d3S SANCIONAR LEI CONTRA CRISTOFOBIA EM DATA DE COMBATE \u00c0 INTOLER\u00c2NCIA RELIGIOSA"},"content":{"rendered":"<p>A prefeita de Lauro de Freitas, D\u00e9bora R\u00e9gis (Uni\u00e3o Brasil), passou a ser alvo de cr\u00edticas ap\u00f3s sancionar uma lei de combate \u00e0 cristofobia no Dia Nacional de Combate \u00e0 Intoler\u00e2ncia Religiosa, celebrado em 21 de janeiro. A norma foi publicada no Di\u00e1rio Oficial do Munic\u00edpio e gerou repercuss\u00e3o negativa nas redes sociais.<\/p>\n<p>A legisla\u00e7\u00e3o cria o Programa Municipal de Combate \u00e0 Cristofobia e reconhece s\u00edmbolos, monumentos e manifesta\u00e7\u00f5es crist\u00e3s como patrim\u00f4nio cultural do munic\u00edpio. O texto tamb\u00e9m estabelece san\u00e7\u00f5es administrativas para pr\u00e1ticas consideradas discriminat\u00f3rias contra a f\u00e9 crist\u00e3.<\/p>\n<p>Entre as penalidades previstas est\u00e3o multas, suspens\u00e3o de licen\u00e7as e encaminhamento de casos ao Minist\u00e9rio P\u00fablico. A lei ainda imp\u00f5e restri\u00e7\u00f5es a eventos culturais, campanhas p\u00fablicas e contrata\u00e7\u00f5es financiadas com recursos municipais envolvendo pessoas condenadas por \u2018cristofobia\u2019.<\/p>\n<p>A escolha da data para a san\u00e7\u00e3o foi apontada por cr\u00edticos como contradit\u00f3ria, por coincidir com um dia dedicado ao enfrentamento de todas as formas de intoler\u00e2ncia religiosa. Para parte dos internautas, a medida privilegia uma \u00fanica f\u00e9 e afronta o princ\u00edpio do Estado laico.<\/p>\n<p>\u201cCad\u00ea a prerrogativa legal do Estado laico?\u201d, escreveu uma usu\u00e1ria nas redes sociais.<\/p>\n<p>Outra internauta afirmou que \u201cquando pol\u00edtica e religi\u00e3o d\u00e3o as m\u00e3os, at\u00e9 o diabo tem medo\u201d.<\/p>\n<p>Usu\u00e1rios tamb\u00e9m destacaram que a iniciativa ignora religi\u00f5es de matriz africana, historicamente alvo de ataques e discrimina\u00e7\u00e3o na Bahia.<\/p>\n<p>\u201cA ignor\u00e2ncia impera\u201d, comentou uma seguidora. J\u00e1 outra avaliou que \u201cquando voc\u00ea pensa que n\u00e3o pode piorar, a vida mostra que sempre pode\u201d.<\/p>\n<p>Foto: Jean Vitor\/PMLF<\/p>\n","protected":false},"excerpt":{"rendered":"<p>A prefeita de Lauro de Freitas, D\u00e9bora R\u00e9gis (Uni\u00e3o Brasil), passou a ser alvo de cr\u00edticas ap\u00f3s sancionar uma lei de combate \u00e0 cristofobia no Dia Nacional de Combate \u00e0 Intoler\u00e2ncia Religiosa, celebrado em 21 de janeiro. A norma foi publicada no Di\u00e1rio Oficial do Munic\u00edpio e gerou repercuss\u00e3o negativa nas redes sociais. A legisla\u00e7\u00e3o [&hellip;]<\/p>\n","protected":false},"author":20,"featured_media":969687,"comment_status":"closed","ping_status":"closed","sticky":false,"template":"","format":"standard","meta":[],"categories":[14601],"tags":[41448,28986,330,433],"acf":[],"yoast_head":"<!-- This site is optimized with the Yoast SEO plugin v20.8 - https:\/\/yoast.com\/wordpress\/plugins\/seo\/ -->\n<title>D\u00c9BORA R\u00c9GIS \u00c9 CRITICADA AP\u00d3S SANCIONAR LEI CONTRA CRISTOFOBIA EM DATA DE COMBATE \u00c0 INTOLER\u00c2NCIA RELIGIOSA - Bahia Economica<\/title>\n<meta name=\"description\" content=\"O maior portal de Economia da Bahia Pol\u00edtica Bahia Economica\" \/>\n<meta name=\"robots\" content=\"index, follow, max-snippet:-1, max-image-preview:large, max-video-preview:-1\" \/>\n<link rel=\"canonical\" href=\"https:\/\/bahiaeconomica.com.br\/wp\/2026\/01\/26\/debora-regis-e-criticada-apos-sancionar-lei-contra-cristofobia-em-data-de-combate-a-intolerancia-religiosa\/\" \/>\n<meta property=\"og:locale\" content=\"pt_BR\" \/>\n<meta property=\"og:type\" content=\"article\" \/>\n<meta property=\"og:title\" content=\"D\u00c9BORA R\u00c9GIS \u00c9 CRITICADA AP\u00d3S SANCIONAR LEI CONTRA CRISTOFOBIA EM DATA DE COMBATE \u00c0 INTOLER\u00c2NCIA RELIGIOSA - Bahia Economica\" \/>\n<meta property=\"og:description\" content=\"O maior portal de Economia da Bahia Pol\u00edtica Bahia Economica\" \/>\n<meta property=\"og:url\" content=\"https:\/\/bahiaeconomica.com.br\/wp\/2026\/01\/26\/debora-regis-e-criticada-apos-sancionar-lei-contra-cristofobia-em-data-de-combate-a-intolerancia-religiosa\/\" \/>\n<meta property=\"og:site_name\" content=\"Bahia Economica\" \/>\n<meta property=\"article:publisher\" content=\"https:\/\/www.facebook.com\/bahiaeconomica\" \/>\n<meta property=\"article:published_time\" content=\"2026-01-26T12:15:02+00:00\" \/>\n<meta property=\"article:modified_time\" content=\"2026-01-26T11:58:50+00:00\" \/>\n<meta property=\"og:image\" content=\"https:\/\/bahiaeconomica.com.br\/wp\/wp-content\/uploads\/2026\/01\/U6KCuN3r-WhatsApp-Image-2025-01-20-at-18.42.50-1024x683-1.webp\" \/>\n\t<meta property=\"og:image:width\" content=\"1024\" \/>\n\t<meta property=\"og:image:height\" content=\"683\" \/>\n\t<meta property=\"og:image:type\" content=\"image\/webp\" \/>\n<meta name=\"author\" content=\"BRUNA CARVALHO\" \/>\n<meta name=\"twitter:card\" content=\"summary_large_image\" \/>\n<meta name=\"twitter:label1\" content=\"Escrito por\" \/>\n\t<meta name=\"twitter:data1\" content=\"BRUNA CARVALHO\" \/>\n\t<meta name=\"twitter:label2\" content=\"Est. tempo de leitura\" \/>\n\t<meta name=\"twitter:data2\" content=\"2 minutos\" \/>\n<script type=\"application\/ld+json\" class=\"yoast-schema-graph\">{\"@context\":\"https:\/\/schema.org\",\"@graph\":[{\"@type\":\"Article\",\"@id\":\"https:\/\/bahiaeconomica.com.br\/wp\/2026\/01\/26\/debora-regis-e-criticada-apos-sancionar-lei-contra-cristofobia-em-data-de-combate-a-intolerancia-religiosa\/#article\",\"isPartOf\":{\"@id\":\"https:\/\/bahiaeconomica.com.br\/wp\/2026\/01\/26\/debora-regis-e-criticada-apos-sancionar-lei-contra-cristofobia-em-data-de-combate-a-intolerancia-religiosa\/\"},\"author\":{\"name\":\"BRUNA CARVALHO\",\"@id\":\"https:\/\/bahiaeconomica.com.br\/wp\/#\/schema\/person\/9310b0e591f5979f6f99773eac5804e6\"},\"headline\":\"D\u00c9BORA R\u00c9GIS \u00c9 CRITICADA AP\u00d3S SANCIONAR LEI CONTRA CRISTOFOBIA EM DATA DE COMBATE \u00c0 INTOLER\u00c2NCIA RELIGIOSA\",\"datePublished\":\"2026-01-26T12:15:02+00:00\",\"dateModified\":\"2026-01-26T11:58:50+00:00\",\"mainEntityOfPage\":{\"@id\":\"https:\/\/bahiaeconomica.com.br\/wp\/2026\/01\/26\/debora-regis-e-criticada-apos-sancionar-lei-contra-cristofobia-em-data-de-combate-a-intolerancia-religiosa\/\"},\"wordCount\":304,\"publisher\":{\"@id\":\"https:\/\/bahiaeconomica.com.br\/wp\/#organization\"},\"keywords\":[\"Cristofobia\",\"D\u00e9bora R\u00e9gis\",\"Lauro de Freitas\",\"LEI\"],\"articleSection\":[\"Pol\u00edtica\"],\"inLanguage\":\"pt-BR\"},{\"@type\":\"WebPage\",\"@id\":\"https:\/\/bahiaeconomica.com.br\/wp\/2026\/01\/26\/debora-regis-e-criticada-apos-sancionar-lei-contra-cristofobia-em-data-de-combate-a-intolerancia-religiosa\/\",\"url\":\"https:\/\/bahiaeconomica.com.br\/wp\/2026\/01\/26\/debora-regis-e-criticada-apos-sancionar-lei-contra-cristofobia-em-data-de-combate-a-intolerancia-religiosa\/\",\"name\":\"D\u00c9BORA R\u00c9GIS \u00c9 CRITICADA AP\u00d3S SANCIONAR LEI CONTRA CRISTOFOBIA EM DATA DE COMBATE \u00c0 INTOLER\u00c2NCIA RELIGIOSA - Bahia Economica\",\"isPartOf\":{\"@id\":\"https:\/\/bahiaeconomica.com.br\/wp\/#website\"},\"datePublished\":\"2026-01-26T12:15:02+00:00\",\"dateModified\":\"2026-01-26T11:58:50+00:00\",\"description\":\"O maior portal de Economia da Bahia Pol\u00edtica Bahia Economica\",\"breadcrumb\":{\"@id\":\"https:\/\/bahiaeconomica.com.br\/wp\/2026\/01\/26\/debora-regis-e-criticada-apos-sancionar-lei-contra-cristofobia-em-data-de-combate-a-intolerancia-religiosa\/#breadcrumb\"},\"inLanguage\":\"pt-BR\",\"potentialAction\":[{\"@type\":\"ReadAction\",\"target\":[\"https:\/\/bahiaeconomica.com.br\/wp\/2026\/01\/26\/debora-regis-e-criticada-apos-sancionar-lei-contra-cristofobia-em-data-de-combate-a-intolerancia-religiosa\/\"]}]},{\"@type\":\"BreadcrumbList\",\"@id\":\"https:\/\/bahiaeconomica.com.br\/wp\/2026\/01\/26\/debora-regis-e-criticada-apos-sancionar-lei-contra-cristofobia-em-data-de-combate-a-intolerancia-religiosa\/#breadcrumb\",\"itemListElement\":[{\"@type\":\"ListItem\",\"position\":1,\"name\":\"In\u00edcio\",\"item\":\"https:\/\/bahiaeconomica.com.br\/wp\/\"},{\"@type\":\"ListItem\",\"position\":2,\"name\":\"D\u00c9BORA R\u00c9GIS \u00c9 CRITICADA AP\u00d3S SANCIONAR LEI CONTRA CRISTOFOBIA EM DATA DE COMBATE \u00c0 INTOLER\u00c2NCIA RELIGIOSA\"}]},{\"@type\":\"WebSite\",\"@id\":\"https:\/\/bahiaeconomica.com.br\/wp\/#website\",\"url\":\"https:\/\/bahiaeconomica.com.br\/wp\/\",\"name\":\"Bahia Economica\",\"description\":\"O maior portal de Economia da Bahia\",\"publisher\":{\"@id\":\"https:\/\/bahiaeconomica.com.br\/wp\/#organization\"},\"potentialAction\":[{\"@type\":\"SearchAction\",\"target\":{\"@type\":\"EntryPoint\",\"urlTemplate\":\"https:\/\/bahiaeconomica.com.br\/wp\/?s={search_term_string}\"},\"query-input\":\"required name=search_term_string\"}],\"inLanguage\":\"pt-BR\"},{\"@type\":\"Organization\",\"@id\":\"https:\/\/bahiaeconomica.com.br\/wp\/#organization\",\"name\":\"Bahia Econ\u00f4mica\",\"url\":\"https:\/\/bahiaeconomica.com.br\/wp\/\",\"logo\":{\"@type\":\"ImageObject\",\"inLanguage\":\"pt-BR\",\"@id\":\"https:\/\/bahiaeconomica.com.br\/wp\/#\/schema\/logo\/image\/\",\"url\":\"https:\/\/bahiaeconomica.com.br\/wp\/wp-content\/uploads\/2020\/12\/cropped-BE.png\",\"contentUrl\":\"https:\/\/bahiaeconomica.com.br\/wp\/wp-content\/uploads\/2020\/12\/cropped-BE.png\",\"width\":512,\"height\":512,\"caption\":\"Bahia Econ\u00f4mica\"},\"image\":{\"@id\":\"https:\/\/bahiaeconomica.com.br\/wp\/#\/schema\/logo\/image\/\"},\"sameAs\":[\"https:\/\/www.facebook.com\/bahiaeconomica\"]},{\"@type\":\"Person\",\"@id\":\"https:\/\/bahiaeconomica.com.br\/wp\/#\/schema\/person\/9310b0e591f5979f6f99773eac5804e6\",\"name\":\"BRUNA CARVALHO\",\"sameAs\":[\"http:\/\/www.bahiaeconomica.com.br\"],\"url\":\"https:\/\/bahiaeconomica.com.br\/wp\/author\/bruna\/\"}]}<\/script>\n<!-- \/ Yoast SEO plugin. -->","yoast_head_json":{"title":"D\u00c9BORA R\u00c9GIS \u00c9 CRITICADA AP\u00d3S SANCIONAR LEI CONTRA CRISTOFOBIA EM DATA DE COMBATE \u00c0 INTOLER\u00c2NCIA RELIGIOSA - Bahia Economica","description":"O maior portal de Economia da Bahia Pol\u00edtica Bahia Economica","robots":{"index":"index","follow":"follow","max-snippet":"max-snippet:-1","max-image-preview":"max-image-preview:large","max-video-preview":"max-video-preview:-1"},"canonical":"https:\/\/bahiaeconomica.com.br\/wp\/2026\/01\/26\/debora-regis-e-criticada-apos-sancionar-lei-contra-cristofobia-em-data-de-combate-a-intolerancia-religiosa\/","og_locale":"pt_BR","og_type":"article","og_title":"D\u00c9BORA R\u00c9GIS \u00c9 CRITICADA AP\u00d3S SANCIONAR LEI CONTRA CRISTOFOBIA EM DATA DE COMBATE \u00c0 INTOLER\u00c2NCIA RELIGIOSA - Bahia Economica","og_description":"O maior portal de Economia da Bahia Pol\u00edtica Bahia Economica","og_url":"https:\/\/bahiaeconomica.com.br\/wp\/2026\/01\/26\/debora-regis-e-criticada-apos-sancionar-lei-contra-cristofobia-em-data-de-combate-a-intolerancia-religiosa\/","og_site_name":"Bahia Economica","article_publisher":"https:\/\/www.facebook.com\/bahiaeconomica","article_published_time":"2026-01-26T12:15:02+00:00","article_modified_time":"2026-01-26T11:58:50+00:00","og_image":[{"width":1024,"height":683,"url":"https:\/\/bahiaeconomica.com.br\/wp\/wp-content\/uploads\/2026\/01\/U6KCuN3r-WhatsApp-Image-2025-01-20-at-18.42.50-1024x683-1.webp","type":"image\/webp"}],"author":"BRUNA CARVALHO","twitter_card":"summary_large_image","twitter_misc":{"Escrito por":"BRUNA CARVALHO","Est. tempo de leitura":"2 minutos"},"schema":{"@context":"https:\/\/schema.org","@graph":[{"@type":"Article","@id":"https:\/\/bahiaeconomica.com.br\/wp\/2026\/01\/26\/debora-regis-e-criticada-apos-sancionar-lei-contra-cristofobia-em-data-de-combate-a-intolerancia-religiosa\/#article","isPartOf":{"@id":"https:\/\/bahiaeconomica.com.br\/wp\/2026\/01\/26\/debora-regis-e-criticada-apos-sancionar-lei-contra-cristofobia-em-data-de-combate-a-intolerancia-religiosa\/"},"author":{"name":"BRUNA CARVALHO","@id":"https:\/\/bahiaeconomica.com.br\/wp\/#\/schema\/person\/9310b0e591f5979f6f99773eac5804e6"},"headline":"D\u00c9BORA R\u00c9GIS \u00c9 CRITICADA AP\u00d3S SANCIONAR LEI CONTRA CRISTOFOBIA EM DATA DE COMBATE \u00c0 INTOLER\u00c2NCIA RELIGIOSA","datePublished":"2026-01-26T12:15:02+00:00","dateModified":"2026-01-26T11:58:50+00:00","mainEntityOfPage":{"@id":"https:\/\/bahiaeconomica.com.br\/wp\/2026\/01\/26\/debora-regis-e-criticada-apos-sancionar-lei-contra-cristofobia-em-data-de-combate-a-intolerancia-religiosa\/"},"wordCount":304,"publisher":{"@id":"https:\/\/bahiaeconomica.com.br\/wp\/#organization"},"keywords":["Cristofobia","D\u00e9bora R\u00e9gis","Lauro de Freitas","LEI"],"articleSection":["Pol\u00edtica"],"inLanguage":"pt-BR"},{"@type":"WebPage","@id":"https:\/\/bahiaeconomica.com.br\/wp\/2026\/01\/26\/debora-regis-e-criticada-apos-sancionar-lei-contra-cristofobia-em-data-de-combate-a-intolerancia-religiosa\/","url":"https:\/\/bahiaeconomica.com.br\/wp\/2026\/01\/26\/debora-regis-e-criticada-apos-sancionar-lei-contra-cristofobia-em-data-de-combate-a-intolerancia-religiosa\/","name":"D\u00c9BORA R\u00c9GIS \u00c9 CRITICADA AP\u00d3S SANCIONAR LEI CONTRA CRISTOFOBIA EM DATA DE COMBATE \u00c0 INTOLER\u00c2NCIA RELIGIOSA - Bahia Economica","isPartOf":{"@id":"https:\/\/bahiaeconomica.com.br\/wp\/#website"},"datePublished":"2026-01-26T12:15:02+00:00","dateModified":"2026-01-26T11:58:50+00:00","description":"O maior portal de Economia da Bahia Pol\u00edtica Bahia Economica","breadcrumb":{"@id":"https:\/\/bahiaeconomica.com.br\/wp\/2026\/01\/26\/debora-regis-e-criticada-apos-sancionar-lei-contra-cristofobia-em-data-de-combate-a-intolerancia-religiosa\/#breadcrumb"},"inLanguage":"pt-BR","potentialAction":[{"@type":"ReadAction","target":["https:\/\/bahiaeconomica.com.br\/wp\/2026\/01\/26\/debora-regis-e-criticada-apos-sancionar-lei-contra-cristofobia-em-data-de-combate-a-intolerancia-religiosa\/"]}]},{"@type":"BreadcrumbList","@id":"https:\/\/bahiaeconomica.com.br\/wp\/2026\/01\/26\/debora-regis-e-criticada-apos-sancionar-lei-contra-cristofobia-em-data-de-combate-a-intolerancia-religiosa\/#breadcrumb","itemListElement":[{"@type":"ListItem","position":1,"name":"In\u00edcio","item":"https:\/\/bahiaeconomica.com.br\/wp\/"},{"@type":"ListItem","position":2,"name":"D\u00c9BORA R\u00c9GIS \u00c9 CRITICADA AP\u00d3S SANCIONAR LEI CONTRA CRISTOFOBIA EM DATA DE COMBATE \u00c0 INTOLER\u00c2NCIA RELIGIOSA"}]},{"@type":"WebSite","@id":"https:\/\/bahiaeconomica.com.br\/wp\/#website","url":"https:\/\/bahiaeconomica.com.br\/wp\/","name":"Bahia Economica","description":"O maior portal de Economia da Bahia","publisher":{"@id":"https:\/\/bahiaeconomica.com.br\/wp\/#organization"},"potentialAction":[{"@type":"SearchAction","target":{"@type":"EntryPoint","urlTemplate":"https:\/\/bahiaeconomica.com.br\/wp\/?s={search_term_string}"},"query-input":"required name=search_term_string"}],"inLanguage":"pt-BR"},{"@type":"Organization","@id":"https:\/\/bahiaeconomica.com.br\/wp\/#organization","name":"Bahia Econ\u00f4mica","url":"https:\/\/bahiaeconomica.com.br\/wp\/","logo":{"@type":"ImageObject","inLanguage":"pt-BR","@id":"https:\/\/bahiaeconomica.com.br\/wp\/#\/schema\/logo\/image\/","url":"https:\/\/bahiaeconomica.com.br\/wp\/wp-content\/uploads\/2020\/12\/cropped-BE.png","contentUrl":"https:\/\/bahiaeconomica.com.br\/wp\/wp-content\/uploads\/2020\/12\/cropped-BE.png","width":512,"height":512,"caption":"Bahia Econ\u00f4mica"},"image":{"@id":"https:\/\/bahiaeconomica.com.br\/wp\/#\/schema\/logo\/image\/"},"sameAs":["https:\/\/www.facebook.com\/bahiaeconomica"]},{"@type":"Person","@id":"https:\/\/bahiaeconomica.com.br\/wp\/#\/schema\/person\/9310b0e591f5979f6f99773eac5804e6","name":"BRUNA CARVALHO","sameAs":["http:\/\/www.bahiaeconomica.com.br"],"url":"https:\/\/bahiaeconomica.com.br\/wp\/author\/bruna\/"}]}},"views":154,"_links":{"self":[{"href":"https:\/\/bahiaeconomica.com.br\/wp\/wp-json\/wp\/v2\/posts\/969690"}],"collection":[{"href":"https:\/\/bahiaeconomica.com.br\/wp\/wp-json\/wp\/v2\/posts"}],"about":[{"href":"https:\/\/bahiaeconomica.com.br\/wp\/wp-json\/wp\/v2\/types\/post"}],"author":[{"embeddable":true,"href":"https:\/\/bahiaeconomica.com.br\/wp\/wp-json\/wp\/v2\/users\/20"}],"replies":[{"embeddable":true,"href":"https:\/\/bahiaeconomica.com.br\/wp\/wp-json\/wp\/v2\/comments?post=969690"}],"version-history":[{"count":1,"href":"https:\/\/bahiaeconomica.com.br\/wp\/wp-json\/wp\/v2\/posts\/969690\/revisions"}],"predecessor-version":[{"id":969691,"href":"https:\/\/bahiaeconomica.com.br\/wp\/wp-json\/wp\/v2\/posts\/969690\/revisions\/969691"}],"wp:featuredmedia":[{"embeddable":true,"href":"https:\/\/bahiaeconomica.com.br\/wp\/wp-json\/wp\/v2\/media\/969687"}],"wp:attachment":[{"href":"https:\/\/bahiaeconomica.com.br\/wp\/wp-json\/wp\/v2\/media?parent=969690"}],"wp:term":[{"taxonomy":"category","embeddable":true,"href":"https:\/\/bahiaeconomica.com.br\/wp\/wp-json\/wp\/v2\/categories?post=969690"},{"taxonomy":"post_tag","embeddable":true,"href":"https:\/\/bahiaeconomica.com.br\/wp\/wp-json\/wp\/v2\/tags?post=969690"}],"curies":[{"name":"wp","href":"https:\/\/api.w.org\/{rel}","templated":true}]}}