{"id":969476,"date":"2026-01-23T18:00:01","date_gmt":"2026-01-23T21:00:01","guid":{"rendered":"https:\/\/bahiaeconomica.com.br\/wp\/?p=969476"},"modified":"2026-01-23T16:33:35","modified_gmt":"2026-01-23T19:33:35","slug":"lula-diz-que-falta-vergonha-na-cara-a-quem-defende-dono-do-master","status":"publish","type":"post","link":"https:\/\/bahiaeconomica.com.br\/wp\/2026\/01\/23\/lula-diz-que-falta-vergonha-na-cara-a-quem-defende-dono-do-master\/","title":{"rendered":"LULA DIZ QUE &#8220;FALTA VERGONHA NA CARA&#8221; A QUEM DEFENDE DONO DO MASTER"},"content":{"rendered":"<p>O presidente Luiz In\u00e1cio Lula da Silva afirmou nesta sexta-feira (23) que muita gente por \u201cfalta de vergonha na cara\u201d defende o dono do Banco Master, Daniel Vorcaro. A declara\u00e7\u00e3o foi durante cerim\u00f4nia em Macei\u00f3, Alagoas, para a entrega de 1.337 moradias do Minha Casa, Minha Vida no munic\u00edpio e para celebrar a marca de 2 milh\u00f5es de contrata\u00e7\u00f5es do programa desde 2023, meta estabelecida pelo governo para este terceiro mandato de Lula.<\/p>\n<p>Sem citar o nome do banqueiro Daniel Vorcaro, foi a primeira vez que Lula se pronunciou sobre o esc\u00e2ndalo envolvendo o Banco Master.<\/p>\n<p>&#8220;N\u00e3o \u00e9 poss\u00edvel que a gente continue vendo o pobre ser sacrificado, enquanto um cidad\u00e3o, como esse do Banco Master, que deu um golpe de mais de R$ 40 bilh\u00f5es. E quem vai pagar? S\u00e3o os bancos. \u00c9 o Banco do Brasil, \u00e9 a Caixa Econ\u00f4mica Federal, \u00e9 o Ita\u00fa. Um cidad\u00e3o que deu um desfalque de quase R$ 40 bilh\u00f5es nesse pa\u00eds&#8221;, afirmou o presidente se referindo aos recursos do Fundo Garantidor de Cr\u00e9dito (FGC), que ser\u00e3o usados para pagar os credores.<\/p>\n<p>&#8220;Ent\u00e3o, companheiros, e tem gente que defende porque tamb\u00e9m est\u00e1 cheio de gente que falta um pouco de vergonha na cara neste pa\u00eds&#8221;, completou.<\/p>\n<p>Durante a cerim\u00f4nia, o presidente citou resultados do seu terceiro governo, como a queda na infla\u00e7\u00e3o, que em outubro do ano passado atingiu o menor patamar em 27 anos, e o aumento no n\u00famero de empregos, com 5 milh\u00f5es com carteira assinada no acumulado desde 2023.<\/p>\n<p>Lula disse que 2026 ser\u00e1 o ano da compara\u00e7\u00e3o e que vai comparar as realiza\u00e7\u00f5es de seus tr\u00eas anos de governo, com as dos governos dos ex-presidentes Michel Temer e Jair Bolsonaro.<\/p>\n<p>\u201cTivemos dois anos de reconstru\u00e7\u00e3o, porque encontramos esse pa\u00eds desmantelado\u201d, disse, acrescentando que \u201cesse ano vamos fazer o ano da compara\u00e7\u00e3o\u201d.<\/p>\n<p>\u201cVamos comparar cada coisa que fizemos nesses tr\u00eas anos com o governo Temer e o Bolsonaro que, juntos, s\u00e3o quase oito anos de governo. Vamos comparar quem mais cuidou das estradas, quem fez mais estradas, quem mais cuidou da sa\u00fade, quem fez mais universidades, mais institutos federais, quem colocou mais estudantes nas universidades\u201d, discursou.<\/p>\n<p>Lula alertou que as pessoas devem tomar cuidado com as fake news espalhadas, principalmente nas redes sociais.<\/p>\n<p>\u201cA gente sabe que a mentira voa e a verdade anda. N\u00e3o podemos permitir que a mentira volte a governar\u201d, afirmou. \u201cN\u00e3o passem mentira para frente, aprendam a distinguir o que \u00e9 verdade e o que \u00e9 mentira. Esse pa\u00eds precisa acabar com o \u00f3dio e a gente precisa voltar a ter mais fraternidade, amor, a ser mais amigo dos nossos amigos\u201d, concluiu.<\/p>\n<p>O presidente fez um apelo para que os homens se envolvam no combate da viol\u00eancia contra as mulheres. Lula lembrou que o n\u00famero de casos de feminic\u00eddio no pa\u00eds \u00e9 alto e que \u00e9 preciso enfrentar o problema.<\/p>\n<p>\u201cEu quero dizer para os homens, somos n\u00f3s homens que temos que ter coragem e dignidade de assumir a defesa da luta contra a viol\u00eancia voltada para as mulheres. Porque quem \u00e9 violento somos n\u00f3s. Voc\u00ea n\u00e3o tem hist\u00f3rico de mulher batendo no marido, mas todo dia aparece homem querendo matar a mulher, a namorada\u201d disse.<\/p>\n<p>foto: \u00a0Ricardo Stuckert\/PR<\/p>\n","protected":false},"excerpt":{"rendered":"<p>O presidente Luiz In\u00e1cio Lula da Silva afirmou nesta sexta-feira (23) que muita gente por \u201cfalta de vergonha na cara\u201d defende o dono do Banco Master, Daniel Vorcaro. A declara\u00e7\u00e3o foi durante cerim\u00f4nia em Macei\u00f3, Alagoas, para a entrega de 1.337 moradias do Minha Casa, Minha Vida no munic\u00edpio e para celebrar a marca de [&hellip;]<\/p>\n","protected":false},"author":15,"featured_media":969477,"comment_status":"closed","ping_status":"closed","sticky":false,"template":"","format":"standard","meta":[],"categories":[14601],"tags":[],"acf":[],"yoast_head":"<!-- This site is optimized with the Yoast SEO plugin v20.8 - https:\/\/yoast.com\/wordpress\/plugins\/seo\/ -->\n<title>LULA DIZ QUE &quot;FALTA VERGONHA NA CARA&quot; A QUEM DEFENDE DONO DO MASTER - Bahia Economica<\/title>\n<meta name=\"description\" content=\"O maior portal de Economia da Bahia Pol\u00edtica Bahia Economica\" \/>\n<meta name=\"robots\" content=\"index, follow, max-snippet:-1, max-image-preview:large, max-video-preview:-1\" \/>\n<link rel=\"canonical\" href=\"https:\/\/bahiaeconomica.com.br\/wp\/2026\/01\/23\/lula-diz-que-falta-vergonha-na-cara-a-quem-defende-dono-do-master\/\" \/>\n<meta property=\"og:locale\" content=\"pt_BR\" \/>\n<meta property=\"og:type\" content=\"article\" \/>\n<meta property=\"og:title\" content=\"LULA DIZ QUE &quot;FALTA VERGONHA NA CARA&quot; A QUEM DEFENDE DONO DO MASTER - Bahia Economica\" \/>\n<meta property=\"og:description\" content=\"O maior portal de Economia da Bahia Pol\u00edtica Bahia Economica\" \/>\n<meta property=\"og:url\" content=\"https:\/\/bahiaeconomica.com.br\/wp\/2026\/01\/23\/lula-diz-que-falta-vergonha-na-cara-a-quem-defende-dono-do-master\/\" \/>\n<meta property=\"og:site_name\" content=\"Bahia Economica\" \/>\n<meta property=\"article:publisher\" content=\"https:\/\/www.facebook.com\/bahiaeconomica\" \/>\n<meta property=\"article:published_time\" content=\"2026-01-23T21:00:01+00:00\" \/>\n<meta property=\"article:modified_time\" content=\"2026-01-23T19:33:35+00:00\" \/>\n<meta property=\"og:image\" content=\"https:\/\/bahiaeconomica.com.br\/wp\/wp-content\/uploads\/2026\/01\/55056090092_01bb128dc6_o.webp\" \/>\n\t<meta property=\"og:image:width\" content=\"1170\" \/>\n\t<meta property=\"og:image:height\" content=\"700\" \/>\n\t<meta property=\"og:image:type\" content=\"image\/webp\" \/>\n<meta name=\"author\" content=\"VICTORIA ISABEL\" \/>\n<meta name=\"twitter:card\" content=\"summary_large_image\" \/>\n<meta name=\"twitter:label1\" content=\"Escrito por\" \/>\n\t<meta name=\"twitter:data1\" content=\"VICTORIA ISABEL\" \/>\n\t<meta name=\"twitter:label2\" content=\"Est. tempo de leitura\" \/>\n\t<meta name=\"twitter:data2\" content=\"3 minutos\" \/>\n<script type=\"application\/ld+json\" class=\"yoast-schema-graph\">{\"@context\":\"https:\/\/schema.org\",\"@graph\":[{\"@type\":\"Article\",\"@id\":\"https:\/\/bahiaeconomica.com.br\/wp\/2026\/01\/23\/lula-diz-que-falta-vergonha-na-cara-a-quem-defende-dono-do-master\/#article\",\"isPartOf\":{\"@id\":\"https:\/\/bahiaeconomica.com.br\/wp\/2026\/01\/23\/lula-diz-que-falta-vergonha-na-cara-a-quem-defende-dono-do-master\/\"},\"author\":{\"name\":\"VICTORIA ISABEL\",\"@id\":\"https:\/\/bahiaeconomica.com.br\/wp\/#\/schema\/person\/b719ce0fb1c09f3c7a00d9243ced4a6f\"},\"headline\":\"LULA DIZ QUE &#8220;FALTA VERGONHA NA CARA&#8221; A QUEM DEFENDE DONO DO MASTER\",\"datePublished\":\"2026-01-23T21:00:01+00:00\",\"dateModified\":\"2026-01-23T19:33:35+00:00\",\"mainEntityOfPage\":{\"@id\":\"https:\/\/bahiaeconomica.com.br\/wp\/2026\/01\/23\/lula-diz-que-falta-vergonha-na-cara-a-quem-defende-dono-do-master\/\"},\"wordCount\":574,\"publisher\":{\"@id\":\"https:\/\/bahiaeconomica.com.br\/wp\/#organization\"},\"articleSection\":[\"Pol\u00edtica\"],\"inLanguage\":\"pt-BR\"},{\"@type\":\"WebPage\",\"@id\":\"https:\/\/bahiaeconomica.com.br\/wp\/2026\/01\/23\/lula-diz-que-falta-vergonha-na-cara-a-quem-defende-dono-do-master\/\",\"url\":\"https:\/\/bahiaeconomica.com.br\/wp\/2026\/01\/23\/lula-diz-que-falta-vergonha-na-cara-a-quem-defende-dono-do-master\/\",\"name\":\"LULA DIZ QUE \\\"FALTA VERGONHA NA CARA\\\" A QUEM DEFENDE DONO DO MASTER - Bahia Economica\",\"isPartOf\":{\"@id\":\"https:\/\/bahiaeconomica.com.br\/wp\/#website\"},\"datePublished\":\"2026-01-23T21:00:01+00:00\",\"dateModified\":\"2026-01-23T19:33:35+00:00\",\"description\":\"O maior portal de Economia da Bahia Pol\u00edtica Bahia Economica\",\"breadcrumb\":{\"@id\":\"https:\/\/bahiaeconomica.com.br\/wp\/2026\/01\/23\/lula-diz-que-falta-vergonha-na-cara-a-quem-defende-dono-do-master\/#breadcrumb\"},\"inLanguage\":\"pt-BR\",\"potentialAction\":[{\"@type\":\"ReadAction\",\"target\":[\"https:\/\/bahiaeconomica.com.br\/wp\/2026\/01\/23\/lula-diz-que-falta-vergonha-na-cara-a-quem-defende-dono-do-master\/\"]}]},{\"@type\":\"BreadcrumbList\",\"@id\":\"https:\/\/bahiaeconomica.com.br\/wp\/2026\/01\/23\/lula-diz-que-falta-vergonha-na-cara-a-quem-defende-dono-do-master\/#breadcrumb\",\"itemListElement\":[{\"@type\":\"ListItem\",\"position\":1,\"name\":\"In\u00edcio\",\"item\":\"https:\/\/bahiaeconomica.com.br\/wp\/\"},{\"@type\":\"ListItem\",\"position\":2,\"name\":\"LULA DIZ QUE &#8220;FALTA VERGONHA NA CARA&#8221; A QUEM DEFENDE DONO DO MASTER\"}]},{\"@type\":\"WebSite\",\"@id\":\"https:\/\/bahiaeconomica.com.br\/wp\/#website\",\"url\":\"https:\/\/bahiaeconomica.com.br\/wp\/\",\"name\":\"Bahia Economica\",\"description\":\"O maior portal de Economia da Bahia\",\"publisher\":{\"@id\":\"https:\/\/bahiaeconomica.com.br\/wp\/#organization\"},\"potentialAction\":[{\"@type\":\"SearchAction\",\"target\":{\"@type\":\"EntryPoint\",\"urlTemplate\":\"https:\/\/bahiaeconomica.com.br\/wp\/?s={search_term_string}\"},\"query-input\":\"required name=search_term_string\"}],\"inLanguage\":\"pt-BR\"},{\"@type\":\"Organization\",\"@id\":\"https:\/\/bahiaeconomica.com.br\/wp\/#organization\",\"name\":\"Bahia Econ\u00f4mica\",\"url\":\"https:\/\/bahiaeconomica.com.br\/wp\/\",\"logo\":{\"@type\":\"ImageObject\",\"inLanguage\":\"pt-BR\",\"@id\":\"https:\/\/bahiaeconomica.com.br\/wp\/#\/schema\/logo\/image\/\",\"url\":\"https:\/\/bahiaeconomica.com.br\/wp\/wp-content\/uploads\/2020\/12\/cropped-BE.png\",\"contentUrl\":\"https:\/\/bahiaeconomica.com.br\/wp\/wp-content\/uploads\/2020\/12\/cropped-BE.png\",\"width\":512,\"height\":512,\"caption\":\"Bahia Econ\u00f4mica\"},\"image\":{\"@id\":\"https:\/\/bahiaeconomica.com.br\/wp\/#\/schema\/logo\/image\/\"},\"sameAs\":[\"https:\/\/www.facebook.com\/bahiaeconomica\"]},{\"@type\":\"Person\",\"@id\":\"https:\/\/bahiaeconomica.com.br\/wp\/#\/schema\/person\/b719ce0fb1c09f3c7a00d9243ced4a6f\",\"name\":\"VICTORIA ISABEL\",\"sameAs\":[\"http:\/\/www.bahiaeconomica.com.br\"],\"url\":\"https:\/\/bahiaeconomica.com.br\/wp\/author\/victoria-isabel\/\"}]}<\/script>\n<!-- \/ Yoast SEO plugin. -->","yoast_head_json":{"title":"LULA DIZ QUE \"FALTA VERGONHA NA CARA\" A QUEM DEFENDE DONO DO MASTER - Bahia Economica","description":"O maior portal de Economia da Bahia Pol\u00edtica Bahia Economica","robots":{"index":"index","follow":"follow","max-snippet":"max-snippet:-1","max-image-preview":"max-image-preview:large","max-video-preview":"max-video-preview:-1"},"canonical":"https:\/\/bahiaeconomica.com.br\/wp\/2026\/01\/23\/lula-diz-que-falta-vergonha-na-cara-a-quem-defende-dono-do-master\/","og_locale":"pt_BR","og_type":"article","og_title":"LULA DIZ QUE \"FALTA VERGONHA NA CARA\" A QUEM DEFENDE DONO DO MASTER - Bahia Economica","og_description":"O maior portal de Economia da Bahia Pol\u00edtica Bahia Economica","og_url":"https:\/\/bahiaeconomica.com.br\/wp\/2026\/01\/23\/lula-diz-que-falta-vergonha-na-cara-a-quem-defende-dono-do-master\/","og_site_name":"Bahia Economica","article_publisher":"https:\/\/www.facebook.com\/bahiaeconomica","article_published_time":"2026-01-23T21:00:01+00:00","article_modified_time":"2026-01-23T19:33:35+00:00","og_image":[{"width":1170,"height":700,"url":"https:\/\/bahiaeconomica.com.br\/wp\/wp-content\/uploads\/2026\/01\/55056090092_01bb128dc6_o.webp","type":"image\/webp"}],"author":"VICTORIA ISABEL","twitter_card":"summary_large_image","twitter_misc":{"Escrito por":"VICTORIA ISABEL","Est. tempo de leitura":"3 minutos"},"schema":{"@context":"https:\/\/schema.org","@graph":[{"@type":"Article","@id":"https:\/\/bahiaeconomica.com.br\/wp\/2026\/01\/23\/lula-diz-que-falta-vergonha-na-cara-a-quem-defende-dono-do-master\/#article","isPartOf":{"@id":"https:\/\/bahiaeconomica.com.br\/wp\/2026\/01\/23\/lula-diz-que-falta-vergonha-na-cara-a-quem-defende-dono-do-master\/"},"author":{"name":"VICTORIA ISABEL","@id":"https:\/\/bahiaeconomica.com.br\/wp\/#\/schema\/person\/b719ce0fb1c09f3c7a00d9243ced4a6f"},"headline":"LULA DIZ QUE &#8220;FALTA VERGONHA NA CARA&#8221; A QUEM DEFENDE DONO DO MASTER","datePublished":"2026-01-23T21:00:01+00:00","dateModified":"2026-01-23T19:33:35+00:00","mainEntityOfPage":{"@id":"https:\/\/bahiaeconomica.com.br\/wp\/2026\/01\/23\/lula-diz-que-falta-vergonha-na-cara-a-quem-defende-dono-do-master\/"},"wordCount":574,"publisher":{"@id":"https:\/\/bahiaeconomica.com.br\/wp\/#organization"},"articleSection":["Pol\u00edtica"],"inLanguage":"pt-BR"},{"@type":"WebPage","@id":"https:\/\/bahiaeconomica.com.br\/wp\/2026\/01\/23\/lula-diz-que-falta-vergonha-na-cara-a-quem-defende-dono-do-master\/","url":"https:\/\/bahiaeconomica.com.br\/wp\/2026\/01\/23\/lula-diz-que-falta-vergonha-na-cara-a-quem-defende-dono-do-master\/","name":"LULA DIZ QUE \"FALTA VERGONHA NA CARA\" A QUEM DEFENDE DONO DO MASTER - Bahia Economica","isPartOf":{"@id":"https:\/\/bahiaeconomica.com.br\/wp\/#website"},"datePublished":"2026-01-23T21:00:01+00:00","dateModified":"2026-01-23T19:33:35+00:00","description":"O maior portal de Economia da Bahia Pol\u00edtica Bahia Economica","breadcrumb":{"@id":"https:\/\/bahiaeconomica.com.br\/wp\/2026\/01\/23\/lula-diz-que-falta-vergonha-na-cara-a-quem-defende-dono-do-master\/#breadcrumb"},"inLanguage":"pt-BR","potentialAction":[{"@type":"ReadAction","target":["https:\/\/bahiaeconomica.com.br\/wp\/2026\/01\/23\/lula-diz-que-falta-vergonha-na-cara-a-quem-defende-dono-do-master\/"]}]},{"@type":"BreadcrumbList","@id":"https:\/\/bahiaeconomica.com.br\/wp\/2026\/01\/23\/lula-diz-que-falta-vergonha-na-cara-a-quem-defende-dono-do-master\/#breadcrumb","itemListElement":[{"@type":"ListItem","position":1,"name":"In\u00edcio","item":"https:\/\/bahiaeconomica.com.br\/wp\/"},{"@type":"ListItem","position":2,"name":"LULA DIZ QUE &#8220;FALTA VERGONHA NA CARA&#8221; A QUEM DEFENDE DONO DO MASTER"}]},{"@type":"WebSite","@id":"https:\/\/bahiaeconomica.com.br\/wp\/#website","url":"https:\/\/bahiaeconomica.com.br\/wp\/","name":"Bahia Economica","description":"O maior portal de Economia da Bahia","publisher":{"@id":"https:\/\/bahiaeconomica.com.br\/wp\/#organization"},"potentialAction":[{"@type":"SearchAction","target":{"@type":"EntryPoint","urlTemplate":"https:\/\/bahiaeconomica.com.br\/wp\/?s={search_term_string}"},"query-input":"required name=search_term_string"}],"inLanguage":"pt-BR"},{"@type":"Organization","@id":"https:\/\/bahiaeconomica.com.br\/wp\/#organization","name":"Bahia Econ\u00f4mica","url":"https:\/\/bahiaeconomica.com.br\/wp\/","logo":{"@type":"ImageObject","inLanguage":"pt-BR","@id":"https:\/\/bahiaeconomica.com.br\/wp\/#\/schema\/logo\/image\/","url":"https:\/\/bahiaeconomica.com.br\/wp\/wp-content\/uploads\/2020\/12\/cropped-BE.png","contentUrl":"https:\/\/bahiaeconomica.com.br\/wp\/wp-content\/uploads\/2020\/12\/cropped-BE.png","width":512,"height":512,"caption":"Bahia Econ\u00f4mica"},"image":{"@id":"https:\/\/bahiaeconomica.com.br\/wp\/#\/schema\/logo\/image\/"},"sameAs":["https:\/\/www.facebook.com\/bahiaeconomica"]},{"@type":"Person","@id":"https:\/\/bahiaeconomica.com.br\/wp\/#\/schema\/person\/b719ce0fb1c09f3c7a00d9243ced4a6f","name":"VICTORIA ISABEL","sameAs":["http:\/\/www.bahiaeconomica.com.br"],"url":"https:\/\/bahiaeconomica.com.br\/wp\/author\/victoria-isabel\/"}]}},"views":3,"_links":{"self":[{"href":"https:\/\/bahiaeconomica.com.br\/wp\/wp-json\/wp\/v2\/posts\/969476"}],"collection":[{"href":"https:\/\/bahiaeconomica.com.br\/wp\/wp-json\/wp\/v2\/posts"}],"about":[{"href":"https:\/\/bahiaeconomica.com.br\/wp\/wp-json\/wp\/v2\/types\/post"}],"author":[{"embeddable":true,"href":"https:\/\/bahiaeconomica.com.br\/wp\/wp-json\/wp\/v2\/users\/15"}],"replies":[{"embeddable":true,"href":"https:\/\/bahiaeconomica.com.br\/wp\/wp-json\/wp\/v2\/comments?post=969476"}],"version-history":[{"count":1,"href":"https:\/\/bahiaeconomica.com.br\/wp\/wp-json\/wp\/v2\/posts\/969476\/revisions"}],"predecessor-version":[{"id":969478,"href":"https:\/\/bahiaeconomica.com.br\/wp\/wp-json\/wp\/v2\/posts\/969476\/revisions\/969478"}],"wp:featuredmedia":[{"embeddable":true,"href":"https:\/\/bahiaeconomica.com.br\/wp\/wp-json\/wp\/v2\/media\/969477"}],"wp:attachment":[{"href":"https:\/\/bahiaeconomica.com.br\/wp\/wp-json\/wp\/v2\/media?parent=969476"}],"wp:term":[{"taxonomy":"category","embeddable":true,"href":"https:\/\/bahiaeconomica.com.br\/wp\/wp-json\/wp\/v2\/categories?post=969476"},{"taxonomy":"post_tag","embeddable":true,"href":"https:\/\/bahiaeconomica.com.br\/wp\/wp-json\/wp\/v2\/tags?post=969476"}],"curies":[{"name":"wp","href":"https:\/\/api.w.org\/{rel}","templated":true}]}}