{"id":969434,"date":"2026-01-23T15:01:51","date_gmt":"2026-01-23T18:01:51","guid":{"rendered":"https:\/\/bahiaeconomica.com.br\/wp\/?p=969434"},"modified":"2026-01-23T15:01:51","modified_gmt":"2026-01-23T18:01:51","slug":"salvador-estreia-videomonitoramento-em-tempo-real-para-evitar-apagoes-durante-o-carnaval","status":"publish","type":"post","link":"https:\/\/bahiaeconomica.com.br\/wp\/2026\/01\/23\/salvador-estreia-videomonitoramento-em-tempo-real-para-evitar-apagoes-durante-o-carnaval\/","title":{"rendered":"SALVADOR ESTREIA VIDEOMONITORAMENTO EM TEMPO REAL PARA EVITAR APAG\u00d5ES DURANTE O CARNAVAL"},"content":{"rendered":"<p data-start=\"223\" data-end=\"548\">Pela primeira vez, a Prefeitura de Salvador vai utilizar um sistema de videomonitoramento e telegest\u00e3o em tempo real para evitar falhas no fornecimento de energia el\u00e9trica durante o Carnaval. A iniciativa in\u00e9dita busca garantir mais seguran\u00e7a, efici\u00eancia e conforto aos foli\u00f5es ao longo dos principais circuitos da festa.<\/p>\n<p data-start=\"550\" data-end=\"923\">Ao todo, 30 controladoras com tecnologia NB-IoT ser\u00e3o instaladas em pontos estrat\u00e9gicos, incluindo os circuitos oficiais e vias de acesso. A ferramenta permitir\u00e1 identificar instantaneamente falhas, varia\u00e7\u00f5es na rede el\u00e9trica, falta de energia e outras anomalias, tanto na ilumina\u00e7\u00e3o p\u00fablica convencional quanto no refor\u00e7o exclusivo montado para o per\u00edodo carnavalesco.<\/p>\n<p data-start=\"925\" data-end=\"1250\">O sistema j\u00e1 foi testado durante o Festival Virada Salvador e ser\u00e1 utilizado pela primeira vez no Carnaval. Com a nova tecnologia, as equipes t\u00e9cnicas poder\u00e3o atuar de forma imediata, al\u00e9m de agilizar a comunica\u00e7\u00e3o com as concession\u00e1rias de energia, reduzindo o tempo de resposta e aumentando a confiabilidade do servi\u00e7o.<\/p>\n<p data-start=\"1252\" data-end=\"1741\">Segundo o diretor de Ilumina\u00e7\u00e3o P\u00fablica da Prefeitura, \u00c2ngelo Magalh\u00e3es, a capital baiana d\u00e1 um passo \u00e0 frente em inova\u00e7\u00e3o. \u201cEste ano Salvador ter\u00e1, de fato, o Carnaval mais iluminado e tecnologicamente avan\u00e7ado do pa\u00eds. Estamos aplicando sistemas in\u00e9ditos de telegest\u00e3o e videomonitoramento que nos permitem acompanhar, em tempo real, o comportamento da ilumina\u00e7\u00e3o nos circuitos e nas vias de acesso, identificando qualquer anomalia e acionando imediatamente nossas equipes\u201d, afirmou.<\/p>\n<p data-start=\"1743\" data-end=\"2126\">Al\u00e9m do monitoramento inteligente, a gest\u00e3o municipal ampliou os investimentos em tecnologia e infraestrutura com a instala\u00e7\u00e3o de cerca de 6 mil novos projetores. Os equipamentos s\u00e3o mais eficientes, com menor consumo de energia e maior controle do facho de luz, garantindo mais luminosidade, redu\u00e7\u00e3o de \u00e1reas de sombra e melhor visibilidade ao longo de todo o percurso da festa.<\/p>\n<p data-start=\"2128\" data-end=\"2577\">A aten\u00e7\u00e3o tamb\u00e9m se estende a \u00e1reas sens\u00edveis, como sanit\u00e1rios p\u00fablicos e pontos de grande circula\u00e7\u00e3o, com foco especial na prote\u00e7\u00e3o de mulheres e de p\u00fablicos mais vulner\u00e1veis. \u201c\u00c9 um trabalho integrado, moderno e inteligente, que refor\u00e7a a import\u00e2ncia da ilumina\u00e7\u00e3o p\u00fablica para que Salvador entregue o maior Carnaval do Brasil, com mais seguran\u00e7a, mais inclus\u00e3o e mais qualidade para quem vive e quem visita a nossa cidade\u201d, destacou Magalh\u00e3es.<\/p>\n<p data-start=\"2579\" data-end=\"2854\">Durante os dias de folia, as equipes atuar\u00e3o de forma integrada com os centros de controle, pessoal de campo e demais estruturas da Prefeitura, assegurando um sistema monitorado continuamente e preparado para responder com rapidez \u00e0s demandas do maior evento popular do pa\u00eds.<\/p>\n<p data-start=\"2579\" data-end=\"2854\">Foto: Lucas Salles<\/p>\n","protected":false},"excerpt":{"rendered":"<p>Pela primeira vez, a Prefeitura de Salvador vai utilizar um sistema de videomonitoramento e telegest\u00e3o em tempo real para evitar falhas no fornecimento de energia el\u00e9trica durante o Carnaval. A iniciativa in\u00e9dita busca garantir mais seguran\u00e7a, efici\u00eancia e conforto aos foli\u00f5es ao longo dos principais circuitos da festa. Ao todo, 30 controladoras com tecnologia NB-IoT [&hellip;]<\/p>\n","protected":false},"author":24,"featured_media":969439,"comment_status":"closed","ping_status":"closed","sticky":false,"template":"","format":"standard","meta":[],"categories":[5],"tags":[43331,1020,26693,37091],"acf":[],"yoast_head":"<!-- This site is optimized with the Yoast SEO plugin v20.8 - https:\/\/yoast.com\/wordpress\/plugins\/seo\/ -->\n<title>SALVADOR ESTREIA VIDEOMONITORAMENTO EM TEMPO REAL PARA EVITAR APAG\u00d5ES DURANTE O CARNAVAL - Bahia Economica Pela primeira vez, a Prefeitura de Salvador vai utilizar um sistema de videomonitoramento e telegest\u00e3o em tempo real para evitar falhas no fornecimento de energia el\u00e9trica durante o Carnaval.<\/title>\n<meta name=\"description\" content=\"O maior portal de Economia da Bahia MUNIC\u00cdPIOS Bahia Economica Pela primeira vez, a Prefeitura de Salvador vai utilizar um sistema de videomonitoramento e telegest\u00e3o em tempo real para evitar falhas no fornecimento de energia el\u00e9trica durante o Carnaval.\" \/>\n<meta name=\"robots\" content=\"index, follow, max-snippet:-1, max-image-preview:large, max-video-preview:-1\" \/>\n<link rel=\"canonical\" href=\"https:\/\/bahiaeconomica.com.br\/wp\/2026\/01\/23\/salvador-estreia-videomonitoramento-em-tempo-real-para-evitar-apagoes-durante-o-carnaval\/\" \/>\n<meta property=\"og:locale\" content=\"pt_BR\" \/>\n<meta property=\"og:type\" content=\"article\" \/>\n<meta property=\"og:title\" content=\"SALVADOR ESTREIA VIDEOMONITORAMENTO EM TEMPO REAL PARA EVITAR APAG\u00d5ES DURANTE O CARNAVAL - Bahia Economica Pela primeira vez, a Prefeitura de Salvador vai utilizar um sistema de videomonitoramento e telegest\u00e3o em tempo real para evitar falhas no fornecimento de energia el\u00e9trica durante o Carnaval.\" \/>\n<meta property=\"og:description\" content=\"O maior portal de Economia da Bahia MUNIC\u00cdPIOS Bahia Economica Pela primeira vez, a Prefeitura de Salvador vai utilizar um sistema de videomonitoramento e telegest\u00e3o em tempo real para evitar falhas no fornecimento de energia el\u00e9trica durante o Carnaval.\" \/>\n<meta property=\"og:url\" content=\"https:\/\/bahiaeconomica.com.br\/wp\/2026\/01\/23\/salvador-estreia-videomonitoramento-em-tempo-real-para-evitar-apagoes-durante-o-carnaval\/\" \/>\n<meta property=\"og:site_name\" content=\"Bahia Economica\" \/>\n<meta property=\"article:publisher\" content=\"https:\/\/www.facebook.com\/bahiaeconomica\" \/>\n<meta property=\"article:published_time\" content=\"2026-01-23T18:01:51+00:00\" \/>\n<meta property=\"og:image\" content=\"https:\/\/bahiaeconomica.com.br\/wp\/wp-content\/uploads\/2026\/01\/image-18-1.jpg\" \/>\n\t<meta property=\"og:image:width\" content=\"984\" \/>\n\t<meta property=\"og:image:height\" content=\"738\" \/>\n\t<meta property=\"og:image:type\" content=\"image\/jpeg\" \/>\n<meta name=\"author\" content=\"VICTOR OLIVEIRA\" \/>\n<meta name=\"twitter:card\" content=\"summary_large_image\" \/>\n<meta name=\"twitter:label1\" content=\"Escrito por\" \/>\n\t<meta name=\"twitter:data1\" content=\"VICTOR OLIVEIRA\" \/>\n\t<meta name=\"twitter:label2\" content=\"Est. tempo de leitura\" \/>\n\t<meta name=\"twitter:data2\" content=\"3 minutos\" \/>\n<script type=\"application\/ld+json\" class=\"yoast-schema-graph\">{\"@context\":\"https:\/\/schema.org\",\"@graph\":[{\"@type\":\"Article\",\"@id\":\"https:\/\/bahiaeconomica.com.br\/wp\/2026\/01\/23\/salvador-estreia-videomonitoramento-em-tempo-real-para-evitar-apagoes-durante-o-carnaval\/#article\",\"isPartOf\":{\"@id\":\"https:\/\/bahiaeconomica.com.br\/wp\/2026\/01\/23\/salvador-estreia-videomonitoramento-em-tempo-real-para-evitar-apagoes-durante-o-carnaval\/\"},\"author\":{\"name\":\"VICTOR OLIVEIRA\",\"@id\":\"https:\/\/bahiaeconomica.com.br\/wp\/#\/schema\/person\/a17956d0e1112b626f403fb06b8129a9\"},\"headline\":\"SALVADOR ESTREIA VIDEOMONITORAMENTO EM TEMPO REAL PARA EVITAR APAG\u00d5ES DURANTE O CARNAVAL\",\"datePublished\":\"2026-01-23T18:01:51+00:00\",\"dateModified\":\"2026-01-23T18:01:51+00:00\",\"mainEntityOfPage\":{\"@id\":\"https:\/\/bahiaeconomica.com.br\/wp\/2026\/01\/23\/salvador-estreia-videomonitoramento-em-tempo-real-para-evitar-apagoes-durante-o-carnaval\/\"},\"wordCount\":456,\"publisher\":{\"@id\":\"https:\/\/bahiaeconomica.com.br\/wp\/#organization\"},\"keywords\":[\"apag\u00f5es\",\"carnaval\",\"Foli\u00f5es\",\"videomonitoramento\"],\"articleSection\":[\"MUNIC\u00cdPIOS\"],\"inLanguage\":\"pt-BR\"},{\"@type\":\"WebPage\",\"@id\":\"https:\/\/bahiaeconomica.com.br\/wp\/2026\/01\/23\/salvador-estreia-videomonitoramento-em-tempo-real-para-evitar-apagoes-durante-o-carnaval\/\",\"url\":\"https:\/\/bahiaeconomica.com.br\/wp\/2026\/01\/23\/salvador-estreia-videomonitoramento-em-tempo-real-para-evitar-apagoes-durante-o-carnaval\/\",\"name\":\"SALVADOR ESTREIA VIDEOMONITORAMENTO EM TEMPO REAL PARA EVITAR APAG\u00d5ES DURANTE O CARNAVAL - Bahia Economica Pela primeira vez, a Prefeitura de Salvador vai utilizar um sistema de videomonitoramento e telegest\u00e3o em tempo real para evitar falhas no fornecimento de energia el\u00e9trica durante o Carnaval.\",\"isPartOf\":{\"@id\":\"https:\/\/bahiaeconomica.com.br\/wp\/#website\"},\"datePublished\":\"2026-01-23T18:01:51+00:00\",\"dateModified\":\"2026-01-23T18:01:51+00:00\",\"description\":\"O maior portal de Economia da Bahia MUNIC\u00cdPIOS Bahia Economica Pela primeira vez, a Prefeitura de Salvador vai utilizar um sistema de videomonitoramento e telegest\u00e3o em tempo real para evitar falhas no fornecimento de energia el\u00e9trica durante o Carnaval.\",\"breadcrumb\":{\"@id\":\"https:\/\/bahiaeconomica.com.br\/wp\/2026\/01\/23\/salvador-estreia-videomonitoramento-em-tempo-real-para-evitar-apagoes-durante-o-carnaval\/#breadcrumb\"},\"inLanguage\":\"pt-BR\",\"potentialAction\":[{\"@type\":\"ReadAction\",\"target\":[\"https:\/\/bahiaeconomica.com.br\/wp\/2026\/01\/23\/salvador-estreia-videomonitoramento-em-tempo-real-para-evitar-apagoes-durante-o-carnaval\/\"]}]},{\"@type\":\"BreadcrumbList\",\"@id\":\"https:\/\/bahiaeconomica.com.br\/wp\/2026\/01\/23\/salvador-estreia-videomonitoramento-em-tempo-real-para-evitar-apagoes-durante-o-carnaval\/#breadcrumb\",\"itemListElement\":[{\"@type\":\"ListItem\",\"position\":1,\"name\":\"In\u00edcio\",\"item\":\"https:\/\/bahiaeconomica.com.br\/wp\/\"},{\"@type\":\"ListItem\",\"position\":2,\"name\":\"SALVADOR ESTREIA VIDEOMONITORAMENTO EM TEMPO REAL PARA EVITAR APAG\u00d5ES DURANTE O CARNAVAL\"}]},{\"@type\":\"WebSite\",\"@id\":\"https:\/\/bahiaeconomica.com.br\/wp\/#website\",\"url\":\"https:\/\/bahiaeconomica.com.br\/wp\/\",\"name\":\"Bahia Economica\",\"description\":\"O maior portal de Economia da Bahia\",\"publisher\":{\"@id\":\"https:\/\/bahiaeconomica.com.br\/wp\/#organization\"},\"potentialAction\":[{\"@type\":\"SearchAction\",\"target\":{\"@type\":\"EntryPoint\",\"urlTemplate\":\"https:\/\/bahiaeconomica.com.br\/wp\/?s={search_term_string}\"},\"query-input\":\"required name=search_term_string\"}],\"inLanguage\":\"pt-BR\"},{\"@type\":\"Organization\",\"@id\":\"https:\/\/bahiaeconomica.com.br\/wp\/#organization\",\"name\":\"Bahia Econ\u00f4mica\",\"url\":\"https:\/\/bahiaeconomica.com.br\/wp\/\",\"logo\":{\"@type\":\"ImageObject\",\"inLanguage\":\"pt-BR\",\"@id\":\"https:\/\/bahiaeconomica.com.br\/wp\/#\/schema\/logo\/image\/\",\"url\":\"https:\/\/bahiaeconomica.com.br\/wp\/wp-content\/uploads\/2020\/12\/cropped-BE.png\",\"contentUrl\":\"https:\/\/bahiaeconomica.com.br\/wp\/wp-content\/uploads\/2020\/12\/cropped-BE.png\",\"width\":512,\"height\":512,\"caption\":\"Bahia Econ\u00f4mica\"},\"image\":{\"@id\":\"https:\/\/bahiaeconomica.com.br\/wp\/#\/schema\/logo\/image\/\"},\"sameAs\":[\"https:\/\/www.facebook.com\/bahiaeconomica\"]},{\"@type\":\"Person\",\"@id\":\"https:\/\/bahiaeconomica.com.br\/wp\/#\/schema\/person\/a17956d0e1112b626f403fb06b8129a9\",\"name\":\"VICTOR OLIVEIRA\",\"sameAs\":[\"http:\/\/www.bahiaeconomica.com.br\"],\"url\":\"https:\/\/bahiaeconomica.com.br\/wp\/author\/victor-oliveira\/\"}]}<\/script>\n<!-- \/ Yoast SEO plugin. -->","yoast_head_json":{"title":"SALVADOR ESTREIA VIDEOMONITORAMENTO EM TEMPO REAL PARA EVITAR APAG\u00d5ES DURANTE O CARNAVAL - Bahia Economica Pela primeira vez, a Prefeitura de Salvador vai utilizar um sistema de videomonitoramento e telegest\u00e3o em tempo real para evitar falhas no fornecimento de energia el\u00e9trica durante o Carnaval.","description":"O maior portal de Economia da Bahia MUNIC\u00cdPIOS Bahia Economica Pela primeira vez, a Prefeitura de Salvador vai utilizar um sistema de videomonitoramento e telegest\u00e3o em tempo real para evitar falhas no fornecimento de energia el\u00e9trica durante o Carnaval.","robots":{"index":"index","follow":"follow","max-snippet":"max-snippet:-1","max-image-preview":"max-image-preview:large","max-video-preview":"max-video-preview:-1"},"canonical":"https:\/\/bahiaeconomica.com.br\/wp\/2026\/01\/23\/salvador-estreia-videomonitoramento-em-tempo-real-para-evitar-apagoes-durante-o-carnaval\/","og_locale":"pt_BR","og_type":"article","og_title":"SALVADOR ESTREIA VIDEOMONITORAMENTO EM TEMPO REAL PARA EVITAR APAG\u00d5ES DURANTE O CARNAVAL - Bahia Economica Pela primeira vez, a Prefeitura de Salvador vai utilizar um sistema de videomonitoramento e telegest\u00e3o em tempo real para evitar falhas no fornecimento de energia el\u00e9trica durante o Carnaval.","og_description":"O maior portal de Economia da Bahia MUNIC\u00cdPIOS Bahia Economica Pela primeira vez, a Prefeitura de Salvador vai utilizar um sistema de videomonitoramento e telegest\u00e3o em tempo real para evitar falhas no fornecimento de energia el\u00e9trica durante o Carnaval.","og_url":"https:\/\/bahiaeconomica.com.br\/wp\/2026\/01\/23\/salvador-estreia-videomonitoramento-em-tempo-real-para-evitar-apagoes-durante-o-carnaval\/","og_site_name":"Bahia Economica","article_publisher":"https:\/\/www.facebook.com\/bahiaeconomica","article_published_time":"2026-01-23T18:01:51+00:00","og_image":[{"width":984,"height":738,"url":"https:\/\/bahiaeconomica.com.br\/wp\/wp-content\/uploads\/2026\/01\/image-18-1.jpg","type":"image\/jpeg"}],"author":"VICTOR OLIVEIRA","twitter_card":"summary_large_image","twitter_misc":{"Escrito por":"VICTOR OLIVEIRA","Est. tempo de leitura":"3 minutos"},"schema":{"@context":"https:\/\/schema.org","@graph":[{"@type":"Article","@id":"https:\/\/bahiaeconomica.com.br\/wp\/2026\/01\/23\/salvador-estreia-videomonitoramento-em-tempo-real-para-evitar-apagoes-durante-o-carnaval\/#article","isPartOf":{"@id":"https:\/\/bahiaeconomica.com.br\/wp\/2026\/01\/23\/salvador-estreia-videomonitoramento-em-tempo-real-para-evitar-apagoes-durante-o-carnaval\/"},"author":{"name":"VICTOR OLIVEIRA","@id":"https:\/\/bahiaeconomica.com.br\/wp\/#\/schema\/person\/a17956d0e1112b626f403fb06b8129a9"},"headline":"SALVADOR ESTREIA VIDEOMONITORAMENTO EM TEMPO REAL PARA EVITAR APAG\u00d5ES DURANTE O CARNAVAL","datePublished":"2026-01-23T18:01:51+00:00","dateModified":"2026-01-23T18:01:51+00:00","mainEntityOfPage":{"@id":"https:\/\/bahiaeconomica.com.br\/wp\/2026\/01\/23\/salvador-estreia-videomonitoramento-em-tempo-real-para-evitar-apagoes-durante-o-carnaval\/"},"wordCount":456,"publisher":{"@id":"https:\/\/bahiaeconomica.com.br\/wp\/#organization"},"keywords":["apag\u00f5es","carnaval","Foli\u00f5es","videomonitoramento"],"articleSection":["MUNIC\u00cdPIOS"],"inLanguage":"pt-BR"},{"@type":"WebPage","@id":"https:\/\/bahiaeconomica.com.br\/wp\/2026\/01\/23\/salvador-estreia-videomonitoramento-em-tempo-real-para-evitar-apagoes-durante-o-carnaval\/","url":"https:\/\/bahiaeconomica.com.br\/wp\/2026\/01\/23\/salvador-estreia-videomonitoramento-em-tempo-real-para-evitar-apagoes-durante-o-carnaval\/","name":"SALVADOR ESTREIA VIDEOMONITORAMENTO EM TEMPO REAL PARA EVITAR APAG\u00d5ES DURANTE O CARNAVAL - Bahia Economica Pela primeira vez, a Prefeitura de Salvador vai utilizar um sistema de videomonitoramento e telegest\u00e3o em tempo real para evitar falhas no fornecimento de energia el\u00e9trica durante o Carnaval.","isPartOf":{"@id":"https:\/\/bahiaeconomica.com.br\/wp\/#website"},"datePublished":"2026-01-23T18:01:51+00:00","dateModified":"2026-01-23T18:01:51+00:00","description":"O maior portal de Economia da Bahia MUNIC\u00cdPIOS Bahia Economica Pela primeira vez, a Prefeitura de Salvador vai utilizar um sistema de videomonitoramento e telegest\u00e3o em tempo real para evitar falhas no fornecimento de energia el\u00e9trica durante o Carnaval.","breadcrumb":{"@id":"https:\/\/bahiaeconomica.com.br\/wp\/2026\/01\/23\/salvador-estreia-videomonitoramento-em-tempo-real-para-evitar-apagoes-durante-o-carnaval\/#breadcrumb"},"inLanguage":"pt-BR","potentialAction":[{"@type":"ReadAction","target":["https:\/\/bahiaeconomica.com.br\/wp\/2026\/01\/23\/salvador-estreia-videomonitoramento-em-tempo-real-para-evitar-apagoes-durante-o-carnaval\/"]}]},{"@type":"BreadcrumbList","@id":"https:\/\/bahiaeconomica.com.br\/wp\/2026\/01\/23\/salvador-estreia-videomonitoramento-em-tempo-real-para-evitar-apagoes-durante-o-carnaval\/#breadcrumb","itemListElement":[{"@type":"ListItem","position":1,"name":"In\u00edcio","item":"https:\/\/bahiaeconomica.com.br\/wp\/"},{"@type":"ListItem","position":2,"name":"SALVADOR ESTREIA VIDEOMONITORAMENTO EM TEMPO REAL PARA EVITAR APAG\u00d5ES DURANTE O CARNAVAL"}]},{"@type":"WebSite","@id":"https:\/\/bahiaeconomica.com.br\/wp\/#website","url":"https:\/\/bahiaeconomica.com.br\/wp\/","name":"Bahia Economica","description":"O maior portal de Economia da Bahia","publisher":{"@id":"https:\/\/bahiaeconomica.com.br\/wp\/#organization"},"potentialAction":[{"@type":"SearchAction","target":{"@type":"EntryPoint","urlTemplate":"https:\/\/bahiaeconomica.com.br\/wp\/?s={search_term_string}"},"query-input":"required name=search_term_string"}],"inLanguage":"pt-BR"},{"@type":"Organization","@id":"https:\/\/bahiaeconomica.com.br\/wp\/#organization","name":"Bahia Econ\u00f4mica","url":"https:\/\/bahiaeconomica.com.br\/wp\/","logo":{"@type":"ImageObject","inLanguage":"pt-BR","@id":"https:\/\/bahiaeconomica.com.br\/wp\/#\/schema\/logo\/image\/","url":"https:\/\/bahiaeconomica.com.br\/wp\/wp-content\/uploads\/2020\/12\/cropped-BE.png","contentUrl":"https:\/\/bahiaeconomica.com.br\/wp\/wp-content\/uploads\/2020\/12\/cropped-BE.png","width":512,"height":512,"caption":"Bahia Econ\u00f4mica"},"image":{"@id":"https:\/\/bahiaeconomica.com.br\/wp\/#\/schema\/logo\/image\/"},"sameAs":["https:\/\/www.facebook.com\/bahiaeconomica"]},{"@type":"Person","@id":"https:\/\/bahiaeconomica.com.br\/wp\/#\/schema\/person\/a17956d0e1112b626f403fb06b8129a9","name":"VICTOR OLIVEIRA","sameAs":["http:\/\/www.bahiaeconomica.com.br"],"url":"https:\/\/bahiaeconomica.com.br\/wp\/author\/victor-oliveira\/"}]}},"views":20,"_links":{"self":[{"href":"https:\/\/bahiaeconomica.com.br\/wp\/wp-json\/wp\/v2\/posts\/969434"}],"collection":[{"href":"https:\/\/bahiaeconomica.com.br\/wp\/wp-json\/wp\/v2\/posts"}],"about":[{"href":"https:\/\/bahiaeconomica.com.br\/wp\/wp-json\/wp\/v2\/types\/post"}],"author":[{"embeddable":true,"href":"https:\/\/bahiaeconomica.com.br\/wp\/wp-json\/wp\/v2\/users\/24"}],"replies":[{"embeddable":true,"href":"https:\/\/bahiaeconomica.com.br\/wp\/wp-json\/wp\/v2\/comments?post=969434"}],"version-history":[{"count":1,"href":"https:\/\/bahiaeconomica.com.br\/wp\/wp-json\/wp\/v2\/posts\/969434\/revisions"}],"predecessor-version":[{"id":969441,"href":"https:\/\/bahiaeconomica.com.br\/wp\/wp-json\/wp\/v2\/posts\/969434\/revisions\/969441"}],"wp:featuredmedia":[{"embeddable":true,"href":"https:\/\/bahiaeconomica.com.br\/wp\/wp-json\/wp\/v2\/media\/969439"}],"wp:attachment":[{"href":"https:\/\/bahiaeconomica.com.br\/wp\/wp-json\/wp\/v2\/media?parent=969434"}],"wp:term":[{"taxonomy":"category","embeddable":true,"href":"https:\/\/bahiaeconomica.com.br\/wp\/wp-json\/wp\/v2\/categories?post=969434"},{"taxonomy":"post_tag","embeddable":true,"href":"https:\/\/bahiaeconomica.com.br\/wp\/wp-json\/wp\/v2\/tags?post=969434"}],"curies":[{"name":"wp","href":"https:\/\/api.w.org\/{rel}","templated":true}]}}