{"id":969254,"date":"2026-01-23T05:00:05","date_gmt":"2026-01-23T08:00:05","guid":{"rendered":"https:\/\/bahiaeconomica.com.br\/wp\/?p=969254"},"modified":"2026-01-22T22:28:24","modified_gmt":"2026-01-23T01:28:24","slug":"era-carnaval-i-armando-avena","status":"publish","type":"post","link":"https:\/\/bahiaeconomica.com.br\/wp\/2026\/01\/23\/era-carnaval-i-armando-avena\/","title":{"rendered":"ERA CARNAVAL I &#8211; ARMANDO AVENA"},"content":{"rendered":"<p>Era carnaval e, quando eles chegaram, a avenida j\u00e1 estava cheia. Um pequeno afox\u00e9 passava e veio a vontade de seguir o ritmo cadenciado do ijex\u00e1. Mas n\u00e3o, a festa estava apenas come\u00e7ando e era hora de sentar no Bar de Benvenuto, aos p\u00e9s do Rel\u00f3gio de S\u00e3o Pedro, e beber a primeira cerveja do dia. Algu\u00e9m sugeriu ir \u00e0 concentra\u00e7\u00e3o do Bloco do Jacu, que afinava os instrumentos e a alma num hotel no Corredor da Vit\u00f3ria. Benvenuto, todavia, era o portal do carnaval, por onde passava a cidade inteira \u2013 pelo menos aquela que interessava.<\/p>\n<p>Eles ficaram ali, curtiram o som de um trio el\u00e9trico, talvez o Tapaj\u00f3s, e depois, quando passou o Jacu, foram atr\u00e1s. Mas n\u00e3o por muito tempo, adiante dobraram \u00e0 esquerda, no Beco de Maria Paz, que, muito mais que uma viela de passagem, era um ponto de encontro e, por isso, era preciso achar uma barraca para beber uns tragos antes de ir para o Raso da Catarina.<\/p>\n<p>Na rua Carlos Gomes, pertinho da Avenida Sete, o Raso da Catarina era mais que um bar, era uma institui\u00e7\u00e3o, o point da boemia intelectual de Salvador, e reunia artistas, escritores, jornalistas, professores, estudantes e todos que amavam o carnaval. A festa inteira passava pelo Raso da Catarina, no sentido de retorno, voltando da Pra\u00e7a Castro Alves e, de tal modo, que o Bloco do Jacu, que eles seguiram, passaria de volta no Raso\u00a0 com a travesti Val\u00e9ria na qualidade de rainha e Walter Queiroz a cantar: \u201cVista sua mortalha de azul-turquesa, que beleza, que beleza.<\/p>\n<p>O Raso da Catarina era um bar de conversa, mas, a cada momento, a m\u00fasica\u00a0 entrava no recinto sem permiss\u00e3o. Como no dia em que uma acalorada discuss\u00e3o sobre pol\u00edtica foi interrompida por um som inimagin\u00e1vel: Tum, tum, tum, tum! Era o trio el\u00e9trico do Papa-L\u00e9guas tocando a 5\u00aa Sinfonia de Beethoven, para deleite da multid\u00e3o. Ou quando uma ciumenta DR de casal terminou com um beijo, ao som do trio el\u00e9trico de Armandinho, Dod\u00f4 e Osmar tocando o Bolero, de Ravel.<\/p>\n<p>Essa DR provavelmente voltou no dia em que\u00a0 passou um trio el\u00e9trico que, junto com a banda, trazia uma dan\u00e7arina \u2013 loura de cabelos crespos e usando s\u00f3 um pequeno short e com o resto do corpo levemente pintado \u2013 que enlouqueceu a avenida e tornou-se musa do Gera Samba.<\/p>\n<p>No Raso da Catarina tudo podia acontecer. O trio trocava o ax\u00e9 pela m\u00fasica cl\u00e1ssica, o poeta declamava versos, o professor lecionava, o pol\u00edtico discursava e todos bradavam contra a ditadura. A amizade florescia e os casais amavam-se, desamavam-se e voltavam a se amar. Ali, parafraseando Drummond, Jo\u00e3o amava Teresa, que amava Maria, que amava Joaquim, que amava Lili, que iria casar com J. Pinto Fernandes, que n\u00e3o gostava de carnaval.<\/p>\n<p>Foi ent\u00e3o que eles perceberam que era preciso passar na barraca de Juven\u00e1, encastelada no topo da Ladeira da Montanha, e beber o necess\u00e1rio para assistir, sob a prote\u00e7\u00e3o do poeta, ao maravilhoso encontro de trios.<\/p>\n<p>&nbsp;<\/p>\n<p>Publicado no jornal A Tarde em 22\/01\/2026<\/p>\n<p>&nbsp;<\/p>\n","protected":false},"excerpt":{"rendered":"<p>Era carnaval e, quando eles chegaram, a avenida j\u00e1 estava cheia. Um pequeno afox\u00e9 passava e veio a vontade de seguir o ritmo cadenciado do ijex\u00e1. Mas n\u00e3o, a festa estava apenas come\u00e7ando e era hora de sentar no Bar de Benvenuto, aos p\u00e9s do Rel\u00f3gio de S\u00e3o Pedro, e beber a primeira cerveja do [&hellip;]<\/p>\n","protected":false},"author":1,"featured_media":969256,"comment_status":"closed","ping_status":"closed","sticky":false,"template":"","format":"standard","meta":[],"categories":[6,689],"tags":[],"acf":[],"yoast_head":"<!-- This site is optimized with the Yoast SEO plugin v20.8 - https:\/\/yoast.com\/wordpress\/plugins\/seo\/ -->\n<title>ERA CARNAVAL I - ARMANDO AVENA - Bahia Economica<\/title>\n<meta name=\"description\" content=\"O maior portal de Economia da Bahia ARTIGOS, CULTURA E ARTE Bahia Economica\" \/>\n<meta name=\"robots\" content=\"index, follow, max-snippet:-1, max-image-preview:large, max-video-preview:-1\" \/>\n<link rel=\"canonical\" href=\"https:\/\/bahiaeconomica.com.br\/wp\/2026\/01\/23\/era-carnaval-i-armando-avena\/\" \/>\n<meta property=\"og:locale\" content=\"pt_BR\" \/>\n<meta property=\"og:type\" content=\"article\" \/>\n<meta property=\"og:title\" content=\"ERA CARNAVAL I - ARMANDO AVENA - Bahia Economica\" \/>\n<meta property=\"og:description\" content=\"O maior portal de Economia da Bahia ARTIGOS, CULTURA E ARTE Bahia Economica\" \/>\n<meta property=\"og:url\" content=\"https:\/\/bahiaeconomica.com.br\/wp\/2026\/01\/23\/era-carnaval-i-armando-avena\/\" \/>\n<meta property=\"og:site_name\" content=\"Bahia Economica\" \/>\n<meta property=\"article:publisher\" content=\"https:\/\/www.facebook.com\/bahiaeconomica\" \/>\n<meta property=\"article:published_time\" content=\"2026-01-23T08:00:05+00:00\" \/>\n<meta property=\"article:modified_time\" content=\"2026-01-23T01:28:24+00:00\" \/>\n<meta property=\"og:image\" content=\"https:\/\/bahiaeconomica.com.br\/wp\/wp-content\/uploads\/2026\/01\/IMG_6527.jpeg\" \/>\n\t<meta property=\"og:image:width\" content=\"1153\" \/>\n\t<meta property=\"og:image:height\" content=\"1474\" \/>\n\t<meta property=\"og:image:type\" content=\"image\/jpeg\" \/>\n<meta name=\"author\" content=\"admin\" \/>\n<meta name=\"twitter:card\" content=\"summary_large_image\" \/>\n<meta name=\"twitter:label1\" content=\"Escrito por\" \/>\n\t<meta name=\"twitter:data1\" content=\"admin\" \/>\n\t<meta name=\"twitter:label2\" content=\"Est. tempo de leitura\" \/>\n\t<meta name=\"twitter:data2\" content=\"3 minutos\" \/>\n<script type=\"application\/ld+json\" class=\"yoast-schema-graph\">{\"@context\":\"https:\/\/schema.org\",\"@graph\":[{\"@type\":\"Article\",\"@id\":\"https:\/\/bahiaeconomica.com.br\/wp\/2026\/01\/23\/era-carnaval-i-armando-avena\/#article\",\"isPartOf\":{\"@id\":\"https:\/\/bahiaeconomica.com.br\/wp\/2026\/01\/23\/era-carnaval-i-armando-avena\/\"},\"author\":{\"name\":\"admin\",\"@id\":\"https:\/\/bahiaeconomica.com.br\/wp\/#\/schema\/person\/cb1ab5ba96ad3d9390805381c76284ec\"},\"headline\":\"ERA CARNAVAL I &#8211; ARMANDO AVENA\",\"datePublished\":\"2026-01-23T08:00:05+00:00\",\"dateModified\":\"2026-01-23T01:28:24+00:00\",\"mainEntityOfPage\":{\"@id\":\"https:\/\/bahiaeconomica.com.br\/wp\/2026\/01\/23\/era-carnaval-i-armando-avena\/\"},\"wordCount\":542,\"publisher\":{\"@id\":\"https:\/\/bahiaeconomica.com.br\/wp\/#organization\"},\"articleSection\":[\"ARTIGOS\",\"CULTURA E ARTE\"],\"inLanguage\":\"pt-BR\"},{\"@type\":\"WebPage\",\"@id\":\"https:\/\/bahiaeconomica.com.br\/wp\/2026\/01\/23\/era-carnaval-i-armando-avena\/\",\"url\":\"https:\/\/bahiaeconomica.com.br\/wp\/2026\/01\/23\/era-carnaval-i-armando-avena\/\",\"name\":\"ERA CARNAVAL I - ARMANDO AVENA - Bahia Economica\",\"isPartOf\":{\"@id\":\"https:\/\/bahiaeconomica.com.br\/wp\/#website\"},\"datePublished\":\"2026-01-23T08:00:05+00:00\",\"dateModified\":\"2026-01-23T01:28:24+00:00\",\"description\":\"O maior portal de Economia da Bahia ARTIGOS, CULTURA E ARTE Bahia Economica\",\"breadcrumb\":{\"@id\":\"https:\/\/bahiaeconomica.com.br\/wp\/2026\/01\/23\/era-carnaval-i-armando-avena\/#breadcrumb\"},\"inLanguage\":\"pt-BR\",\"potentialAction\":[{\"@type\":\"ReadAction\",\"target\":[\"https:\/\/bahiaeconomica.com.br\/wp\/2026\/01\/23\/era-carnaval-i-armando-avena\/\"]}]},{\"@type\":\"BreadcrumbList\",\"@id\":\"https:\/\/bahiaeconomica.com.br\/wp\/2026\/01\/23\/era-carnaval-i-armando-avena\/#breadcrumb\",\"itemListElement\":[{\"@type\":\"ListItem\",\"position\":1,\"name\":\"In\u00edcio\",\"item\":\"https:\/\/bahiaeconomica.com.br\/wp\/\"},{\"@type\":\"ListItem\",\"position\":2,\"name\":\"ERA CARNAVAL I &#8211; ARMANDO AVENA\"}]},{\"@type\":\"WebSite\",\"@id\":\"https:\/\/bahiaeconomica.com.br\/wp\/#website\",\"url\":\"https:\/\/bahiaeconomica.com.br\/wp\/\",\"name\":\"Bahia Economica\",\"description\":\"O maior portal de Economia da Bahia\",\"publisher\":{\"@id\":\"https:\/\/bahiaeconomica.com.br\/wp\/#organization\"},\"potentialAction\":[{\"@type\":\"SearchAction\",\"target\":{\"@type\":\"EntryPoint\",\"urlTemplate\":\"https:\/\/bahiaeconomica.com.br\/wp\/?s={search_term_string}\"},\"query-input\":\"required name=search_term_string\"}],\"inLanguage\":\"pt-BR\"},{\"@type\":\"Organization\",\"@id\":\"https:\/\/bahiaeconomica.com.br\/wp\/#organization\",\"name\":\"Bahia Econ\u00f4mica\",\"url\":\"https:\/\/bahiaeconomica.com.br\/wp\/\",\"logo\":{\"@type\":\"ImageObject\",\"inLanguage\":\"pt-BR\",\"@id\":\"https:\/\/bahiaeconomica.com.br\/wp\/#\/schema\/logo\/image\/\",\"url\":\"https:\/\/bahiaeconomica.com.br\/wp\/wp-content\/uploads\/2020\/12\/cropped-BE.png\",\"contentUrl\":\"https:\/\/bahiaeconomica.com.br\/wp\/wp-content\/uploads\/2020\/12\/cropped-BE.png\",\"width\":512,\"height\":512,\"caption\":\"Bahia Econ\u00f4mica\"},\"image\":{\"@id\":\"https:\/\/bahiaeconomica.com.br\/wp\/#\/schema\/logo\/image\/\"},\"sameAs\":[\"https:\/\/www.facebook.com\/bahiaeconomica\"]},{\"@type\":\"Person\",\"@id\":\"https:\/\/bahiaeconomica.com.br\/wp\/#\/schema\/person\/cb1ab5ba96ad3d9390805381c76284ec\",\"name\":\"admin\",\"url\":\"https:\/\/bahiaeconomica.com.br\/wp\/author\/admin\/\"}]}<\/script>\n<!-- \/ Yoast SEO plugin. -->","yoast_head_json":{"title":"ERA CARNAVAL I - ARMANDO AVENA - Bahia Economica","description":"O maior portal de Economia da Bahia ARTIGOS, CULTURA E ARTE Bahia Economica","robots":{"index":"index","follow":"follow","max-snippet":"max-snippet:-1","max-image-preview":"max-image-preview:large","max-video-preview":"max-video-preview:-1"},"canonical":"https:\/\/bahiaeconomica.com.br\/wp\/2026\/01\/23\/era-carnaval-i-armando-avena\/","og_locale":"pt_BR","og_type":"article","og_title":"ERA CARNAVAL I - ARMANDO AVENA - Bahia Economica","og_description":"O maior portal de Economia da Bahia ARTIGOS, CULTURA E ARTE Bahia Economica","og_url":"https:\/\/bahiaeconomica.com.br\/wp\/2026\/01\/23\/era-carnaval-i-armando-avena\/","og_site_name":"Bahia Economica","article_publisher":"https:\/\/www.facebook.com\/bahiaeconomica","article_published_time":"2026-01-23T08:00:05+00:00","article_modified_time":"2026-01-23T01:28:24+00:00","og_image":[{"width":1153,"height":1474,"url":"https:\/\/bahiaeconomica.com.br\/wp\/wp-content\/uploads\/2026\/01\/IMG_6527.jpeg","type":"image\/jpeg"}],"author":"admin","twitter_card":"summary_large_image","twitter_misc":{"Escrito por":"admin","Est. tempo de leitura":"3 minutos"},"schema":{"@context":"https:\/\/schema.org","@graph":[{"@type":"Article","@id":"https:\/\/bahiaeconomica.com.br\/wp\/2026\/01\/23\/era-carnaval-i-armando-avena\/#article","isPartOf":{"@id":"https:\/\/bahiaeconomica.com.br\/wp\/2026\/01\/23\/era-carnaval-i-armando-avena\/"},"author":{"name":"admin","@id":"https:\/\/bahiaeconomica.com.br\/wp\/#\/schema\/person\/cb1ab5ba96ad3d9390805381c76284ec"},"headline":"ERA CARNAVAL I &#8211; ARMANDO AVENA","datePublished":"2026-01-23T08:00:05+00:00","dateModified":"2026-01-23T01:28:24+00:00","mainEntityOfPage":{"@id":"https:\/\/bahiaeconomica.com.br\/wp\/2026\/01\/23\/era-carnaval-i-armando-avena\/"},"wordCount":542,"publisher":{"@id":"https:\/\/bahiaeconomica.com.br\/wp\/#organization"},"articleSection":["ARTIGOS","CULTURA E ARTE"],"inLanguage":"pt-BR"},{"@type":"WebPage","@id":"https:\/\/bahiaeconomica.com.br\/wp\/2026\/01\/23\/era-carnaval-i-armando-avena\/","url":"https:\/\/bahiaeconomica.com.br\/wp\/2026\/01\/23\/era-carnaval-i-armando-avena\/","name":"ERA CARNAVAL I - ARMANDO AVENA - Bahia Economica","isPartOf":{"@id":"https:\/\/bahiaeconomica.com.br\/wp\/#website"},"datePublished":"2026-01-23T08:00:05+00:00","dateModified":"2026-01-23T01:28:24+00:00","description":"O maior portal de Economia da Bahia ARTIGOS, CULTURA E ARTE Bahia Economica","breadcrumb":{"@id":"https:\/\/bahiaeconomica.com.br\/wp\/2026\/01\/23\/era-carnaval-i-armando-avena\/#breadcrumb"},"inLanguage":"pt-BR","potentialAction":[{"@type":"ReadAction","target":["https:\/\/bahiaeconomica.com.br\/wp\/2026\/01\/23\/era-carnaval-i-armando-avena\/"]}]},{"@type":"BreadcrumbList","@id":"https:\/\/bahiaeconomica.com.br\/wp\/2026\/01\/23\/era-carnaval-i-armando-avena\/#breadcrumb","itemListElement":[{"@type":"ListItem","position":1,"name":"In\u00edcio","item":"https:\/\/bahiaeconomica.com.br\/wp\/"},{"@type":"ListItem","position":2,"name":"ERA CARNAVAL I &#8211; ARMANDO AVENA"}]},{"@type":"WebSite","@id":"https:\/\/bahiaeconomica.com.br\/wp\/#website","url":"https:\/\/bahiaeconomica.com.br\/wp\/","name":"Bahia Economica","description":"O maior portal de Economia da Bahia","publisher":{"@id":"https:\/\/bahiaeconomica.com.br\/wp\/#organization"},"potentialAction":[{"@type":"SearchAction","target":{"@type":"EntryPoint","urlTemplate":"https:\/\/bahiaeconomica.com.br\/wp\/?s={search_term_string}"},"query-input":"required name=search_term_string"}],"inLanguage":"pt-BR"},{"@type":"Organization","@id":"https:\/\/bahiaeconomica.com.br\/wp\/#organization","name":"Bahia Econ\u00f4mica","url":"https:\/\/bahiaeconomica.com.br\/wp\/","logo":{"@type":"ImageObject","inLanguage":"pt-BR","@id":"https:\/\/bahiaeconomica.com.br\/wp\/#\/schema\/logo\/image\/","url":"https:\/\/bahiaeconomica.com.br\/wp\/wp-content\/uploads\/2020\/12\/cropped-BE.png","contentUrl":"https:\/\/bahiaeconomica.com.br\/wp\/wp-content\/uploads\/2020\/12\/cropped-BE.png","width":512,"height":512,"caption":"Bahia Econ\u00f4mica"},"image":{"@id":"https:\/\/bahiaeconomica.com.br\/wp\/#\/schema\/logo\/image\/"},"sameAs":["https:\/\/www.facebook.com\/bahiaeconomica"]},{"@type":"Person","@id":"https:\/\/bahiaeconomica.com.br\/wp\/#\/schema\/person\/cb1ab5ba96ad3d9390805381c76284ec","name":"admin","url":"https:\/\/bahiaeconomica.com.br\/wp\/author\/admin\/"}]}},"views":199,"_links":{"self":[{"href":"https:\/\/bahiaeconomica.com.br\/wp\/wp-json\/wp\/v2\/posts\/969254"}],"collection":[{"href":"https:\/\/bahiaeconomica.com.br\/wp\/wp-json\/wp\/v2\/posts"}],"about":[{"href":"https:\/\/bahiaeconomica.com.br\/wp\/wp-json\/wp\/v2\/types\/post"}],"author":[{"embeddable":true,"href":"https:\/\/bahiaeconomica.com.br\/wp\/wp-json\/wp\/v2\/users\/1"}],"replies":[{"embeddable":true,"href":"https:\/\/bahiaeconomica.com.br\/wp\/wp-json\/wp\/v2\/comments?post=969254"}],"version-history":[{"count":1,"href":"https:\/\/bahiaeconomica.com.br\/wp\/wp-json\/wp\/v2\/posts\/969254\/revisions"}],"predecessor-version":[{"id":969255,"href":"https:\/\/bahiaeconomica.com.br\/wp\/wp-json\/wp\/v2\/posts\/969254\/revisions\/969255"}],"wp:featuredmedia":[{"embeddable":true,"href":"https:\/\/bahiaeconomica.com.br\/wp\/wp-json\/wp\/v2\/media\/969256"}],"wp:attachment":[{"href":"https:\/\/bahiaeconomica.com.br\/wp\/wp-json\/wp\/v2\/media?parent=969254"}],"wp:term":[{"taxonomy":"category","embeddable":true,"href":"https:\/\/bahiaeconomica.com.br\/wp\/wp-json\/wp\/v2\/categories?post=969254"},{"taxonomy":"post_tag","embeddable":true,"href":"https:\/\/bahiaeconomica.com.br\/wp\/wp-json\/wp\/v2\/tags?post=969254"}],"curies":[{"name":"wp","href":"https:\/\/api.w.org\/{rel}","templated":true}]}}