{"id":969150,"date":"2026-01-22T17:27:26","date_gmt":"2026-01-22T20:27:26","guid":{"rendered":"https:\/\/bahiaeconomica.com.br\/wp\/?p=969150"},"modified":"2026-01-22T17:27:26","modified_gmt":"2026-01-22T20:27:26","slug":"caminhada-de-nikolas-atinge-120km-no-4o-dia-rumo-a-ato-no-df-contra-prisao-de-bolsonaro","status":"publish","type":"post","link":"https:\/\/bahiaeconomica.com.br\/wp\/2026\/01\/22\/caminhada-de-nikolas-atinge-120km-no-4o-dia-rumo-a-ato-no-df-contra-prisao-de-bolsonaro\/","title":{"rendered":"CAMINHADA DE NIKOLAS ATINGE 120KM NO 4\u00ba DIA, RUMO A ATO NO DF CONTRA PRIS\u00c3O DE BOLSONARO"},"content":{"rendered":"<p>A caminhada realizada pelo deputado federal Nikolas Ferreira (PL-MG) chegou ao quarto dia com mais de 120 quil\u00f4metros percorridos na rodovia BR-040, segundo informa\u00e7\u00f5es divulgadas pela assessoria do parlamentar na tarde desta quarta-feira, 22. O trajeto total \u00e9 de 240 quil\u00f4metros, do munic\u00edpio de Paracatu (MG) ao Distrito Federal.<\/p>\n<p>Em nota, a assessoria disse que Nikolas realizar\u00e1 um ato com o lema \u201cAcorda Brasil\u201d, na Pra\u00e7a do Cruzeiro, em Bras\u00edlia (DF), no domingo, 25, ao meio-dia. O objetivo da mobiliza\u00e7\u00e3o \u00e9 protestar contra o que o deputado chama de arbitrariedades recentes no Pa\u00eds, incluindo a pris\u00e3o do ex-presidente Jair Bolsonaro e a situa\u00e7\u00e3o jur\u00eddica dos presos relacionados aos acontecimentos de 8 de janeiro.<\/p>\n<p>Condenado a 27 anos e tr\u00eas meses de reclus\u00e3o no \u00e2mbito do inqu\u00e9rito sobre a trama golpista, Bolsonaro est\u00e1 preso no 19\u00ba Batalh\u00e3o da Pol\u00edcia Militar do Distrito Federal, dentro do Complexo Penitenci\u00e1rio da Papuda. A unidade \u00e9 conhecida como \u201cPapudinha\u201d.<\/p>\n<p>Mais cedo, a Pol\u00edcia Rodovi\u00e1ria Federal (PRF) disse que acompanha a caminhada de Nikolas, \u201cainda que n\u00e3o tenha havido comunica\u00e7\u00e3o pr\u00e9via do deslocamento junto \u00e0 autoridade de tr\u00e2nsito\u201d. A corpora\u00e7\u00e3o tamb\u00e9m diz que monitora os riscos da manifesta\u00e7\u00e3o.<\/p>\n<p>\u201cEm raz\u00e3o das caracter\u00edsticas da via (pista simples e acostamento curto em diversos pontos) e por se tratar da principal rodovia de liga\u00e7\u00e3o entre o Distrito Federal e Minas Gerais, a PRF alerta para os riscos \u00e0 seguran\u00e7a devido \u00e0 presen\u00e7a de pedestres na pista\u201d, disse a institui\u00e7\u00e3o, em nota.<\/p>\n<p>Em resposta, a assessoria de Nikolas disse que a decis\u00e3o de iniciar a caminhada foi tomada no mesmo dia em que o deputado estava em Paracatu para a entrega de uma emenda parlamentar, \u201co que explica a decis\u00e3o e a execu\u00e7\u00e3o terem ocorrido no mesmo dia\u201d.<\/p>\n<p>A assessoria tamb\u00e9m disse que, no pr\u00f3prio dia do in\u00edcio da caminhada, encaminhou of\u00edcios \u00e0 PRF e \u00e0 Ag\u00eancia Nacional de Transportes Terrestres (ANTT), com o comunicado oficial do percurso pela BR-040. A reportagem procurou a ANTT, mas n\u00e3o obteve resposta.<\/p>\n<p>Fonte: Estad\u00e3o Conte\u00fado<\/p>\n<p>Foto: Reprodu\u00e7\u00e3o\/ Instagram<\/p>\n","protected":false},"excerpt":{"rendered":"<p>A caminhada realizada pelo deputado federal Nikolas Ferreira (PL-MG) chegou ao quarto dia com mais de 120 quil\u00f4metros percorridos na rodovia BR-040, segundo informa\u00e7\u00f5es divulgadas pela assessoria do parlamentar na tarde desta quarta-feira, 22. O trajeto total \u00e9 de 240 quil\u00f4metros, do munic\u00edpio de Paracatu (MG) ao Distrito Federal. Em nota, a assessoria disse que [&hellip;]<\/p>\n","protected":false},"author":24,"featured_media":969152,"comment_status":"closed","ping_status":"closed","sticky":false,"template":"","format":"standard","meta":[],"categories":[14601],"tags":[95,7111,24369,277],"acf":[],"yoast_head":"<!-- This site is optimized with the Yoast SEO plugin v20.8 - https:\/\/yoast.com\/wordpress\/plugins\/seo\/ -->\n<title>CAMINHADA DE NIKOLAS ATINGE 120KM NO 4\u00ba DIA, RUMO A ATO NO DF CONTRA PRIS\u00c3O DE BOLSONARO - Bahia Economica A caminhada realizada pelo deputado federal Nikolas Ferreira (PL-MG) chegou ao quarto dia com mais de 120 quil\u00f4metros percorridos na rodovia BR-040<\/title>\n<meta name=\"description\" content=\"O maior portal de Economia da Bahia Pol\u00edtica Bahia Economica A caminhada realizada pelo deputado federal Nikolas Ferreira (PL-MG) chegou ao quarto dia com mais de 120 quil\u00f4metros percorridos na rodovia BR-040\" \/>\n<meta name=\"robots\" content=\"index, follow, max-snippet:-1, max-image-preview:large, max-video-preview:-1\" \/>\n<link rel=\"canonical\" href=\"https:\/\/bahiaeconomica.com.br\/wp\/2026\/01\/22\/caminhada-de-nikolas-atinge-120km-no-4o-dia-rumo-a-ato-no-df-contra-prisao-de-bolsonaro\/\" \/>\n<meta property=\"og:locale\" content=\"pt_BR\" \/>\n<meta property=\"og:type\" content=\"article\" \/>\n<meta property=\"og:title\" content=\"CAMINHADA DE NIKOLAS ATINGE 120KM NO 4\u00ba DIA, RUMO A ATO NO DF CONTRA PRIS\u00c3O DE BOLSONARO - Bahia Economica A caminhada realizada pelo deputado federal Nikolas Ferreira (PL-MG) chegou ao quarto dia com mais de 120 quil\u00f4metros percorridos na rodovia BR-040\" \/>\n<meta property=\"og:description\" content=\"O maior portal de Economia da Bahia Pol\u00edtica Bahia Economica A caminhada realizada pelo deputado federal Nikolas Ferreira (PL-MG) chegou ao quarto dia com mais de 120 quil\u00f4metros percorridos na rodovia BR-040\" \/>\n<meta property=\"og:url\" content=\"https:\/\/bahiaeconomica.com.br\/wp\/2026\/01\/22\/caminhada-de-nikolas-atinge-120km-no-4o-dia-rumo-a-ato-no-df-contra-prisao-de-bolsonaro\/\" \/>\n<meta property=\"og:site_name\" content=\"Bahia Economica\" \/>\n<meta property=\"article:publisher\" content=\"https:\/\/www.facebook.com\/bahiaeconomica\" \/>\n<meta property=\"article:published_time\" content=\"2026-01-22T20:27:26+00:00\" \/>\n<meta property=\"og:image\" content=\"https:\/\/bahiaeconomica.com.br\/wp\/wp-content\/uploads\/2026\/01\/1_captura-de-tela-2026-01-20-175358-63455256.webp\" \/>\n\t<meta property=\"og:image:width\" content=\"675\" \/>\n\t<meta property=\"og:image:height\" content=\"450\" \/>\n\t<meta property=\"og:image:type\" content=\"image\/webp\" \/>\n<meta name=\"author\" content=\"VICTOR OLIVEIRA\" \/>\n<meta name=\"twitter:card\" content=\"summary_large_image\" \/>\n<meta name=\"twitter:label1\" content=\"Escrito por\" \/>\n\t<meta name=\"twitter:data1\" content=\"VICTOR OLIVEIRA\" \/>\n\t<meta name=\"twitter:label2\" content=\"Est. tempo de leitura\" \/>\n\t<meta name=\"twitter:data2\" content=\"2 minutos\" \/>\n<script type=\"application\/ld+json\" class=\"yoast-schema-graph\">{\"@context\":\"https:\/\/schema.org\",\"@graph\":[{\"@type\":\"Article\",\"@id\":\"https:\/\/bahiaeconomica.com.br\/wp\/2026\/01\/22\/caminhada-de-nikolas-atinge-120km-no-4o-dia-rumo-a-ato-no-df-contra-prisao-de-bolsonaro\/#article\",\"isPartOf\":{\"@id\":\"https:\/\/bahiaeconomica.com.br\/wp\/2026\/01\/22\/caminhada-de-nikolas-atinge-120km-no-4o-dia-rumo-a-ato-no-df-contra-prisao-de-bolsonaro\/\"},\"author\":{\"name\":\"VICTOR OLIVEIRA\",\"@id\":\"https:\/\/bahiaeconomica.com.br\/wp\/#\/schema\/person\/a17956d0e1112b626f403fb06b8129a9\"},\"headline\":\"CAMINHADA DE NIKOLAS ATINGE 120KM NO 4\u00ba DIA, RUMO A ATO NO DF CONTRA PRIS\u00c3O DE BOLSONARO\",\"datePublished\":\"2026-01-22T20:27:26+00:00\",\"dateModified\":\"2026-01-22T20:27:26+00:00\",\"mainEntityOfPage\":{\"@id\":\"https:\/\/bahiaeconomica.com.br\/wp\/2026\/01\/22\/caminhada-de-nikolas-atinge-120km-no-4o-dia-rumo-a-ato-no-df-contra-prisao-de-bolsonaro\/\"},\"wordCount\":381,\"publisher\":{\"@id\":\"https:\/\/bahiaeconomica.com.br\/wp\/#organization\"},\"keywords\":[\"Bolsonaro\",\"caminhada\",\"NIKOLAS\",\"Pris\u00e3o\"],\"articleSection\":[\"Pol\u00edtica\"],\"inLanguage\":\"pt-BR\"},{\"@type\":\"WebPage\",\"@id\":\"https:\/\/bahiaeconomica.com.br\/wp\/2026\/01\/22\/caminhada-de-nikolas-atinge-120km-no-4o-dia-rumo-a-ato-no-df-contra-prisao-de-bolsonaro\/\",\"url\":\"https:\/\/bahiaeconomica.com.br\/wp\/2026\/01\/22\/caminhada-de-nikolas-atinge-120km-no-4o-dia-rumo-a-ato-no-df-contra-prisao-de-bolsonaro\/\",\"name\":\"CAMINHADA DE NIKOLAS ATINGE 120KM NO 4\u00ba DIA, RUMO A ATO NO DF CONTRA PRIS\u00c3O DE BOLSONARO - Bahia Economica A caminhada realizada pelo deputado federal Nikolas Ferreira (PL-MG) chegou ao quarto dia com mais de 120 quil\u00f4metros percorridos na rodovia BR-040\",\"isPartOf\":{\"@id\":\"https:\/\/bahiaeconomica.com.br\/wp\/#website\"},\"datePublished\":\"2026-01-22T20:27:26+00:00\",\"dateModified\":\"2026-01-22T20:27:26+00:00\",\"description\":\"O maior portal de Economia da Bahia Pol\u00edtica Bahia Economica A caminhada realizada pelo deputado federal Nikolas Ferreira (PL-MG) chegou ao quarto dia com mais de 120 quil\u00f4metros percorridos na rodovia BR-040\",\"breadcrumb\":{\"@id\":\"https:\/\/bahiaeconomica.com.br\/wp\/2026\/01\/22\/caminhada-de-nikolas-atinge-120km-no-4o-dia-rumo-a-ato-no-df-contra-prisao-de-bolsonaro\/#breadcrumb\"},\"inLanguage\":\"pt-BR\",\"potentialAction\":[{\"@type\":\"ReadAction\",\"target\":[\"https:\/\/bahiaeconomica.com.br\/wp\/2026\/01\/22\/caminhada-de-nikolas-atinge-120km-no-4o-dia-rumo-a-ato-no-df-contra-prisao-de-bolsonaro\/\"]}]},{\"@type\":\"BreadcrumbList\",\"@id\":\"https:\/\/bahiaeconomica.com.br\/wp\/2026\/01\/22\/caminhada-de-nikolas-atinge-120km-no-4o-dia-rumo-a-ato-no-df-contra-prisao-de-bolsonaro\/#breadcrumb\",\"itemListElement\":[{\"@type\":\"ListItem\",\"position\":1,\"name\":\"In\u00edcio\",\"item\":\"https:\/\/bahiaeconomica.com.br\/wp\/\"},{\"@type\":\"ListItem\",\"position\":2,\"name\":\"CAMINHADA DE NIKOLAS ATINGE 120KM NO 4\u00ba DIA, RUMO A ATO NO DF CONTRA PRIS\u00c3O DE BOLSONARO\"}]},{\"@type\":\"WebSite\",\"@id\":\"https:\/\/bahiaeconomica.com.br\/wp\/#website\",\"url\":\"https:\/\/bahiaeconomica.com.br\/wp\/\",\"name\":\"Bahia Economica\",\"description\":\"O maior portal de Economia da Bahia\",\"publisher\":{\"@id\":\"https:\/\/bahiaeconomica.com.br\/wp\/#organization\"},\"potentialAction\":[{\"@type\":\"SearchAction\",\"target\":{\"@type\":\"EntryPoint\",\"urlTemplate\":\"https:\/\/bahiaeconomica.com.br\/wp\/?s={search_term_string}\"},\"query-input\":\"required name=search_term_string\"}],\"inLanguage\":\"pt-BR\"},{\"@type\":\"Organization\",\"@id\":\"https:\/\/bahiaeconomica.com.br\/wp\/#organization\",\"name\":\"Bahia Econ\u00f4mica\",\"url\":\"https:\/\/bahiaeconomica.com.br\/wp\/\",\"logo\":{\"@type\":\"ImageObject\",\"inLanguage\":\"pt-BR\",\"@id\":\"https:\/\/bahiaeconomica.com.br\/wp\/#\/schema\/logo\/image\/\",\"url\":\"https:\/\/bahiaeconomica.com.br\/wp\/wp-content\/uploads\/2020\/12\/cropped-BE.png\",\"contentUrl\":\"https:\/\/bahiaeconomica.com.br\/wp\/wp-content\/uploads\/2020\/12\/cropped-BE.png\",\"width\":512,\"height\":512,\"caption\":\"Bahia Econ\u00f4mica\"},\"image\":{\"@id\":\"https:\/\/bahiaeconomica.com.br\/wp\/#\/schema\/logo\/image\/\"},\"sameAs\":[\"https:\/\/www.facebook.com\/bahiaeconomica\"]},{\"@type\":\"Person\",\"@id\":\"https:\/\/bahiaeconomica.com.br\/wp\/#\/schema\/person\/a17956d0e1112b626f403fb06b8129a9\",\"name\":\"VICTOR OLIVEIRA\",\"sameAs\":[\"http:\/\/www.bahiaeconomica.com.br\"],\"url\":\"https:\/\/bahiaeconomica.com.br\/wp\/author\/victor-oliveira\/\"}]}<\/script>\n<!-- \/ Yoast SEO plugin. -->","yoast_head_json":{"title":"CAMINHADA DE NIKOLAS ATINGE 120KM NO 4\u00ba DIA, RUMO A ATO NO DF CONTRA PRIS\u00c3O DE BOLSONARO - Bahia Economica A caminhada realizada pelo deputado federal Nikolas Ferreira (PL-MG) chegou ao quarto dia com mais de 120 quil\u00f4metros percorridos na rodovia BR-040","description":"O maior portal de Economia da Bahia Pol\u00edtica Bahia Economica A caminhada realizada pelo deputado federal Nikolas Ferreira (PL-MG) chegou ao quarto dia com mais de 120 quil\u00f4metros percorridos na rodovia BR-040","robots":{"index":"index","follow":"follow","max-snippet":"max-snippet:-1","max-image-preview":"max-image-preview:large","max-video-preview":"max-video-preview:-1"},"canonical":"https:\/\/bahiaeconomica.com.br\/wp\/2026\/01\/22\/caminhada-de-nikolas-atinge-120km-no-4o-dia-rumo-a-ato-no-df-contra-prisao-de-bolsonaro\/","og_locale":"pt_BR","og_type":"article","og_title":"CAMINHADA DE NIKOLAS ATINGE 120KM NO 4\u00ba DIA, RUMO A ATO NO DF CONTRA PRIS\u00c3O DE BOLSONARO - Bahia Economica A caminhada realizada pelo deputado federal Nikolas Ferreira (PL-MG) chegou ao quarto dia com mais de 120 quil\u00f4metros percorridos na rodovia BR-040","og_description":"O maior portal de Economia da Bahia Pol\u00edtica Bahia Economica A caminhada realizada pelo deputado federal Nikolas Ferreira (PL-MG) chegou ao quarto dia com mais de 120 quil\u00f4metros percorridos na rodovia BR-040","og_url":"https:\/\/bahiaeconomica.com.br\/wp\/2026\/01\/22\/caminhada-de-nikolas-atinge-120km-no-4o-dia-rumo-a-ato-no-df-contra-prisao-de-bolsonaro\/","og_site_name":"Bahia Economica","article_publisher":"https:\/\/www.facebook.com\/bahiaeconomica","article_published_time":"2026-01-22T20:27:26+00:00","og_image":[{"width":675,"height":450,"url":"https:\/\/bahiaeconomica.com.br\/wp\/wp-content\/uploads\/2026\/01\/1_captura-de-tela-2026-01-20-175358-63455256.webp","type":"image\/webp"}],"author":"VICTOR OLIVEIRA","twitter_card":"summary_large_image","twitter_misc":{"Escrito por":"VICTOR OLIVEIRA","Est. tempo de leitura":"2 minutos"},"schema":{"@context":"https:\/\/schema.org","@graph":[{"@type":"Article","@id":"https:\/\/bahiaeconomica.com.br\/wp\/2026\/01\/22\/caminhada-de-nikolas-atinge-120km-no-4o-dia-rumo-a-ato-no-df-contra-prisao-de-bolsonaro\/#article","isPartOf":{"@id":"https:\/\/bahiaeconomica.com.br\/wp\/2026\/01\/22\/caminhada-de-nikolas-atinge-120km-no-4o-dia-rumo-a-ato-no-df-contra-prisao-de-bolsonaro\/"},"author":{"name":"VICTOR OLIVEIRA","@id":"https:\/\/bahiaeconomica.com.br\/wp\/#\/schema\/person\/a17956d0e1112b626f403fb06b8129a9"},"headline":"CAMINHADA DE NIKOLAS ATINGE 120KM NO 4\u00ba DIA, RUMO A ATO NO DF CONTRA PRIS\u00c3O DE BOLSONARO","datePublished":"2026-01-22T20:27:26+00:00","dateModified":"2026-01-22T20:27:26+00:00","mainEntityOfPage":{"@id":"https:\/\/bahiaeconomica.com.br\/wp\/2026\/01\/22\/caminhada-de-nikolas-atinge-120km-no-4o-dia-rumo-a-ato-no-df-contra-prisao-de-bolsonaro\/"},"wordCount":381,"publisher":{"@id":"https:\/\/bahiaeconomica.com.br\/wp\/#organization"},"keywords":["Bolsonaro","caminhada","NIKOLAS","Pris\u00e3o"],"articleSection":["Pol\u00edtica"],"inLanguage":"pt-BR"},{"@type":"WebPage","@id":"https:\/\/bahiaeconomica.com.br\/wp\/2026\/01\/22\/caminhada-de-nikolas-atinge-120km-no-4o-dia-rumo-a-ato-no-df-contra-prisao-de-bolsonaro\/","url":"https:\/\/bahiaeconomica.com.br\/wp\/2026\/01\/22\/caminhada-de-nikolas-atinge-120km-no-4o-dia-rumo-a-ato-no-df-contra-prisao-de-bolsonaro\/","name":"CAMINHADA DE NIKOLAS ATINGE 120KM NO 4\u00ba DIA, RUMO A ATO NO DF CONTRA PRIS\u00c3O DE BOLSONARO - Bahia Economica A caminhada realizada pelo deputado federal Nikolas Ferreira (PL-MG) chegou ao quarto dia com mais de 120 quil\u00f4metros percorridos na rodovia BR-040","isPartOf":{"@id":"https:\/\/bahiaeconomica.com.br\/wp\/#website"},"datePublished":"2026-01-22T20:27:26+00:00","dateModified":"2026-01-22T20:27:26+00:00","description":"O maior portal de Economia da Bahia Pol\u00edtica Bahia Economica A caminhada realizada pelo deputado federal Nikolas Ferreira (PL-MG) chegou ao quarto dia com mais de 120 quil\u00f4metros percorridos na rodovia BR-040","breadcrumb":{"@id":"https:\/\/bahiaeconomica.com.br\/wp\/2026\/01\/22\/caminhada-de-nikolas-atinge-120km-no-4o-dia-rumo-a-ato-no-df-contra-prisao-de-bolsonaro\/#breadcrumb"},"inLanguage":"pt-BR","potentialAction":[{"@type":"ReadAction","target":["https:\/\/bahiaeconomica.com.br\/wp\/2026\/01\/22\/caminhada-de-nikolas-atinge-120km-no-4o-dia-rumo-a-ato-no-df-contra-prisao-de-bolsonaro\/"]}]},{"@type":"BreadcrumbList","@id":"https:\/\/bahiaeconomica.com.br\/wp\/2026\/01\/22\/caminhada-de-nikolas-atinge-120km-no-4o-dia-rumo-a-ato-no-df-contra-prisao-de-bolsonaro\/#breadcrumb","itemListElement":[{"@type":"ListItem","position":1,"name":"In\u00edcio","item":"https:\/\/bahiaeconomica.com.br\/wp\/"},{"@type":"ListItem","position":2,"name":"CAMINHADA DE NIKOLAS ATINGE 120KM NO 4\u00ba DIA, RUMO A ATO NO DF CONTRA PRIS\u00c3O DE BOLSONARO"}]},{"@type":"WebSite","@id":"https:\/\/bahiaeconomica.com.br\/wp\/#website","url":"https:\/\/bahiaeconomica.com.br\/wp\/","name":"Bahia Economica","description":"O maior portal de Economia da Bahia","publisher":{"@id":"https:\/\/bahiaeconomica.com.br\/wp\/#organization"},"potentialAction":[{"@type":"SearchAction","target":{"@type":"EntryPoint","urlTemplate":"https:\/\/bahiaeconomica.com.br\/wp\/?s={search_term_string}"},"query-input":"required name=search_term_string"}],"inLanguage":"pt-BR"},{"@type":"Organization","@id":"https:\/\/bahiaeconomica.com.br\/wp\/#organization","name":"Bahia Econ\u00f4mica","url":"https:\/\/bahiaeconomica.com.br\/wp\/","logo":{"@type":"ImageObject","inLanguage":"pt-BR","@id":"https:\/\/bahiaeconomica.com.br\/wp\/#\/schema\/logo\/image\/","url":"https:\/\/bahiaeconomica.com.br\/wp\/wp-content\/uploads\/2020\/12\/cropped-BE.png","contentUrl":"https:\/\/bahiaeconomica.com.br\/wp\/wp-content\/uploads\/2020\/12\/cropped-BE.png","width":512,"height":512,"caption":"Bahia Econ\u00f4mica"},"image":{"@id":"https:\/\/bahiaeconomica.com.br\/wp\/#\/schema\/logo\/image\/"},"sameAs":["https:\/\/www.facebook.com\/bahiaeconomica"]},{"@type":"Person","@id":"https:\/\/bahiaeconomica.com.br\/wp\/#\/schema\/person\/a17956d0e1112b626f403fb06b8129a9","name":"VICTOR OLIVEIRA","sameAs":["http:\/\/www.bahiaeconomica.com.br"],"url":"https:\/\/bahiaeconomica.com.br\/wp\/author\/victor-oliveira\/"}]}},"views":21,"_links":{"self":[{"href":"https:\/\/bahiaeconomica.com.br\/wp\/wp-json\/wp\/v2\/posts\/969150"}],"collection":[{"href":"https:\/\/bahiaeconomica.com.br\/wp\/wp-json\/wp\/v2\/posts"}],"about":[{"href":"https:\/\/bahiaeconomica.com.br\/wp\/wp-json\/wp\/v2\/types\/post"}],"author":[{"embeddable":true,"href":"https:\/\/bahiaeconomica.com.br\/wp\/wp-json\/wp\/v2\/users\/24"}],"replies":[{"embeddable":true,"href":"https:\/\/bahiaeconomica.com.br\/wp\/wp-json\/wp\/v2\/comments?post=969150"}],"version-history":[{"count":1,"href":"https:\/\/bahiaeconomica.com.br\/wp\/wp-json\/wp\/v2\/posts\/969150\/revisions"}],"predecessor-version":[{"id":969154,"href":"https:\/\/bahiaeconomica.com.br\/wp\/wp-json\/wp\/v2\/posts\/969150\/revisions\/969154"}],"wp:featuredmedia":[{"embeddable":true,"href":"https:\/\/bahiaeconomica.com.br\/wp\/wp-json\/wp\/v2\/media\/969152"}],"wp:attachment":[{"href":"https:\/\/bahiaeconomica.com.br\/wp\/wp-json\/wp\/v2\/media?parent=969150"}],"wp:term":[{"taxonomy":"category","embeddable":true,"href":"https:\/\/bahiaeconomica.com.br\/wp\/wp-json\/wp\/v2\/categories?post=969150"},{"taxonomy":"post_tag","embeddable":true,"href":"https:\/\/bahiaeconomica.com.br\/wp\/wp-json\/wp\/v2\/tags?post=969150"}],"curies":[{"name":"wp","href":"https:\/\/api.w.org\/{rel}","templated":true}]}}