{"id":969116,"date":"2026-01-22T16:14:37","date_gmt":"2026-01-22T19:14:37","guid":{"rendered":"https:\/\/bahiaeconomica.com.br\/wp\/?p=969116"},"modified":"2026-01-22T16:14:37","modified_gmt":"2026-01-22T19:14:37","slug":"bienal-do-livro-bahia-2026-anuncia-primeiras-atracoes-veja-quem-vai-participar","status":"publish","type":"post","link":"https:\/\/bahiaeconomica.com.br\/wp\/2026\/01\/22\/bienal-do-livro-bahia-2026-anuncia-primeiras-atracoes-veja-quem-vai-participar\/","title":{"rendered":"BIENAL DO LIVRO BAHIA 2026 ANUNCIA PRIMEIRAS ATRA\u00c7\u00d5ES; VEJA QUEM VAI PARTICIPAR"},"content":{"rendered":"<p>Com o tema \u201cBahia Identidade que ecoa nos quatro cantos do mundo&#8221;, a Bienal do Livro Bahia 2026 j\u00e1 come\u00e7a a ganhar forma e anuncia os primeiros nomes da sua programa\u00e7\u00e3o cultural. O evento ser\u00e1 realizado entre os dias 15 e 21 de abril, no Centro de Conven\u00e7\u00f5es Salvador, e promete ser a maior edi\u00e7\u00e3o de sua hist\u00f3ria.<\/p>\n<p data-start=\"534\" data-end=\"1112\">Entre as atra\u00e7\u00f5es confirmadas est\u00e3o Thalita Rebou\u00e7as, refer\u00eancia da literatura juvenil brasileira; Laila Garin, atriz e cantora baiana; NegaFyah, multiartista soteropolitana e semifinalista do Pr\u00eamio Oceanos 2025; Vitor Martins, autor best-seller reconhecido pela representatividade LGBTQIA+; Luciany Aparecida, escritora e pesquisadora baiana, finalista do Pr\u00eamio Jabuti 2024; Aline Bei, tamb\u00e9m finalista do Jabuti, conhecida por sua escrita po\u00e9tica e experimental; e Eliana Alves Cruz, autora premiada cuja obra destaca narrativas afro-brasileiras.<\/p>\n<p data-start=\"1114\" data-end=\"1501\">Um dos momentos mais aguardados da Bienal ser\u00e1 o encontro entre Paloma Jorge Amado e Pilar del R\u00edo, vi\u00fava de Jos\u00e9 Saramago. As duas conversar\u00e3o sobre a amizade liter\u00e1ria entre Jorge Amado e Saramago, as conex\u00f5es culturais entre Salvador e Lisboa e os projetos de preserva\u00e7\u00e3o da mem\u00f3ria desses dois gigantes da literatura mundial. O painel est\u00e1 marcado para o dia 18 de abril.<\/p>\n<p data-start=\"1503\" data-end=\"1561\"><strong>A programa\u00e7\u00e3o j\u00e1 tem datas definidas para algumas mesas:<\/strong><\/p>\n<ul>\n<li data-start=\"1564\" data-end=\"1615\"><strong data-start=\"1564\" data-end=\"1579\">17 de abril<\/strong>: Thalita Rebou\u00e7as e Vitor Martins<\/li>\n<li data-start=\"1618\" data-end=\"1702\"><strong data-start=\"1618\" data-end=\"1633\">18 de abril<\/strong>: Eliana Alves Cruz e o encontro Paloma Jorge Amado &amp; Pilar del R\u00edo<\/li>\n<li data-start=\"1705\" data-end=\"1733\"><strong data-start=\"1705\" data-end=\"1720\">19 de abril<\/strong>: Aline Bei<\/li>\n<li data-start=\"1736\" data-end=\"1766\"><strong data-start=\"1736\" data-end=\"1751\">20 de abril<\/strong>: Laila Garin<\/li>\n<li data-start=\"1769\" data-end=\"1816\"><strong data-start=\"1769\" data-end=\"1784\">21 de abril<\/strong>: NegaFyah e Luciany Aparecida<\/li>\n<\/ul>\n<p data-start=\"1818\" data-end=\"2088\">A organiza\u00e7\u00e3o destaca que todos os pain\u00e9is ter\u00e3o ao menos um convidado ou convidada da Bahia, refor\u00e7ando o protagonismo local. A grade completa ser\u00e1 divulgada em mar\u00e7o, e novos nomes inclusive autores internacionais\u00a0devem ser anunciados nas pr\u00f3ximas semanas.<\/p>\n<p data-start=\"2090\" data-end=\"2537\">A curadoria da Bienal \u00e9 100% baiana, dividida por eixos tem\u00e1ticos. O Eixo Liter\u00e1rio \u00e9 comandado por Jos\u00e9lia Aguiar e Itamar Vieira Junior; o Eixo Cultura al\u00e9m do Livro fica sob responsabilidade de Aldri Anuncia\u00e7\u00e3o; o Eixo Young Adult \u00e9 liderado por Deco Lipe; o Eixo Atualidades ser\u00e1 conduzido por Ma\u00edra Azevedo (Tia M\u00e1); e o Eixo Infantil segue com Mira Silva, garantindo programa\u00e7\u00e3o cont\u00ednua para crian\u00e7as e fam\u00edlias.<\/p>\n<p data-start=\"2539\" data-end=\"2895\">Reconhecida como o principal evento liter\u00e1rio do Nordeste, a Bienal do Livro Bahia ter\u00e1 em 2026 sete dias de dura\u00e7\u00e3o, um a mais que a edi\u00e7\u00e3o anterior. A expectativa \u00e9 receber mais de 120 mil visitantes, superando o recorde de p\u00fablico de 2024. Tamb\u00e9m haver\u00e1 crescimento na \u00e1rea destinada \u00e0s editoras, com um aumento de 20% no espa\u00e7o de estandes.<\/p>\n<p data-start=\"2897\" data-end=\"3252\">Grandes grupos editoriais nacionais j\u00e1 confirmaram presen\u00e7a, como Companhia das Letras, HarperCollins Brasil, Grupo Planeta, Aleph e Mal\u00ea, al\u00e9m de editoras independentes reunidas no Coletivo Compiladas, que estreia no evento. Editoras e livrarias baianas tamb\u00e9m ter\u00e3o forte participa\u00e7\u00e3o, refor\u00e7ando a diversidade e a bibliodiversidade do encontro.<\/p>\n<p data-start=\"3254\" data-end=\"3467\">Para a organiza\u00e7\u00e3o, a Bienal do Livro Bahia 2026 consolida-se como um espa\u00e7o de encontro entre leitores, autores e ideias, conectando o local ao global e celebrando a for\u00e7a cultural, hist\u00f3rica e criativa da Bahia.<\/p>\n<p data-start=\"3254\" data-end=\"3467\">Foto: Reprodu\u00e7\u00e3o<\/p>\n<p>&nbsp;<\/p>\n","protected":false},"excerpt":{"rendered":"<p>Com o tema \u201cBahia Identidade que ecoa nos quatro cantos do mundo&#8221;, a Bienal do Livro Bahia 2026 j\u00e1 come\u00e7a a ganhar forma e anuncia os primeiros nomes da sua programa\u00e7\u00e3o cultural. O evento ser\u00e1 realizado entre os dias 15 e 21 de abril, no Centro de Conven\u00e7\u00f5es Salvador, e promete ser a maior edi\u00e7\u00e3o [&hellip;]<\/p>\n","protected":false},"author":24,"featured_media":969117,"comment_status":"closed","ping_status":"closed","sticky":false,"template":"","format":"standard","meta":[],"categories":[689,5],"tags":[6893,43310,933],"acf":[],"yoast_head":"<!-- This site is optimized with the Yoast SEO plugin v20.8 - https:\/\/yoast.com\/wordpress\/plugins\/seo\/ -->\n<title>BIENAL DO LIVRO BAHIA 2026 ANUNCIA PRIMEIRAS ATRA\u00c7\u00d5ES; VEJA QUEM VAI PARTICIPAR - Bahia Economica Com o tema \u201cBahia Identidade que ecoa nos quatro cantos do mundo&quot;, a Bienal do Livro Bahia 2026 j\u00e1 come\u00e7a a ganhar forma e anuncia os primeiros nomes da sua programa\u00e7\u00e3o cultural.<\/title>\n<meta name=\"description\" content=\"O maior portal de Economia da Bahia CULTURA E ARTE, MUNIC\u00cdPIOS Bahia Economica Com o tema \u201cBahia Identidade que ecoa nos quatro cantos do mundo&quot;, a Bienal do Livro Bahia 2026 j\u00e1 come\u00e7a a ganhar forma e anuncia os primeiros nomes da sua programa\u00e7\u00e3o cultural.\" \/>\n<meta name=\"robots\" content=\"index, follow, max-snippet:-1, max-image-preview:large, max-video-preview:-1\" \/>\n<link rel=\"canonical\" href=\"https:\/\/bahiaeconomica.com.br\/wp\/2026\/01\/22\/bienal-do-livro-bahia-2026-anuncia-primeiras-atracoes-veja-quem-vai-participar\/\" \/>\n<meta property=\"og:locale\" content=\"pt_BR\" \/>\n<meta property=\"og:type\" content=\"article\" \/>\n<meta property=\"og:title\" content=\"BIENAL DO LIVRO BAHIA 2026 ANUNCIA PRIMEIRAS ATRA\u00c7\u00d5ES; VEJA QUEM VAI PARTICIPAR - Bahia Economica Com o tema \u201cBahia Identidade que ecoa nos quatro cantos do mundo&quot;, a Bienal do Livro Bahia 2026 j\u00e1 come\u00e7a a ganhar forma e anuncia os primeiros nomes da sua programa\u00e7\u00e3o cultural.\" \/>\n<meta property=\"og:description\" content=\"O maior portal de Economia da Bahia CULTURA E ARTE, MUNIC\u00cdPIOS Bahia Economica Com o tema \u201cBahia Identidade que ecoa nos quatro cantos do mundo&quot;, a Bienal do Livro Bahia 2026 j\u00e1 come\u00e7a a ganhar forma e anuncia os primeiros nomes da sua programa\u00e7\u00e3o cultural.\" \/>\n<meta property=\"og:url\" content=\"https:\/\/bahiaeconomica.com.br\/wp\/2026\/01\/22\/bienal-do-livro-bahia-2026-anuncia-primeiras-atracoes-veja-quem-vai-participar\/\" \/>\n<meta property=\"og:site_name\" content=\"Bahia Economica\" \/>\n<meta property=\"article:publisher\" content=\"https:\/\/www.facebook.com\/bahiaeconomica\" \/>\n<meta property=\"article:published_time\" content=\"2026-01-22T19:14:37+00:00\" \/>\n<meta property=\"og:image\" content=\"https:\/\/bahiaeconomica.com.br\/wp\/wp-content\/uploads\/2026\/01\/FSR67403_1-scaled.jpg\" \/>\n\t<meta property=\"og:image:width\" content=\"2560\" \/>\n\t<meta property=\"og:image:height\" content=\"1707\" \/>\n\t<meta property=\"og:image:type\" content=\"image\/jpeg\" \/>\n<meta name=\"author\" content=\"VICTOR OLIVEIRA\" \/>\n<meta name=\"twitter:card\" content=\"summary_large_image\" \/>\n<meta name=\"twitter:label1\" content=\"Escrito por\" \/>\n\t<meta name=\"twitter:data1\" content=\"VICTOR OLIVEIRA\" \/>\n\t<meta name=\"twitter:label2\" content=\"Est. tempo de leitura\" \/>\n\t<meta name=\"twitter:data2\" content=\"3 minutos\" \/>\n<script type=\"application\/ld+json\" class=\"yoast-schema-graph\">{\"@context\":\"https:\/\/schema.org\",\"@graph\":[{\"@type\":\"Article\",\"@id\":\"https:\/\/bahiaeconomica.com.br\/wp\/2026\/01\/22\/bienal-do-livro-bahia-2026-anuncia-primeiras-atracoes-veja-quem-vai-participar\/#article\",\"isPartOf\":{\"@id\":\"https:\/\/bahiaeconomica.com.br\/wp\/2026\/01\/22\/bienal-do-livro-bahia-2026-anuncia-primeiras-atracoes-veja-quem-vai-participar\/\"},\"author\":{\"name\":\"VICTOR OLIVEIRA\",\"@id\":\"https:\/\/bahiaeconomica.com.br\/wp\/#\/schema\/person\/a17956d0e1112b626f403fb06b8129a9\"},\"headline\":\"BIENAL DO LIVRO BAHIA 2026 ANUNCIA PRIMEIRAS ATRA\u00c7\u00d5ES; VEJA QUEM VAI PARTICIPAR\",\"datePublished\":\"2026-01-22T19:14:37+00:00\",\"dateModified\":\"2026-01-22T19:14:37+00:00\",\"mainEntityOfPage\":{\"@id\":\"https:\/\/bahiaeconomica.com.br\/wp\/2026\/01\/22\/bienal-do-livro-bahia-2026-anuncia-primeiras-atracoes-veja-quem-vai-participar\/\"},\"wordCount\":541,\"publisher\":{\"@id\":\"https:\/\/bahiaeconomica.com.br\/wp\/#organization\"},\"keywords\":[\"atra\u00e7\u00f5es\",\"bienal de livro\",\"cultura\"],\"articleSection\":[\"CULTURA E ARTE\",\"MUNIC\u00cdPIOS\"],\"inLanguage\":\"pt-BR\"},{\"@type\":\"WebPage\",\"@id\":\"https:\/\/bahiaeconomica.com.br\/wp\/2026\/01\/22\/bienal-do-livro-bahia-2026-anuncia-primeiras-atracoes-veja-quem-vai-participar\/\",\"url\":\"https:\/\/bahiaeconomica.com.br\/wp\/2026\/01\/22\/bienal-do-livro-bahia-2026-anuncia-primeiras-atracoes-veja-quem-vai-participar\/\",\"name\":\"BIENAL DO LIVRO BAHIA 2026 ANUNCIA PRIMEIRAS ATRA\u00c7\u00d5ES; VEJA QUEM VAI PARTICIPAR - Bahia Economica Com o tema \u201cBahia Identidade que ecoa nos quatro cantos do mundo\\\", a Bienal do Livro Bahia 2026 j\u00e1 come\u00e7a a ganhar forma e anuncia os primeiros nomes da sua programa\u00e7\u00e3o cultural.\",\"isPartOf\":{\"@id\":\"https:\/\/bahiaeconomica.com.br\/wp\/#website\"},\"datePublished\":\"2026-01-22T19:14:37+00:00\",\"dateModified\":\"2026-01-22T19:14:37+00:00\",\"description\":\"O maior portal de Economia da Bahia CULTURA E ARTE, MUNIC\u00cdPIOS Bahia Economica Com o tema \u201cBahia Identidade que ecoa nos quatro cantos do mundo\\\", a Bienal do Livro Bahia 2026 j\u00e1 come\u00e7a a ganhar forma e anuncia os primeiros nomes da sua programa\u00e7\u00e3o cultural.\",\"breadcrumb\":{\"@id\":\"https:\/\/bahiaeconomica.com.br\/wp\/2026\/01\/22\/bienal-do-livro-bahia-2026-anuncia-primeiras-atracoes-veja-quem-vai-participar\/#breadcrumb\"},\"inLanguage\":\"pt-BR\",\"potentialAction\":[{\"@type\":\"ReadAction\",\"target\":[\"https:\/\/bahiaeconomica.com.br\/wp\/2026\/01\/22\/bienal-do-livro-bahia-2026-anuncia-primeiras-atracoes-veja-quem-vai-participar\/\"]}]},{\"@type\":\"BreadcrumbList\",\"@id\":\"https:\/\/bahiaeconomica.com.br\/wp\/2026\/01\/22\/bienal-do-livro-bahia-2026-anuncia-primeiras-atracoes-veja-quem-vai-participar\/#breadcrumb\",\"itemListElement\":[{\"@type\":\"ListItem\",\"position\":1,\"name\":\"In\u00edcio\",\"item\":\"https:\/\/bahiaeconomica.com.br\/wp\/\"},{\"@type\":\"ListItem\",\"position\":2,\"name\":\"BIENAL DO LIVRO BAHIA 2026 ANUNCIA PRIMEIRAS ATRA\u00c7\u00d5ES; VEJA QUEM VAI PARTICIPAR\"}]},{\"@type\":\"WebSite\",\"@id\":\"https:\/\/bahiaeconomica.com.br\/wp\/#website\",\"url\":\"https:\/\/bahiaeconomica.com.br\/wp\/\",\"name\":\"Bahia Economica\",\"description\":\"O maior portal de Economia da Bahia\",\"publisher\":{\"@id\":\"https:\/\/bahiaeconomica.com.br\/wp\/#organization\"},\"potentialAction\":[{\"@type\":\"SearchAction\",\"target\":{\"@type\":\"EntryPoint\",\"urlTemplate\":\"https:\/\/bahiaeconomica.com.br\/wp\/?s={search_term_string}\"},\"query-input\":\"required name=search_term_string\"}],\"inLanguage\":\"pt-BR\"},{\"@type\":\"Organization\",\"@id\":\"https:\/\/bahiaeconomica.com.br\/wp\/#organization\",\"name\":\"Bahia Econ\u00f4mica\",\"url\":\"https:\/\/bahiaeconomica.com.br\/wp\/\",\"logo\":{\"@type\":\"ImageObject\",\"inLanguage\":\"pt-BR\",\"@id\":\"https:\/\/bahiaeconomica.com.br\/wp\/#\/schema\/logo\/image\/\",\"url\":\"https:\/\/bahiaeconomica.com.br\/wp\/wp-content\/uploads\/2020\/12\/cropped-BE.png\",\"contentUrl\":\"https:\/\/bahiaeconomica.com.br\/wp\/wp-content\/uploads\/2020\/12\/cropped-BE.png\",\"width\":512,\"height\":512,\"caption\":\"Bahia Econ\u00f4mica\"},\"image\":{\"@id\":\"https:\/\/bahiaeconomica.com.br\/wp\/#\/schema\/logo\/image\/\"},\"sameAs\":[\"https:\/\/www.facebook.com\/bahiaeconomica\"]},{\"@type\":\"Person\",\"@id\":\"https:\/\/bahiaeconomica.com.br\/wp\/#\/schema\/person\/a17956d0e1112b626f403fb06b8129a9\",\"name\":\"VICTOR OLIVEIRA\",\"sameAs\":[\"http:\/\/www.bahiaeconomica.com.br\"],\"url\":\"https:\/\/bahiaeconomica.com.br\/wp\/author\/victor-oliveira\/\"}]}<\/script>\n<!-- \/ Yoast SEO plugin. -->","yoast_head_json":{"title":"BIENAL DO LIVRO BAHIA 2026 ANUNCIA PRIMEIRAS ATRA\u00c7\u00d5ES; VEJA QUEM VAI PARTICIPAR - Bahia Economica Com o tema \u201cBahia Identidade que ecoa nos quatro cantos do mundo\", a Bienal do Livro Bahia 2026 j\u00e1 come\u00e7a a ganhar forma e anuncia os primeiros nomes da sua programa\u00e7\u00e3o cultural.","description":"O maior portal de Economia da Bahia CULTURA E ARTE, MUNIC\u00cdPIOS Bahia Economica Com o tema \u201cBahia Identidade que ecoa nos quatro cantos do mundo\", a Bienal do Livro Bahia 2026 j\u00e1 come\u00e7a a ganhar forma e anuncia os primeiros nomes da sua programa\u00e7\u00e3o cultural.","robots":{"index":"index","follow":"follow","max-snippet":"max-snippet:-1","max-image-preview":"max-image-preview:large","max-video-preview":"max-video-preview:-1"},"canonical":"https:\/\/bahiaeconomica.com.br\/wp\/2026\/01\/22\/bienal-do-livro-bahia-2026-anuncia-primeiras-atracoes-veja-quem-vai-participar\/","og_locale":"pt_BR","og_type":"article","og_title":"BIENAL DO LIVRO BAHIA 2026 ANUNCIA PRIMEIRAS ATRA\u00c7\u00d5ES; VEJA QUEM VAI PARTICIPAR - Bahia Economica Com o tema \u201cBahia Identidade que ecoa nos quatro cantos do mundo\", a Bienal do Livro Bahia 2026 j\u00e1 come\u00e7a a ganhar forma e anuncia os primeiros nomes da sua programa\u00e7\u00e3o cultural.","og_description":"O maior portal de Economia da Bahia CULTURA E ARTE, MUNIC\u00cdPIOS Bahia Economica Com o tema \u201cBahia Identidade que ecoa nos quatro cantos do mundo\", a Bienal do Livro Bahia 2026 j\u00e1 come\u00e7a a ganhar forma e anuncia os primeiros nomes da sua programa\u00e7\u00e3o cultural.","og_url":"https:\/\/bahiaeconomica.com.br\/wp\/2026\/01\/22\/bienal-do-livro-bahia-2026-anuncia-primeiras-atracoes-veja-quem-vai-participar\/","og_site_name":"Bahia Economica","article_publisher":"https:\/\/www.facebook.com\/bahiaeconomica","article_published_time":"2026-01-22T19:14:37+00:00","og_image":[{"width":2560,"height":1707,"url":"https:\/\/bahiaeconomica.com.br\/wp\/wp-content\/uploads\/2026\/01\/FSR67403_1-scaled.jpg","type":"image\/jpeg"}],"author":"VICTOR OLIVEIRA","twitter_card":"summary_large_image","twitter_misc":{"Escrito por":"VICTOR OLIVEIRA","Est. tempo de leitura":"3 minutos"},"schema":{"@context":"https:\/\/schema.org","@graph":[{"@type":"Article","@id":"https:\/\/bahiaeconomica.com.br\/wp\/2026\/01\/22\/bienal-do-livro-bahia-2026-anuncia-primeiras-atracoes-veja-quem-vai-participar\/#article","isPartOf":{"@id":"https:\/\/bahiaeconomica.com.br\/wp\/2026\/01\/22\/bienal-do-livro-bahia-2026-anuncia-primeiras-atracoes-veja-quem-vai-participar\/"},"author":{"name":"VICTOR OLIVEIRA","@id":"https:\/\/bahiaeconomica.com.br\/wp\/#\/schema\/person\/a17956d0e1112b626f403fb06b8129a9"},"headline":"BIENAL DO LIVRO BAHIA 2026 ANUNCIA PRIMEIRAS ATRA\u00c7\u00d5ES; VEJA QUEM VAI PARTICIPAR","datePublished":"2026-01-22T19:14:37+00:00","dateModified":"2026-01-22T19:14:37+00:00","mainEntityOfPage":{"@id":"https:\/\/bahiaeconomica.com.br\/wp\/2026\/01\/22\/bienal-do-livro-bahia-2026-anuncia-primeiras-atracoes-veja-quem-vai-participar\/"},"wordCount":541,"publisher":{"@id":"https:\/\/bahiaeconomica.com.br\/wp\/#organization"},"keywords":["atra\u00e7\u00f5es","bienal de livro","cultura"],"articleSection":["CULTURA E ARTE","MUNIC\u00cdPIOS"],"inLanguage":"pt-BR"},{"@type":"WebPage","@id":"https:\/\/bahiaeconomica.com.br\/wp\/2026\/01\/22\/bienal-do-livro-bahia-2026-anuncia-primeiras-atracoes-veja-quem-vai-participar\/","url":"https:\/\/bahiaeconomica.com.br\/wp\/2026\/01\/22\/bienal-do-livro-bahia-2026-anuncia-primeiras-atracoes-veja-quem-vai-participar\/","name":"BIENAL DO LIVRO BAHIA 2026 ANUNCIA PRIMEIRAS ATRA\u00c7\u00d5ES; VEJA QUEM VAI PARTICIPAR - Bahia Economica Com o tema \u201cBahia Identidade que ecoa nos quatro cantos do mundo\", a Bienal do Livro Bahia 2026 j\u00e1 come\u00e7a a ganhar forma e anuncia os primeiros nomes da sua programa\u00e7\u00e3o cultural.","isPartOf":{"@id":"https:\/\/bahiaeconomica.com.br\/wp\/#website"},"datePublished":"2026-01-22T19:14:37+00:00","dateModified":"2026-01-22T19:14:37+00:00","description":"O maior portal de Economia da Bahia CULTURA E ARTE, MUNIC\u00cdPIOS Bahia Economica Com o tema \u201cBahia Identidade que ecoa nos quatro cantos do mundo\", a Bienal do Livro Bahia 2026 j\u00e1 come\u00e7a a ganhar forma e anuncia os primeiros nomes da sua programa\u00e7\u00e3o cultural.","breadcrumb":{"@id":"https:\/\/bahiaeconomica.com.br\/wp\/2026\/01\/22\/bienal-do-livro-bahia-2026-anuncia-primeiras-atracoes-veja-quem-vai-participar\/#breadcrumb"},"inLanguage":"pt-BR","potentialAction":[{"@type":"ReadAction","target":["https:\/\/bahiaeconomica.com.br\/wp\/2026\/01\/22\/bienal-do-livro-bahia-2026-anuncia-primeiras-atracoes-veja-quem-vai-participar\/"]}]},{"@type":"BreadcrumbList","@id":"https:\/\/bahiaeconomica.com.br\/wp\/2026\/01\/22\/bienal-do-livro-bahia-2026-anuncia-primeiras-atracoes-veja-quem-vai-participar\/#breadcrumb","itemListElement":[{"@type":"ListItem","position":1,"name":"In\u00edcio","item":"https:\/\/bahiaeconomica.com.br\/wp\/"},{"@type":"ListItem","position":2,"name":"BIENAL DO LIVRO BAHIA 2026 ANUNCIA PRIMEIRAS ATRA\u00c7\u00d5ES; VEJA QUEM VAI PARTICIPAR"}]},{"@type":"WebSite","@id":"https:\/\/bahiaeconomica.com.br\/wp\/#website","url":"https:\/\/bahiaeconomica.com.br\/wp\/","name":"Bahia Economica","description":"O maior portal de Economia da Bahia","publisher":{"@id":"https:\/\/bahiaeconomica.com.br\/wp\/#organization"},"potentialAction":[{"@type":"SearchAction","target":{"@type":"EntryPoint","urlTemplate":"https:\/\/bahiaeconomica.com.br\/wp\/?s={search_term_string}"},"query-input":"required name=search_term_string"}],"inLanguage":"pt-BR"},{"@type":"Organization","@id":"https:\/\/bahiaeconomica.com.br\/wp\/#organization","name":"Bahia Econ\u00f4mica","url":"https:\/\/bahiaeconomica.com.br\/wp\/","logo":{"@type":"ImageObject","inLanguage":"pt-BR","@id":"https:\/\/bahiaeconomica.com.br\/wp\/#\/schema\/logo\/image\/","url":"https:\/\/bahiaeconomica.com.br\/wp\/wp-content\/uploads\/2020\/12\/cropped-BE.png","contentUrl":"https:\/\/bahiaeconomica.com.br\/wp\/wp-content\/uploads\/2020\/12\/cropped-BE.png","width":512,"height":512,"caption":"Bahia Econ\u00f4mica"},"image":{"@id":"https:\/\/bahiaeconomica.com.br\/wp\/#\/schema\/logo\/image\/"},"sameAs":["https:\/\/www.facebook.com\/bahiaeconomica"]},{"@type":"Person","@id":"https:\/\/bahiaeconomica.com.br\/wp\/#\/schema\/person\/a17956d0e1112b626f403fb06b8129a9","name":"VICTOR OLIVEIRA","sameAs":["http:\/\/www.bahiaeconomica.com.br"],"url":"https:\/\/bahiaeconomica.com.br\/wp\/author\/victor-oliveira\/"}]}},"views":34,"_links":{"self":[{"href":"https:\/\/bahiaeconomica.com.br\/wp\/wp-json\/wp\/v2\/posts\/969116"}],"collection":[{"href":"https:\/\/bahiaeconomica.com.br\/wp\/wp-json\/wp\/v2\/posts"}],"about":[{"href":"https:\/\/bahiaeconomica.com.br\/wp\/wp-json\/wp\/v2\/types\/post"}],"author":[{"embeddable":true,"href":"https:\/\/bahiaeconomica.com.br\/wp\/wp-json\/wp\/v2\/users\/24"}],"replies":[{"embeddable":true,"href":"https:\/\/bahiaeconomica.com.br\/wp\/wp-json\/wp\/v2\/comments?post=969116"}],"version-history":[{"count":1,"href":"https:\/\/bahiaeconomica.com.br\/wp\/wp-json\/wp\/v2\/posts\/969116\/revisions"}],"predecessor-version":[{"id":969118,"href":"https:\/\/bahiaeconomica.com.br\/wp\/wp-json\/wp\/v2\/posts\/969116\/revisions\/969118"}],"wp:featuredmedia":[{"embeddable":true,"href":"https:\/\/bahiaeconomica.com.br\/wp\/wp-json\/wp\/v2\/media\/969117"}],"wp:attachment":[{"href":"https:\/\/bahiaeconomica.com.br\/wp\/wp-json\/wp\/v2\/media?parent=969116"}],"wp:term":[{"taxonomy":"category","embeddable":true,"href":"https:\/\/bahiaeconomica.com.br\/wp\/wp-json\/wp\/v2\/categories?post=969116"},{"taxonomy":"post_tag","embeddable":true,"href":"https:\/\/bahiaeconomica.com.br\/wp\/wp-json\/wp\/v2\/tags?post=969116"}],"curies":[{"name":"wp","href":"https:\/\/api.w.org\/{rel}","templated":true}]}}