{"id":969103,"date":"2026-01-22T17:00:39","date_gmt":"2026-01-22T20:00:39","guid":{"rendered":"https:\/\/bahiaeconomica.com.br\/wp\/?p=969103"},"modified":"2026-01-22T15:37:57","modified_gmt":"2026-01-22T18:37:57","slug":"economia-do-mar-em-salvador-cresce-6-em-2025","status":"publish","type":"post","link":"https:\/\/bahiaeconomica.com.br\/wp\/2026\/01\/22\/economia-do-mar-em-salvador-cresce-6-em-2025\/","title":{"rendered":"ECONOMIA DO MAR EM SALVADOR CRESCE 6% EM 2025"},"content":{"rendered":"<p>A Economia do Mar em Salvador consolidou-se, em 2025, como um dos motores mais vibrantes do desenvolvimento econ\u00f4mico da capital baiana. Segundo dados consolidados pela Prefeitura de Salvador, por meio da Secretaria Municipal de Desenvolvimento Econ\u00f4mico, Emprego e Renda (Semdec), o setor registrou crescimento de 6% no n\u00famero de empregos formais em rela\u00e7\u00e3o a 2024. O desempenho reflete a efic\u00e1cia das pol\u00edticas p\u00fablicas de fomento ao setor n\u00e1utico e a crescente atratividade da Ba\u00eda de Todos-os-Santos para investimentos.<\/p>\n<p>O crescimento foi impulsionado, sobretudo, por tr\u00eas segmentos estrat\u00e9gicos: manuten\u00e7\u00e3o e repara\u00e7\u00e3o de embarca\u00e7\u00f5es; obras portu\u00e1rias, mar\u00edtimas e fluviais; e atividades auxiliares dos transportes aquavi\u00e1rios.<\/p>\n<p>&#8220;A expans\u00e3o dessas \u00e1reas demonstra que Salvador n\u00e3o apenas atrai turistas, mas tamb\u00e9m est\u00e1 construindo uma infraestrutura robusta para atender \u00e0 demanda t\u00e9cnica e log\u00edstica do setor n\u00e1utico, tanto nacional quanto internacional&#8221;, afirmou a diretora da Semdec, Luciana Buck.<\/p>\n<p>Tour das Ilhas &#8211; Como exemplo pr\u00e1tico dessa vitalidade, Salvador prepara-se para o Tour das Ilhas 2026, que ocorrer\u00e1 entre os dias 23 e 25 de janeiro. O evento, que percorre mais de 400 quil\u00f4metros de navega\u00e7\u00e3o, partindo de Salvador com destino a Barra Grande, exemplifica como o entretenimento n\u00e1utico movimenta uma cadeia extensa \u2014 desde o setor de combust\u00edveis e a manuten\u00e7\u00e3o de motos aqu\u00e1ticas at\u00e9 a hotelaria e a gastronomia locais.<\/p>\n<p>Com foco na sustentabilidade, o Tour das Ilhas j\u00e1 \u00e9 considerado um marco no calend\u00e1rio de eventos que promovem a gera\u00e7\u00e3o imediata de renda na capital baiana, ao integrar os participantes e valorizar as belezas naturais. O evento reunir\u00e1 participantes de diversos estados do pa\u00eds, como Bahia, S\u00e3o Paulo, Distrito Federal, Pernambuco, Rio de Janeiro, Goi\u00e1s, Sergipe e Santa Catarina.<\/p>\n<p>Al\u00e9m do Tour das Ilhas, Salvador recebe, ao longo de todo o ano, eventos n\u00e1uticos que impulsionam o mercado e o turismo do setor, como a Regata da Primavera, o Boat Show, o Barco Show e o F\u00f3rum N\u00e1utico Internacional.<\/p>\n<p>&#8220;Salvador tem um potencial gigantesco, compar\u00e1vel ao de outros balne\u00e1rios e roteiros n\u00e1uticos internacionais, como Nice e M\u00f4naco, na Fran\u00e7a. Temos a Praia de Ponta de Nossa Senhora de Guadalupe, na Ilha dos Frades, eleita a mais linda do mundo pelo ranking da CIF Playas. A Prefeitura de Salvador est\u00e1 investindo e reestruturando esse setor, que tem potencial para gerar milhares de empregos e ampliar a renda do soteropolitano nos pr\u00f3ximos anos. Nossa ba\u00eda de \u00e1guas calmas tem tudo para impulsionar ainda mais a economia local&#8221;, destacou a gestora.<\/p>\n<p>Fotos: Divulga\u00e7\u00e3o Tour das Ilhas<\/p>\n","protected":false},"excerpt":{"rendered":"<p>A Economia do Mar em Salvador consolidou-se, em 2025, como um dos motores mais vibrantes do desenvolvimento econ\u00f4mico da capital baiana. Segundo dados consolidados pela Prefeitura de Salvador, por meio da Secretaria Municipal de Desenvolvimento Econ\u00f4mico, Emprego e Renda (Semdec), o setor registrou crescimento de 6% no n\u00famero de empregos formais em rela\u00e7\u00e3o a 2024. [&hellip;]<\/p>\n","protected":false},"author":15,"featured_media":969104,"comment_status":"closed","ping_status":"closed","sticky":false,"template":"","format":"standard","meta":[],"categories":[14,3],"tags":[],"acf":[],"yoast_head":"<!-- This site is optimized with the Yoast SEO plugin v20.8 - https:\/\/yoast.com\/wordpress\/plugins\/seo\/ -->\n<title>ECONOMIA DO MAR EM SALVADOR CRESCE 6% EM 2025 - Bahia Economica<\/title>\n<meta name=\"description\" content=\"O maior portal de Economia da Bahia DESTAQUE DO DIA, ECONOMIA \/ POL\u00cdTICA Bahia Economica\" \/>\n<meta name=\"robots\" content=\"index, follow, max-snippet:-1, max-image-preview:large, max-video-preview:-1\" \/>\n<link rel=\"canonical\" href=\"https:\/\/bahiaeconomica.com.br\/wp\/2026\/01\/22\/economia-do-mar-em-salvador-cresce-6-em-2025\/\" \/>\n<meta property=\"og:locale\" content=\"pt_BR\" \/>\n<meta property=\"og:type\" content=\"article\" \/>\n<meta property=\"og:title\" content=\"ECONOMIA DO MAR EM SALVADOR CRESCE 6% EM 2025 - Bahia Economica\" \/>\n<meta property=\"og:description\" content=\"O maior portal de Economia da Bahia DESTAQUE DO DIA, ECONOMIA \/ POL\u00cdTICA Bahia Economica\" \/>\n<meta property=\"og:url\" content=\"https:\/\/bahiaeconomica.com.br\/wp\/2026\/01\/22\/economia-do-mar-em-salvador-cresce-6-em-2025\/\" \/>\n<meta property=\"og:site_name\" content=\"Bahia Economica\" \/>\n<meta property=\"article:publisher\" content=\"https:\/\/www.facebook.com\/bahiaeconomica\" \/>\n<meta property=\"article:published_time\" content=\"2026-01-22T20:00:39+00:00\" \/>\n<meta property=\"article:modified_time\" content=\"2026-01-22T18:37:57+00:00\" \/>\n<meta property=\"og:image\" content=\"https:\/\/bahiaeconomica.com.br\/wp\/wp-content\/uploads\/2026\/01\/TurismoNautico_DivulgacaoTourdasIlhas02.jpg\" \/>\n\t<meta property=\"og:image:width\" content=\"1440\" \/>\n\t<meta property=\"og:image:height\" content=\"1080\" \/>\n\t<meta property=\"og:image:type\" content=\"image\/jpeg\" \/>\n<meta name=\"author\" content=\"VICTORIA ISABEL\" \/>\n<meta name=\"twitter:card\" content=\"summary_large_image\" \/>\n<meta name=\"twitter:label1\" content=\"Escrito por\" \/>\n\t<meta name=\"twitter:data1\" content=\"VICTORIA ISABEL\" \/>\n\t<meta name=\"twitter:label2\" content=\"Est. tempo de leitura\" \/>\n\t<meta name=\"twitter:data2\" content=\"3 minutos\" \/>\n<script type=\"application\/ld+json\" class=\"yoast-schema-graph\">{\"@context\":\"https:\/\/schema.org\",\"@graph\":[{\"@type\":\"Article\",\"@id\":\"https:\/\/bahiaeconomica.com.br\/wp\/2026\/01\/22\/economia-do-mar-em-salvador-cresce-6-em-2025\/#article\",\"isPartOf\":{\"@id\":\"https:\/\/bahiaeconomica.com.br\/wp\/2026\/01\/22\/economia-do-mar-em-salvador-cresce-6-em-2025\/\"},\"author\":{\"name\":\"VICTORIA ISABEL\",\"@id\":\"https:\/\/bahiaeconomica.com.br\/wp\/#\/schema\/person\/b719ce0fb1c09f3c7a00d9243ced4a6f\"},\"headline\":\"ECONOMIA DO MAR EM SALVADOR CRESCE 6% EM 2025\",\"datePublished\":\"2026-01-22T20:00:39+00:00\",\"dateModified\":\"2026-01-22T18:37:57+00:00\",\"mainEntityOfPage\":{\"@id\":\"https:\/\/bahiaeconomica.com.br\/wp\/2026\/01\/22\/economia-do-mar-em-salvador-cresce-6-em-2025\/\"},\"wordCount\":453,\"publisher\":{\"@id\":\"https:\/\/bahiaeconomica.com.br\/wp\/#organization\"},\"articleSection\":[\"DESTAQUE DO DIA\",\"ECONOMIA \/ POL\u00cdTICA\"],\"inLanguage\":\"pt-BR\"},{\"@type\":\"WebPage\",\"@id\":\"https:\/\/bahiaeconomica.com.br\/wp\/2026\/01\/22\/economia-do-mar-em-salvador-cresce-6-em-2025\/\",\"url\":\"https:\/\/bahiaeconomica.com.br\/wp\/2026\/01\/22\/economia-do-mar-em-salvador-cresce-6-em-2025\/\",\"name\":\"ECONOMIA DO MAR EM SALVADOR CRESCE 6% EM 2025 - Bahia Economica\",\"isPartOf\":{\"@id\":\"https:\/\/bahiaeconomica.com.br\/wp\/#website\"},\"datePublished\":\"2026-01-22T20:00:39+00:00\",\"dateModified\":\"2026-01-22T18:37:57+00:00\",\"description\":\"O maior portal de Economia da Bahia DESTAQUE DO DIA, ECONOMIA \/ POL\u00cdTICA Bahia Economica\",\"breadcrumb\":{\"@id\":\"https:\/\/bahiaeconomica.com.br\/wp\/2026\/01\/22\/economia-do-mar-em-salvador-cresce-6-em-2025\/#breadcrumb\"},\"inLanguage\":\"pt-BR\",\"potentialAction\":[{\"@type\":\"ReadAction\",\"target\":[\"https:\/\/bahiaeconomica.com.br\/wp\/2026\/01\/22\/economia-do-mar-em-salvador-cresce-6-em-2025\/\"]}]},{\"@type\":\"BreadcrumbList\",\"@id\":\"https:\/\/bahiaeconomica.com.br\/wp\/2026\/01\/22\/economia-do-mar-em-salvador-cresce-6-em-2025\/#breadcrumb\",\"itemListElement\":[{\"@type\":\"ListItem\",\"position\":1,\"name\":\"In\u00edcio\",\"item\":\"https:\/\/bahiaeconomica.com.br\/wp\/\"},{\"@type\":\"ListItem\",\"position\":2,\"name\":\"ECONOMIA DO MAR EM SALVADOR CRESCE 6% EM 2025\"}]},{\"@type\":\"WebSite\",\"@id\":\"https:\/\/bahiaeconomica.com.br\/wp\/#website\",\"url\":\"https:\/\/bahiaeconomica.com.br\/wp\/\",\"name\":\"Bahia Economica\",\"description\":\"O maior portal de Economia da Bahia\",\"publisher\":{\"@id\":\"https:\/\/bahiaeconomica.com.br\/wp\/#organization\"},\"potentialAction\":[{\"@type\":\"SearchAction\",\"target\":{\"@type\":\"EntryPoint\",\"urlTemplate\":\"https:\/\/bahiaeconomica.com.br\/wp\/?s={search_term_string}\"},\"query-input\":\"required name=search_term_string\"}],\"inLanguage\":\"pt-BR\"},{\"@type\":\"Organization\",\"@id\":\"https:\/\/bahiaeconomica.com.br\/wp\/#organization\",\"name\":\"Bahia Econ\u00f4mica\",\"url\":\"https:\/\/bahiaeconomica.com.br\/wp\/\",\"logo\":{\"@type\":\"ImageObject\",\"inLanguage\":\"pt-BR\",\"@id\":\"https:\/\/bahiaeconomica.com.br\/wp\/#\/schema\/logo\/image\/\",\"url\":\"https:\/\/bahiaeconomica.com.br\/wp\/wp-content\/uploads\/2020\/12\/cropped-BE.png\",\"contentUrl\":\"https:\/\/bahiaeconomica.com.br\/wp\/wp-content\/uploads\/2020\/12\/cropped-BE.png\",\"width\":512,\"height\":512,\"caption\":\"Bahia Econ\u00f4mica\"},\"image\":{\"@id\":\"https:\/\/bahiaeconomica.com.br\/wp\/#\/schema\/logo\/image\/\"},\"sameAs\":[\"https:\/\/www.facebook.com\/bahiaeconomica\"]},{\"@type\":\"Person\",\"@id\":\"https:\/\/bahiaeconomica.com.br\/wp\/#\/schema\/person\/b719ce0fb1c09f3c7a00d9243ced4a6f\",\"name\":\"VICTORIA ISABEL\",\"sameAs\":[\"http:\/\/www.bahiaeconomica.com.br\"],\"url\":\"https:\/\/bahiaeconomica.com.br\/wp\/author\/victoria-isabel\/\"}]}<\/script>\n<!-- \/ Yoast SEO plugin. -->","yoast_head_json":{"title":"ECONOMIA DO MAR EM SALVADOR CRESCE 6% EM 2025 - Bahia Economica","description":"O maior portal de Economia da Bahia DESTAQUE DO DIA, ECONOMIA \/ POL\u00cdTICA Bahia Economica","robots":{"index":"index","follow":"follow","max-snippet":"max-snippet:-1","max-image-preview":"max-image-preview:large","max-video-preview":"max-video-preview:-1"},"canonical":"https:\/\/bahiaeconomica.com.br\/wp\/2026\/01\/22\/economia-do-mar-em-salvador-cresce-6-em-2025\/","og_locale":"pt_BR","og_type":"article","og_title":"ECONOMIA DO MAR EM SALVADOR CRESCE 6% EM 2025 - Bahia Economica","og_description":"O maior portal de Economia da Bahia DESTAQUE DO DIA, ECONOMIA \/ POL\u00cdTICA Bahia Economica","og_url":"https:\/\/bahiaeconomica.com.br\/wp\/2026\/01\/22\/economia-do-mar-em-salvador-cresce-6-em-2025\/","og_site_name":"Bahia Economica","article_publisher":"https:\/\/www.facebook.com\/bahiaeconomica","article_published_time":"2026-01-22T20:00:39+00:00","article_modified_time":"2026-01-22T18:37:57+00:00","og_image":[{"width":1440,"height":1080,"url":"https:\/\/bahiaeconomica.com.br\/wp\/wp-content\/uploads\/2026\/01\/TurismoNautico_DivulgacaoTourdasIlhas02.jpg","type":"image\/jpeg"}],"author":"VICTORIA ISABEL","twitter_card":"summary_large_image","twitter_misc":{"Escrito por":"VICTORIA ISABEL","Est. tempo de leitura":"3 minutos"},"schema":{"@context":"https:\/\/schema.org","@graph":[{"@type":"Article","@id":"https:\/\/bahiaeconomica.com.br\/wp\/2026\/01\/22\/economia-do-mar-em-salvador-cresce-6-em-2025\/#article","isPartOf":{"@id":"https:\/\/bahiaeconomica.com.br\/wp\/2026\/01\/22\/economia-do-mar-em-salvador-cresce-6-em-2025\/"},"author":{"name":"VICTORIA ISABEL","@id":"https:\/\/bahiaeconomica.com.br\/wp\/#\/schema\/person\/b719ce0fb1c09f3c7a00d9243ced4a6f"},"headline":"ECONOMIA DO MAR EM SALVADOR CRESCE 6% EM 2025","datePublished":"2026-01-22T20:00:39+00:00","dateModified":"2026-01-22T18:37:57+00:00","mainEntityOfPage":{"@id":"https:\/\/bahiaeconomica.com.br\/wp\/2026\/01\/22\/economia-do-mar-em-salvador-cresce-6-em-2025\/"},"wordCount":453,"publisher":{"@id":"https:\/\/bahiaeconomica.com.br\/wp\/#organization"},"articleSection":["DESTAQUE DO DIA","ECONOMIA \/ POL\u00cdTICA"],"inLanguage":"pt-BR"},{"@type":"WebPage","@id":"https:\/\/bahiaeconomica.com.br\/wp\/2026\/01\/22\/economia-do-mar-em-salvador-cresce-6-em-2025\/","url":"https:\/\/bahiaeconomica.com.br\/wp\/2026\/01\/22\/economia-do-mar-em-salvador-cresce-6-em-2025\/","name":"ECONOMIA DO MAR EM SALVADOR CRESCE 6% EM 2025 - Bahia Economica","isPartOf":{"@id":"https:\/\/bahiaeconomica.com.br\/wp\/#website"},"datePublished":"2026-01-22T20:00:39+00:00","dateModified":"2026-01-22T18:37:57+00:00","description":"O maior portal de Economia da Bahia DESTAQUE DO DIA, ECONOMIA \/ POL\u00cdTICA Bahia Economica","breadcrumb":{"@id":"https:\/\/bahiaeconomica.com.br\/wp\/2026\/01\/22\/economia-do-mar-em-salvador-cresce-6-em-2025\/#breadcrumb"},"inLanguage":"pt-BR","potentialAction":[{"@type":"ReadAction","target":["https:\/\/bahiaeconomica.com.br\/wp\/2026\/01\/22\/economia-do-mar-em-salvador-cresce-6-em-2025\/"]}]},{"@type":"BreadcrumbList","@id":"https:\/\/bahiaeconomica.com.br\/wp\/2026\/01\/22\/economia-do-mar-em-salvador-cresce-6-em-2025\/#breadcrumb","itemListElement":[{"@type":"ListItem","position":1,"name":"In\u00edcio","item":"https:\/\/bahiaeconomica.com.br\/wp\/"},{"@type":"ListItem","position":2,"name":"ECONOMIA DO MAR EM SALVADOR CRESCE 6% EM 2025"}]},{"@type":"WebSite","@id":"https:\/\/bahiaeconomica.com.br\/wp\/#website","url":"https:\/\/bahiaeconomica.com.br\/wp\/","name":"Bahia Economica","description":"O maior portal de Economia da Bahia","publisher":{"@id":"https:\/\/bahiaeconomica.com.br\/wp\/#organization"},"potentialAction":[{"@type":"SearchAction","target":{"@type":"EntryPoint","urlTemplate":"https:\/\/bahiaeconomica.com.br\/wp\/?s={search_term_string}"},"query-input":"required name=search_term_string"}],"inLanguage":"pt-BR"},{"@type":"Organization","@id":"https:\/\/bahiaeconomica.com.br\/wp\/#organization","name":"Bahia Econ\u00f4mica","url":"https:\/\/bahiaeconomica.com.br\/wp\/","logo":{"@type":"ImageObject","inLanguage":"pt-BR","@id":"https:\/\/bahiaeconomica.com.br\/wp\/#\/schema\/logo\/image\/","url":"https:\/\/bahiaeconomica.com.br\/wp\/wp-content\/uploads\/2020\/12\/cropped-BE.png","contentUrl":"https:\/\/bahiaeconomica.com.br\/wp\/wp-content\/uploads\/2020\/12\/cropped-BE.png","width":512,"height":512,"caption":"Bahia Econ\u00f4mica"},"image":{"@id":"https:\/\/bahiaeconomica.com.br\/wp\/#\/schema\/logo\/image\/"},"sameAs":["https:\/\/www.facebook.com\/bahiaeconomica"]},{"@type":"Person","@id":"https:\/\/bahiaeconomica.com.br\/wp\/#\/schema\/person\/b719ce0fb1c09f3c7a00d9243ced4a6f","name":"VICTORIA ISABEL","sameAs":["http:\/\/www.bahiaeconomica.com.br"],"url":"https:\/\/bahiaeconomica.com.br\/wp\/author\/victoria-isabel\/"}]}},"views":27,"_links":{"self":[{"href":"https:\/\/bahiaeconomica.com.br\/wp\/wp-json\/wp\/v2\/posts\/969103"}],"collection":[{"href":"https:\/\/bahiaeconomica.com.br\/wp\/wp-json\/wp\/v2\/posts"}],"about":[{"href":"https:\/\/bahiaeconomica.com.br\/wp\/wp-json\/wp\/v2\/types\/post"}],"author":[{"embeddable":true,"href":"https:\/\/bahiaeconomica.com.br\/wp\/wp-json\/wp\/v2\/users\/15"}],"replies":[{"embeddable":true,"href":"https:\/\/bahiaeconomica.com.br\/wp\/wp-json\/wp\/v2\/comments?post=969103"}],"version-history":[{"count":1,"href":"https:\/\/bahiaeconomica.com.br\/wp\/wp-json\/wp\/v2\/posts\/969103\/revisions"}],"predecessor-version":[{"id":969105,"href":"https:\/\/bahiaeconomica.com.br\/wp\/wp-json\/wp\/v2\/posts\/969103\/revisions\/969105"}],"wp:featuredmedia":[{"embeddable":true,"href":"https:\/\/bahiaeconomica.com.br\/wp\/wp-json\/wp\/v2\/media\/969104"}],"wp:attachment":[{"href":"https:\/\/bahiaeconomica.com.br\/wp\/wp-json\/wp\/v2\/media?parent=969103"}],"wp:term":[{"taxonomy":"category","embeddable":true,"href":"https:\/\/bahiaeconomica.com.br\/wp\/wp-json\/wp\/v2\/categories?post=969103"},{"taxonomy":"post_tag","embeddable":true,"href":"https:\/\/bahiaeconomica.com.br\/wp\/wp-json\/wp\/v2\/tags?post=969103"}],"curies":[{"name":"wp","href":"https:\/\/api.w.org\/{rel}","templated":true}]}}