{"id":968995,"date":"2026-01-22T09:26:58","date_gmt":"2026-01-22T12:26:58","guid":{"rendered":"https:\/\/bahiaeconomica.com.br\/wp\/?p=968995"},"modified":"2026-01-22T09:26:58","modified_gmt":"2026-01-22T12:26:58","slug":"vitoria-anuncia-a-contratacao-do-volante-argentino-emmanuel-martinez","status":"publish","type":"post","link":"https:\/\/bahiaeconomica.com.br\/wp\/2026\/01\/22\/vitoria-anuncia-a-contratacao-do-volante-argentino-emmanuel-martinez\/","title":{"rendered":"VIT\u00d3RIA ANUNCIA A CONTRATA\u00c7\u00c3O DO VOLANTE ARGENTINO EMMANUEL MART\u00cdNEZ"},"content":{"rendered":"<p>Buscando refor\u00e7ando o elenco comandado por Jair Ventura, o Vit\u00f3ria anunciou a contrata\u00e7\u00e3o do volante argentino Emmanuel Mart\u00ednez, do Fortaleza. Ap\u00f3s rescindir com seu antigo clube, o jogador assinou contrato v\u00e1lido at\u00e9 o final de 2027. J\u00e1 em Salvador, Mart\u00ednez \u00e9 a quinta contrata\u00e7\u00e3o anunciada pelo time na temporada.<\/p>\n<p data-start=\"293\" data-end=\"614\">Em comunicado oficial, o clube destacou as caracter\u00edsticas do atleta, conhecido pela intensidade na marca\u00e7\u00e3o, boa leitura de jogo e qualidade na sa\u00edda de bola. A expectativa da diretoria \u00e9 que Emmanuel Mart\u00ednez agregue experi\u00eancia e equil\u00edbrio ao setor, contribuindo tanto defensivamente quanto na constru\u00e7\u00e3o das jogadas.<\/p>\n<p data-start=\"616\" data-end=\"960\">Revelado no futebol argentino, o volante construiu sua carreira atuando em equipes do pa\u00eds e tamb\u00e9m acumulou passagens por outras ligas sul-americanas, o que pesou positivamente na avalia\u00e7\u00e3o do departamento de futebol do Vit\u00f3ria. A contrata\u00e7\u00e3o faz parte do planejamento do clube, que busca montar um elenco competitivo e com maior profundidade.<\/p>\n<p data-start=\"962\" data-end=\"1208\" data-is-last-node=\"\" data-is-only-node=\"\">Emmanuel Mart\u00ednez j\u00e1 se apresentou ao clube, realizou exames m\u00e9dicos e iniciou os trabalhos com o restante do elenco. A estreia do jogador depender\u00e1 da regulariza\u00e7\u00e3o junto \u00e0 Confedera\u00e7\u00e3o Brasileira de Futebol (CBF) e da op\u00e7\u00e3o da comiss\u00e3o t\u00e9cnica.<\/p>\n<p data-start=\"962\" data-end=\"1208\" data-is-last-node=\"\" data-is-only-node=\"\">foto= Cr\u00e9dito: Divulga\u00e7\u00e3o\/Vit\u00f3ria<\/p>\n","protected":false},"excerpt":{"rendered":"<p>Buscando refor\u00e7ando o elenco comandado por Jair Ventura, o Vit\u00f3ria anunciou a contrata\u00e7\u00e3o do volante argentino Emmanuel Mart\u00ednez, do Fortaleza. Ap\u00f3s rescindir com seu antigo clube, o jogador assinou contrato v\u00e1lido at\u00e9 o final de 2027. J\u00e1 em Salvador, Mart\u00ednez \u00e9 a quinta contrata\u00e7\u00e3o anunciada pelo time na temporada. Em comunicado oficial, o clube destacou [&hellip;]<\/p>\n","protected":false},"author":30,"featured_media":968996,"comment_status":"closed","ping_status":"closed","sticky":false,"template":"","format":"standard","meta":[],"categories":[4486],"tags":[1750,43303,1002,2898],"acf":[],"yoast_head":"<!-- This site is optimized with the Yoast SEO plugin v20.8 - https:\/\/yoast.com\/wordpress\/plugins\/seo\/ -->\n<title>VIT\u00d3RIA ANUNCIA A CONTRATA\u00c7\u00c3O DO VOLANTE ARGENTINO EMMANUEL MART\u00cdNEZ - Bahia Economica<\/title>\n<meta name=\"description\" content=\"O maior portal de Economia da Bahia Esporte Bahia Economica\" \/>\n<meta name=\"robots\" content=\"index, follow, max-snippet:-1, max-image-preview:large, max-video-preview:-1\" \/>\n<link rel=\"canonical\" href=\"https:\/\/bahiaeconomica.com.br\/wp\/2026\/01\/22\/vitoria-anuncia-a-contratacao-do-volante-argentino-emmanuel-martinez\/\" \/>\n<meta property=\"og:locale\" content=\"pt_BR\" \/>\n<meta property=\"og:type\" content=\"article\" \/>\n<meta property=\"og:title\" content=\"VIT\u00d3RIA ANUNCIA A CONTRATA\u00c7\u00c3O DO VOLANTE ARGENTINO EMMANUEL MART\u00cdNEZ - Bahia Economica\" \/>\n<meta property=\"og:description\" content=\"O maior portal de Economia da Bahia Esporte Bahia Economica\" \/>\n<meta property=\"og:url\" content=\"https:\/\/bahiaeconomica.com.br\/wp\/2026\/01\/22\/vitoria-anuncia-a-contratacao-do-volante-argentino-emmanuel-martinez\/\" \/>\n<meta property=\"og:site_name\" content=\"Bahia Economica\" \/>\n<meta property=\"article:publisher\" content=\"https:\/\/www.facebook.com\/bahiaeconomica\" \/>\n<meta property=\"article:published_time\" content=\"2026-01-22T12:26:58+00:00\" \/>\n<meta property=\"og:image\" content=\"https:\/\/bahiaeconomica.com.br\/wp\/wp-content\/uploads\/2026\/01\/vitoria-anunciou-a-contratacao-de-volante-argentino-emmanuel-martinez-3104782-article-e1769084805831.webp\" \/>\n\t<meta property=\"og:image:width\" content=\"600\" \/>\n\t<meta property=\"og:image:height\" content=\"295\" \/>\n\t<meta property=\"og:image:type\" content=\"image\/webp\" \/>\n<meta name=\"author\" content=\"Igor Lima\" \/>\n<meta name=\"twitter:card\" content=\"summary_large_image\" \/>\n<meta name=\"twitter:label1\" content=\"Escrito por\" \/>\n\t<meta name=\"twitter:data1\" content=\"Igor Lima\" \/>\n\t<meta name=\"twitter:label2\" content=\"Est. tempo de leitura\" \/>\n\t<meta name=\"twitter:data2\" content=\"2 minutos\" \/>\n<script type=\"application\/ld+json\" class=\"yoast-schema-graph\">{\"@context\":\"https:\/\/schema.org\",\"@graph\":[{\"@type\":\"Article\",\"@id\":\"https:\/\/bahiaeconomica.com.br\/wp\/2026\/01\/22\/vitoria-anuncia-a-contratacao-do-volante-argentino-emmanuel-martinez\/#article\",\"isPartOf\":{\"@id\":\"https:\/\/bahiaeconomica.com.br\/wp\/2026\/01\/22\/vitoria-anuncia-a-contratacao-do-volante-argentino-emmanuel-martinez\/\"},\"author\":{\"name\":\"Igor Lima\",\"@id\":\"https:\/\/bahiaeconomica.com.br\/wp\/#\/schema\/person\/23d69cf5269928c69c6577aa8c98e537\"},\"headline\":\"VIT\u00d3RIA ANUNCIA A CONTRATA\u00c7\u00c3O DO VOLANTE ARGENTINO EMMANUEL MART\u00cdNEZ\",\"datePublished\":\"2026-01-22T12:26:58+00:00\",\"dateModified\":\"2026-01-22T12:26:58+00:00\",\"mainEntityOfPage\":{\"@id\":\"https:\/\/bahiaeconomica.com.br\/wp\/2026\/01\/22\/vitoria-anuncia-a-contratacao-do-volante-argentino-emmanuel-martinez\/\"},\"wordCount\":229,\"publisher\":{\"@id\":\"https:\/\/bahiaeconomica.com.br\/wp\/#organization\"},\"keywords\":[\"jogador\",\"martinez\",\"vitoria\",\"volante\"],\"articleSection\":[\"Esporte\"],\"inLanguage\":\"pt-BR\"},{\"@type\":\"WebPage\",\"@id\":\"https:\/\/bahiaeconomica.com.br\/wp\/2026\/01\/22\/vitoria-anuncia-a-contratacao-do-volante-argentino-emmanuel-martinez\/\",\"url\":\"https:\/\/bahiaeconomica.com.br\/wp\/2026\/01\/22\/vitoria-anuncia-a-contratacao-do-volante-argentino-emmanuel-martinez\/\",\"name\":\"VIT\u00d3RIA ANUNCIA A CONTRATA\u00c7\u00c3O DO VOLANTE ARGENTINO EMMANUEL MART\u00cdNEZ - Bahia Economica\",\"isPartOf\":{\"@id\":\"https:\/\/bahiaeconomica.com.br\/wp\/#website\"},\"datePublished\":\"2026-01-22T12:26:58+00:00\",\"dateModified\":\"2026-01-22T12:26:58+00:00\",\"description\":\"O maior portal de Economia da Bahia Esporte Bahia Economica\",\"breadcrumb\":{\"@id\":\"https:\/\/bahiaeconomica.com.br\/wp\/2026\/01\/22\/vitoria-anuncia-a-contratacao-do-volante-argentino-emmanuel-martinez\/#breadcrumb\"},\"inLanguage\":\"pt-BR\",\"potentialAction\":[{\"@type\":\"ReadAction\",\"target\":[\"https:\/\/bahiaeconomica.com.br\/wp\/2026\/01\/22\/vitoria-anuncia-a-contratacao-do-volante-argentino-emmanuel-martinez\/\"]}]},{\"@type\":\"BreadcrumbList\",\"@id\":\"https:\/\/bahiaeconomica.com.br\/wp\/2026\/01\/22\/vitoria-anuncia-a-contratacao-do-volante-argentino-emmanuel-martinez\/#breadcrumb\",\"itemListElement\":[{\"@type\":\"ListItem\",\"position\":1,\"name\":\"In\u00edcio\",\"item\":\"https:\/\/bahiaeconomica.com.br\/wp\/\"},{\"@type\":\"ListItem\",\"position\":2,\"name\":\"VIT\u00d3RIA ANUNCIA A CONTRATA\u00c7\u00c3O DO VOLANTE ARGENTINO EMMANUEL MART\u00cdNEZ\"}]},{\"@type\":\"WebSite\",\"@id\":\"https:\/\/bahiaeconomica.com.br\/wp\/#website\",\"url\":\"https:\/\/bahiaeconomica.com.br\/wp\/\",\"name\":\"Bahia Economica\",\"description\":\"O maior portal de Economia da Bahia\",\"publisher\":{\"@id\":\"https:\/\/bahiaeconomica.com.br\/wp\/#organization\"},\"potentialAction\":[{\"@type\":\"SearchAction\",\"target\":{\"@type\":\"EntryPoint\",\"urlTemplate\":\"https:\/\/bahiaeconomica.com.br\/wp\/?s={search_term_string}\"},\"query-input\":\"required name=search_term_string\"}],\"inLanguage\":\"pt-BR\"},{\"@type\":\"Organization\",\"@id\":\"https:\/\/bahiaeconomica.com.br\/wp\/#organization\",\"name\":\"Bahia Econ\u00f4mica\",\"url\":\"https:\/\/bahiaeconomica.com.br\/wp\/\",\"logo\":{\"@type\":\"ImageObject\",\"inLanguage\":\"pt-BR\",\"@id\":\"https:\/\/bahiaeconomica.com.br\/wp\/#\/schema\/logo\/image\/\",\"url\":\"https:\/\/bahiaeconomica.com.br\/wp\/wp-content\/uploads\/2020\/12\/cropped-BE.png\",\"contentUrl\":\"https:\/\/bahiaeconomica.com.br\/wp\/wp-content\/uploads\/2020\/12\/cropped-BE.png\",\"width\":512,\"height\":512,\"caption\":\"Bahia Econ\u00f4mica\"},\"image\":{\"@id\":\"https:\/\/bahiaeconomica.com.br\/wp\/#\/schema\/logo\/image\/\"},\"sameAs\":[\"https:\/\/www.facebook.com\/bahiaeconomica\"]},{\"@type\":\"Person\",\"@id\":\"https:\/\/bahiaeconomica.com.br\/wp\/#\/schema\/person\/23d69cf5269928c69c6577aa8c98e537\",\"name\":\"Igor Lima\",\"sameAs\":[\"http:\/\/www.bahiaeconomica.com.br\"],\"url\":\"https:\/\/bahiaeconomica.com.br\/wp\/author\/igor-lima\/\"}]}<\/script>\n<!-- \/ Yoast SEO plugin. -->","yoast_head_json":{"title":"VIT\u00d3RIA ANUNCIA A CONTRATA\u00c7\u00c3O DO VOLANTE ARGENTINO EMMANUEL MART\u00cdNEZ - Bahia Economica","description":"O maior portal de Economia da Bahia Esporte Bahia Economica","robots":{"index":"index","follow":"follow","max-snippet":"max-snippet:-1","max-image-preview":"max-image-preview:large","max-video-preview":"max-video-preview:-1"},"canonical":"https:\/\/bahiaeconomica.com.br\/wp\/2026\/01\/22\/vitoria-anuncia-a-contratacao-do-volante-argentino-emmanuel-martinez\/","og_locale":"pt_BR","og_type":"article","og_title":"VIT\u00d3RIA ANUNCIA A CONTRATA\u00c7\u00c3O DO VOLANTE ARGENTINO EMMANUEL MART\u00cdNEZ - Bahia Economica","og_description":"O maior portal de Economia da Bahia Esporte Bahia Economica","og_url":"https:\/\/bahiaeconomica.com.br\/wp\/2026\/01\/22\/vitoria-anuncia-a-contratacao-do-volante-argentino-emmanuel-martinez\/","og_site_name":"Bahia Economica","article_publisher":"https:\/\/www.facebook.com\/bahiaeconomica","article_published_time":"2026-01-22T12:26:58+00:00","og_image":[{"width":600,"height":295,"url":"https:\/\/bahiaeconomica.com.br\/wp\/wp-content\/uploads\/2026\/01\/vitoria-anunciou-a-contratacao-de-volante-argentino-emmanuel-martinez-3104782-article-e1769084805831.webp","type":"image\/webp"}],"author":"Igor Lima","twitter_card":"summary_large_image","twitter_misc":{"Escrito por":"Igor Lima","Est. tempo de leitura":"2 minutos"},"schema":{"@context":"https:\/\/schema.org","@graph":[{"@type":"Article","@id":"https:\/\/bahiaeconomica.com.br\/wp\/2026\/01\/22\/vitoria-anuncia-a-contratacao-do-volante-argentino-emmanuel-martinez\/#article","isPartOf":{"@id":"https:\/\/bahiaeconomica.com.br\/wp\/2026\/01\/22\/vitoria-anuncia-a-contratacao-do-volante-argentino-emmanuel-martinez\/"},"author":{"name":"Igor Lima","@id":"https:\/\/bahiaeconomica.com.br\/wp\/#\/schema\/person\/23d69cf5269928c69c6577aa8c98e537"},"headline":"VIT\u00d3RIA ANUNCIA A CONTRATA\u00c7\u00c3O DO VOLANTE ARGENTINO EMMANUEL MART\u00cdNEZ","datePublished":"2026-01-22T12:26:58+00:00","dateModified":"2026-01-22T12:26:58+00:00","mainEntityOfPage":{"@id":"https:\/\/bahiaeconomica.com.br\/wp\/2026\/01\/22\/vitoria-anuncia-a-contratacao-do-volante-argentino-emmanuel-martinez\/"},"wordCount":229,"publisher":{"@id":"https:\/\/bahiaeconomica.com.br\/wp\/#organization"},"keywords":["jogador","martinez","vitoria","volante"],"articleSection":["Esporte"],"inLanguage":"pt-BR"},{"@type":"WebPage","@id":"https:\/\/bahiaeconomica.com.br\/wp\/2026\/01\/22\/vitoria-anuncia-a-contratacao-do-volante-argentino-emmanuel-martinez\/","url":"https:\/\/bahiaeconomica.com.br\/wp\/2026\/01\/22\/vitoria-anuncia-a-contratacao-do-volante-argentino-emmanuel-martinez\/","name":"VIT\u00d3RIA ANUNCIA A CONTRATA\u00c7\u00c3O DO VOLANTE ARGENTINO EMMANUEL MART\u00cdNEZ - Bahia Economica","isPartOf":{"@id":"https:\/\/bahiaeconomica.com.br\/wp\/#website"},"datePublished":"2026-01-22T12:26:58+00:00","dateModified":"2026-01-22T12:26:58+00:00","description":"O maior portal de Economia da Bahia Esporte Bahia Economica","breadcrumb":{"@id":"https:\/\/bahiaeconomica.com.br\/wp\/2026\/01\/22\/vitoria-anuncia-a-contratacao-do-volante-argentino-emmanuel-martinez\/#breadcrumb"},"inLanguage":"pt-BR","potentialAction":[{"@type":"ReadAction","target":["https:\/\/bahiaeconomica.com.br\/wp\/2026\/01\/22\/vitoria-anuncia-a-contratacao-do-volante-argentino-emmanuel-martinez\/"]}]},{"@type":"BreadcrumbList","@id":"https:\/\/bahiaeconomica.com.br\/wp\/2026\/01\/22\/vitoria-anuncia-a-contratacao-do-volante-argentino-emmanuel-martinez\/#breadcrumb","itemListElement":[{"@type":"ListItem","position":1,"name":"In\u00edcio","item":"https:\/\/bahiaeconomica.com.br\/wp\/"},{"@type":"ListItem","position":2,"name":"VIT\u00d3RIA ANUNCIA A CONTRATA\u00c7\u00c3O DO VOLANTE ARGENTINO EMMANUEL MART\u00cdNEZ"}]},{"@type":"WebSite","@id":"https:\/\/bahiaeconomica.com.br\/wp\/#website","url":"https:\/\/bahiaeconomica.com.br\/wp\/","name":"Bahia Economica","description":"O maior portal de Economia da Bahia","publisher":{"@id":"https:\/\/bahiaeconomica.com.br\/wp\/#organization"},"potentialAction":[{"@type":"SearchAction","target":{"@type":"EntryPoint","urlTemplate":"https:\/\/bahiaeconomica.com.br\/wp\/?s={search_term_string}"},"query-input":"required name=search_term_string"}],"inLanguage":"pt-BR"},{"@type":"Organization","@id":"https:\/\/bahiaeconomica.com.br\/wp\/#organization","name":"Bahia Econ\u00f4mica","url":"https:\/\/bahiaeconomica.com.br\/wp\/","logo":{"@type":"ImageObject","inLanguage":"pt-BR","@id":"https:\/\/bahiaeconomica.com.br\/wp\/#\/schema\/logo\/image\/","url":"https:\/\/bahiaeconomica.com.br\/wp\/wp-content\/uploads\/2020\/12\/cropped-BE.png","contentUrl":"https:\/\/bahiaeconomica.com.br\/wp\/wp-content\/uploads\/2020\/12\/cropped-BE.png","width":512,"height":512,"caption":"Bahia Econ\u00f4mica"},"image":{"@id":"https:\/\/bahiaeconomica.com.br\/wp\/#\/schema\/logo\/image\/"},"sameAs":["https:\/\/www.facebook.com\/bahiaeconomica"]},{"@type":"Person","@id":"https:\/\/bahiaeconomica.com.br\/wp\/#\/schema\/person\/23d69cf5269928c69c6577aa8c98e537","name":"Igor Lima","sameAs":["http:\/\/www.bahiaeconomica.com.br"],"url":"https:\/\/bahiaeconomica.com.br\/wp\/author\/igor-lima\/"}]}},"views":22,"_links":{"self":[{"href":"https:\/\/bahiaeconomica.com.br\/wp\/wp-json\/wp\/v2\/posts\/968995"}],"collection":[{"href":"https:\/\/bahiaeconomica.com.br\/wp\/wp-json\/wp\/v2\/posts"}],"about":[{"href":"https:\/\/bahiaeconomica.com.br\/wp\/wp-json\/wp\/v2\/types\/post"}],"author":[{"embeddable":true,"href":"https:\/\/bahiaeconomica.com.br\/wp\/wp-json\/wp\/v2\/users\/30"}],"replies":[{"embeddable":true,"href":"https:\/\/bahiaeconomica.com.br\/wp\/wp-json\/wp\/v2\/comments?post=968995"}],"version-history":[{"count":1,"href":"https:\/\/bahiaeconomica.com.br\/wp\/wp-json\/wp\/v2\/posts\/968995\/revisions"}],"predecessor-version":[{"id":968997,"href":"https:\/\/bahiaeconomica.com.br\/wp\/wp-json\/wp\/v2\/posts\/968995\/revisions\/968997"}],"wp:featuredmedia":[{"embeddable":true,"href":"https:\/\/bahiaeconomica.com.br\/wp\/wp-json\/wp\/v2\/media\/968996"}],"wp:attachment":[{"href":"https:\/\/bahiaeconomica.com.br\/wp\/wp-json\/wp\/v2\/media?parent=968995"}],"wp:term":[{"taxonomy":"category","embeddable":true,"href":"https:\/\/bahiaeconomica.com.br\/wp\/wp-json\/wp\/v2\/categories?post=968995"},{"taxonomy":"post_tag","embeddable":true,"href":"https:\/\/bahiaeconomica.com.br\/wp\/wp-json\/wp\/v2\/tags?post=968995"}],"curies":[{"name":"wp","href":"https:\/\/api.w.org\/{rel}","templated":true}]}}