{"id":968950,"date":"2026-01-22T07:01:29","date_gmt":"2026-01-22T10:01:29","guid":{"rendered":"https:\/\/bahiaeconomica.com.br\/wp\/?p=968950"},"modified":"2026-01-22T07:07:06","modified_gmt":"2026-01-22T10:07:06","slug":"prefeitura-de-camacari-e-byd-debatem-ampliacao-de-fabrica","status":"publish","type":"post","link":"https:\/\/bahiaeconomica.com.br\/wp\/2026\/01\/22\/prefeitura-de-camacari-e-byd-debatem-ampliacao-de-fabrica\/","title":{"rendered":"PREFEITURA DE CAMA\u00c7ARI E BYD DEBATEM AMPLIA\u00c7\u00c3O DE F\u00c1BRICA"},"content":{"rendered":"<p data-start=\"174\" data-end=\"378\">A Prefeitura de Cama\u00e7ari e a Build Your Dreams (BYD) avan\u00e7aram no fortalecimento da parceria institucional durante reuni\u00e3o realizada na tarde desta quarta-feira (21), no gabinete do prefeito Luiz Caetano.<\/p>\n<p data-start=\"380\" data-end=\"603\">O encontro teve como objetivo alinhar demandas estrat\u00e9gicas e apresentar os avan\u00e7os previstos para 2026, reafirmando o protagonismo de Cama\u00e7ari como polo industrial voltado \u00e0 inova\u00e7\u00e3o tecnol\u00f3gica e \u00e0 mobilidade sustent\u00e1vel.<\/p>\n<p>\u201cCama\u00e7ari e BYD \u00e9 uma parceria que segue avan\u00e7ando e um projeto que vem se consolidando. A cidade est\u00e1 preparada para crescer de forma planejada e inovadora, e essa parceria com a BYD demonstra que \u00e9 poss\u00edvel gerar emprego, renda, tecnologia e inclus\u00e3o social ao mesmo tempo. Nosso objetivo \u00e9 seguir dialogando e alinhando demandas&#8221;, afirmou o prefeito Luiz Caetano.<\/p>\n<p>Entre os principais pontos discutidos no encontro, esteve a produ\u00e7\u00e3o do BYD Song Plus na planta instalada no munic\u00edpio. O modelo, um SUV h\u00edbrido plug-in amplamente reconhecido no mercado brasileiro, \u00e9 o quarto ve\u00edculo produzido na f\u00e1brica local e integra a estrat\u00e9gia de nacionaliza\u00e7\u00e3o dos modelos mais vendidos da montadora no pa\u00eds. A iniciativa consolida Cama\u00e7ari como parte central da cadeia produtiva da ind\u00fastria automotiva de nova gera\u00e7\u00e3o.<\/p>\n<p>Aumento na produ\u00e7\u00e3o<\/p>\n<p>Os n\u00fameros de produ\u00e7\u00e3o tamb\u00e9m evidenciam o ritmo acelerado de crescimento da unidade. Entre outubro e dezembro de 2025, mais de 17 mil ve\u00edculos foram montados na f\u00e1brica. A expectativa \u00e9 que, at\u00e9 o final de janeiro deste ano, a marca ultrapasse 20 mil unidades. J\u00e1 para o ano de 2026, a meta projetada \u00e9 ainda mais robusta: alcan\u00e7ar a produ\u00e7\u00e3o de 180 mil ve\u00edculos. Atualmente operando em dois turnos, a f\u00e1brica j\u00e1 articula a amplia\u00e7\u00e3o para um terceiro turno at\u00e9 o fim do ano, movimento que deve impulsionar ainda mais a gera\u00e7\u00e3o de empregos e a din\u00e2mica econ\u00f4mica local.<\/p>\n<p>Durante a reuni\u00e3o, a empresa refor\u00e7ou o impacto positivo da opera\u00e7\u00e3o no desenvolvimento do munic\u00edpio. \u201cA BYD fica muito feliz em contribuir com o aumento da arrecada\u00e7\u00e3o do Produto Interno Bruto dessa cidade. Queremos manter essa parceria com o poder p\u00fablico e nos aproximar mais da comunidade. Temos um time que atua no social e que est\u00e1 se articulando para promover a\u00e7\u00f5es com a comunidade, com a parte escolar. Essa parceria s\u00f3 tem a crescer\u201d, afirmou Adams Chen, diretor-geral da f\u00e1brica da BYD em Cama\u00e7ari.<\/p>\n<p>A contrata\u00e7\u00e3o de m\u00e3o de obra local foi outro destaque do encontro. Nos pr\u00f3ximos dias 120 novos funcion\u00e1rios ser\u00e3o admitidos, refor\u00e7ando o compromisso da empresa com a gera\u00e7\u00e3o de oportunidades para os moradores do munic\u00edpio.<\/p>\n<p>Conforme a secret\u00e1ria de Desenvolvimento Econ\u00f4mico de Cama\u00e7ari, Adriana Marcele, a integra\u00e7\u00e3o entre o poder p\u00fablico e a montadora tem sido decisiva para esses resultados. \u201cA integra\u00e7\u00e3o da Prefeitura de Cama\u00e7ari com a BYD est\u00e1 sendo muito boa. J\u00e1 vamos iniciar o ano com muitas contrata\u00e7\u00f5es. Uma grande vit\u00f3ria para o nosso munic\u00edpio. A m\u00e3o de obra local est\u00e1 garantida\u201d, destacou.<\/p>\n<p>At\u00e9 o momento, a unidade j\u00e1 ultrapassa a marca de 2 mil trabalhadores admitidos, consolidando-se como uma das maiores empregadoras do setor industrial na regi\u00e3o. Al\u00e9m disso, a BYD informou que est\u00e1 na fase final de articula\u00e7\u00e3o para o in\u00edcio da produ\u00e7\u00e3o de componentes e transfer\u00eancia de tecnologia diretamente na planta de Cama\u00e7ari, al\u00e9m da cria\u00e7\u00e3o de uma \u00c1rea de Pesquisa e Desenvolvimento (P&amp;D) dentro da f\u00e1brica, o que representa um avan\u00e7o significativo em inova\u00e7\u00e3o e qualifica\u00e7\u00e3o t\u00e9cnica.<\/p>\n<p>Tamb\u00e9m participaram da reuni\u00e3o o vice-diretor de Opera\u00e7\u00e3o da f\u00e1brica da BYD em Cama\u00e7ari, Pan Swift; os secret\u00e1rios da Infraestrutura, Jos\u00e9 M\u00e1rio Bastos; de Desenvolvimento Urbano e Meio Ambiente, Rodrigo Nogueira; e de Governo, Ednalva Santana; al\u00e9m do chefe de Gabinete, Carlos Santos, e de Felipe Peleteiro, respons\u00e1vel pelas rela\u00e7\u00f5es governamentais da BYD em Cama\u00e7ari. (A Tarde)<\/p>\n<p>&nbsp;<\/p>\n<p>Foto: Patrick Abreu \/ Prefeitura de Cama\u00e7ari<\/p>\n<p>&nbsp;<\/p>\n<p>&nbsp;<\/p>\n","protected":false},"excerpt":{"rendered":"<p>A Prefeitura de Cama\u00e7ari e a Build Your Dreams (BYD) avan\u00e7aram no fortalecimento da parceria institucional durante reuni\u00e3o realizada na tarde desta quarta-feira (21), no gabinete do prefeito Luiz Caetano. O encontro teve como objetivo alinhar demandas estrat\u00e9gicas e apresentar os avan\u00e7os previstos para 2026, reafirmando o protagonismo de Cama\u00e7ari como polo industrial voltado \u00e0 [&hellip;]<\/p>\n","protected":false},"author":8,"featured_media":968951,"comment_status":"closed","ping_status":"closed","sticky":false,"template":"","format":"standard","meta":[],"categories":[14,3],"tags":[6382,375,43295,2592,4818,39736,1634],"acf":[],"yoast_head":"<!-- This site is optimized with the Yoast SEO plugin v20.8 - https:\/\/yoast.com\/wordpress\/plugins\/seo\/ -->\n<title>PREFEITURA DE CAMA\u00c7ARI E BYD DEBATEM AMPLIA\u00c7\u00c3O DE F\u00c1BRICA - Bahia Economica<\/title>\n<meta name=\"description\" content=\"O maior portal de Economia da Bahia DESTAQUE DO DIA, ECONOMIA \/ POL\u00cdTICA Bahia Economica A Prefeitura de Cama\u00e7ari e a Build Your Dreams (BYD)\" \/>\n<meta name=\"robots\" content=\"index, follow, max-snippet:-1, max-image-preview:large, max-video-preview:-1\" \/>\n<link rel=\"canonical\" href=\"https:\/\/bahiaeconomica.com.br\/wp\/2026\/01\/22\/prefeitura-de-camacari-e-byd-debatem-ampliacao-de-fabrica\/\" \/>\n<meta property=\"og:locale\" content=\"pt_BR\" \/>\n<meta property=\"og:type\" content=\"article\" \/>\n<meta property=\"og:title\" content=\"PREFEITURA DE CAMA\u00c7ARI E BYD DEBATEM AMPLIA\u00c7\u00c3O DE F\u00c1BRICA - Bahia Economica\" \/>\n<meta property=\"og:description\" content=\"O maior portal de Economia da Bahia DESTAQUE DO DIA, ECONOMIA \/ POL\u00cdTICA Bahia Economica A Prefeitura de Cama\u00e7ari e a Build Your Dreams (BYD)\" \/>\n<meta property=\"og:url\" content=\"https:\/\/bahiaeconomica.com.br\/wp\/2026\/01\/22\/prefeitura-de-camacari-e-byd-debatem-ampliacao-de-fabrica\/\" \/>\n<meta property=\"og:site_name\" content=\"Bahia Economica\" \/>\n<meta property=\"article:publisher\" content=\"https:\/\/www.facebook.com\/bahiaeconomica\" \/>\n<meta property=\"article:published_time\" content=\"2026-01-22T10:01:29+00:00\" \/>\n<meta property=\"article:modified_time\" content=\"2026-01-22T10:07:06+00:00\" \/>\n<meta property=\"og:image\" content=\"https:\/\/bahiaeconomica.com.br\/wp\/wp-content\/uploads\/2026\/01\/prefeitura-de-camacari-e-byd-debatem-ampliacao-de-0137693300202601211909-ScaleDownProportional-e1769076417152.webp\" \/>\n\t<meta property=\"og:image:width\" content=\"1080\" \/>\n\t<meta property=\"og:image:height\" content=\"504\" \/>\n\t<meta property=\"og:image:type\" content=\"image\/webp\" \/>\n<meta name=\"author\" content=\"JP\" \/>\n<meta name=\"twitter:card\" content=\"summary_large_image\" \/>\n<meta name=\"twitter:label1\" content=\"Escrito por\" \/>\n\t<meta name=\"twitter:data1\" content=\"JP\" \/>\n\t<meta name=\"twitter:label2\" content=\"Est. tempo de leitura\" \/>\n\t<meta name=\"twitter:data2\" content=\"4 minutos\" \/>\n<script type=\"application\/ld+json\" class=\"yoast-schema-graph\">{\"@context\":\"https:\/\/schema.org\",\"@graph\":[{\"@type\":\"Article\",\"@id\":\"https:\/\/bahiaeconomica.com.br\/wp\/2026\/01\/22\/prefeitura-de-camacari-e-byd-debatem-ampliacao-de-fabrica\/#article\",\"isPartOf\":{\"@id\":\"https:\/\/bahiaeconomica.com.br\/wp\/2026\/01\/22\/prefeitura-de-camacari-e-byd-debatem-ampliacao-de-fabrica\/\"},\"author\":{\"name\":\"JP\",\"@id\":\"https:\/\/bahiaeconomica.com.br\/wp\/#\/schema\/person\/c86d3a3f8960425a0f9d0e5245991f4e\"},\"headline\":\"PREFEITURA DE CAMA\u00c7ARI E BYD DEBATEM AMPLIA\u00c7\u00c3O DE F\u00c1BRICA\",\"datePublished\":\"2026-01-22T10:01:29+00:00\",\"dateModified\":\"2026-01-22T10:07:06+00:00\",\"mainEntityOfPage\":{\"@id\":\"https:\/\/bahiaeconomica.com.br\/wp\/2026\/01\/22\/prefeitura-de-camacari-e-byd-debatem-ampliacao-de-fabrica\/\"},\"wordCount\":706,\"publisher\":{\"@id\":\"https:\/\/bahiaeconomica.com.br\/wp\/#organization\"},\"keywords\":[\"byd\",\"Cama\u00e7ari\",\"de empregos\",\"fabrica\",\"gera\u00e7\u00e3o\",\"institucional\",\"parceria\"],\"articleSection\":[\"DESTAQUE DO DIA\",\"ECONOMIA \/ POL\u00cdTICA\"],\"inLanguage\":\"pt-BR\"},{\"@type\":\"WebPage\",\"@id\":\"https:\/\/bahiaeconomica.com.br\/wp\/2026\/01\/22\/prefeitura-de-camacari-e-byd-debatem-ampliacao-de-fabrica\/\",\"url\":\"https:\/\/bahiaeconomica.com.br\/wp\/2026\/01\/22\/prefeitura-de-camacari-e-byd-debatem-ampliacao-de-fabrica\/\",\"name\":\"PREFEITURA DE CAMA\u00c7ARI E BYD DEBATEM AMPLIA\u00c7\u00c3O DE F\u00c1BRICA - Bahia Economica\",\"isPartOf\":{\"@id\":\"https:\/\/bahiaeconomica.com.br\/wp\/#website\"},\"datePublished\":\"2026-01-22T10:01:29+00:00\",\"dateModified\":\"2026-01-22T10:07:06+00:00\",\"description\":\"O maior portal de Economia da Bahia DESTAQUE DO DIA, ECONOMIA \/ POL\u00cdTICA Bahia Economica A Prefeitura de Cama\u00e7ari e a Build Your Dreams (BYD)\",\"breadcrumb\":{\"@id\":\"https:\/\/bahiaeconomica.com.br\/wp\/2026\/01\/22\/prefeitura-de-camacari-e-byd-debatem-ampliacao-de-fabrica\/#breadcrumb\"},\"inLanguage\":\"pt-BR\",\"potentialAction\":[{\"@type\":\"ReadAction\",\"target\":[\"https:\/\/bahiaeconomica.com.br\/wp\/2026\/01\/22\/prefeitura-de-camacari-e-byd-debatem-ampliacao-de-fabrica\/\"]}]},{\"@type\":\"BreadcrumbList\",\"@id\":\"https:\/\/bahiaeconomica.com.br\/wp\/2026\/01\/22\/prefeitura-de-camacari-e-byd-debatem-ampliacao-de-fabrica\/#breadcrumb\",\"itemListElement\":[{\"@type\":\"ListItem\",\"position\":1,\"name\":\"In\u00edcio\",\"item\":\"https:\/\/bahiaeconomica.com.br\/wp\/\"},{\"@type\":\"ListItem\",\"position\":2,\"name\":\"PREFEITURA DE CAMA\u00c7ARI E BYD DEBATEM AMPLIA\u00c7\u00c3O DE F\u00c1BRICA\"}]},{\"@type\":\"WebSite\",\"@id\":\"https:\/\/bahiaeconomica.com.br\/wp\/#website\",\"url\":\"https:\/\/bahiaeconomica.com.br\/wp\/\",\"name\":\"Bahia Economica\",\"description\":\"O maior portal de Economia da Bahia\",\"publisher\":{\"@id\":\"https:\/\/bahiaeconomica.com.br\/wp\/#organization\"},\"potentialAction\":[{\"@type\":\"SearchAction\",\"target\":{\"@type\":\"EntryPoint\",\"urlTemplate\":\"https:\/\/bahiaeconomica.com.br\/wp\/?s={search_term_string}\"},\"query-input\":\"required name=search_term_string\"}],\"inLanguage\":\"pt-BR\"},{\"@type\":\"Organization\",\"@id\":\"https:\/\/bahiaeconomica.com.br\/wp\/#organization\",\"name\":\"Bahia Econ\u00f4mica\",\"url\":\"https:\/\/bahiaeconomica.com.br\/wp\/\",\"logo\":{\"@type\":\"ImageObject\",\"inLanguage\":\"pt-BR\",\"@id\":\"https:\/\/bahiaeconomica.com.br\/wp\/#\/schema\/logo\/image\/\",\"url\":\"https:\/\/bahiaeconomica.com.br\/wp\/wp-content\/uploads\/2020\/12\/cropped-BE.png\",\"contentUrl\":\"https:\/\/bahiaeconomica.com.br\/wp\/wp-content\/uploads\/2020\/12\/cropped-BE.png\",\"width\":512,\"height\":512,\"caption\":\"Bahia Econ\u00f4mica\"},\"image\":{\"@id\":\"https:\/\/bahiaeconomica.com.br\/wp\/#\/schema\/logo\/image\/\"},\"sameAs\":[\"https:\/\/www.facebook.com\/bahiaeconomica\"]},{\"@type\":\"Person\",\"@id\":\"https:\/\/bahiaeconomica.com.br\/wp\/#\/schema\/person\/c86d3a3f8960425a0f9d0e5245991f4e\",\"name\":\"JP\",\"sameAs\":[\"https:\/\/bahiaeconomica.com.br\/wp\/beta\/\"],\"url\":\"https:\/\/bahiaeconomica.com.br\/wp\/author\/jp\/\"}]}<\/script>\n<!-- \/ Yoast SEO plugin. -->","yoast_head_json":{"title":"PREFEITURA DE CAMA\u00c7ARI E BYD DEBATEM AMPLIA\u00c7\u00c3O DE F\u00c1BRICA - Bahia Economica","description":"O maior portal de Economia da Bahia DESTAQUE DO DIA, ECONOMIA \/ POL\u00cdTICA Bahia Economica A Prefeitura de Cama\u00e7ari e a Build Your Dreams (BYD)","robots":{"index":"index","follow":"follow","max-snippet":"max-snippet:-1","max-image-preview":"max-image-preview:large","max-video-preview":"max-video-preview:-1"},"canonical":"https:\/\/bahiaeconomica.com.br\/wp\/2026\/01\/22\/prefeitura-de-camacari-e-byd-debatem-ampliacao-de-fabrica\/","og_locale":"pt_BR","og_type":"article","og_title":"PREFEITURA DE CAMA\u00c7ARI E BYD DEBATEM AMPLIA\u00c7\u00c3O DE F\u00c1BRICA - Bahia Economica","og_description":"O maior portal de Economia da Bahia DESTAQUE DO DIA, ECONOMIA \/ POL\u00cdTICA Bahia Economica A Prefeitura de Cama\u00e7ari e a Build Your Dreams (BYD)","og_url":"https:\/\/bahiaeconomica.com.br\/wp\/2026\/01\/22\/prefeitura-de-camacari-e-byd-debatem-ampliacao-de-fabrica\/","og_site_name":"Bahia Economica","article_publisher":"https:\/\/www.facebook.com\/bahiaeconomica","article_published_time":"2026-01-22T10:01:29+00:00","article_modified_time":"2026-01-22T10:07:06+00:00","og_image":[{"width":1080,"height":504,"url":"https:\/\/bahiaeconomica.com.br\/wp\/wp-content\/uploads\/2026\/01\/prefeitura-de-camacari-e-byd-debatem-ampliacao-de-0137693300202601211909-ScaleDownProportional-e1769076417152.webp","type":"image\/webp"}],"author":"JP","twitter_card":"summary_large_image","twitter_misc":{"Escrito por":"JP","Est. tempo de leitura":"4 minutos"},"schema":{"@context":"https:\/\/schema.org","@graph":[{"@type":"Article","@id":"https:\/\/bahiaeconomica.com.br\/wp\/2026\/01\/22\/prefeitura-de-camacari-e-byd-debatem-ampliacao-de-fabrica\/#article","isPartOf":{"@id":"https:\/\/bahiaeconomica.com.br\/wp\/2026\/01\/22\/prefeitura-de-camacari-e-byd-debatem-ampliacao-de-fabrica\/"},"author":{"name":"JP","@id":"https:\/\/bahiaeconomica.com.br\/wp\/#\/schema\/person\/c86d3a3f8960425a0f9d0e5245991f4e"},"headline":"PREFEITURA DE CAMA\u00c7ARI E BYD DEBATEM AMPLIA\u00c7\u00c3O DE F\u00c1BRICA","datePublished":"2026-01-22T10:01:29+00:00","dateModified":"2026-01-22T10:07:06+00:00","mainEntityOfPage":{"@id":"https:\/\/bahiaeconomica.com.br\/wp\/2026\/01\/22\/prefeitura-de-camacari-e-byd-debatem-ampliacao-de-fabrica\/"},"wordCount":706,"publisher":{"@id":"https:\/\/bahiaeconomica.com.br\/wp\/#organization"},"keywords":["byd","Cama\u00e7ari","de empregos","fabrica","gera\u00e7\u00e3o","institucional","parceria"],"articleSection":["DESTAQUE DO DIA","ECONOMIA \/ POL\u00cdTICA"],"inLanguage":"pt-BR"},{"@type":"WebPage","@id":"https:\/\/bahiaeconomica.com.br\/wp\/2026\/01\/22\/prefeitura-de-camacari-e-byd-debatem-ampliacao-de-fabrica\/","url":"https:\/\/bahiaeconomica.com.br\/wp\/2026\/01\/22\/prefeitura-de-camacari-e-byd-debatem-ampliacao-de-fabrica\/","name":"PREFEITURA DE CAMA\u00c7ARI E BYD DEBATEM AMPLIA\u00c7\u00c3O DE F\u00c1BRICA - Bahia Economica","isPartOf":{"@id":"https:\/\/bahiaeconomica.com.br\/wp\/#website"},"datePublished":"2026-01-22T10:01:29+00:00","dateModified":"2026-01-22T10:07:06+00:00","description":"O maior portal de Economia da Bahia DESTAQUE DO DIA, ECONOMIA \/ POL\u00cdTICA Bahia Economica A Prefeitura de Cama\u00e7ari e a Build Your Dreams (BYD)","breadcrumb":{"@id":"https:\/\/bahiaeconomica.com.br\/wp\/2026\/01\/22\/prefeitura-de-camacari-e-byd-debatem-ampliacao-de-fabrica\/#breadcrumb"},"inLanguage":"pt-BR","potentialAction":[{"@type":"ReadAction","target":["https:\/\/bahiaeconomica.com.br\/wp\/2026\/01\/22\/prefeitura-de-camacari-e-byd-debatem-ampliacao-de-fabrica\/"]}]},{"@type":"BreadcrumbList","@id":"https:\/\/bahiaeconomica.com.br\/wp\/2026\/01\/22\/prefeitura-de-camacari-e-byd-debatem-ampliacao-de-fabrica\/#breadcrumb","itemListElement":[{"@type":"ListItem","position":1,"name":"In\u00edcio","item":"https:\/\/bahiaeconomica.com.br\/wp\/"},{"@type":"ListItem","position":2,"name":"PREFEITURA DE CAMA\u00c7ARI E BYD DEBATEM AMPLIA\u00c7\u00c3O DE F\u00c1BRICA"}]},{"@type":"WebSite","@id":"https:\/\/bahiaeconomica.com.br\/wp\/#website","url":"https:\/\/bahiaeconomica.com.br\/wp\/","name":"Bahia Economica","description":"O maior portal de Economia da Bahia","publisher":{"@id":"https:\/\/bahiaeconomica.com.br\/wp\/#organization"},"potentialAction":[{"@type":"SearchAction","target":{"@type":"EntryPoint","urlTemplate":"https:\/\/bahiaeconomica.com.br\/wp\/?s={search_term_string}"},"query-input":"required name=search_term_string"}],"inLanguage":"pt-BR"},{"@type":"Organization","@id":"https:\/\/bahiaeconomica.com.br\/wp\/#organization","name":"Bahia Econ\u00f4mica","url":"https:\/\/bahiaeconomica.com.br\/wp\/","logo":{"@type":"ImageObject","inLanguage":"pt-BR","@id":"https:\/\/bahiaeconomica.com.br\/wp\/#\/schema\/logo\/image\/","url":"https:\/\/bahiaeconomica.com.br\/wp\/wp-content\/uploads\/2020\/12\/cropped-BE.png","contentUrl":"https:\/\/bahiaeconomica.com.br\/wp\/wp-content\/uploads\/2020\/12\/cropped-BE.png","width":512,"height":512,"caption":"Bahia Econ\u00f4mica"},"image":{"@id":"https:\/\/bahiaeconomica.com.br\/wp\/#\/schema\/logo\/image\/"},"sameAs":["https:\/\/www.facebook.com\/bahiaeconomica"]},{"@type":"Person","@id":"https:\/\/bahiaeconomica.com.br\/wp\/#\/schema\/person\/c86d3a3f8960425a0f9d0e5245991f4e","name":"JP","sameAs":["https:\/\/bahiaeconomica.com.br\/wp\/beta\/"],"url":"https:\/\/bahiaeconomica.com.br\/wp\/author\/jp\/"}]}},"views":2737,"_links":{"self":[{"href":"https:\/\/bahiaeconomica.com.br\/wp\/wp-json\/wp\/v2\/posts\/968950"}],"collection":[{"href":"https:\/\/bahiaeconomica.com.br\/wp\/wp-json\/wp\/v2\/posts"}],"about":[{"href":"https:\/\/bahiaeconomica.com.br\/wp\/wp-json\/wp\/v2\/types\/post"}],"author":[{"embeddable":true,"href":"https:\/\/bahiaeconomica.com.br\/wp\/wp-json\/wp\/v2\/users\/8"}],"replies":[{"embeddable":true,"href":"https:\/\/bahiaeconomica.com.br\/wp\/wp-json\/wp\/v2\/comments?post=968950"}],"version-history":[{"count":1,"href":"https:\/\/bahiaeconomica.com.br\/wp\/wp-json\/wp\/v2\/posts\/968950\/revisions"}],"predecessor-version":[{"id":968952,"href":"https:\/\/bahiaeconomica.com.br\/wp\/wp-json\/wp\/v2\/posts\/968950\/revisions\/968952"}],"wp:featuredmedia":[{"embeddable":true,"href":"https:\/\/bahiaeconomica.com.br\/wp\/wp-json\/wp\/v2\/media\/968951"}],"wp:attachment":[{"href":"https:\/\/bahiaeconomica.com.br\/wp\/wp-json\/wp\/v2\/media?parent=968950"}],"wp:term":[{"taxonomy":"category","embeddable":true,"href":"https:\/\/bahiaeconomica.com.br\/wp\/wp-json\/wp\/v2\/categories?post=968950"},{"taxonomy":"post_tag","embeddable":true,"href":"https:\/\/bahiaeconomica.com.br\/wp\/wp-json\/wp\/v2\/tags?post=968950"}],"curies":[{"name":"wp","href":"https:\/\/api.w.org\/{rel}","templated":true}]}}