{"id":968881,"date":"2026-01-21T17:48:32","date_gmt":"2026-01-21T20:48:32","guid":{"rendered":"https:\/\/bahiaeconomica.com.br\/wp\/?p=968881"},"modified":"2026-01-21T17:48:32","modified_gmt":"2026-01-21T20:48:32","slug":"bruno-reis-confirma-entrega-do-viaduto-da-acm-na-proxima-segunda-feira","status":"publish","type":"post","link":"https:\/\/bahiaeconomica.com.br\/wp\/2026\/01\/21\/bruno-reis-confirma-entrega-do-viaduto-da-acm-na-proxima-segunda-feira\/","title":{"rendered":"BRUNO REIS CONFIRMA ENTREGA DO VIADUTO DA ACM NA PR\u00d3XIMA SEGUNDA-FEIRA"},"content":{"rendered":"<p data-start=\"204\" data-end=\"525\">O prefeito de Salvador, Bruno Reis (Uni\u00e3o Brasil), confirmou nesta quarta-feira (21) que o viaduto Z\u00e9 Linhares, localizado na avenida ACM, ser\u00e1 inaugurado na pr\u00f3xima segunda-feira (26), \u00e0s 9h. Segundo o gestor, a expectativa \u00e9 que a nova estrutura contribua significativamente para reduzir os engarrafamentos na regi\u00e3o.<\/p>\n<p data-start=\"527\" data-end=\"815\">\u201cDia 26, segunda-feira, \u00e0s 9h, a gente faz a entrega. Talvez seja a obra mais importante de mobilidade de todas que entregamos. O viaduto em frente ao Shopping da Bahia vai resolver definitivamente a quest\u00e3o dos engarrafamentos\u201d, afirmou o prefeito durante agenda na manh\u00e3 desta quarta.<\/p>\n<p data-start=\"817\" data-end=\"1070\">O viaduto permitir\u00e1 o deslocamento direto da frente do Shopping da Bahia at\u00e9 a \u00e1rea do Detran, na avenida ACM, sem a necessidade de passar pelo Viaduto dos Rodovi\u00e1rios, facilitando o tr\u00e1fego na regi\u00e3o e beneficiando milhares de motoristas diariamente.<\/p>\n<p data-start=\"1072\" data-end=\"1293\">Ap\u00f3s a libera\u00e7\u00e3o, a Superintend\u00eancia de Tr\u00e2nsito de Salvador (Transalvador) realizar\u00e1 um monitoramento intensivo do tr\u00e1fego, incluindo avalia\u00e7\u00e3o de fluidez, tempo m\u00e9dio de viagem, seguran\u00e7a vi\u00e1ria e impactos no entorno.<\/p>\n<p data-start=\"1295\" data-end=\"1535\">\u201cA entrega da obra n\u00e3o encerra o processo. O acompanhamento p\u00f3s-implanta\u00e7\u00e3o \u00e9 fundamental para potencializar os resultados e garantir que o sistema funcione da melhor forma poss\u00edvel\u201d, destacou Diego Brito, superintendente da Transalvador.<\/p>\n<p data-start=\"1537\" data-end=\"1827\">Dados da pr\u00f3pria Transalvador mostram que, entre 2023 e 2025, a Avenida ACM j\u00e1 registrou redu\u00e7\u00e3o de 20% nos engarrafamentos, especialmente nos trechos pr\u00f3ximos ao Shopping da Bahia e \u00e0s vias marginais, refor\u00e7ando a import\u00e2ncia de novas interven\u00e7\u00f5es de mobilidade urbana na capital baiana.<\/p>\n<p data-start=\"1537\" data-end=\"1827\">Foto: Betto Jr. \/ Secom PMS<\/p>\n","protected":false},"excerpt":{"rendered":"<p>O prefeito de Salvador, Bruno Reis (Uni\u00e3o Brasil), confirmou nesta quarta-feira (21) que o viaduto Z\u00e9 Linhares, localizado na avenida ACM, ser\u00e1 inaugurado na pr\u00f3xima segunda-feira (26), \u00e0s 9h. Segundo o gestor, a expectativa \u00e9 que a nova estrutura contribua significativamente para reduzir os engarrafamentos na regi\u00e3o. \u201cDia 26, segunda-feira, \u00e0s 9h, a gente faz [&hellip;]<\/p>\n","protected":false},"author":24,"featured_media":953032,"comment_status":"closed","ping_status":"closed","sticky":false,"template":"","format":"standard","meta":[],"categories":[5],"tags":[166,1943,20964,43291],"acf":[],"yoast_head":"<!-- This site is optimized with the Yoast SEO plugin v20.8 - https:\/\/yoast.com\/wordpress\/plugins\/seo\/ -->\n<title>BRUNO REIS CONFIRMA ENTREGA DO VIADUTO DA ACM NA PR\u00d3XIMA SEGUNDA-FEIRA - Bahia Economica O prefeito de Salvador, Bruno Reis (Uni\u00e3o Brasil), confirmou nesta quarta-feira (21) que o viaduto Z\u00e9 Linhares, localizado na avenida ACM<\/title>\n<meta name=\"description\" content=\"O maior portal de Economia da Bahia MUNIC\u00cdPIOS Bahia Economica O prefeito de Salvador, Bruno Reis (Uni\u00e3o Brasil), confirmou nesta quarta-feira (21) que o viaduto Z\u00e9 Linhares, localizado na avenida ACM\" \/>\n<meta name=\"robots\" content=\"index, follow, max-snippet:-1, max-image-preview:large, max-video-preview:-1\" \/>\n<link rel=\"canonical\" href=\"https:\/\/bahiaeconomica.com.br\/wp\/2026\/01\/21\/bruno-reis-confirma-entrega-do-viaduto-da-acm-na-proxima-segunda-feira\/\" \/>\n<meta property=\"og:locale\" content=\"pt_BR\" \/>\n<meta property=\"og:type\" content=\"article\" \/>\n<meta property=\"og:title\" content=\"BRUNO REIS CONFIRMA ENTREGA DO VIADUTO DA ACM NA PR\u00d3XIMA SEGUNDA-FEIRA - Bahia Economica O prefeito de Salvador, Bruno Reis (Uni\u00e3o Brasil), confirmou nesta quarta-feira (21) que o viaduto Z\u00e9 Linhares, localizado na avenida ACM\" \/>\n<meta property=\"og:description\" content=\"O maior portal de Economia da Bahia MUNIC\u00cdPIOS Bahia Economica O prefeito de Salvador, Bruno Reis (Uni\u00e3o Brasil), confirmou nesta quarta-feira (21) que o viaduto Z\u00e9 Linhares, localizado na avenida ACM\" \/>\n<meta property=\"og:url\" content=\"https:\/\/bahiaeconomica.com.br\/wp\/2026\/01\/21\/bruno-reis-confirma-entrega-do-viaduto-da-acm-na-proxima-segunda-feira\/\" \/>\n<meta property=\"og:site_name\" content=\"Bahia Economica\" \/>\n<meta property=\"article:publisher\" content=\"https:\/\/www.facebook.com\/bahiaeconomica\" \/>\n<meta property=\"article:published_time\" content=\"2026-01-21T20:48:32+00:00\" \/>\n<meta property=\"og:image\" content=\"https:\/\/bahiaeconomica.com.br\/wp\/wp-content\/uploads\/2025\/11\/viaduto-antonio-linhares.png\" \/>\n\t<meta property=\"og:image:width\" content=\"600\" \/>\n\t<meta property=\"og:image:height\" content=\"420\" \/>\n\t<meta property=\"og:image:type\" content=\"image\/png\" \/>\n<meta name=\"author\" content=\"VICTOR OLIVEIRA\" \/>\n<meta name=\"twitter:card\" content=\"summary_large_image\" \/>\n<meta name=\"twitter:label1\" content=\"Escrito por\" \/>\n\t<meta name=\"twitter:data1\" content=\"VICTOR OLIVEIRA\" \/>\n\t<meta name=\"twitter:label2\" content=\"Est. tempo de leitura\" \/>\n\t<meta name=\"twitter:data2\" content=\"2 minutos\" \/>\n<script type=\"application\/ld+json\" class=\"yoast-schema-graph\">{\"@context\":\"https:\/\/schema.org\",\"@graph\":[{\"@type\":\"Article\",\"@id\":\"https:\/\/bahiaeconomica.com.br\/wp\/2026\/01\/21\/bruno-reis-confirma-entrega-do-viaduto-da-acm-na-proxima-segunda-feira\/#article\",\"isPartOf\":{\"@id\":\"https:\/\/bahiaeconomica.com.br\/wp\/2026\/01\/21\/bruno-reis-confirma-entrega-do-viaduto-da-acm-na-proxima-segunda-feira\/\"},\"author\":{\"name\":\"VICTOR OLIVEIRA\",\"@id\":\"https:\/\/bahiaeconomica.com.br\/wp\/#\/schema\/person\/a17956d0e1112b626f403fb06b8129a9\"},\"headline\":\"BRUNO REIS CONFIRMA ENTREGA DO VIADUTO DA ACM NA PR\u00d3XIMA SEGUNDA-FEIRA\",\"datePublished\":\"2026-01-21T20:48:32+00:00\",\"dateModified\":\"2026-01-21T20:48:32+00:00\",\"mainEntityOfPage\":{\"@id\":\"https:\/\/bahiaeconomica.com.br\/wp\/2026\/01\/21\/bruno-reis-confirma-entrega-do-viaduto-da-acm-na-proxima-segunda-feira\/\"},\"wordCount\":275,\"publisher\":{\"@id\":\"https:\/\/bahiaeconomica.com.br\/wp\/#organization\"},\"keywords\":[\"Bruno Reis\",\"entrega\",\"viaduto\",\"z\u00e9 linhares\"],\"articleSection\":[\"MUNIC\u00cdPIOS\"],\"inLanguage\":\"pt-BR\"},{\"@type\":\"WebPage\",\"@id\":\"https:\/\/bahiaeconomica.com.br\/wp\/2026\/01\/21\/bruno-reis-confirma-entrega-do-viaduto-da-acm-na-proxima-segunda-feira\/\",\"url\":\"https:\/\/bahiaeconomica.com.br\/wp\/2026\/01\/21\/bruno-reis-confirma-entrega-do-viaduto-da-acm-na-proxima-segunda-feira\/\",\"name\":\"BRUNO REIS CONFIRMA ENTREGA DO VIADUTO DA ACM NA PR\u00d3XIMA SEGUNDA-FEIRA - Bahia Economica O prefeito de Salvador, Bruno Reis (Uni\u00e3o Brasil), confirmou nesta quarta-feira (21) que o viaduto Z\u00e9 Linhares, localizado na avenida ACM\",\"isPartOf\":{\"@id\":\"https:\/\/bahiaeconomica.com.br\/wp\/#website\"},\"datePublished\":\"2026-01-21T20:48:32+00:00\",\"dateModified\":\"2026-01-21T20:48:32+00:00\",\"description\":\"O maior portal de Economia da Bahia MUNIC\u00cdPIOS Bahia Economica O prefeito de Salvador, Bruno Reis (Uni\u00e3o Brasil), confirmou nesta quarta-feira (21) que o viaduto Z\u00e9 Linhares, localizado na avenida ACM\",\"breadcrumb\":{\"@id\":\"https:\/\/bahiaeconomica.com.br\/wp\/2026\/01\/21\/bruno-reis-confirma-entrega-do-viaduto-da-acm-na-proxima-segunda-feira\/#breadcrumb\"},\"inLanguage\":\"pt-BR\",\"potentialAction\":[{\"@type\":\"ReadAction\",\"target\":[\"https:\/\/bahiaeconomica.com.br\/wp\/2026\/01\/21\/bruno-reis-confirma-entrega-do-viaduto-da-acm-na-proxima-segunda-feira\/\"]}]},{\"@type\":\"BreadcrumbList\",\"@id\":\"https:\/\/bahiaeconomica.com.br\/wp\/2026\/01\/21\/bruno-reis-confirma-entrega-do-viaduto-da-acm-na-proxima-segunda-feira\/#breadcrumb\",\"itemListElement\":[{\"@type\":\"ListItem\",\"position\":1,\"name\":\"In\u00edcio\",\"item\":\"https:\/\/bahiaeconomica.com.br\/wp\/\"},{\"@type\":\"ListItem\",\"position\":2,\"name\":\"BRUNO REIS CONFIRMA ENTREGA DO VIADUTO DA ACM NA PR\u00d3XIMA SEGUNDA-FEIRA\"}]},{\"@type\":\"WebSite\",\"@id\":\"https:\/\/bahiaeconomica.com.br\/wp\/#website\",\"url\":\"https:\/\/bahiaeconomica.com.br\/wp\/\",\"name\":\"Bahia Economica\",\"description\":\"O maior portal de Economia da Bahia\",\"publisher\":{\"@id\":\"https:\/\/bahiaeconomica.com.br\/wp\/#organization\"},\"potentialAction\":[{\"@type\":\"SearchAction\",\"target\":{\"@type\":\"EntryPoint\",\"urlTemplate\":\"https:\/\/bahiaeconomica.com.br\/wp\/?s={search_term_string}\"},\"query-input\":\"required name=search_term_string\"}],\"inLanguage\":\"pt-BR\"},{\"@type\":\"Organization\",\"@id\":\"https:\/\/bahiaeconomica.com.br\/wp\/#organization\",\"name\":\"Bahia Econ\u00f4mica\",\"url\":\"https:\/\/bahiaeconomica.com.br\/wp\/\",\"logo\":{\"@type\":\"ImageObject\",\"inLanguage\":\"pt-BR\",\"@id\":\"https:\/\/bahiaeconomica.com.br\/wp\/#\/schema\/logo\/image\/\",\"url\":\"https:\/\/bahiaeconomica.com.br\/wp\/wp-content\/uploads\/2020\/12\/cropped-BE.png\",\"contentUrl\":\"https:\/\/bahiaeconomica.com.br\/wp\/wp-content\/uploads\/2020\/12\/cropped-BE.png\",\"width\":512,\"height\":512,\"caption\":\"Bahia Econ\u00f4mica\"},\"image\":{\"@id\":\"https:\/\/bahiaeconomica.com.br\/wp\/#\/schema\/logo\/image\/\"},\"sameAs\":[\"https:\/\/www.facebook.com\/bahiaeconomica\"]},{\"@type\":\"Person\",\"@id\":\"https:\/\/bahiaeconomica.com.br\/wp\/#\/schema\/person\/a17956d0e1112b626f403fb06b8129a9\",\"name\":\"VICTOR OLIVEIRA\",\"sameAs\":[\"http:\/\/www.bahiaeconomica.com.br\"],\"url\":\"https:\/\/bahiaeconomica.com.br\/wp\/author\/victor-oliveira\/\"}]}<\/script>\n<!-- \/ Yoast SEO plugin. -->","yoast_head_json":{"title":"BRUNO REIS CONFIRMA ENTREGA DO VIADUTO DA ACM NA PR\u00d3XIMA SEGUNDA-FEIRA - Bahia Economica O prefeito de Salvador, Bruno Reis (Uni\u00e3o Brasil), confirmou nesta quarta-feira (21) que o viaduto Z\u00e9 Linhares, localizado na avenida ACM","description":"O maior portal de Economia da Bahia MUNIC\u00cdPIOS Bahia Economica O prefeito de Salvador, Bruno Reis (Uni\u00e3o Brasil), confirmou nesta quarta-feira (21) que o viaduto Z\u00e9 Linhares, localizado na avenida ACM","robots":{"index":"index","follow":"follow","max-snippet":"max-snippet:-1","max-image-preview":"max-image-preview:large","max-video-preview":"max-video-preview:-1"},"canonical":"https:\/\/bahiaeconomica.com.br\/wp\/2026\/01\/21\/bruno-reis-confirma-entrega-do-viaduto-da-acm-na-proxima-segunda-feira\/","og_locale":"pt_BR","og_type":"article","og_title":"BRUNO REIS CONFIRMA ENTREGA DO VIADUTO DA ACM NA PR\u00d3XIMA SEGUNDA-FEIRA - Bahia Economica O prefeito de Salvador, Bruno Reis (Uni\u00e3o Brasil), confirmou nesta quarta-feira (21) que o viaduto Z\u00e9 Linhares, localizado na avenida ACM","og_description":"O maior portal de Economia da Bahia MUNIC\u00cdPIOS Bahia Economica O prefeito de Salvador, Bruno Reis (Uni\u00e3o Brasil), confirmou nesta quarta-feira (21) que o viaduto Z\u00e9 Linhares, localizado na avenida ACM","og_url":"https:\/\/bahiaeconomica.com.br\/wp\/2026\/01\/21\/bruno-reis-confirma-entrega-do-viaduto-da-acm-na-proxima-segunda-feira\/","og_site_name":"Bahia Economica","article_publisher":"https:\/\/www.facebook.com\/bahiaeconomica","article_published_time":"2026-01-21T20:48:32+00:00","og_image":[{"width":600,"height":420,"url":"https:\/\/bahiaeconomica.com.br\/wp\/wp-content\/uploads\/2025\/11\/viaduto-antonio-linhares.png","type":"image\/png"}],"author":"VICTOR OLIVEIRA","twitter_card":"summary_large_image","twitter_misc":{"Escrito por":"VICTOR OLIVEIRA","Est. tempo de leitura":"2 minutos"},"schema":{"@context":"https:\/\/schema.org","@graph":[{"@type":"Article","@id":"https:\/\/bahiaeconomica.com.br\/wp\/2026\/01\/21\/bruno-reis-confirma-entrega-do-viaduto-da-acm-na-proxima-segunda-feira\/#article","isPartOf":{"@id":"https:\/\/bahiaeconomica.com.br\/wp\/2026\/01\/21\/bruno-reis-confirma-entrega-do-viaduto-da-acm-na-proxima-segunda-feira\/"},"author":{"name":"VICTOR OLIVEIRA","@id":"https:\/\/bahiaeconomica.com.br\/wp\/#\/schema\/person\/a17956d0e1112b626f403fb06b8129a9"},"headline":"BRUNO REIS CONFIRMA ENTREGA DO VIADUTO DA ACM NA PR\u00d3XIMA SEGUNDA-FEIRA","datePublished":"2026-01-21T20:48:32+00:00","dateModified":"2026-01-21T20:48:32+00:00","mainEntityOfPage":{"@id":"https:\/\/bahiaeconomica.com.br\/wp\/2026\/01\/21\/bruno-reis-confirma-entrega-do-viaduto-da-acm-na-proxima-segunda-feira\/"},"wordCount":275,"publisher":{"@id":"https:\/\/bahiaeconomica.com.br\/wp\/#organization"},"keywords":["Bruno Reis","entrega","viaduto","z\u00e9 linhares"],"articleSection":["MUNIC\u00cdPIOS"],"inLanguage":"pt-BR"},{"@type":"WebPage","@id":"https:\/\/bahiaeconomica.com.br\/wp\/2026\/01\/21\/bruno-reis-confirma-entrega-do-viaduto-da-acm-na-proxima-segunda-feira\/","url":"https:\/\/bahiaeconomica.com.br\/wp\/2026\/01\/21\/bruno-reis-confirma-entrega-do-viaduto-da-acm-na-proxima-segunda-feira\/","name":"BRUNO REIS CONFIRMA ENTREGA DO VIADUTO DA ACM NA PR\u00d3XIMA SEGUNDA-FEIRA - Bahia Economica O prefeito de Salvador, Bruno Reis (Uni\u00e3o Brasil), confirmou nesta quarta-feira (21) que o viaduto Z\u00e9 Linhares, localizado na avenida ACM","isPartOf":{"@id":"https:\/\/bahiaeconomica.com.br\/wp\/#website"},"datePublished":"2026-01-21T20:48:32+00:00","dateModified":"2026-01-21T20:48:32+00:00","description":"O maior portal de Economia da Bahia MUNIC\u00cdPIOS Bahia Economica O prefeito de Salvador, Bruno Reis (Uni\u00e3o Brasil), confirmou nesta quarta-feira (21) que o viaduto Z\u00e9 Linhares, localizado na avenida ACM","breadcrumb":{"@id":"https:\/\/bahiaeconomica.com.br\/wp\/2026\/01\/21\/bruno-reis-confirma-entrega-do-viaduto-da-acm-na-proxima-segunda-feira\/#breadcrumb"},"inLanguage":"pt-BR","potentialAction":[{"@type":"ReadAction","target":["https:\/\/bahiaeconomica.com.br\/wp\/2026\/01\/21\/bruno-reis-confirma-entrega-do-viaduto-da-acm-na-proxima-segunda-feira\/"]}]},{"@type":"BreadcrumbList","@id":"https:\/\/bahiaeconomica.com.br\/wp\/2026\/01\/21\/bruno-reis-confirma-entrega-do-viaduto-da-acm-na-proxima-segunda-feira\/#breadcrumb","itemListElement":[{"@type":"ListItem","position":1,"name":"In\u00edcio","item":"https:\/\/bahiaeconomica.com.br\/wp\/"},{"@type":"ListItem","position":2,"name":"BRUNO REIS CONFIRMA ENTREGA DO VIADUTO DA ACM NA PR\u00d3XIMA SEGUNDA-FEIRA"}]},{"@type":"WebSite","@id":"https:\/\/bahiaeconomica.com.br\/wp\/#website","url":"https:\/\/bahiaeconomica.com.br\/wp\/","name":"Bahia Economica","description":"O maior portal de Economia da Bahia","publisher":{"@id":"https:\/\/bahiaeconomica.com.br\/wp\/#organization"},"potentialAction":[{"@type":"SearchAction","target":{"@type":"EntryPoint","urlTemplate":"https:\/\/bahiaeconomica.com.br\/wp\/?s={search_term_string}"},"query-input":"required name=search_term_string"}],"inLanguage":"pt-BR"},{"@type":"Organization","@id":"https:\/\/bahiaeconomica.com.br\/wp\/#organization","name":"Bahia Econ\u00f4mica","url":"https:\/\/bahiaeconomica.com.br\/wp\/","logo":{"@type":"ImageObject","inLanguage":"pt-BR","@id":"https:\/\/bahiaeconomica.com.br\/wp\/#\/schema\/logo\/image\/","url":"https:\/\/bahiaeconomica.com.br\/wp\/wp-content\/uploads\/2020\/12\/cropped-BE.png","contentUrl":"https:\/\/bahiaeconomica.com.br\/wp\/wp-content\/uploads\/2020\/12\/cropped-BE.png","width":512,"height":512,"caption":"Bahia Econ\u00f4mica"},"image":{"@id":"https:\/\/bahiaeconomica.com.br\/wp\/#\/schema\/logo\/image\/"},"sameAs":["https:\/\/www.facebook.com\/bahiaeconomica"]},{"@type":"Person","@id":"https:\/\/bahiaeconomica.com.br\/wp\/#\/schema\/person\/a17956d0e1112b626f403fb06b8129a9","name":"VICTOR OLIVEIRA","sameAs":["http:\/\/www.bahiaeconomica.com.br"],"url":"https:\/\/bahiaeconomica.com.br\/wp\/author\/victor-oliveira\/"}]}},"views":77,"_links":{"self":[{"href":"https:\/\/bahiaeconomica.com.br\/wp\/wp-json\/wp\/v2\/posts\/968881"}],"collection":[{"href":"https:\/\/bahiaeconomica.com.br\/wp\/wp-json\/wp\/v2\/posts"}],"about":[{"href":"https:\/\/bahiaeconomica.com.br\/wp\/wp-json\/wp\/v2\/types\/post"}],"author":[{"embeddable":true,"href":"https:\/\/bahiaeconomica.com.br\/wp\/wp-json\/wp\/v2\/users\/24"}],"replies":[{"embeddable":true,"href":"https:\/\/bahiaeconomica.com.br\/wp\/wp-json\/wp\/v2\/comments?post=968881"}],"version-history":[{"count":1,"href":"https:\/\/bahiaeconomica.com.br\/wp\/wp-json\/wp\/v2\/posts\/968881\/revisions"}],"predecessor-version":[{"id":968885,"href":"https:\/\/bahiaeconomica.com.br\/wp\/wp-json\/wp\/v2\/posts\/968881\/revisions\/968885"}],"wp:featuredmedia":[{"embeddable":true,"href":"https:\/\/bahiaeconomica.com.br\/wp\/wp-json\/wp\/v2\/media\/953032"}],"wp:attachment":[{"href":"https:\/\/bahiaeconomica.com.br\/wp\/wp-json\/wp\/v2\/media?parent=968881"}],"wp:term":[{"taxonomy":"category","embeddable":true,"href":"https:\/\/bahiaeconomica.com.br\/wp\/wp-json\/wp\/v2\/categories?post=968881"},{"taxonomy":"post_tag","embeddable":true,"href":"https:\/\/bahiaeconomica.com.br\/wp\/wp-json\/wp\/v2\/tags?post=968881"}],"curies":[{"name":"wp","href":"https:\/\/api.w.org\/{rel}","templated":true}]}}