{"id":968842,"date":"2026-01-21T17:04:24","date_gmt":"2026-01-21T20:04:24","guid":{"rendered":"https:\/\/bahiaeconomica.com.br\/wp\/?p=968842"},"modified":"2026-01-21T17:04:24","modified_gmt":"2026-01-21T20:04:24","slug":"balcao-virtual-da-sefaz-ba-registra-crescimento-de-15-nos-atendimentos-em-2025","status":"publish","type":"post","link":"https:\/\/bahiaeconomica.com.br\/wp\/2026\/01\/21\/balcao-virtual-da-sefaz-ba-registra-crescimento-de-15-nos-atendimentos-em-2025\/","title":{"rendered":"BALC\u00c3O VIRTUAL DA SEFAZ-BA REGISTRA CRESCIMENTO DE 15% NOS ATENDIMENTOS EM 2025"},"content":{"rendered":"<p>O Balc\u00e3o Virtual da Secretaria da Fazenda do Estado da Bahia (Sefaz-Ba) encerrou 2025 com um desempenho expressivo no atendimento aos contribuintes. De acordo com o levantamento anual da Diretoria de Atendimento da Sefaz-Ba, a plataforma contabilizou 150.059 atendimentos no ano passado, n\u00famero que representa um crescimento de cerca de 15% em rela\u00e7\u00e3o a 2024, quando foram registrados 130.869 atendimentos.<\/p>\n<p>O acesso \u00e9 feito pelo site www.sefaz.ba.gov.br de forma simples. Ao acessar o portal, basta clicar no banner do Balc\u00e3o Virtual. A comunica\u00e7\u00e3o com os atendentes da Sefaz-Ba se d\u00e1 por meio do aplicativo de comunica\u00e7\u00e3o Microsoft Teams, que pode ser acionado via computador, notebook, celular ou tablet.<\/p>\n<p>A an\u00e1lise dos assuntos mais demandados no Balc\u00e3o Virtual em 2025 evidencia a consolida\u00e7\u00e3o de servi\u00e7os essenciais \u00e0 regulariza\u00e7\u00e3o fiscal e ao cumprimento das obriga\u00e7\u00f5es tribut\u00e1rias pelos contribuintes. As categorias Emiss\u00e3o de DAE (Documento de Arrecada\u00e7\u00e3o Estadual) e Parcelamento mantiveram a lideran\u00e7a no ranking de atendimentos, totalizando 31.644 registros, ante 25.598 atendimentos em 2024, o que representa um crescimento expressivo de 23,6%.<\/p>\n<p>Esse aumento revela n\u00e3o apenas a amplia\u00e7\u00e3o da procura por esses servi\u00e7os, mas tamb\u00e9m a import\u00e2ncia do canal virtual como principal meio de acesso \u00e0s solu\u00e7\u00f5es relacionadas ao pagamento e \u00e0 negocia\u00e7\u00e3o de d\u00e9bitos fiscais.<\/p>\n<p>O atendimento relacionado ao Imposto sobre Transmiss\u00e3o &#8220;Causa Mortis&#8221; e Doa\u00e7\u00e3o (ITD) tamb\u00e9m apresentou volume significativo, com 17.639 atendimentos em 2025, neste caso por conta da recorr\u00eancia de demandas associadas a transmiss\u00f5es patrimoniais e da necessidade de orienta\u00e7\u00e3o t\u00e9cnica aos contribuintes. A partir de junho do ano passado, essas demandas tiveram o atendimento agilizado com o lan\u00e7amento, pela Sefaz-Ba, do novo Sistema de Gest\u00e3o do ITD (SGITD), primeiro do Nordeste a disponibilizar um fluxo totalmente autom\u00e1tico para calcular o imposto devido, em casos de invent\u00e1rio, doa\u00e7\u00e3o e separa\u00e7\u00e3o.<\/p>\n<p>O Plant\u00e3o Fiscal, por sua vez, registrou 17.497 atendimentos, mantendo-se entre os servi\u00e7os mais procurados, o que refor\u00e7a a tend\u00eancia j\u00e1 observada em 2024, quando esse assunto igualmente figurou entre os destaques do per\u00edodo.<\/p>\n","protected":false},"excerpt":{"rendered":"<p>O Balc\u00e3o Virtual da Secretaria da Fazenda do Estado da Bahia (Sefaz-Ba) encerrou 2025 com um desempenho expressivo no atendimento aos contribuintes. De acordo com o levantamento anual da Diretoria de Atendimento da Sefaz-Ba, a plataforma contabilizou 150.059 atendimentos no ano passado, n\u00famero que representa um crescimento de cerca de 15% em rela\u00e7\u00e3o a 2024, [&hellip;]<\/p>\n","protected":false},"author":22,"featured_media":968868,"comment_status":"closed","ping_status":"closed","sticky":false,"template":"","format":"standard","meta":[],"categories":[5],"tags":[3248,32948,1175,546],"acf":[],"yoast_head":"<!-- This site is optimized with the Yoast SEO plugin v20.8 - https:\/\/yoast.com\/wordpress\/plugins\/seo\/ -->\n<title>BALC\u00c3O VIRTUAL DA SEFAZ-BA REGISTRA CRESCIMENTO DE 15% NOS ATENDIMENTOS EM 2025 - Bahia Economica<\/title>\n<meta name=\"description\" content=\"O maior portal de Economia da Bahia MUNIC\u00cdPIOS Bahia Economica\" \/>\n<meta name=\"robots\" content=\"index, follow, max-snippet:-1, max-image-preview:large, max-video-preview:-1\" \/>\n<link rel=\"canonical\" href=\"https:\/\/bahiaeconomica.com.br\/wp\/2026\/01\/21\/balcao-virtual-da-sefaz-ba-registra-crescimento-de-15-nos-atendimentos-em-2025\/\" \/>\n<meta property=\"og:locale\" content=\"pt_BR\" \/>\n<meta property=\"og:type\" content=\"article\" \/>\n<meta property=\"og:title\" content=\"BALC\u00c3O VIRTUAL DA SEFAZ-BA REGISTRA CRESCIMENTO DE 15% NOS ATENDIMENTOS EM 2025 - Bahia Economica\" \/>\n<meta property=\"og:description\" content=\"O maior portal de Economia da Bahia MUNIC\u00cdPIOS Bahia Economica\" \/>\n<meta property=\"og:url\" content=\"https:\/\/bahiaeconomica.com.br\/wp\/2026\/01\/21\/balcao-virtual-da-sefaz-ba-registra-crescimento-de-15-nos-atendimentos-em-2025\/\" \/>\n<meta property=\"og:site_name\" content=\"Bahia Economica\" \/>\n<meta property=\"article:publisher\" content=\"https:\/\/www.facebook.com\/bahiaeconomica\" \/>\n<meta property=\"article:published_time\" content=\"2026-01-21T20:04:24+00:00\" \/>\n<meta property=\"og:image\" content=\"https:\/\/bahiaeconomica.com.br\/wp\/wp-content\/uploads\/2026\/01\/Tela-Balcao-Virtual.png\" \/>\n\t<meta property=\"og:image:width\" content=\"1299\" \/>\n\t<meta property=\"og:image:height\" content=\"908\" \/>\n\t<meta property=\"og:image:type\" content=\"image\/png\" \/>\n<meta name=\"author\" content=\"Matheus Souza\" \/>\n<meta name=\"twitter:card\" content=\"summary_large_image\" \/>\n<meta name=\"twitter:label1\" content=\"Escrito por\" \/>\n\t<meta name=\"twitter:data1\" content=\"Matheus Souza\" \/>\n\t<meta name=\"twitter:label2\" content=\"Est. tempo de leitura\" \/>\n\t<meta name=\"twitter:data2\" content=\"2 minutos\" \/>\n<script type=\"application\/ld+json\" class=\"yoast-schema-graph\">{\"@context\":\"https:\/\/schema.org\",\"@graph\":[{\"@type\":\"Article\",\"@id\":\"https:\/\/bahiaeconomica.com.br\/wp\/2026\/01\/21\/balcao-virtual-da-sefaz-ba-registra-crescimento-de-15-nos-atendimentos-em-2025\/#article\",\"isPartOf\":{\"@id\":\"https:\/\/bahiaeconomica.com.br\/wp\/2026\/01\/21\/balcao-virtual-da-sefaz-ba-registra-crescimento-de-15-nos-atendimentos-em-2025\/\"},\"author\":{\"name\":\"Matheus Souza\",\"@id\":\"https:\/\/bahiaeconomica.com.br\/wp\/#\/schema\/person\/3304d50cfd32353c7d08c39066638997\"},\"headline\":\"BALC\u00c3O VIRTUAL DA SEFAZ-BA REGISTRA CRESCIMENTO DE 15% NOS ATENDIMENTOS EM 2025\",\"datePublished\":\"2026-01-21T20:04:24+00:00\",\"dateModified\":\"2026-01-21T20:04:24+00:00\",\"mainEntityOfPage\":{\"@id\":\"https:\/\/bahiaeconomica.com.br\/wp\/2026\/01\/21\/balcao-virtual-da-sefaz-ba-registra-crescimento-de-15-nos-atendimentos-em-2025\/\"},\"wordCount\":367,\"publisher\":{\"@id\":\"https:\/\/bahiaeconomica.com.br\/wp\/#organization\"},\"keywords\":[\"atendimentos\",\"Balc\u00e3o Virtual\",\"crescimento\",\"Sefaz-BA\"],\"articleSection\":[\"MUNIC\u00cdPIOS\"],\"inLanguage\":\"pt-BR\"},{\"@type\":\"WebPage\",\"@id\":\"https:\/\/bahiaeconomica.com.br\/wp\/2026\/01\/21\/balcao-virtual-da-sefaz-ba-registra-crescimento-de-15-nos-atendimentos-em-2025\/\",\"url\":\"https:\/\/bahiaeconomica.com.br\/wp\/2026\/01\/21\/balcao-virtual-da-sefaz-ba-registra-crescimento-de-15-nos-atendimentos-em-2025\/\",\"name\":\"BALC\u00c3O VIRTUAL DA SEFAZ-BA REGISTRA CRESCIMENTO DE 15% NOS ATENDIMENTOS EM 2025 - Bahia Economica\",\"isPartOf\":{\"@id\":\"https:\/\/bahiaeconomica.com.br\/wp\/#website\"},\"datePublished\":\"2026-01-21T20:04:24+00:00\",\"dateModified\":\"2026-01-21T20:04:24+00:00\",\"description\":\"O maior portal de Economia da Bahia MUNIC\u00cdPIOS Bahia Economica\",\"breadcrumb\":{\"@id\":\"https:\/\/bahiaeconomica.com.br\/wp\/2026\/01\/21\/balcao-virtual-da-sefaz-ba-registra-crescimento-de-15-nos-atendimentos-em-2025\/#breadcrumb\"},\"inLanguage\":\"pt-BR\",\"potentialAction\":[{\"@type\":\"ReadAction\",\"target\":[\"https:\/\/bahiaeconomica.com.br\/wp\/2026\/01\/21\/balcao-virtual-da-sefaz-ba-registra-crescimento-de-15-nos-atendimentos-em-2025\/\"]}]},{\"@type\":\"BreadcrumbList\",\"@id\":\"https:\/\/bahiaeconomica.com.br\/wp\/2026\/01\/21\/balcao-virtual-da-sefaz-ba-registra-crescimento-de-15-nos-atendimentos-em-2025\/#breadcrumb\",\"itemListElement\":[{\"@type\":\"ListItem\",\"position\":1,\"name\":\"In\u00edcio\",\"item\":\"https:\/\/bahiaeconomica.com.br\/wp\/\"},{\"@type\":\"ListItem\",\"position\":2,\"name\":\"BALC\u00c3O VIRTUAL DA SEFAZ-BA REGISTRA CRESCIMENTO DE 15% NOS ATENDIMENTOS EM 2025\"}]},{\"@type\":\"WebSite\",\"@id\":\"https:\/\/bahiaeconomica.com.br\/wp\/#website\",\"url\":\"https:\/\/bahiaeconomica.com.br\/wp\/\",\"name\":\"Bahia Economica\",\"description\":\"O maior portal de Economia da Bahia\",\"publisher\":{\"@id\":\"https:\/\/bahiaeconomica.com.br\/wp\/#organization\"},\"potentialAction\":[{\"@type\":\"SearchAction\",\"target\":{\"@type\":\"EntryPoint\",\"urlTemplate\":\"https:\/\/bahiaeconomica.com.br\/wp\/?s={search_term_string}\"},\"query-input\":\"required name=search_term_string\"}],\"inLanguage\":\"pt-BR\"},{\"@type\":\"Organization\",\"@id\":\"https:\/\/bahiaeconomica.com.br\/wp\/#organization\",\"name\":\"Bahia Econ\u00f4mica\",\"url\":\"https:\/\/bahiaeconomica.com.br\/wp\/\",\"logo\":{\"@type\":\"ImageObject\",\"inLanguage\":\"pt-BR\",\"@id\":\"https:\/\/bahiaeconomica.com.br\/wp\/#\/schema\/logo\/image\/\",\"url\":\"https:\/\/bahiaeconomica.com.br\/wp\/wp-content\/uploads\/2020\/12\/cropped-BE.png\",\"contentUrl\":\"https:\/\/bahiaeconomica.com.br\/wp\/wp-content\/uploads\/2020\/12\/cropped-BE.png\",\"width\":512,\"height\":512,\"caption\":\"Bahia Econ\u00f4mica\"},\"image\":{\"@id\":\"https:\/\/bahiaeconomica.com.br\/wp\/#\/schema\/logo\/image\/\"},\"sameAs\":[\"https:\/\/www.facebook.com\/bahiaeconomica\"]},{\"@type\":\"Person\",\"@id\":\"https:\/\/bahiaeconomica.com.br\/wp\/#\/schema\/person\/3304d50cfd32353c7d08c39066638997\",\"name\":\"Matheus Souza\",\"sameAs\":[\"http:\/\/www.bahiaeconomica.com.br\"],\"url\":\"https:\/\/bahiaeconomica.com.br\/wp\/author\/matheus-souza\/\"}]}<\/script>\n<!-- \/ Yoast SEO plugin. -->","yoast_head_json":{"title":"BALC\u00c3O VIRTUAL DA SEFAZ-BA REGISTRA CRESCIMENTO DE 15% NOS ATENDIMENTOS EM 2025 - Bahia Economica","description":"O maior portal de Economia da Bahia MUNIC\u00cdPIOS Bahia Economica","robots":{"index":"index","follow":"follow","max-snippet":"max-snippet:-1","max-image-preview":"max-image-preview:large","max-video-preview":"max-video-preview:-1"},"canonical":"https:\/\/bahiaeconomica.com.br\/wp\/2026\/01\/21\/balcao-virtual-da-sefaz-ba-registra-crescimento-de-15-nos-atendimentos-em-2025\/","og_locale":"pt_BR","og_type":"article","og_title":"BALC\u00c3O VIRTUAL DA SEFAZ-BA REGISTRA CRESCIMENTO DE 15% NOS ATENDIMENTOS EM 2025 - Bahia Economica","og_description":"O maior portal de Economia da Bahia MUNIC\u00cdPIOS Bahia Economica","og_url":"https:\/\/bahiaeconomica.com.br\/wp\/2026\/01\/21\/balcao-virtual-da-sefaz-ba-registra-crescimento-de-15-nos-atendimentos-em-2025\/","og_site_name":"Bahia Economica","article_publisher":"https:\/\/www.facebook.com\/bahiaeconomica","article_published_time":"2026-01-21T20:04:24+00:00","og_image":[{"width":1299,"height":908,"url":"https:\/\/bahiaeconomica.com.br\/wp\/wp-content\/uploads\/2026\/01\/Tela-Balcao-Virtual.png","type":"image\/png"}],"author":"Matheus Souza","twitter_card":"summary_large_image","twitter_misc":{"Escrito por":"Matheus Souza","Est. tempo de leitura":"2 minutos"},"schema":{"@context":"https:\/\/schema.org","@graph":[{"@type":"Article","@id":"https:\/\/bahiaeconomica.com.br\/wp\/2026\/01\/21\/balcao-virtual-da-sefaz-ba-registra-crescimento-de-15-nos-atendimentos-em-2025\/#article","isPartOf":{"@id":"https:\/\/bahiaeconomica.com.br\/wp\/2026\/01\/21\/balcao-virtual-da-sefaz-ba-registra-crescimento-de-15-nos-atendimentos-em-2025\/"},"author":{"name":"Matheus Souza","@id":"https:\/\/bahiaeconomica.com.br\/wp\/#\/schema\/person\/3304d50cfd32353c7d08c39066638997"},"headline":"BALC\u00c3O VIRTUAL DA SEFAZ-BA REGISTRA CRESCIMENTO DE 15% NOS ATENDIMENTOS EM 2025","datePublished":"2026-01-21T20:04:24+00:00","dateModified":"2026-01-21T20:04:24+00:00","mainEntityOfPage":{"@id":"https:\/\/bahiaeconomica.com.br\/wp\/2026\/01\/21\/balcao-virtual-da-sefaz-ba-registra-crescimento-de-15-nos-atendimentos-em-2025\/"},"wordCount":367,"publisher":{"@id":"https:\/\/bahiaeconomica.com.br\/wp\/#organization"},"keywords":["atendimentos","Balc\u00e3o Virtual","crescimento","Sefaz-BA"],"articleSection":["MUNIC\u00cdPIOS"],"inLanguage":"pt-BR"},{"@type":"WebPage","@id":"https:\/\/bahiaeconomica.com.br\/wp\/2026\/01\/21\/balcao-virtual-da-sefaz-ba-registra-crescimento-de-15-nos-atendimentos-em-2025\/","url":"https:\/\/bahiaeconomica.com.br\/wp\/2026\/01\/21\/balcao-virtual-da-sefaz-ba-registra-crescimento-de-15-nos-atendimentos-em-2025\/","name":"BALC\u00c3O VIRTUAL DA SEFAZ-BA REGISTRA CRESCIMENTO DE 15% NOS ATENDIMENTOS EM 2025 - Bahia Economica","isPartOf":{"@id":"https:\/\/bahiaeconomica.com.br\/wp\/#website"},"datePublished":"2026-01-21T20:04:24+00:00","dateModified":"2026-01-21T20:04:24+00:00","description":"O maior portal de Economia da Bahia MUNIC\u00cdPIOS Bahia Economica","breadcrumb":{"@id":"https:\/\/bahiaeconomica.com.br\/wp\/2026\/01\/21\/balcao-virtual-da-sefaz-ba-registra-crescimento-de-15-nos-atendimentos-em-2025\/#breadcrumb"},"inLanguage":"pt-BR","potentialAction":[{"@type":"ReadAction","target":["https:\/\/bahiaeconomica.com.br\/wp\/2026\/01\/21\/balcao-virtual-da-sefaz-ba-registra-crescimento-de-15-nos-atendimentos-em-2025\/"]}]},{"@type":"BreadcrumbList","@id":"https:\/\/bahiaeconomica.com.br\/wp\/2026\/01\/21\/balcao-virtual-da-sefaz-ba-registra-crescimento-de-15-nos-atendimentos-em-2025\/#breadcrumb","itemListElement":[{"@type":"ListItem","position":1,"name":"In\u00edcio","item":"https:\/\/bahiaeconomica.com.br\/wp\/"},{"@type":"ListItem","position":2,"name":"BALC\u00c3O VIRTUAL DA SEFAZ-BA REGISTRA CRESCIMENTO DE 15% NOS ATENDIMENTOS EM 2025"}]},{"@type":"WebSite","@id":"https:\/\/bahiaeconomica.com.br\/wp\/#website","url":"https:\/\/bahiaeconomica.com.br\/wp\/","name":"Bahia Economica","description":"O maior portal de Economia da Bahia","publisher":{"@id":"https:\/\/bahiaeconomica.com.br\/wp\/#organization"},"potentialAction":[{"@type":"SearchAction","target":{"@type":"EntryPoint","urlTemplate":"https:\/\/bahiaeconomica.com.br\/wp\/?s={search_term_string}"},"query-input":"required name=search_term_string"}],"inLanguage":"pt-BR"},{"@type":"Organization","@id":"https:\/\/bahiaeconomica.com.br\/wp\/#organization","name":"Bahia Econ\u00f4mica","url":"https:\/\/bahiaeconomica.com.br\/wp\/","logo":{"@type":"ImageObject","inLanguage":"pt-BR","@id":"https:\/\/bahiaeconomica.com.br\/wp\/#\/schema\/logo\/image\/","url":"https:\/\/bahiaeconomica.com.br\/wp\/wp-content\/uploads\/2020\/12\/cropped-BE.png","contentUrl":"https:\/\/bahiaeconomica.com.br\/wp\/wp-content\/uploads\/2020\/12\/cropped-BE.png","width":512,"height":512,"caption":"Bahia Econ\u00f4mica"},"image":{"@id":"https:\/\/bahiaeconomica.com.br\/wp\/#\/schema\/logo\/image\/"},"sameAs":["https:\/\/www.facebook.com\/bahiaeconomica"]},{"@type":"Person","@id":"https:\/\/bahiaeconomica.com.br\/wp\/#\/schema\/person\/3304d50cfd32353c7d08c39066638997","name":"Matheus Souza","sameAs":["http:\/\/www.bahiaeconomica.com.br"],"url":"https:\/\/bahiaeconomica.com.br\/wp\/author\/matheus-souza\/"}]}},"views":8,"_links":{"self":[{"href":"https:\/\/bahiaeconomica.com.br\/wp\/wp-json\/wp\/v2\/posts\/968842"}],"collection":[{"href":"https:\/\/bahiaeconomica.com.br\/wp\/wp-json\/wp\/v2\/posts"}],"about":[{"href":"https:\/\/bahiaeconomica.com.br\/wp\/wp-json\/wp\/v2\/types\/post"}],"author":[{"embeddable":true,"href":"https:\/\/bahiaeconomica.com.br\/wp\/wp-json\/wp\/v2\/users\/22"}],"replies":[{"embeddable":true,"href":"https:\/\/bahiaeconomica.com.br\/wp\/wp-json\/wp\/v2\/comments?post=968842"}],"version-history":[{"count":1,"href":"https:\/\/bahiaeconomica.com.br\/wp\/wp-json\/wp\/v2\/posts\/968842\/revisions"}],"predecessor-version":[{"id":968869,"href":"https:\/\/bahiaeconomica.com.br\/wp\/wp-json\/wp\/v2\/posts\/968842\/revisions\/968869"}],"wp:featuredmedia":[{"embeddable":true,"href":"https:\/\/bahiaeconomica.com.br\/wp\/wp-json\/wp\/v2\/media\/968868"}],"wp:attachment":[{"href":"https:\/\/bahiaeconomica.com.br\/wp\/wp-json\/wp\/v2\/media?parent=968842"}],"wp:term":[{"taxonomy":"category","embeddable":true,"href":"https:\/\/bahiaeconomica.com.br\/wp\/wp-json\/wp\/v2\/categories?post=968842"},{"taxonomy":"post_tag","embeddable":true,"href":"https:\/\/bahiaeconomica.com.br\/wp\/wp-json\/wp\/v2\/tags?post=968842"}],"curies":[{"name":"wp","href":"https:\/\/api.w.org\/{rel}","templated":true}]}}