{"id":968799,"date":"2026-01-21T16:59:33","date_gmt":"2026-01-21T19:59:33","guid":{"rendered":"https:\/\/bahiaeconomica.com.br\/wp\/?p=968799"},"modified":"2026-01-21T15:00:32","modified_gmt":"2026-01-21T18:00:32","slug":"economia-cresce-11-em-novembro-na-comparacao-com-outubro","status":"publish","type":"post","link":"https:\/\/bahiaeconomica.com.br\/wp\/2026\/01\/21\/economia-cresce-11-em-novembro-na-comparacao-com-outubro\/","title":{"rendered":"ECONOMIA CRESCE 1,1% EM NOVEMBRO, NA COMPARA\u00c7\u00c3O COM OUTUBRO"},"content":{"rendered":"<p>A atividade econ\u00f4mica cresceu 1,1% em novembro na compara\u00e7\u00e3o com outubro, na s\u00e9rie com ajuste sazonal. Na compara\u00e7\u00e3o interanual, a economia cresceu 1,9% em novembro e 1,5% no trimestre findo em novembro. A taxa acumulada em 12 meses at\u00e9 novembro foi de 2,2%. Os dados s\u00e3o do Monitor do PIB-FGV .<\/p>\n<p>&#8220;Ap\u00f3s dois meses consecutivos de queda, a economia voltou a crescer em novembro, tendo registrado 1,1%, na compara\u00e7\u00e3o com outubro. Apesar da continuidade da perda de f\u00f4lego em determinadas atividades, como transporte e servi\u00e7os de informa\u00e7\u00e3o, outros componentes mostraram crescimento ap\u00f3s meses de queda, que \u00e9 o caso da ind\u00fastria de transforma\u00e7\u00e3o, do com\u00e9rcio e dos investimentos (forma\u00e7\u00e3o bruta de capital fixo). Embora o consumo das fam\u00edlias n\u00e3o tenha apresentado expressiva contribui\u00e7\u00e3o positiva em novembro, permaneceu com taxa em campo positivo, o que tamb\u00e9m contribuiu para um bom desempenho da economia. Mesmo permanecendo pressionada com os altos juros ao longo do ano, a economia voltou a ter um crescimento mais robusto em novembro&#8221;, segundo Juliana Trece, coordenadora da pesquisa.<\/p>\n<p><strong>Consumo das fam\u00edlias\u00a0<\/strong><\/p>\n<p>Ap\u00f3s desacelerar desde o final de 2024, e registrar taxas de crescimento pr\u00f3ximas a 0% em meados de 2025, o consumo das fam\u00edlias voltou a apresentar crescimento mais forte no trimestre m\u00f3vel findo em novembro. Isto \u00e9 explicado pelo fim das contribui\u00e7\u00f5es negativas no consumo de dur\u00e1veis e de n\u00e3o dur\u00e1veis, que penalizaram o desempenho do consumo ao longo de 2025, al\u00e9m de um crescimento mais intenso no consumo de servi\u00e7os.<\/p>\n<p><strong>FBCF cresceu 1,3% no trimestre\u00a0<\/strong><\/p>\n<p>O crescimento da Forma\u00e7\u00e3o Bruta de Capital Fixo (FBCF) segue desacelerando e, pelo quarto trimestre m\u00f3vel consecutivo, o segmento de m\u00e1quinas e equipamentos tem contribu\u00eddo negativamente, o que ajuda a explicar esse movimento do componente. O segmento da constru\u00e7\u00e3o, embora tenha registrado taxas positivas, estas t\u00eam se mostrado cada vez menores nos \u00faltimos trimestres m\u00f3veis, contribuindo para a perda de for\u00e7a do componente.<\/p>\n<p><strong>Exporta\u00e7\u00e3o cresceu 8,8% no trimestre m\u00f3vel findo em novembro<\/strong><\/p>\n<p>A exporta\u00e7\u00e3o seguiu ampliando seu crescimento em 2025 com contribui\u00e7\u00f5es positivas em todos os seus tipos. Embora as exporta\u00e7\u00f5es da extrativa mineral tenham reduzido significativamente sua contribui\u00e7\u00e3o positiva no trimestre m\u00f3vel findo em novembro, foi compensado pelo aumento das contribui\u00e7\u00f5es nas exporta\u00e7\u00f5es de produtos agropecu\u00e1rios, bens intermedi\u00e1rios, bens de capital e de servi\u00e7os.<\/p>\n<p><strong>Importa\u00e7\u00e3o cresceu 4,0% no trimestre m\u00f3vel findo em novembro<\/strong><\/p>\n<p>O crescimento das importa\u00e7\u00f5es no trimestre m\u00f3vel findo em novembro acelerou, explicado, principalmente, pelas importa\u00e7\u00f5es de bens de capital e de consumo. As importa\u00e7\u00f5es da extrativa mineral e de servi\u00e7os contribu\u00edram negativamente para o trimestre, por\u00e9m, o fato de serem contribui\u00e7\u00f5es menos negativas, tamb\u00e9m colaborou para a melhora das importa\u00e7\u00f5es.<\/p>\n<section>Foto: Freepik<\/p>\n<\/section>\n<footer>\n<div class=\"more\"><\/div>\n<\/footer>\n","protected":false},"excerpt":{"rendered":"<p>A atividade econ\u00f4mica cresceu 1,1% em novembro na compara\u00e7\u00e3o com outubro, na s\u00e9rie com ajuste sazonal. Na compara\u00e7\u00e3o interanual, a economia cresceu 1,9% em novembro e 1,5% no trimestre findo em novembro. A taxa acumulada em 12 meses at\u00e9 novembro foi de 2,2%. Os dados s\u00e3o do Monitor do PIB-FGV . &#8220;Ap\u00f3s dois meses consecutivos [&hellip;]<\/p>\n","protected":false},"author":15,"featured_media":968800,"comment_status":"closed","ping_status":"closed","sticky":false,"template":"","format":"standard","meta":[],"categories":[14,3],"tags":[],"acf":[],"yoast_head":"<!-- This site is optimized with the Yoast SEO plugin v20.8 - https:\/\/yoast.com\/wordpress\/plugins\/seo\/ -->\n<title>ECONOMIA CRESCE 1,1% EM NOVEMBRO, NA COMPARA\u00c7\u00c3O COM OUTUBRO - Bahia Economica<\/title>\n<meta name=\"description\" content=\"O maior portal de Economia da Bahia DESTAQUE DO DIA, ECONOMIA \/ POL\u00cdTICA Bahia Economica Atividade econ\u00f4mica cresce 1,1% em novembro\" \/>\n<meta name=\"robots\" content=\"index, follow, max-snippet:-1, max-image-preview:large, max-video-preview:-1\" \/>\n<link rel=\"canonical\" href=\"https:\/\/bahiaeconomica.com.br\/wp\/2026\/01\/21\/economia-cresce-11-em-novembro-na-comparacao-com-outubro\/\" \/>\n<meta property=\"og:locale\" content=\"pt_BR\" \/>\n<meta property=\"og:type\" content=\"article\" \/>\n<meta property=\"og:title\" content=\"ECONOMIA CRESCE 1,1% EM NOVEMBRO, NA COMPARA\u00c7\u00c3O COM OUTUBRO - Bahia Economica\" \/>\n<meta property=\"og:description\" content=\"O maior portal de Economia da Bahia DESTAQUE DO DIA, ECONOMIA \/ POL\u00cdTICA Bahia Economica Atividade econ\u00f4mica cresce 1,1% em novembro\" \/>\n<meta property=\"og:url\" content=\"https:\/\/bahiaeconomica.com.br\/wp\/2026\/01\/21\/economia-cresce-11-em-novembro-na-comparacao-com-outubro\/\" \/>\n<meta property=\"og:site_name\" content=\"Bahia Economica\" \/>\n<meta property=\"article:publisher\" content=\"https:\/\/www.facebook.com\/bahiaeconomica\" \/>\n<meta property=\"article:published_time\" content=\"2026-01-21T19:59:33+00:00\" \/>\n<meta property=\"article:modified_time\" content=\"2026-01-21T18:00:32+00:00\" \/>\n<meta property=\"og:image\" content=\"https:\/\/bahiaeconomica.com.br\/wp\/wp-content\/uploads\/2026\/01\/economia-inflacao-foto-Freepik.webp\" \/>\n\t<meta property=\"og:image:width\" content=\"500\" \/>\n\t<meta property=\"og:image:height\" content=\"300\" \/>\n\t<meta property=\"og:image:type\" content=\"image\/webp\" \/>\n<meta name=\"author\" content=\"VICTORIA ISABEL\" \/>\n<meta name=\"twitter:card\" content=\"summary_large_image\" \/>\n<meta name=\"twitter:label1\" content=\"Escrito por\" \/>\n\t<meta name=\"twitter:data1\" content=\"VICTORIA ISABEL\" \/>\n\t<meta name=\"twitter:label2\" content=\"Est. tempo de leitura\" \/>\n\t<meta name=\"twitter:data2\" content=\"3 minutos\" \/>\n<script type=\"application\/ld+json\" class=\"yoast-schema-graph\">{\"@context\":\"https:\/\/schema.org\",\"@graph\":[{\"@type\":\"Article\",\"@id\":\"https:\/\/bahiaeconomica.com.br\/wp\/2026\/01\/21\/economia-cresce-11-em-novembro-na-comparacao-com-outubro\/#article\",\"isPartOf\":{\"@id\":\"https:\/\/bahiaeconomica.com.br\/wp\/2026\/01\/21\/economia-cresce-11-em-novembro-na-comparacao-com-outubro\/\"},\"author\":{\"name\":\"VICTORIA ISABEL\",\"@id\":\"https:\/\/bahiaeconomica.com.br\/wp\/#\/schema\/person\/b719ce0fb1c09f3c7a00d9243ced4a6f\"},\"headline\":\"ECONOMIA CRESCE 1,1% EM NOVEMBRO, NA COMPARA\u00c7\u00c3O COM OUTUBRO\",\"datePublished\":\"2026-01-21T19:59:33+00:00\",\"dateModified\":\"2026-01-21T18:00:32+00:00\",\"mainEntityOfPage\":{\"@id\":\"https:\/\/bahiaeconomica.com.br\/wp\/2026\/01\/21\/economia-cresce-11-em-novembro-na-comparacao-com-outubro\/\"},\"wordCount\":489,\"publisher\":{\"@id\":\"https:\/\/bahiaeconomica.com.br\/wp\/#organization\"},\"articleSection\":[\"DESTAQUE DO DIA\",\"ECONOMIA \/ POL\u00cdTICA\"],\"inLanguage\":\"pt-BR\"},{\"@type\":\"WebPage\",\"@id\":\"https:\/\/bahiaeconomica.com.br\/wp\/2026\/01\/21\/economia-cresce-11-em-novembro-na-comparacao-com-outubro\/\",\"url\":\"https:\/\/bahiaeconomica.com.br\/wp\/2026\/01\/21\/economia-cresce-11-em-novembro-na-comparacao-com-outubro\/\",\"name\":\"ECONOMIA CRESCE 1,1% EM NOVEMBRO, NA COMPARA\u00c7\u00c3O COM OUTUBRO - Bahia Economica\",\"isPartOf\":{\"@id\":\"https:\/\/bahiaeconomica.com.br\/wp\/#website\"},\"datePublished\":\"2026-01-21T19:59:33+00:00\",\"dateModified\":\"2026-01-21T18:00:32+00:00\",\"description\":\"O maior portal de Economia da Bahia DESTAQUE DO DIA, ECONOMIA \/ POL\u00cdTICA Bahia Economica Atividade econ\u00f4mica cresce 1,1% em novembro\",\"breadcrumb\":{\"@id\":\"https:\/\/bahiaeconomica.com.br\/wp\/2026\/01\/21\/economia-cresce-11-em-novembro-na-comparacao-com-outubro\/#breadcrumb\"},\"inLanguage\":\"pt-BR\",\"potentialAction\":[{\"@type\":\"ReadAction\",\"target\":[\"https:\/\/bahiaeconomica.com.br\/wp\/2026\/01\/21\/economia-cresce-11-em-novembro-na-comparacao-com-outubro\/\"]}]},{\"@type\":\"BreadcrumbList\",\"@id\":\"https:\/\/bahiaeconomica.com.br\/wp\/2026\/01\/21\/economia-cresce-11-em-novembro-na-comparacao-com-outubro\/#breadcrumb\",\"itemListElement\":[{\"@type\":\"ListItem\",\"position\":1,\"name\":\"In\u00edcio\",\"item\":\"https:\/\/bahiaeconomica.com.br\/wp\/\"},{\"@type\":\"ListItem\",\"position\":2,\"name\":\"ECONOMIA CRESCE 1,1% EM NOVEMBRO, NA COMPARA\u00c7\u00c3O COM OUTUBRO\"}]},{\"@type\":\"WebSite\",\"@id\":\"https:\/\/bahiaeconomica.com.br\/wp\/#website\",\"url\":\"https:\/\/bahiaeconomica.com.br\/wp\/\",\"name\":\"Bahia Economica\",\"description\":\"O maior portal de Economia da Bahia\",\"publisher\":{\"@id\":\"https:\/\/bahiaeconomica.com.br\/wp\/#organization\"},\"potentialAction\":[{\"@type\":\"SearchAction\",\"target\":{\"@type\":\"EntryPoint\",\"urlTemplate\":\"https:\/\/bahiaeconomica.com.br\/wp\/?s={search_term_string}\"},\"query-input\":\"required name=search_term_string\"}],\"inLanguage\":\"pt-BR\"},{\"@type\":\"Organization\",\"@id\":\"https:\/\/bahiaeconomica.com.br\/wp\/#organization\",\"name\":\"Bahia Econ\u00f4mica\",\"url\":\"https:\/\/bahiaeconomica.com.br\/wp\/\",\"logo\":{\"@type\":\"ImageObject\",\"inLanguage\":\"pt-BR\",\"@id\":\"https:\/\/bahiaeconomica.com.br\/wp\/#\/schema\/logo\/image\/\",\"url\":\"https:\/\/bahiaeconomica.com.br\/wp\/wp-content\/uploads\/2020\/12\/cropped-BE.png\",\"contentUrl\":\"https:\/\/bahiaeconomica.com.br\/wp\/wp-content\/uploads\/2020\/12\/cropped-BE.png\",\"width\":512,\"height\":512,\"caption\":\"Bahia Econ\u00f4mica\"},\"image\":{\"@id\":\"https:\/\/bahiaeconomica.com.br\/wp\/#\/schema\/logo\/image\/\"},\"sameAs\":[\"https:\/\/www.facebook.com\/bahiaeconomica\"]},{\"@type\":\"Person\",\"@id\":\"https:\/\/bahiaeconomica.com.br\/wp\/#\/schema\/person\/b719ce0fb1c09f3c7a00d9243ced4a6f\",\"name\":\"VICTORIA ISABEL\",\"sameAs\":[\"http:\/\/www.bahiaeconomica.com.br\"],\"url\":\"https:\/\/bahiaeconomica.com.br\/wp\/author\/victoria-isabel\/\"}]}<\/script>\n<!-- \/ Yoast SEO plugin. -->","yoast_head_json":{"title":"ECONOMIA CRESCE 1,1% EM NOVEMBRO, NA COMPARA\u00c7\u00c3O COM OUTUBRO - Bahia Economica","description":"O maior portal de Economia da Bahia DESTAQUE DO DIA, ECONOMIA \/ POL\u00cdTICA Bahia Economica Atividade econ\u00f4mica cresce 1,1% em novembro","robots":{"index":"index","follow":"follow","max-snippet":"max-snippet:-1","max-image-preview":"max-image-preview:large","max-video-preview":"max-video-preview:-1"},"canonical":"https:\/\/bahiaeconomica.com.br\/wp\/2026\/01\/21\/economia-cresce-11-em-novembro-na-comparacao-com-outubro\/","og_locale":"pt_BR","og_type":"article","og_title":"ECONOMIA CRESCE 1,1% EM NOVEMBRO, NA COMPARA\u00c7\u00c3O COM OUTUBRO - Bahia Economica","og_description":"O maior portal de Economia da Bahia DESTAQUE DO DIA, ECONOMIA \/ POL\u00cdTICA Bahia Economica Atividade econ\u00f4mica cresce 1,1% em novembro","og_url":"https:\/\/bahiaeconomica.com.br\/wp\/2026\/01\/21\/economia-cresce-11-em-novembro-na-comparacao-com-outubro\/","og_site_name":"Bahia Economica","article_publisher":"https:\/\/www.facebook.com\/bahiaeconomica","article_published_time":"2026-01-21T19:59:33+00:00","article_modified_time":"2026-01-21T18:00:32+00:00","og_image":[{"width":500,"height":300,"url":"https:\/\/bahiaeconomica.com.br\/wp\/wp-content\/uploads\/2026\/01\/economia-inflacao-foto-Freepik.webp","type":"image\/webp"}],"author":"VICTORIA ISABEL","twitter_card":"summary_large_image","twitter_misc":{"Escrito por":"VICTORIA ISABEL","Est. tempo de leitura":"3 minutos"},"schema":{"@context":"https:\/\/schema.org","@graph":[{"@type":"Article","@id":"https:\/\/bahiaeconomica.com.br\/wp\/2026\/01\/21\/economia-cresce-11-em-novembro-na-comparacao-com-outubro\/#article","isPartOf":{"@id":"https:\/\/bahiaeconomica.com.br\/wp\/2026\/01\/21\/economia-cresce-11-em-novembro-na-comparacao-com-outubro\/"},"author":{"name":"VICTORIA ISABEL","@id":"https:\/\/bahiaeconomica.com.br\/wp\/#\/schema\/person\/b719ce0fb1c09f3c7a00d9243ced4a6f"},"headline":"ECONOMIA CRESCE 1,1% EM NOVEMBRO, NA COMPARA\u00c7\u00c3O COM OUTUBRO","datePublished":"2026-01-21T19:59:33+00:00","dateModified":"2026-01-21T18:00:32+00:00","mainEntityOfPage":{"@id":"https:\/\/bahiaeconomica.com.br\/wp\/2026\/01\/21\/economia-cresce-11-em-novembro-na-comparacao-com-outubro\/"},"wordCount":489,"publisher":{"@id":"https:\/\/bahiaeconomica.com.br\/wp\/#organization"},"articleSection":["DESTAQUE DO DIA","ECONOMIA \/ POL\u00cdTICA"],"inLanguage":"pt-BR"},{"@type":"WebPage","@id":"https:\/\/bahiaeconomica.com.br\/wp\/2026\/01\/21\/economia-cresce-11-em-novembro-na-comparacao-com-outubro\/","url":"https:\/\/bahiaeconomica.com.br\/wp\/2026\/01\/21\/economia-cresce-11-em-novembro-na-comparacao-com-outubro\/","name":"ECONOMIA CRESCE 1,1% EM NOVEMBRO, NA COMPARA\u00c7\u00c3O COM OUTUBRO - Bahia Economica","isPartOf":{"@id":"https:\/\/bahiaeconomica.com.br\/wp\/#website"},"datePublished":"2026-01-21T19:59:33+00:00","dateModified":"2026-01-21T18:00:32+00:00","description":"O maior portal de Economia da Bahia DESTAQUE DO DIA, ECONOMIA \/ POL\u00cdTICA Bahia Economica Atividade econ\u00f4mica cresce 1,1% em novembro","breadcrumb":{"@id":"https:\/\/bahiaeconomica.com.br\/wp\/2026\/01\/21\/economia-cresce-11-em-novembro-na-comparacao-com-outubro\/#breadcrumb"},"inLanguage":"pt-BR","potentialAction":[{"@type":"ReadAction","target":["https:\/\/bahiaeconomica.com.br\/wp\/2026\/01\/21\/economia-cresce-11-em-novembro-na-comparacao-com-outubro\/"]}]},{"@type":"BreadcrumbList","@id":"https:\/\/bahiaeconomica.com.br\/wp\/2026\/01\/21\/economia-cresce-11-em-novembro-na-comparacao-com-outubro\/#breadcrumb","itemListElement":[{"@type":"ListItem","position":1,"name":"In\u00edcio","item":"https:\/\/bahiaeconomica.com.br\/wp\/"},{"@type":"ListItem","position":2,"name":"ECONOMIA CRESCE 1,1% EM NOVEMBRO, NA COMPARA\u00c7\u00c3O COM OUTUBRO"}]},{"@type":"WebSite","@id":"https:\/\/bahiaeconomica.com.br\/wp\/#website","url":"https:\/\/bahiaeconomica.com.br\/wp\/","name":"Bahia Economica","description":"O maior portal de Economia da Bahia","publisher":{"@id":"https:\/\/bahiaeconomica.com.br\/wp\/#organization"},"potentialAction":[{"@type":"SearchAction","target":{"@type":"EntryPoint","urlTemplate":"https:\/\/bahiaeconomica.com.br\/wp\/?s={search_term_string}"},"query-input":"required name=search_term_string"}],"inLanguage":"pt-BR"},{"@type":"Organization","@id":"https:\/\/bahiaeconomica.com.br\/wp\/#organization","name":"Bahia Econ\u00f4mica","url":"https:\/\/bahiaeconomica.com.br\/wp\/","logo":{"@type":"ImageObject","inLanguage":"pt-BR","@id":"https:\/\/bahiaeconomica.com.br\/wp\/#\/schema\/logo\/image\/","url":"https:\/\/bahiaeconomica.com.br\/wp\/wp-content\/uploads\/2020\/12\/cropped-BE.png","contentUrl":"https:\/\/bahiaeconomica.com.br\/wp\/wp-content\/uploads\/2020\/12\/cropped-BE.png","width":512,"height":512,"caption":"Bahia Econ\u00f4mica"},"image":{"@id":"https:\/\/bahiaeconomica.com.br\/wp\/#\/schema\/logo\/image\/"},"sameAs":["https:\/\/www.facebook.com\/bahiaeconomica"]},{"@type":"Person","@id":"https:\/\/bahiaeconomica.com.br\/wp\/#\/schema\/person\/b719ce0fb1c09f3c7a00d9243ced4a6f","name":"VICTORIA ISABEL","sameAs":["http:\/\/www.bahiaeconomica.com.br"],"url":"https:\/\/bahiaeconomica.com.br\/wp\/author\/victoria-isabel\/"}]}},"views":9,"_links":{"self":[{"href":"https:\/\/bahiaeconomica.com.br\/wp\/wp-json\/wp\/v2\/posts\/968799"}],"collection":[{"href":"https:\/\/bahiaeconomica.com.br\/wp\/wp-json\/wp\/v2\/posts"}],"about":[{"href":"https:\/\/bahiaeconomica.com.br\/wp\/wp-json\/wp\/v2\/types\/post"}],"author":[{"embeddable":true,"href":"https:\/\/bahiaeconomica.com.br\/wp\/wp-json\/wp\/v2\/users\/15"}],"replies":[{"embeddable":true,"href":"https:\/\/bahiaeconomica.com.br\/wp\/wp-json\/wp\/v2\/comments?post=968799"}],"version-history":[{"count":1,"href":"https:\/\/bahiaeconomica.com.br\/wp\/wp-json\/wp\/v2\/posts\/968799\/revisions"}],"predecessor-version":[{"id":968801,"href":"https:\/\/bahiaeconomica.com.br\/wp\/wp-json\/wp\/v2\/posts\/968799\/revisions\/968801"}],"wp:featuredmedia":[{"embeddable":true,"href":"https:\/\/bahiaeconomica.com.br\/wp\/wp-json\/wp\/v2\/media\/968800"}],"wp:attachment":[{"href":"https:\/\/bahiaeconomica.com.br\/wp\/wp-json\/wp\/v2\/media?parent=968799"}],"wp:term":[{"taxonomy":"category","embeddable":true,"href":"https:\/\/bahiaeconomica.com.br\/wp\/wp-json\/wp\/v2\/categories?post=968799"},{"taxonomy":"post_tag","embeddable":true,"href":"https:\/\/bahiaeconomica.com.br\/wp\/wp-json\/wp\/v2\/tags?post=968799"}],"curies":[{"name":"wp","href":"https:\/\/api.w.org\/{rel}","templated":true}]}}