{"id":968481,"date":"2026-01-20T16:58:17","date_gmt":"2026-01-20T19:58:17","guid":{"rendered":"https:\/\/bahiaeconomica.com.br\/wp\/?p=968481"},"modified":"2026-01-20T14:22:30","modified_gmt":"2026-01-20T17:22:30","slug":"bahia-e-um-dos-destaques-em-producao-e-qualidade-do-queijo-no-brasil","status":"publish","type":"post","link":"https:\/\/bahiaeconomica.com.br\/wp\/2026\/01\/20\/bahia-e-um-dos-destaques-em-producao-e-qualidade-do-queijo-no-brasil\/","title":{"rendered":"BAHIA \u00c9 UM DOS DESTAQUES EM PRODU\u00c7\u00c3O E QUALIDADE DO QUEIJO NO BRASIL"},"content":{"rendered":"<p>Nesta ter\u00e7a-feira (20) \u00e9 celebrado o Dia Mundial do Queijo, um dos alimentos mais consumidos no mundo e que, na Bahia, vem ganhando cada vez mais destaque e conquistando pr\u00eamios nacionais e internacionais pela qualidade da produ\u00e7\u00e3o. Inclusive, o estado \u00e9 um dos mais antigos produtores do Brasil, atrav\u00e9s da tradi\u00e7\u00e3o europeia trazida pelos colonizadores no s\u00e9culo XVI.<\/p>\n<p>A quantidade de leite produzido na Bahia, que em 2024 chegou a 1,3 bilh\u00e3o de litros, al\u00e9m da diversidade do bioma, que inclui a Mata Atl\u00e2ntica, a Caatinga e o Cerrado, contribuem para a quantidade e variedade de queijos no territ\u00f3rio baiano. S\u00e3o produzidos desde tipos tradicionais, como o requeij\u00e3o, o coalho, o de cabra e a mu\u00e7arela de b\u00fafala, at\u00e9 novidades que utilizam umbu, ara\u00e7\u00e1 e licuri.<\/p>\n<p>Para o assessor t\u00e9cnico da Secretaria da Agricultura, Pecu\u00e1ria, Irriga\u00e7\u00e3o, Pesca e Aquicultura (Seagri), Paulo Em\u00edlio Torres, o cen\u00e1rio agroindustrial baiano refor\u00e7a a relev\u00e2ncia da cadeia do leite no contexto estadual. Com 185 unidades, as agroind\u00fastrias de beneficiamento de leite e derivados constituem o segmento mais numeroso no Estado, superando expressivamente outros ramos agroindustriais, como o de beneficiamento de produtos de abelhas (65), de carne (49), de ovos (38) e de pescado (28).<\/p>\n<p>&#8220;O dado evidencia n\u00e3o apenas a capilaridade da atividade leiteira, mas tamb\u00e9m o papel estrat\u00e9gico da agroindustrializa\u00e7\u00e3o formal do leite e de seus derivados, especialmente do queijo, como instrumento de agrega\u00e7\u00e3o de valor, gera\u00e7\u00e3o de renda e fortalecimento das economias locais. \u00c9 importante ressaltar que esses empreendimentos operam sob regime de inspe\u00e7\u00e3o sanit\u00e1ria, majoritariamente no \u00e2mbito do Servi\u00e7o de Inspe\u00e7\u00e3o Estadual (SIE), o que assegura o cumprimento das normas sanit\u00e1rias, a qualidade dos produtos e a seguran\u00e7a alimentar&#8221;, destaca Torres.<\/p>\n<p>Al\u00e9m das agroind\u00fastrias, a produ\u00e7\u00e3o artesanal de queijo tamb\u00e9m tem ganhado espa\u00e7o e relev\u00e2ncia, que extrapola o campo produtivo. &#8220;\u00c9 uma atividade que vem configurando-se como uma pol\u00edtica p\u00fablica de car\u00e1ter inclusivo, ao promover a valoriza\u00e7\u00e3o da pequena produ\u00e7\u00e3o regional, a gera\u00e7\u00e3o de renda e a preserva\u00e7\u00e3o dos saberes tradicionais&#8221;, pontua o gestor.<\/p>\n<p>&#8220;Esse movimento tem evidenciado a evolu\u00e7\u00e3o t\u00e9cnica, a valoriza\u00e7\u00e3o do saber fazer local e a identidade cultural e territorial dos queijos baianos, ao mesmo tempo em que demonstra o crescimento e a consolida\u00e7\u00e3o dessa tend\u00eancia gastron\u00f4mica no Estado e no Pa\u00eds&#8221;, complementa.<\/p>\n<p>Foto: Mateus Pereira\/Seagri<\/p>\n","protected":false},"excerpt":{"rendered":"<p>Nesta ter\u00e7a-feira (20) \u00e9 celebrado o Dia Mundial do Queijo, um dos alimentos mais consumidos no mundo e que, na Bahia, vem ganhando cada vez mais destaque e conquistando pr\u00eamios nacionais e internacionais pela qualidade da produ\u00e7\u00e3o. Inclusive, o estado \u00e9 um dos mais antigos produtores do Brasil, atrav\u00e9s da tradi\u00e7\u00e3o europeia trazida pelos colonizadores [&hellip;]<\/p>\n","protected":false},"author":15,"featured_media":968482,"comment_status":"closed","ping_status":"closed","sticky":false,"template":"","format":"standard","meta":[],"categories":[14,3],"tags":[],"acf":[],"yoast_head":"<!-- This site is optimized with the Yoast SEO plugin v20.8 - https:\/\/yoast.com\/wordpress\/plugins\/seo\/ -->\n<title>BAHIA \u00c9 UM DOS DESTAQUES EM PRODU\u00c7\u00c3O E QUALIDADE DO QUEIJO NO BRASIL - Bahia Economica<\/title>\n<meta name=\"description\" content=\"O maior portal de Economia da Bahia DESTAQUE DO DIA, ECONOMIA \/ POL\u00cdTICA Bahia Economica\" \/>\n<meta name=\"robots\" content=\"index, follow, max-snippet:-1, max-image-preview:large, max-video-preview:-1\" \/>\n<link rel=\"canonical\" href=\"https:\/\/bahiaeconomica.com.br\/wp\/2026\/01\/20\/bahia-e-um-dos-destaques-em-producao-e-qualidade-do-queijo-no-brasil\/\" \/>\n<meta property=\"og:locale\" content=\"pt_BR\" \/>\n<meta property=\"og:type\" content=\"article\" \/>\n<meta property=\"og:title\" content=\"BAHIA \u00c9 UM DOS DESTAQUES EM PRODU\u00c7\u00c3O E QUALIDADE DO QUEIJO NO BRASIL - Bahia Economica\" \/>\n<meta property=\"og:description\" content=\"O maior portal de Economia da Bahia DESTAQUE DO DIA, ECONOMIA \/ POL\u00cdTICA Bahia Economica\" \/>\n<meta property=\"og:url\" content=\"https:\/\/bahiaeconomica.com.br\/wp\/2026\/01\/20\/bahia-e-um-dos-destaques-em-producao-e-qualidade-do-queijo-no-brasil\/\" \/>\n<meta property=\"og:site_name\" content=\"Bahia Economica\" \/>\n<meta property=\"article:publisher\" content=\"https:\/\/www.facebook.com\/bahiaeconomica\" \/>\n<meta property=\"article:published_time\" content=\"2026-01-20T19:58:17+00:00\" \/>\n<meta property=\"article:modified_time\" content=\"2026-01-20T17:22:30+00:00\" \/>\n<meta property=\"og:image\" content=\"https:\/\/bahiaeconomica.com.br\/wp\/wp-content\/uploads\/2026\/01\/Queijos_Foto_MateusPereira_SeagriBA-1085.jpg\" \/>\n\t<meta property=\"og:image:width\" content=\"1280\" \/>\n\t<meta property=\"og:image:height\" content=\"721\" \/>\n\t<meta property=\"og:image:type\" content=\"image\/jpeg\" \/>\n<meta name=\"author\" content=\"VICTORIA ISABEL\" \/>\n<meta name=\"twitter:card\" content=\"summary_large_image\" \/>\n<meta name=\"twitter:label1\" content=\"Escrito por\" \/>\n\t<meta name=\"twitter:data1\" content=\"VICTORIA ISABEL\" \/>\n\t<meta name=\"twitter:label2\" content=\"Est. tempo de leitura\" \/>\n\t<meta name=\"twitter:data2\" content=\"3 minutos\" \/>\n<script type=\"application\/ld+json\" class=\"yoast-schema-graph\">{\"@context\":\"https:\/\/schema.org\",\"@graph\":[{\"@type\":\"Article\",\"@id\":\"https:\/\/bahiaeconomica.com.br\/wp\/2026\/01\/20\/bahia-e-um-dos-destaques-em-producao-e-qualidade-do-queijo-no-brasil\/#article\",\"isPartOf\":{\"@id\":\"https:\/\/bahiaeconomica.com.br\/wp\/2026\/01\/20\/bahia-e-um-dos-destaques-em-producao-e-qualidade-do-queijo-no-brasil\/\"},\"author\":{\"name\":\"VICTORIA ISABEL\",\"@id\":\"https:\/\/bahiaeconomica.com.br\/wp\/#\/schema\/person\/b719ce0fb1c09f3c7a00d9243ced4a6f\"},\"headline\":\"BAHIA \u00c9 UM DOS DESTAQUES EM PRODU\u00c7\u00c3O E QUALIDADE DO QUEIJO NO BRASIL\",\"datePublished\":\"2026-01-20T19:58:17+00:00\",\"dateModified\":\"2026-01-20T17:22:30+00:00\",\"mainEntityOfPage\":{\"@id\":\"https:\/\/bahiaeconomica.com.br\/wp\/2026\/01\/20\/bahia-e-um-dos-destaques-em-producao-e-qualidade-do-queijo-no-brasil\/\"},\"wordCount\":433,\"publisher\":{\"@id\":\"https:\/\/bahiaeconomica.com.br\/wp\/#organization\"},\"articleSection\":[\"DESTAQUE DO DIA\",\"ECONOMIA \/ POL\u00cdTICA\"],\"inLanguage\":\"pt-BR\"},{\"@type\":\"WebPage\",\"@id\":\"https:\/\/bahiaeconomica.com.br\/wp\/2026\/01\/20\/bahia-e-um-dos-destaques-em-producao-e-qualidade-do-queijo-no-brasil\/\",\"url\":\"https:\/\/bahiaeconomica.com.br\/wp\/2026\/01\/20\/bahia-e-um-dos-destaques-em-producao-e-qualidade-do-queijo-no-brasil\/\",\"name\":\"BAHIA \u00c9 UM DOS DESTAQUES EM PRODU\u00c7\u00c3O E QUALIDADE DO QUEIJO NO BRASIL - Bahia Economica\",\"isPartOf\":{\"@id\":\"https:\/\/bahiaeconomica.com.br\/wp\/#website\"},\"datePublished\":\"2026-01-20T19:58:17+00:00\",\"dateModified\":\"2026-01-20T17:22:30+00:00\",\"description\":\"O maior portal de Economia da Bahia DESTAQUE DO DIA, ECONOMIA \/ POL\u00cdTICA Bahia Economica\",\"breadcrumb\":{\"@id\":\"https:\/\/bahiaeconomica.com.br\/wp\/2026\/01\/20\/bahia-e-um-dos-destaques-em-producao-e-qualidade-do-queijo-no-brasil\/#breadcrumb\"},\"inLanguage\":\"pt-BR\",\"potentialAction\":[{\"@type\":\"ReadAction\",\"target\":[\"https:\/\/bahiaeconomica.com.br\/wp\/2026\/01\/20\/bahia-e-um-dos-destaques-em-producao-e-qualidade-do-queijo-no-brasil\/\"]}]},{\"@type\":\"BreadcrumbList\",\"@id\":\"https:\/\/bahiaeconomica.com.br\/wp\/2026\/01\/20\/bahia-e-um-dos-destaques-em-producao-e-qualidade-do-queijo-no-brasil\/#breadcrumb\",\"itemListElement\":[{\"@type\":\"ListItem\",\"position\":1,\"name\":\"In\u00edcio\",\"item\":\"https:\/\/bahiaeconomica.com.br\/wp\/\"},{\"@type\":\"ListItem\",\"position\":2,\"name\":\"BAHIA \u00c9 UM DOS DESTAQUES EM PRODU\u00c7\u00c3O E QUALIDADE DO QUEIJO NO BRASIL\"}]},{\"@type\":\"WebSite\",\"@id\":\"https:\/\/bahiaeconomica.com.br\/wp\/#website\",\"url\":\"https:\/\/bahiaeconomica.com.br\/wp\/\",\"name\":\"Bahia Economica\",\"description\":\"O maior portal de Economia da Bahia\",\"publisher\":{\"@id\":\"https:\/\/bahiaeconomica.com.br\/wp\/#organization\"},\"potentialAction\":[{\"@type\":\"SearchAction\",\"target\":{\"@type\":\"EntryPoint\",\"urlTemplate\":\"https:\/\/bahiaeconomica.com.br\/wp\/?s={search_term_string}\"},\"query-input\":\"required name=search_term_string\"}],\"inLanguage\":\"pt-BR\"},{\"@type\":\"Organization\",\"@id\":\"https:\/\/bahiaeconomica.com.br\/wp\/#organization\",\"name\":\"Bahia Econ\u00f4mica\",\"url\":\"https:\/\/bahiaeconomica.com.br\/wp\/\",\"logo\":{\"@type\":\"ImageObject\",\"inLanguage\":\"pt-BR\",\"@id\":\"https:\/\/bahiaeconomica.com.br\/wp\/#\/schema\/logo\/image\/\",\"url\":\"https:\/\/bahiaeconomica.com.br\/wp\/wp-content\/uploads\/2020\/12\/cropped-BE.png\",\"contentUrl\":\"https:\/\/bahiaeconomica.com.br\/wp\/wp-content\/uploads\/2020\/12\/cropped-BE.png\",\"width\":512,\"height\":512,\"caption\":\"Bahia Econ\u00f4mica\"},\"image\":{\"@id\":\"https:\/\/bahiaeconomica.com.br\/wp\/#\/schema\/logo\/image\/\"},\"sameAs\":[\"https:\/\/www.facebook.com\/bahiaeconomica\"]},{\"@type\":\"Person\",\"@id\":\"https:\/\/bahiaeconomica.com.br\/wp\/#\/schema\/person\/b719ce0fb1c09f3c7a00d9243ced4a6f\",\"name\":\"VICTORIA ISABEL\",\"sameAs\":[\"http:\/\/www.bahiaeconomica.com.br\"],\"url\":\"https:\/\/bahiaeconomica.com.br\/wp\/author\/victoria-isabel\/\"}]}<\/script>\n<!-- \/ Yoast SEO plugin. -->","yoast_head_json":{"title":"BAHIA \u00c9 UM DOS DESTAQUES EM PRODU\u00c7\u00c3O E QUALIDADE DO QUEIJO NO BRASIL - Bahia Economica","description":"O maior portal de Economia da Bahia DESTAQUE DO DIA, ECONOMIA \/ POL\u00cdTICA Bahia Economica","robots":{"index":"index","follow":"follow","max-snippet":"max-snippet:-1","max-image-preview":"max-image-preview:large","max-video-preview":"max-video-preview:-1"},"canonical":"https:\/\/bahiaeconomica.com.br\/wp\/2026\/01\/20\/bahia-e-um-dos-destaques-em-producao-e-qualidade-do-queijo-no-brasil\/","og_locale":"pt_BR","og_type":"article","og_title":"BAHIA \u00c9 UM DOS DESTAQUES EM PRODU\u00c7\u00c3O E QUALIDADE DO QUEIJO NO BRASIL - Bahia Economica","og_description":"O maior portal de Economia da Bahia DESTAQUE DO DIA, ECONOMIA \/ POL\u00cdTICA Bahia Economica","og_url":"https:\/\/bahiaeconomica.com.br\/wp\/2026\/01\/20\/bahia-e-um-dos-destaques-em-producao-e-qualidade-do-queijo-no-brasil\/","og_site_name":"Bahia Economica","article_publisher":"https:\/\/www.facebook.com\/bahiaeconomica","article_published_time":"2026-01-20T19:58:17+00:00","article_modified_time":"2026-01-20T17:22:30+00:00","og_image":[{"width":1280,"height":721,"url":"https:\/\/bahiaeconomica.com.br\/wp\/wp-content\/uploads\/2026\/01\/Queijos_Foto_MateusPereira_SeagriBA-1085.jpg","type":"image\/jpeg"}],"author":"VICTORIA ISABEL","twitter_card":"summary_large_image","twitter_misc":{"Escrito por":"VICTORIA ISABEL","Est. tempo de leitura":"3 minutos"},"schema":{"@context":"https:\/\/schema.org","@graph":[{"@type":"Article","@id":"https:\/\/bahiaeconomica.com.br\/wp\/2026\/01\/20\/bahia-e-um-dos-destaques-em-producao-e-qualidade-do-queijo-no-brasil\/#article","isPartOf":{"@id":"https:\/\/bahiaeconomica.com.br\/wp\/2026\/01\/20\/bahia-e-um-dos-destaques-em-producao-e-qualidade-do-queijo-no-brasil\/"},"author":{"name":"VICTORIA ISABEL","@id":"https:\/\/bahiaeconomica.com.br\/wp\/#\/schema\/person\/b719ce0fb1c09f3c7a00d9243ced4a6f"},"headline":"BAHIA \u00c9 UM DOS DESTAQUES EM PRODU\u00c7\u00c3O E QUALIDADE DO QUEIJO NO BRASIL","datePublished":"2026-01-20T19:58:17+00:00","dateModified":"2026-01-20T17:22:30+00:00","mainEntityOfPage":{"@id":"https:\/\/bahiaeconomica.com.br\/wp\/2026\/01\/20\/bahia-e-um-dos-destaques-em-producao-e-qualidade-do-queijo-no-brasil\/"},"wordCount":433,"publisher":{"@id":"https:\/\/bahiaeconomica.com.br\/wp\/#organization"},"articleSection":["DESTAQUE DO DIA","ECONOMIA \/ POL\u00cdTICA"],"inLanguage":"pt-BR"},{"@type":"WebPage","@id":"https:\/\/bahiaeconomica.com.br\/wp\/2026\/01\/20\/bahia-e-um-dos-destaques-em-producao-e-qualidade-do-queijo-no-brasil\/","url":"https:\/\/bahiaeconomica.com.br\/wp\/2026\/01\/20\/bahia-e-um-dos-destaques-em-producao-e-qualidade-do-queijo-no-brasil\/","name":"BAHIA \u00c9 UM DOS DESTAQUES EM PRODU\u00c7\u00c3O E QUALIDADE DO QUEIJO NO BRASIL - Bahia Economica","isPartOf":{"@id":"https:\/\/bahiaeconomica.com.br\/wp\/#website"},"datePublished":"2026-01-20T19:58:17+00:00","dateModified":"2026-01-20T17:22:30+00:00","description":"O maior portal de Economia da Bahia DESTAQUE DO DIA, ECONOMIA \/ POL\u00cdTICA Bahia Economica","breadcrumb":{"@id":"https:\/\/bahiaeconomica.com.br\/wp\/2026\/01\/20\/bahia-e-um-dos-destaques-em-producao-e-qualidade-do-queijo-no-brasil\/#breadcrumb"},"inLanguage":"pt-BR","potentialAction":[{"@type":"ReadAction","target":["https:\/\/bahiaeconomica.com.br\/wp\/2026\/01\/20\/bahia-e-um-dos-destaques-em-producao-e-qualidade-do-queijo-no-brasil\/"]}]},{"@type":"BreadcrumbList","@id":"https:\/\/bahiaeconomica.com.br\/wp\/2026\/01\/20\/bahia-e-um-dos-destaques-em-producao-e-qualidade-do-queijo-no-brasil\/#breadcrumb","itemListElement":[{"@type":"ListItem","position":1,"name":"In\u00edcio","item":"https:\/\/bahiaeconomica.com.br\/wp\/"},{"@type":"ListItem","position":2,"name":"BAHIA \u00c9 UM DOS DESTAQUES EM PRODU\u00c7\u00c3O E QUALIDADE DO QUEIJO NO BRASIL"}]},{"@type":"WebSite","@id":"https:\/\/bahiaeconomica.com.br\/wp\/#website","url":"https:\/\/bahiaeconomica.com.br\/wp\/","name":"Bahia Economica","description":"O maior portal de Economia da Bahia","publisher":{"@id":"https:\/\/bahiaeconomica.com.br\/wp\/#organization"},"potentialAction":[{"@type":"SearchAction","target":{"@type":"EntryPoint","urlTemplate":"https:\/\/bahiaeconomica.com.br\/wp\/?s={search_term_string}"},"query-input":"required name=search_term_string"}],"inLanguage":"pt-BR"},{"@type":"Organization","@id":"https:\/\/bahiaeconomica.com.br\/wp\/#organization","name":"Bahia Econ\u00f4mica","url":"https:\/\/bahiaeconomica.com.br\/wp\/","logo":{"@type":"ImageObject","inLanguage":"pt-BR","@id":"https:\/\/bahiaeconomica.com.br\/wp\/#\/schema\/logo\/image\/","url":"https:\/\/bahiaeconomica.com.br\/wp\/wp-content\/uploads\/2020\/12\/cropped-BE.png","contentUrl":"https:\/\/bahiaeconomica.com.br\/wp\/wp-content\/uploads\/2020\/12\/cropped-BE.png","width":512,"height":512,"caption":"Bahia Econ\u00f4mica"},"image":{"@id":"https:\/\/bahiaeconomica.com.br\/wp\/#\/schema\/logo\/image\/"},"sameAs":["https:\/\/www.facebook.com\/bahiaeconomica"]},{"@type":"Person","@id":"https:\/\/bahiaeconomica.com.br\/wp\/#\/schema\/person\/b719ce0fb1c09f3c7a00d9243ced4a6f","name":"VICTORIA ISABEL","sameAs":["http:\/\/www.bahiaeconomica.com.br"],"url":"https:\/\/bahiaeconomica.com.br\/wp\/author\/victoria-isabel\/"}]}},"views":21,"_links":{"self":[{"href":"https:\/\/bahiaeconomica.com.br\/wp\/wp-json\/wp\/v2\/posts\/968481"}],"collection":[{"href":"https:\/\/bahiaeconomica.com.br\/wp\/wp-json\/wp\/v2\/posts"}],"about":[{"href":"https:\/\/bahiaeconomica.com.br\/wp\/wp-json\/wp\/v2\/types\/post"}],"author":[{"embeddable":true,"href":"https:\/\/bahiaeconomica.com.br\/wp\/wp-json\/wp\/v2\/users\/15"}],"replies":[{"embeddable":true,"href":"https:\/\/bahiaeconomica.com.br\/wp\/wp-json\/wp\/v2\/comments?post=968481"}],"version-history":[{"count":1,"href":"https:\/\/bahiaeconomica.com.br\/wp\/wp-json\/wp\/v2\/posts\/968481\/revisions"}],"predecessor-version":[{"id":968483,"href":"https:\/\/bahiaeconomica.com.br\/wp\/wp-json\/wp\/v2\/posts\/968481\/revisions\/968483"}],"wp:featuredmedia":[{"embeddable":true,"href":"https:\/\/bahiaeconomica.com.br\/wp\/wp-json\/wp\/v2\/media\/968482"}],"wp:attachment":[{"href":"https:\/\/bahiaeconomica.com.br\/wp\/wp-json\/wp\/v2\/media?parent=968481"}],"wp:term":[{"taxonomy":"category","embeddable":true,"href":"https:\/\/bahiaeconomica.com.br\/wp\/wp-json\/wp\/v2\/categories?post=968481"},{"taxonomy":"post_tag","embeddable":true,"href":"https:\/\/bahiaeconomica.com.br\/wp\/wp-json\/wp\/v2\/tags?post=968481"}],"curies":[{"name":"wp","href":"https:\/\/api.w.org\/{rel}","templated":true}]}}